{"id":35314,"date":"2019-08-16T13:58:57","date_gmt":"2019-08-16T13:58:57","guid":{"rendered":"http:\/\/quehacerpolitico.mx\/protestaran-hoy-en-ciudades-en-apoyo-al-movimiento-nomecuidanmeviolan\/"},"modified":"2019-08-16T13:58:57","modified_gmt":"2019-08-16T13:58:57","slug":"protestaran-hoy-en-ciudades-en-apoyo-al-movimiento-nomecuidanmeviolan","status":"publish","type":"post","link":"https:\/\/quehacerpolitico.mx\/?p=35314","title":{"rendered":"Protestar\u00e1n hoy en ciudades en apoyo al movimiento #NoMeCuidanMeViolan"},"content":{"rendered":"<p>Protestar\u00e1n hoy en ciudades en apoyo al movimiento #NoMeCuidanMeViolan<\/p>\n<p>Por Redacci\u00f3n QP<\/p>\n<p>Ciudadanas en diversas ciudades del pa\u00eds mostrar\u00e1n este viernes su apoyo al movimiento #NoMeCuidanMeViolan, por lo que protestar\u00e1n para exigir a las autoridades m\u00e1s seguridad hacia las mujeres.<\/p>\n<p>En su redes sociales, el colectivo guanajuatense Barrio Feminista public\u00f3: \u201cConcentraci\u00f3n (hoy) contra el abuso policial, nos unimos con nuestras compa\u00f1eras, trae tus instrumentos, cazuelas, garrafones o algo para hacer ruido\u201d.<\/p>\n<p>Por su parte, el grupo Feministas Universitarias Zona Oriente dio a conocer que mujeres de San Luis Potos\u00ed se unir\u00e1n a esta protesta nacional, por lo que convocaron a todas las mujeres, hoy a las 17:30 horas, en el quiosco de la Plaza Armas.<\/p>\n<p>Cabe destacar que los organizadores de estas manifestaciones piden llevar diamantina rosa, de preferencia que sea ecol\u00f3gica, para el evento en el que pretenden cerrar las calles para expresar su mensaje; adem\u00e1s se recomienda ir con ropa negra, \u201cen sororidad con las compas que marchar\u00e1n\u201d.<\/p>\n<p>\u201cNo olvides llevar tu diamantina rosa eco friendly\u201d, escribi\u00f3 la organizaci\u00f3n en sus redes sociales.<\/p>\n<p>\u201cMorritas de Morelia, nos vemos ma\u00f1ana en Plaza de Armas las 18:00 horas para exigir justicia\u201d, escribi\u00f3, por otra parte, una usuaria cibern\u00e9tica en su cuenta de Twitter\u201d, junto a una im\u00e1gen que dice la frase \u201cporque exigir justicia no es provocaci\u00f3n\u201d.<\/p>\n<p>En Aguascalientes, mujeres tambi\u00e9n se integrar\u00e1n esta manifestaci\u00f3n, por lo que la reuni\u00f3n ser\u00e1 a las 19:00 horas en el monumento Exedra, ubicado en la Plaza de la Patria, en la zona centro de la ciudad; media hora antes arrancar\u00e1 la \u201cbrillanteada\u201d en la Plaza Grande de Yucat\u00e1n.<\/p>\n<p>El lunes pasado, un grupo de mujeres lanzaron brillantina a Jes\u00fas Orta, titular de la Secretar\u00eda de Seguridad P\u00fablica de la Ciudad de M\u00e9xico, debido a presuntos abusos de polic\u00edas de la capital del pa\u00eds en contra de mujeres, como por ejemplo la supuesta violaci\u00f3n a una menor de edad por parte de cuatro polic\u00edas en Azcapotzalco.<\/p>\n<p>Mientras tanto, el colectivo feminista Luchadoras comparti\u00f3 en sus redes sociales algunas recomendaciones para las protestas que se realizar\u00e1n este viernes, como por ejemplo: planear las rutas de escape, avisarle a alguien de la asistencia a la marcha y pedirle que \u201cte est\u00e9 monitoreando\u201d, as\u00ed como aprenderse el tel\u00e9fono de alg\u00fan contacto de emergencia.<\/p>\n<p>Asimismo, recomend\u00f3 a las asistentes a la protesta anotar en el brazo un tel\u00e9fono de contacto de emergencia y el nombre completo propio, con un plum\u00f3n indeleble; usar ropa, zapatos c\u00f3modos, llevar vendas, curitas, gasas, una botella de agua, cargar el celular, ponerle saldo, llevar una bater\u00eda extra e identificaci\u00f3n.<\/p>\n<p>\u201cSi te est\u00e1n deteniendo: grita tu nombre, pregunta por qu\u00e9 te detienen y pide que se identifiquen, si puedes, comparte tu geolocalizaci\u00f3n; si detienen a alguien m\u00e1s, escribe o graba lo que pasa y contacta a una organizaci\u00f3n que apoye la marcha\u201d, indic\u00f3.<\/p>\n<p>Otra ciudades donde se llevar\u00e1 a cabo la \u201cBrillanteada\u201d son Saltillo, Coahuila (Plaza Manuel Acu\u00f1a); Quer\u00e9taro (Jard\u00edn de la Corregidora, rumbo al Palacio de Gobierno); Tuxtla Guti\u00e9rrez, Chiapas (Parque de la Marimba a Parque Central).<\/p>\n<p>Asimismo, en Puebla (frente a la fiscal\u00eda); Mazatl\u00e1n, Sinaloa (en el malec\u00f3n); Culiac\u00e1n, Sinaloa (Fiscal\u00eda del estado, en el Bulevar Enrique S\u00e1nchez Alonso); Xalapa, Veracruz (Plaza Regina); Puerto de Veracruz (Auditorio Benito Ju\u00e1rez).<\/p>\n<p>Le\u00f3n, Guanajuato (presidencia municipal); Toluca, Estado de M\u00e9xico (quiosco de la plaza Gonz\u00e1lez Arratia); Monterrey, Nuevo Le\u00f3n (Fiscal\u00eda del estado); Ciudad de M\u00e9xico (Glorieta de los Insurgentes); Oaxaca (Fuente de las 8 Regiones) y San Crist\u00f3bal de las Casas, Chiapas (Plazuela de Guadalupe).<\/p>\n<p>Con Informaci\u00f3n de NTX\u00a0<\/p>\n","protected":false},"excerpt":{"rendered":"<p>Protestar\u00e1n hoy en ciudades en apoyo al movimiento #NoMeCuidanMeViolan<br \/>\nPor Redacci\u00f3n QP<\/p>\n","protected":false},"author":2,"featured_media":35313,"comment_status":"open","ping_status":"open","sticky":false,"template":"","format":"standard","meta":{"_monsterinsights_skip_tracking":false,"_monsterinsights_sitenote_active":false,"_monsterinsights_sitenote_note":"","_monsterinsights_sitenote_category":0,"footnotes":""},"categories":[2],"tags":[],"class_list":["post-35314","post","type-post","status-publish","format-standard","has-post-thumbnail","hentry","category-noticias"],"yoast_head":"<!-- This site is optimized with the Yoast SEO plugin v27.3 - https:\/\/yoast.com\/product\/yoast-seo-wordpress\/ -->\n<title>Protestar\u00e1n hoy en ciudades en apoyo al movimiento #NoMeCuidanMeViolan -<\/title>\n<meta name=\"robots\" content=\"index, follow, max-snippet:-1, max-image-preview:large, max-video-preview:-1\" \/>\n<link rel=\"canonical\" href=\"https:\/\/quehacerpolitico.mx\/?p=35314\" \/>\n<meta property=\"og:locale\" content=\"es_MX\" \/>\n<meta property=\"og:type\" content=\"article\" \/>\n<meta property=\"og:title\" content=\"Protestar\u00e1n hoy en ciudades en apoyo al movimiento #NoMeCuidanMeViolan -\" \/>\n<meta property=\"og:description\" content=\"Protestar\u00e1n hoy en ciudades en apoyo al movimiento #NoMeCuidanMeViolan Por Redacci\u00f3n QP\" \/>\n<meta property=\"og:url\" content=\"https:\/\/quehacerpolitico.mx\/?p=35314\" \/>\n<meta property=\"article:published_time\" content=\"2019-08-16T13:58:57+00:00\" \/>\n<meta name=\"author\" content=\"Redacci\u00f3n QP\" \/>\n<meta name=\"twitter:card\" content=\"summary_large_image\" \/>\n<meta name=\"twitter:label1\" content=\"Escrito por\" \/>\n\t<meta name=\"twitter:data1\" content=\"Redacci\u00f3n QP\" \/>\n\t<meta name=\"twitter:label2\" content=\"Tiempo de lectura\" \/>\n\t<meta name=\"twitter:data2\" content=\"3 minutos\" \/>\n<script type=\"application\/ld+json\" class=\"yoast-schema-graph\">{\"@context\":\"https:\\\/\\\/schema.org\",\"@graph\":[{\"@type\":\"Article\",\"@id\":\"https:\\\/\\\/quehacerpolitico.mx\\\/?p=35314#article\",\"isPartOf\":{\"@id\":\"https:\\\/\\\/quehacerpolitico.mx\\\/?p=35314\"},\"author\":{\"name\":\"Redacci\u00f3n QP\",\"@id\":\"https:\\\/\\\/quehacerpolitico.mx\\\/#\\\/schema\\\/person\\\/496d8ad2d1d3f8036101dca7ee39e585\"},\"headline\":\"Protestar\u00e1n hoy en ciudades en apoyo al movimiento #NoMeCuidanMeViolan\",\"datePublished\":\"2019-08-16T13:58:57+00:00\",\"mainEntityOfPage\":{\"@id\":\"https:\\\/\\\/quehacerpolitico.mx\\\/?p=35314\"},\"wordCount\":651,\"commentCount\":0,\"image\":{\"@id\":\"https:\\\/\\\/quehacerpolitico.mx\\\/?p=35314#primaryimage\"},\"thumbnailUrl\":\"\",\"articleSection\":[\"Noticias\"],\"inLanguage\":\"es\",\"potentialAction\":[{\"@type\":\"CommentAction\",\"name\":\"Comment\",\"target\":[\"https:\\\/\\\/quehacerpolitico.mx\\\/?p=35314#respond\"]}]},{\"@type\":\"WebPage\",\"@id\":\"https:\\\/\\\/quehacerpolitico.mx\\\/?p=35314\",\"url\":\"https:\\\/\\\/quehacerpolitico.mx\\\/?p=35314\",\"name\":\"Protestar\u00e1n hoy en ciudades en apoyo al movimiento #NoMeCuidanMeViolan -\",\"isPartOf\":{\"@id\":\"https:\\\/\\\/quehacerpolitico.mx\\\/#website\"},\"primaryImageOfPage\":{\"@id\":\"https:\\\/\\\/quehacerpolitico.mx\\\/?p=35314#primaryimage\"},\"image\":{\"@id\":\"https:\\\/\\\/quehacerpolitico.mx\\\/?p=35314#primaryimage\"},\"thumbnailUrl\":\"\",\"datePublished\":\"2019-08-16T13:58:57+00:00\",\"author\":{\"@id\":\"https:\\\/\\\/quehacerpolitico.mx\\\/#\\\/schema\\\/person\\\/496d8ad2d1d3f8036101dca7ee39e585\"},\"breadcrumb\":{\"@id\":\"https:\\\/\\\/quehacerpolitico.mx\\\/?p=35314#breadcrumb\"},\"inLanguage\":\"es\",\"potentialAction\":[{\"@type\":\"ReadAction\",\"target\":[\"https:\\\/\\\/quehacerpolitico.mx\\\/?p=35314\"]}]},{\"@type\":\"ImageObject\",\"inLanguage\":\"es\",\"@id\":\"https:\\\/\\\/quehacerpolitico.mx\\\/?p=35314#primaryimage\",\"url\":\"\",\"contentUrl\":\"\"},{\"@type\":\"BreadcrumbList\",\"@id\":\"https:\\\/\\\/quehacerpolitico.mx\\\/?p=35314#breadcrumb\",\"itemListElement\":[{\"@type\":\"ListItem\",\"position\":1,\"name\":\"Inicio\",\"item\":\"https:\\\/\\\/quehacerpolitico.mx\\\/\"},{\"@type\":\"ListItem\",\"position\":2,\"name\":\"Protestar\u00e1n hoy en ciudades en apoyo al movimiento #NoMeCuidanMeViolan\"}]},{\"@type\":\"WebSite\",\"@id\":\"https:\\\/\\\/quehacerpolitico.mx\\\/#website\",\"url\":\"https:\\\/\\\/quehacerpolitico.mx\\\/\",\"name\":\"\",\"description\":\"\",\"potentialAction\":[{\"@type\":\"SearchAction\",\"target\":{\"@type\":\"EntryPoint\",\"urlTemplate\":\"https:\\\/\\\/quehacerpolitico.mx\\\/?s={search_term_string}\"},\"query-input\":{\"@type\":\"PropertyValueSpecification\",\"valueRequired\":true,\"valueName\":\"search_term_string\"}}],\"inLanguage\":\"es\"},{\"@type\":\"Person\",\"@id\":\"https:\\\/\\\/quehacerpolitico.mx\\\/#\\\/schema\\\/person\\\/496d8ad2d1d3f8036101dca7ee39e585\",\"name\":\"Redacci\u00f3n QP\",\"image\":{\"@type\":\"ImageObject\",\"inLanguage\":\"es\",\"@id\":\"https:\\\/\\\/secure.gravatar.com\\\/avatar\\\/c7164ed6fdec453195284ad24a5ae5b6e1eed2b848477fa2a4787ba9adf39a41?s=96&d=mm&r=g\",\"url\":\"https:\\\/\\\/secure.gravatar.com\\\/avatar\\\/c7164ed6fdec453195284ad24a5ae5b6e1eed2b848477fa2a4787ba9adf39a41?s=96&d=mm&r=g\",\"contentUrl\":\"https:\\\/\\\/secure.gravatar.com\\\/avatar\\\/c7164ed6fdec453195284ad24a5ae5b6e1eed2b848477fa2a4787ba9adf39a41?s=96&d=mm&r=g\",\"caption\":\"Redacci\u00f3n QP\"},\"url\":\"https:\\\/\\\/quehacerpolitico.mx\\\/?author=2\"}]}<\/script>\n<!-- \/ Yoast SEO plugin. -->","yoast_head_json":{"title":"Protestar\u00e1n hoy en ciudades en apoyo al movimiento #NoMeCuidanMeViolan -","robots":{"index":"index","follow":"follow","max-snippet":"max-snippet:-1","max-image-preview":"max-image-preview:large","max-video-preview":"max-video-preview:-1"},"canonical":"https:\/\/quehacerpolitico.mx\/?p=35314","og_locale":"es_MX","og_type":"article","og_title":"Protestar\u00e1n hoy en ciudades en apoyo al movimiento #NoMeCuidanMeViolan -","og_description":"Protestar\u00e1n hoy en ciudades en apoyo al movimiento #NoMeCuidanMeViolan Por Redacci\u00f3n QP","og_url":"https:\/\/quehacerpolitico.mx\/?p=35314","article_published_time":"2019-08-16T13:58:57+00:00","author":"Redacci\u00f3n QP","twitter_card":"summary_large_image","twitter_misc":{"Escrito por":"Redacci\u00f3n QP","Tiempo de lectura":"3 minutos"},"schema":{"@context":"https:\/\/schema.org","@graph":[{"@type":"Article","@id":"https:\/\/quehacerpolitico.mx\/?p=35314#article","isPartOf":{"@id":"https:\/\/quehacerpolitico.mx\/?p=35314"},"author":{"name":"Redacci\u00f3n QP","@id":"https:\/\/quehacerpolitico.mx\/#\/schema\/person\/496d8ad2d1d3f8036101dca7ee39e585"},"headline":"Protestar\u00e1n hoy en ciudades en apoyo al movimiento #NoMeCuidanMeViolan","datePublished":"2019-08-16T13:58:57+00:00","mainEntityOfPage":{"@id":"https:\/\/quehacerpolitico.mx\/?p=35314"},"wordCount":651,"commentCount":0,"image":{"@id":"https:\/\/quehacerpolitico.mx\/?p=35314#primaryimage"},"thumbnailUrl":"","articleSection":["Noticias"],"inLanguage":"es","potentialAction":[{"@type":"CommentAction","name":"Comment","target":["https:\/\/quehacerpolitico.mx\/?p=35314#respond"]}]},{"@type":"WebPage","@id":"https:\/\/quehacerpolitico.mx\/?p=35314","url":"https:\/\/quehacerpolitico.mx\/?p=35314","name":"Protestar\u00e1n hoy en ciudades en apoyo al movimiento #NoMeCuidanMeViolan -","isPartOf":{"@id":"https:\/\/quehacerpolitico.mx\/#website"},"primaryImageOfPage":{"@id":"https:\/\/quehacerpolitico.mx\/?p=35314#primaryimage"},"image":{"@id":"https:\/\/quehacerpolitico.mx\/?p=35314#primaryimage"},"thumbnailUrl":"","datePublished":"2019-08-16T13:58:57+00:00","author":{"@id":"https:\/\/quehacerpolitico.mx\/#\/schema\/person\/496d8ad2d1d3f8036101dca7ee39e585"},"breadcrumb":{"@id":"https:\/\/quehacerpolitico.mx\/?p=35314#breadcrumb"},"inLanguage":"es","potentialAction":[{"@type":"ReadAction","target":["https:\/\/quehacerpolitico.mx\/?p=35314"]}]},{"@type":"ImageObject","inLanguage":"es","@id":"https:\/\/quehacerpolitico.mx\/?p=35314#primaryimage","url":"","contentUrl":""},{"@type":"BreadcrumbList","@id":"https:\/\/quehacerpolitico.mx\/?p=35314#breadcrumb","itemListElement":[{"@type":"ListItem","position":1,"name":"Inicio","item":"https:\/\/quehacerpolitico.mx\/"},{"@type":"ListItem","position":2,"name":"Protestar\u00e1n hoy en ciudades en apoyo al movimiento #NoMeCuidanMeViolan"}]},{"@type":"WebSite","@id":"https:\/\/quehacerpolitico.mx\/#website","url":"https:\/\/quehacerpolitico.mx\/","name":"","description":"","potentialAction":[{"@type":"SearchAction","target":{"@type":"EntryPoint","urlTemplate":"https:\/\/quehacerpolitico.mx\/?s={search_term_string}"},"query-input":{"@type":"PropertyValueSpecification","valueRequired":true,"valueName":"search_term_string"}}],"inLanguage":"es"},{"@type":"Person","@id":"https:\/\/quehacerpolitico.mx\/#\/schema\/person\/496d8ad2d1d3f8036101dca7ee39e585","name":"Redacci\u00f3n QP","image":{"@type":"ImageObject","inLanguage":"es","@id":"https:\/\/secure.gravatar.com\/avatar\/c7164ed6fdec453195284ad24a5ae5b6e1eed2b848477fa2a4787ba9adf39a41?s=96&d=mm&r=g","url":"https:\/\/secure.gravatar.com\/avatar\/c7164ed6fdec453195284ad24a5ae5b6e1eed2b848477fa2a4787ba9adf39a41?s=96&d=mm&r=g","contentUrl":"https:\/\/secure.gravatar.com\/avatar\/c7164ed6fdec453195284ad24a5ae5b6e1eed2b848477fa2a4787ba9adf39a41?s=96&d=mm&r=g","caption":"Redacci\u00f3n QP"},"url":"https:\/\/quehacerpolitico.mx\/?author=2"}]}},"featured_image_urls":{"full":"","thumbnail":"","medium":"","medium_large":"","large":"","1536x1536":"","2048x2048":"","covernews-featured":"","covernews-medium":""},"author_info":{"display_name":"Redacci\u00f3n QP","author_link":"https:\/\/quehacerpolitico.mx\/?author=2"},"category_info":"<a href=\"https:\/\/quehacerpolitico.mx\/?cat=2\" rel=\"category\">Noticias<\/a>","tag_info":"Noticias","comment_count":"0","_links":{"self":[{"href":"https:\/\/quehacerpolitico.mx\/index.php?rest_route=\/wp\/v2\/posts\/35314","targetHints":{"allow":["GET"]}}],"collection":[{"href":"https:\/\/quehacerpolitico.mx\/index.php?rest_route=\/wp\/v2\/posts"}],"about":[{"href":"https:\/\/quehacerpolitico.mx\/index.php?rest_route=\/wp\/v2\/types\/post"}],"author":[{"embeddable":true,"href":"https:\/\/quehacerpolitico.mx\/index.php?rest_route=\/wp\/v2\/users\/2"}],"replies":[{"embeddable":true,"href":"https:\/\/quehacerpolitico.mx\/index.php?rest_route=%2Fwp%2Fv2%2Fcomments&post=35314"}],"version-history":[{"count":0,"href":"https:\/\/quehacerpolitico.mx\/index.php?rest_route=\/wp\/v2\/posts\/35314\/revisions"}],"wp:featuredmedia":[{"embeddable":true,"href":"https:\/\/quehacerpolitico.mx\/index.php?rest_route=\/"}],"wp:attachment":[{"href":"https:\/\/quehacerpolitico.mx\/index.php?rest_route=%2Fwp%2Fv2%2Fmedia&parent=35314"}],"wp:term":[{"taxonomy":"category","embeddable":true,"href":"https:\/\/quehacerpolitico.mx\/index.php?rest_route=%2Fwp%2Fv2%2Fcategories&post=35314"},{"taxonomy":"post_tag","embeddable":true,"href":"https:\/\/quehacerpolitico.mx\/index.php?rest_route=%2Fwp%2Fv2%2Ftags&post=35314"}],"curies":[{"name":"wp","href":"https:\/\/api.w.org\/{rel}","templated":true}]}}