{"id":3531,"date":"2018-08-31T13:36:30","date_gmt":"2018-08-31T13:36:30","guid":{"rendered":"http:\/\/quehacerpolitico.mx\/lluvias-fuertes-persistiran-en-el-pais\/"},"modified":"2018-08-31T13:36:30","modified_gmt":"2018-08-31T13:36:30","slug":"lluvias-fuertes-persistiran-en-el-pais","status":"publish","type":"post","link":"https:\/\/quehacerpolitico.mx\/?p=3531","title":{"rendered":"Lluvias fuertes persistir\u00e1n en el pa\u00eds"},"content":{"rendered":"<p>El Servicio Meteorol\u00f3gico Nacional SMN, comunic\u00f3 que<strong> las lluvias fuertes se mantendr\u00e1n en varios estados del pa\u00eds durante la noche y la madrugada del viernes<\/strong> .<\/p>\n<div id=\"div-gpt-ad-1524682842930-0\" data-google-query-id=\"CPTV1_Czl90CFQw9Twod7goH2A\">\n<div id=\"google_ads_iframe_\/40135427\/informador_mx_Video_Outstream_0__container__\">Precis\u00f3 que se prev\u00e9n<strong> lluvias con descargas el\u00e9ctricas y granizo<\/strong> en el sur, oriente y poniente en la capital del pa\u00eds y en los municipios conurbados del Estado de M\u00e9xico.<\/div>\n<div>\n<p>Pronostic\u00f3 <strong>tormentas puntuales intensas<\/strong> en Jalisco, Guerrero, Puebla, Veracruz, Oaxaca y Chiapas, y muy fuertes en regiones de Sonora, Chihuahua, Durango, Sinaloa, Nayarit, Michoac\u00e1n, Guanajuato, Estado de M\u00e9xico, Ciudad de M\u00e9xico y Morelos.<\/p>\n<p>Las <strong>tormentas fuertes<\/strong> se presentar\u00e1n en Zacatecas, Tamaulipas, Colima, Aguascalientes, Quer\u00e9taro, Hidalgo, Tlaxcala, Tabasco, Campeche, Yucat\u00e1n y Quintana Roo, adem\u00e1s del desarrollo de corredores de tormentas con granizo desde Puebla hasta Jalisco.<\/p>\n<p>Esta condici\u00f3n es ocasionada por la <strong>onda tropical n\u00famero 34 <\/strong>que recorrer\u00e1 el oriente y centro de M\u00e9xico, por la <strong>n\u00famero 33<\/strong>, concentrada al oeste de las costas de Jalisco, as\u00ed como la inestabilidad atmosf\u00e9rica superior localizada sobre el noroeste y el sureste.<\/p>\n<p>El SMN especific\u00f3 que <strong>para este viernes se tienen contempladas tormentas puntuales muy fuertes<\/strong> en Sonora, Sinaloa, Durango, Nayarit, Jalisco, Michoac\u00e1n, Guerrero, Guanajuato, Puebla, Veracruz, Oaxaca y Chiapas, y fuertes en zonas de Chihuahua, Zacatecas, Colima, Quer\u00e9taro, Estado de M\u00e9xico y Morelos; lluvias con chubascos en Baja California Sur, Coahuila, Nuevo Le\u00f3n, Tamaulipas, San Luis Potos\u00ed, Aguascalientes, Hidalgo, Tlaxcala, Ciudad de M\u00e9xico, Tabasco, Campeche, Yucat\u00e1n y Quintana Roo, y precipitaciones aisladas en Baja California.<\/p>\n<p>Respecto a las temperaturas esperadas, en Baja California, Baja California Sur, Sonora, Sinaloa, Coahuila, Nuevo Le\u00f3n, Tamaulipas y Michoac\u00e1n se estiman <strong>m\u00e1ximas de 40 a 45 grados Celsius y de 35 a 40 grados Celsius<\/strong> en regiones de Nayarit, Jalisco, Colima, Guerrero, Oaxaca, Chiapas, Chihuahua, Durango, Zacatecas, San Luis Potos\u00ed, Hidalgo, Morelos, Veracruz, Tabasco, Campeche, Yucat\u00e1n y Quintana Roo.<\/p>\n<\/div>\n<\/div>\n","protected":false},"excerpt":{"rendered":"<p>El SMN inform\u00f3 que las lluvias prevalecer\u00e1n hasta ma\u00f1ana y algunas estar\u00e1n acompa\u00f1adas de granizo<br \/>\nPor Redacci\u00f3n QP<\/p>\n","protected":false},"author":2,"featured_media":3530,"comment_status":"open","ping_status":"open","sticky":false,"template":"","format":"standard","meta":{"_monsterinsights_skip_tracking":false,"_monsterinsights_sitenote_active":false,"_monsterinsights_sitenote_note":"","_monsterinsights_sitenote_category":0,"footnotes":""},"categories":[2],"tags":[],"class_list":["post-3531","post","type-post","status-publish","format-standard","has-post-thumbnail","hentry","category-noticias"],"yoast_head":"<!-- This site is optimized with the Yoast SEO plugin v27.3 - https:\/\/yoast.com\/product\/yoast-seo-wordpress\/ -->\n<title>Lluvias fuertes persistir\u00e1n en el pa\u00eds -<\/title>\n<meta name=\"robots\" content=\"index, follow, max-snippet:-1, max-image-preview:large, max-video-preview:-1\" \/>\n<link rel=\"canonical\" href=\"https:\/\/quehacerpolitico.mx\/?p=3531\" \/>\n<meta property=\"og:locale\" content=\"es_MX\" \/>\n<meta property=\"og:type\" content=\"article\" \/>\n<meta property=\"og:title\" content=\"Lluvias fuertes persistir\u00e1n en el pa\u00eds -\" \/>\n<meta property=\"og:description\" content=\"El SMN inform\u00f3 que las lluvias prevalecer\u00e1n hasta ma\u00f1ana y algunas estar\u00e1n acompa\u00f1adas de granizo Por Redacci\u00f3n QP\" \/>\n<meta property=\"og:url\" content=\"https:\/\/quehacerpolitico.mx\/?p=3531\" \/>\n<meta property=\"article:published_time\" content=\"2018-08-31T13:36:30+00:00\" \/>\n<meta name=\"author\" content=\"Redacci\u00f3n QP\" \/>\n<meta name=\"twitter:card\" content=\"summary_large_image\" \/>\n<meta name=\"twitter:label1\" content=\"Escrito por\" \/>\n\t<meta name=\"twitter:data1\" content=\"Redacci\u00f3n QP\" \/>\n\t<meta name=\"twitter:label2\" content=\"Tiempo de lectura\" \/>\n\t<meta name=\"twitter:data2\" content=\"2 minutos\" \/>\n<script type=\"application\/ld+json\" class=\"yoast-schema-graph\">{\"@context\":\"https:\\\/\\\/schema.org\",\"@graph\":[{\"@type\":\"Article\",\"@id\":\"https:\\\/\\\/quehacerpolitico.mx\\\/?p=3531#article\",\"isPartOf\":{\"@id\":\"https:\\\/\\\/quehacerpolitico.mx\\\/?p=3531\"},\"author\":{\"name\":\"Redacci\u00f3n QP\",\"@id\":\"https:\\\/\\\/quehacerpolitico.mx\\\/#\\\/schema\\\/person\\\/496d8ad2d1d3f8036101dca7ee39e585\"},\"headline\":\"Lluvias fuertes persistir\u00e1n en el pa\u00eds\",\"datePublished\":\"2018-08-31T13:36:30+00:00\",\"mainEntityOfPage\":{\"@id\":\"https:\\\/\\\/quehacerpolitico.mx\\\/?p=3531\"},\"wordCount\":327,\"commentCount\":0,\"image\":{\"@id\":\"https:\\\/\\\/quehacerpolitico.mx\\\/?p=3531#primaryimage\"},\"thumbnailUrl\":\"\",\"articleSection\":[\"Noticias\"],\"inLanguage\":\"es\",\"potentialAction\":[{\"@type\":\"CommentAction\",\"name\":\"Comment\",\"target\":[\"https:\\\/\\\/quehacerpolitico.mx\\\/?p=3531#respond\"]}]},{\"@type\":\"WebPage\",\"@id\":\"https:\\\/\\\/quehacerpolitico.mx\\\/?p=3531\",\"url\":\"https:\\\/\\\/quehacerpolitico.mx\\\/?p=3531\",\"name\":\"Lluvias fuertes persistir\u00e1n en el pa\u00eds -\",\"isPartOf\":{\"@id\":\"https:\\\/\\\/quehacerpolitico.mx\\\/#website\"},\"primaryImageOfPage\":{\"@id\":\"https:\\\/\\\/quehacerpolitico.mx\\\/?p=3531#primaryimage\"},\"image\":{\"@id\":\"https:\\\/\\\/quehacerpolitico.mx\\\/?p=3531#primaryimage\"},\"thumbnailUrl\":\"\",\"datePublished\":\"2018-08-31T13:36:30+00:00\",\"author\":{\"@id\":\"https:\\\/\\\/quehacerpolitico.mx\\\/#\\\/schema\\\/person\\\/496d8ad2d1d3f8036101dca7ee39e585\"},\"breadcrumb\":{\"@id\":\"https:\\\/\\\/quehacerpolitico.mx\\\/?p=3531#breadcrumb\"},\"inLanguage\":\"es\",\"potentialAction\":[{\"@type\":\"ReadAction\",\"target\":[\"https:\\\/\\\/quehacerpolitico.mx\\\/?p=3531\"]}]},{\"@type\":\"ImageObject\",\"inLanguage\":\"es\",\"@id\":\"https:\\\/\\\/quehacerpolitico.mx\\\/?p=3531#primaryimage\",\"url\":\"\",\"contentUrl\":\"\"},{\"@type\":\"BreadcrumbList\",\"@id\":\"https:\\\/\\\/quehacerpolitico.mx\\\/?p=3531#breadcrumb\",\"itemListElement\":[{\"@type\":\"ListItem\",\"position\":1,\"name\":\"Inicio\",\"item\":\"https:\\\/\\\/quehacerpolitico.mx\\\/\"},{\"@type\":\"ListItem\",\"position\":2,\"name\":\"Lluvias fuertes persistir\u00e1n en el pa\u00eds\"}]},{\"@type\":\"WebSite\",\"@id\":\"https:\\\/\\\/quehacerpolitico.mx\\\/#website\",\"url\":\"https:\\\/\\\/quehacerpolitico.mx\\\/\",\"name\":\"\",\"description\":\"\",\"potentialAction\":[{\"@type\":\"SearchAction\",\"target\":{\"@type\":\"EntryPoint\",\"urlTemplate\":\"https:\\\/\\\/quehacerpolitico.mx\\\/?s={search_term_string}\"},\"query-input\":{\"@type\":\"PropertyValueSpecification\",\"valueRequired\":true,\"valueName\":\"search_term_string\"}}],\"inLanguage\":\"es\"},{\"@type\":\"Person\",\"@id\":\"https:\\\/\\\/quehacerpolitico.mx\\\/#\\\/schema\\\/person\\\/496d8ad2d1d3f8036101dca7ee39e585\",\"name\":\"Redacci\u00f3n QP\",\"image\":{\"@type\":\"ImageObject\",\"inLanguage\":\"es\",\"@id\":\"https:\\\/\\\/secure.gravatar.com\\\/avatar\\\/c7164ed6fdec453195284ad24a5ae5b6e1eed2b848477fa2a4787ba9adf39a41?s=96&d=mm&r=g\",\"url\":\"https:\\\/\\\/secure.gravatar.com\\\/avatar\\\/c7164ed6fdec453195284ad24a5ae5b6e1eed2b848477fa2a4787ba9adf39a41?s=96&d=mm&r=g\",\"contentUrl\":\"https:\\\/\\\/secure.gravatar.com\\\/avatar\\\/c7164ed6fdec453195284ad24a5ae5b6e1eed2b848477fa2a4787ba9adf39a41?s=96&d=mm&r=g\",\"caption\":\"Redacci\u00f3n QP\"},\"url\":\"https:\\\/\\\/quehacerpolitico.mx\\\/?author=2\"}]}<\/script>\n<!-- \/ Yoast SEO plugin. -->","yoast_head_json":{"title":"Lluvias fuertes persistir\u00e1n en el pa\u00eds -","robots":{"index":"index","follow":"follow","max-snippet":"max-snippet:-1","max-image-preview":"max-image-preview:large","max-video-preview":"max-video-preview:-1"},"canonical":"https:\/\/quehacerpolitico.mx\/?p=3531","og_locale":"es_MX","og_type":"article","og_title":"Lluvias fuertes persistir\u00e1n en el pa\u00eds -","og_description":"El SMN inform\u00f3 que las lluvias prevalecer\u00e1n hasta ma\u00f1ana y algunas estar\u00e1n acompa\u00f1adas de granizo Por Redacci\u00f3n QP","og_url":"https:\/\/quehacerpolitico.mx\/?p=3531","article_published_time":"2018-08-31T13:36:30+00:00","author":"Redacci\u00f3n QP","twitter_card":"summary_large_image","twitter_misc":{"Escrito por":"Redacci\u00f3n QP","Tiempo de lectura":"2 minutos"},"schema":{"@context":"https:\/\/schema.org","@graph":[{"@type":"Article","@id":"https:\/\/quehacerpolitico.mx\/?p=3531#article","isPartOf":{"@id":"https:\/\/quehacerpolitico.mx\/?p=3531"},"author":{"name":"Redacci\u00f3n QP","@id":"https:\/\/quehacerpolitico.mx\/#\/schema\/person\/496d8ad2d1d3f8036101dca7ee39e585"},"headline":"Lluvias fuertes persistir\u00e1n en el pa\u00eds","datePublished":"2018-08-31T13:36:30+00:00","mainEntityOfPage":{"@id":"https:\/\/quehacerpolitico.mx\/?p=3531"},"wordCount":327,"commentCount":0,"image":{"@id":"https:\/\/quehacerpolitico.mx\/?p=3531#primaryimage"},"thumbnailUrl":"","articleSection":["Noticias"],"inLanguage":"es","potentialAction":[{"@type":"CommentAction","name":"Comment","target":["https:\/\/quehacerpolitico.mx\/?p=3531#respond"]}]},{"@type":"WebPage","@id":"https:\/\/quehacerpolitico.mx\/?p=3531","url":"https:\/\/quehacerpolitico.mx\/?p=3531","name":"Lluvias fuertes persistir\u00e1n en el pa\u00eds -","isPartOf":{"@id":"https:\/\/quehacerpolitico.mx\/#website"},"primaryImageOfPage":{"@id":"https:\/\/quehacerpolitico.mx\/?p=3531#primaryimage"},"image":{"@id":"https:\/\/quehacerpolitico.mx\/?p=3531#primaryimage"},"thumbnailUrl":"","datePublished":"2018-08-31T13:36:30+00:00","author":{"@id":"https:\/\/quehacerpolitico.mx\/#\/schema\/person\/496d8ad2d1d3f8036101dca7ee39e585"},"breadcrumb":{"@id":"https:\/\/quehacerpolitico.mx\/?p=3531#breadcrumb"},"inLanguage":"es","potentialAction":[{"@type":"ReadAction","target":["https:\/\/quehacerpolitico.mx\/?p=3531"]}]},{"@type":"ImageObject","inLanguage":"es","@id":"https:\/\/quehacerpolitico.mx\/?p=3531#primaryimage","url":"","contentUrl":""},{"@type":"BreadcrumbList","@id":"https:\/\/quehacerpolitico.mx\/?p=3531#breadcrumb","itemListElement":[{"@type":"ListItem","position":1,"name":"Inicio","item":"https:\/\/quehacerpolitico.mx\/"},{"@type":"ListItem","position":2,"name":"Lluvias fuertes persistir\u00e1n en el pa\u00eds"}]},{"@type":"WebSite","@id":"https:\/\/quehacerpolitico.mx\/#website","url":"https:\/\/quehacerpolitico.mx\/","name":"","description":"","potentialAction":[{"@type":"SearchAction","target":{"@type":"EntryPoint","urlTemplate":"https:\/\/quehacerpolitico.mx\/?s={search_term_string}"},"query-input":{"@type":"PropertyValueSpecification","valueRequired":true,"valueName":"search_term_string"}}],"inLanguage":"es"},{"@type":"Person","@id":"https:\/\/quehacerpolitico.mx\/#\/schema\/person\/496d8ad2d1d3f8036101dca7ee39e585","name":"Redacci\u00f3n QP","image":{"@type":"ImageObject","inLanguage":"es","@id":"https:\/\/secure.gravatar.com\/avatar\/c7164ed6fdec453195284ad24a5ae5b6e1eed2b848477fa2a4787ba9adf39a41?s=96&d=mm&r=g","url":"https:\/\/secure.gravatar.com\/avatar\/c7164ed6fdec453195284ad24a5ae5b6e1eed2b848477fa2a4787ba9adf39a41?s=96&d=mm&r=g","contentUrl":"https:\/\/secure.gravatar.com\/avatar\/c7164ed6fdec453195284ad24a5ae5b6e1eed2b848477fa2a4787ba9adf39a41?s=96&d=mm&r=g","caption":"Redacci\u00f3n QP"},"url":"https:\/\/quehacerpolitico.mx\/?author=2"}]}},"featured_image_urls":{"full":"","thumbnail":"","medium":"","medium_large":"","large":"","1536x1536":"","2048x2048":"","covernews-featured":"","covernews-medium":""},"author_info":{"display_name":"Redacci\u00f3n QP","author_link":"https:\/\/quehacerpolitico.mx\/?author=2"},"category_info":"<a href=\"https:\/\/quehacerpolitico.mx\/?cat=2\" rel=\"category\">Noticias<\/a>","tag_info":"Noticias","comment_count":"0","_links":{"self":[{"href":"https:\/\/quehacerpolitico.mx\/index.php?rest_route=\/wp\/v2\/posts\/3531","targetHints":{"allow":["GET"]}}],"collection":[{"href":"https:\/\/quehacerpolitico.mx\/index.php?rest_route=\/wp\/v2\/posts"}],"about":[{"href":"https:\/\/quehacerpolitico.mx\/index.php?rest_route=\/wp\/v2\/types\/post"}],"author":[{"embeddable":true,"href":"https:\/\/quehacerpolitico.mx\/index.php?rest_route=\/wp\/v2\/users\/2"}],"replies":[{"embeddable":true,"href":"https:\/\/quehacerpolitico.mx\/index.php?rest_route=%2Fwp%2Fv2%2Fcomments&post=3531"}],"version-history":[{"count":0,"href":"https:\/\/quehacerpolitico.mx\/index.php?rest_route=\/wp\/v2\/posts\/3531\/revisions"}],"wp:featuredmedia":[{"embeddable":true,"href":"https:\/\/quehacerpolitico.mx\/index.php?rest_route=\/"}],"wp:attachment":[{"href":"https:\/\/quehacerpolitico.mx\/index.php?rest_route=%2Fwp%2Fv2%2Fmedia&parent=3531"}],"wp:term":[{"taxonomy":"category","embeddable":true,"href":"https:\/\/quehacerpolitico.mx\/index.php?rest_route=%2Fwp%2Fv2%2Fcategories&post=3531"},{"taxonomy":"post_tag","embeddable":true,"href":"https:\/\/quehacerpolitico.mx\/index.php?rest_route=%2Fwp%2Fv2%2Ftags&post=3531"}],"curies":[{"name":"wp","href":"https:\/\/api.w.org\/{rel}","templated":true}]}}