{"id":35299,"date":"2019-08-16T13:12:37","date_gmt":"2019-08-16T13:12:37","guid":{"rendered":"http:\/\/quehacerpolitico.mx\/decision-de-banxico-permitira-estabilidad-economica-y-crecimiento-destaca-lopez-obrador\/"},"modified":"2019-08-16T13:12:37","modified_gmt":"2019-08-16T13:12:37","slug":"decision-de-banxico-permitira-estabilidad-economica-y-crecimiento-destaca-lopez-obrador","status":"publish","type":"post","link":"https:\/\/quehacerpolitico.mx\/?p=35299","title":{"rendered":"Decisi\u00f3n de Banxico permitir\u00e1 estabilidad econ\u00f3mica y crecimiento, destaca L\u00f3pez Obrador"},"content":{"rendered":"<p>Decisi\u00f3n de Banxico permitir\u00e1 estabilidad econ\u00f3mica y crecimiento, destaca L\u00f3pez Obrador<\/p>\n<p>Por Redacci\u00f3n QP<\/p>\n<p>El presidente Andr\u00e9s Manuel L\u00f3pez Obrador destac\u00f3 que aunque existe un entorno econ\u00f3mico mundial dif\u00edcil, la decisi\u00f3n del Banco de M\u00e9xico (Banxico) de bajar las tasas de inter\u00e9s es favorable, porque permitir\u00e1 mantener la estabilidad y estimular el crecimiento interno del pa\u00eds.<\/p>\n<p>Se puede hacer esto porque hay estabilidad, porque si bajan las tasas y no hay confianza, en M\u00e9xico se podr\u00edan generar desajustes, &#8220;pero bajaron las tasas y no pas\u00f3 nada&#8221;, subray\u00f3.<\/p>\n<p>Tras asegurar que no pretende culpar a los factores externos de la situaci\u00f3n econ\u00f3mica del pa\u00eds y que respeta la decisi\u00f3n del banco central, dijo que lo m\u00e1s importante es consolidar a la econom\u00eda nacional al interior.<\/p>\n<p>En su conferencia de prensa matutina, reiter\u00f3 que \u201cen M\u00e9xico estamos bien, tenemos suficientes reservas, no tenemos problemas de inflaci\u00f3n, ni depreciaci\u00f3n de la moneda\u201d.<\/p>\n<p>Admiti\u00f3 que debido a los pron\u00f3sticos de recesi\u00f3n de la econom\u00eda mundial, problemas en Europa, menor crecimiento en China, la guerra comercial entre China y Estados Unidos, incluso lo que pasa en Argentina, se prev\u00e9n efectos negativos en M\u00e9xico.<\/p>\n<p>Sin embargo, apunt\u00f3, \u201cpensamos que estamos bien, tenemos ventajas, es importante tener control de la inflaci\u00f3n, que siga llegando inversi\u00f3n extranjera, que siga creciendo el comercio exterior, inclusive que tengamos el apoyo de los paisanos migrantes que env\u00edan muchos recursos, como nunca a sus familiares\u201d.<\/p>\n<p>En Palacio Nacional, e Ejecutivo federal sostuvo que todo eso mantiene bien la econom\u00eda y en ese marco el Banxico decidi\u00f3 bajar la tasa de inter\u00e9s.<\/p>\n<p>\u201cEsto es importante porque de esta manera estimula el crecimiento, hay m\u00e1s est\u00edmulos para invertir, para apoyarse con cr\u00e9dito, en m\u00e1s rentable para la actividad productiva, tasas de inter\u00e9s m\u00e1s bajas y se puede hacer esto porque hay estabilidad\u201d, enfatiz\u00f3.<\/p>\n<p>L\u00f3pez Obrador puntualiz\u00f3 que la decisi\u00f3n del banco central fue positiva; \u201crespeto la decisi\u00f3n de Banxico, son aut\u00f3nomos, nosotros no nos metemos en esas decisiones, cada quien lo que tiene con su funci\u00f3n\u201d, agreg\u00f3.<\/p>\n<blockquote class=\"twitter-tweet\" data-width=\"550\" data-dnt=\"true\">\n<p lang=\"es\" dir=\"ltr\">No solo hay que conocer la realidad, hay que transformarla. Conferencia de prensa matutina. <a href=\"https:\/\/t.co\/PEonmmnUhO\">https:\/\/t.co\/PEonmmnUhO<\/a><\/p>\n<p>&mdash; Andr\u00e9s Manuel (@lopezobrador_) <a href=\"https:\/\/twitter.com\/lopezobrador_\/status\/1162333541935353857?ref_src=twsrc%5Etfw\">August 16, 2019<\/a><\/p><\/blockquote>\n<p><script async src=\"https:\/\/platform.twitter.com\/widgets.js\" charset=\"utf-8\"><\/script><\/p>\n<p>Con Informaci\u00f3n de NTX\u00a0<\/p>\n","protected":false},"excerpt":{"rendered":"<p>Decisi\u00f3n de Banxico permitir\u00e1 estabilidad econ\u00f3mica y crecimiento, destaca L\u00f3pez Obrador<br \/>\nPor Redacci\u00f3n QP<\/p>\n","protected":false},"author":2,"featured_media":35298,"comment_status":"open","ping_status":"open","sticky":false,"template":"","format":"standard","meta":{"_monsterinsights_skip_tracking":false,"_monsterinsights_sitenote_active":false,"_monsterinsights_sitenote_note":"","_monsterinsights_sitenote_category":0,"footnotes":""},"categories":[56],"tags":[],"class_list":["post-35299","post","type-post","status-publish","format-standard","has-post-thumbnail","hentry","category-economia"],"yoast_head":"<!-- This site is optimized with the Yoast SEO plugin v27.3 - https:\/\/yoast.com\/product\/yoast-seo-wordpress\/ -->\n<title>Decisi\u00f3n de Banxico permitir\u00e1 estabilidad econ\u00f3mica y crecimiento, destaca L\u00f3pez Obrador -<\/title>\n<meta name=\"robots\" content=\"index, follow, max-snippet:-1, max-image-preview:large, max-video-preview:-1\" \/>\n<link rel=\"canonical\" href=\"https:\/\/quehacerpolitico.mx\/?p=35299\" \/>\n<meta property=\"og:locale\" content=\"es_MX\" \/>\n<meta property=\"og:type\" content=\"article\" \/>\n<meta property=\"og:title\" content=\"Decisi\u00f3n de Banxico permitir\u00e1 estabilidad econ\u00f3mica y crecimiento, destaca L\u00f3pez Obrador -\" \/>\n<meta property=\"og:description\" content=\"Decisi\u00f3n de Banxico permitir\u00e1 estabilidad econ\u00f3mica y crecimiento, destaca L\u00f3pez Obrador Por Redacci\u00f3n QP\" \/>\n<meta property=\"og:url\" content=\"https:\/\/quehacerpolitico.mx\/?p=35299\" \/>\n<meta property=\"article:published_time\" content=\"2019-08-16T13:12:37+00:00\" \/>\n<meta name=\"author\" content=\"Redacci\u00f3n QP\" \/>\n<meta name=\"twitter:card\" content=\"summary_large_image\" \/>\n<meta name=\"twitter:label1\" content=\"Escrito por\" \/>\n\t<meta name=\"twitter:data1\" content=\"Redacci\u00f3n QP\" \/>\n\t<meta name=\"twitter:label2\" content=\"Tiempo de lectura\" \/>\n\t<meta name=\"twitter:data2\" content=\"2 minutos\" \/>\n<script type=\"application\/ld+json\" class=\"yoast-schema-graph\">{\"@context\":\"https:\\\/\\\/schema.org\",\"@graph\":[{\"@type\":\"Article\",\"@id\":\"https:\\\/\\\/quehacerpolitico.mx\\\/?p=35299#article\",\"isPartOf\":{\"@id\":\"https:\\\/\\\/quehacerpolitico.mx\\\/?p=35299\"},\"author\":{\"name\":\"Redacci\u00f3n QP\",\"@id\":\"https:\\\/\\\/quehacerpolitico.mx\\\/#\\\/schema\\\/person\\\/496d8ad2d1d3f8036101dca7ee39e585\"},\"headline\":\"Decisi\u00f3n de Banxico permitir\u00e1 estabilidad econ\u00f3mica y crecimiento, destaca L\u00f3pez Obrador\",\"datePublished\":\"2019-08-16T13:12:37+00:00\",\"mainEntityOfPage\":{\"@id\":\"https:\\\/\\\/quehacerpolitico.mx\\\/?p=35299\"},\"wordCount\":402,\"commentCount\":0,\"image\":{\"@id\":\"https:\\\/\\\/quehacerpolitico.mx\\\/?p=35299#primaryimage\"},\"thumbnailUrl\":\"\",\"articleSection\":[\"Econom\u00eda\"],\"inLanguage\":\"es\",\"potentialAction\":[{\"@type\":\"CommentAction\",\"name\":\"Comment\",\"target\":[\"https:\\\/\\\/quehacerpolitico.mx\\\/?p=35299#respond\"]}]},{\"@type\":\"WebPage\",\"@id\":\"https:\\\/\\\/quehacerpolitico.mx\\\/?p=35299\",\"url\":\"https:\\\/\\\/quehacerpolitico.mx\\\/?p=35299\",\"name\":\"Decisi\u00f3n de Banxico permitir\u00e1 estabilidad econ\u00f3mica y crecimiento, destaca L\u00f3pez Obrador -\",\"isPartOf\":{\"@id\":\"https:\\\/\\\/quehacerpolitico.mx\\\/#website\"},\"primaryImageOfPage\":{\"@id\":\"https:\\\/\\\/quehacerpolitico.mx\\\/?p=35299#primaryimage\"},\"image\":{\"@id\":\"https:\\\/\\\/quehacerpolitico.mx\\\/?p=35299#primaryimage\"},\"thumbnailUrl\":\"\",\"datePublished\":\"2019-08-16T13:12:37+00:00\",\"author\":{\"@id\":\"https:\\\/\\\/quehacerpolitico.mx\\\/#\\\/schema\\\/person\\\/496d8ad2d1d3f8036101dca7ee39e585\"},\"breadcrumb\":{\"@id\":\"https:\\\/\\\/quehacerpolitico.mx\\\/?p=35299#breadcrumb\"},\"inLanguage\":\"es\",\"potentialAction\":[{\"@type\":\"ReadAction\",\"target\":[\"https:\\\/\\\/quehacerpolitico.mx\\\/?p=35299\"]}]},{\"@type\":\"ImageObject\",\"inLanguage\":\"es\",\"@id\":\"https:\\\/\\\/quehacerpolitico.mx\\\/?p=35299#primaryimage\",\"url\":\"\",\"contentUrl\":\"\"},{\"@type\":\"BreadcrumbList\",\"@id\":\"https:\\\/\\\/quehacerpolitico.mx\\\/?p=35299#breadcrumb\",\"itemListElement\":[{\"@type\":\"ListItem\",\"position\":1,\"name\":\"Inicio\",\"item\":\"https:\\\/\\\/quehacerpolitico.mx\\\/\"},{\"@type\":\"ListItem\",\"position\":2,\"name\":\"Decisi\u00f3n de Banxico permitir\u00e1 estabilidad econ\u00f3mica y crecimiento, destaca L\u00f3pez Obrador\"}]},{\"@type\":\"WebSite\",\"@id\":\"https:\\\/\\\/quehacerpolitico.mx\\\/#website\",\"url\":\"https:\\\/\\\/quehacerpolitico.mx\\\/\",\"name\":\"\",\"description\":\"\",\"potentialAction\":[{\"@type\":\"SearchAction\",\"target\":{\"@type\":\"EntryPoint\",\"urlTemplate\":\"https:\\\/\\\/quehacerpolitico.mx\\\/?s={search_term_string}\"},\"query-input\":{\"@type\":\"PropertyValueSpecification\",\"valueRequired\":true,\"valueName\":\"search_term_string\"}}],\"inLanguage\":\"es\"},{\"@type\":\"Person\",\"@id\":\"https:\\\/\\\/quehacerpolitico.mx\\\/#\\\/schema\\\/person\\\/496d8ad2d1d3f8036101dca7ee39e585\",\"name\":\"Redacci\u00f3n QP\",\"image\":{\"@type\":\"ImageObject\",\"inLanguage\":\"es\",\"@id\":\"https:\\\/\\\/secure.gravatar.com\\\/avatar\\\/c7164ed6fdec453195284ad24a5ae5b6e1eed2b848477fa2a4787ba9adf39a41?s=96&d=mm&r=g\",\"url\":\"https:\\\/\\\/secure.gravatar.com\\\/avatar\\\/c7164ed6fdec453195284ad24a5ae5b6e1eed2b848477fa2a4787ba9adf39a41?s=96&d=mm&r=g\",\"contentUrl\":\"https:\\\/\\\/secure.gravatar.com\\\/avatar\\\/c7164ed6fdec453195284ad24a5ae5b6e1eed2b848477fa2a4787ba9adf39a41?s=96&d=mm&r=g\",\"caption\":\"Redacci\u00f3n QP\"},\"url\":\"https:\\\/\\\/quehacerpolitico.mx\\\/?author=2\"}]}<\/script>\n<!-- \/ Yoast SEO plugin. -->","yoast_head_json":{"title":"Decisi\u00f3n de Banxico permitir\u00e1 estabilidad econ\u00f3mica y crecimiento, destaca L\u00f3pez Obrador -","robots":{"index":"index","follow":"follow","max-snippet":"max-snippet:-1","max-image-preview":"max-image-preview:large","max-video-preview":"max-video-preview:-1"},"canonical":"https:\/\/quehacerpolitico.mx\/?p=35299","og_locale":"es_MX","og_type":"article","og_title":"Decisi\u00f3n de Banxico permitir\u00e1 estabilidad econ\u00f3mica y crecimiento, destaca L\u00f3pez Obrador -","og_description":"Decisi\u00f3n de Banxico permitir\u00e1 estabilidad econ\u00f3mica y crecimiento, destaca L\u00f3pez Obrador Por Redacci\u00f3n QP","og_url":"https:\/\/quehacerpolitico.mx\/?p=35299","article_published_time":"2019-08-16T13:12:37+00:00","author":"Redacci\u00f3n QP","twitter_card":"summary_large_image","twitter_misc":{"Escrito por":"Redacci\u00f3n QP","Tiempo de lectura":"2 minutos"},"schema":{"@context":"https:\/\/schema.org","@graph":[{"@type":"Article","@id":"https:\/\/quehacerpolitico.mx\/?p=35299#article","isPartOf":{"@id":"https:\/\/quehacerpolitico.mx\/?p=35299"},"author":{"name":"Redacci\u00f3n QP","@id":"https:\/\/quehacerpolitico.mx\/#\/schema\/person\/496d8ad2d1d3f8036101dca7ee39e585"},"headline":"Decisi\u00f3n de Banxico permitir\u00e1 estabilidad econ\u00f3mica y crecimiento, destaca L\u00f3pez Obrador","datePublished":"2019-08-16T13:12:37+00:00","mainEntityOfPage":{"@id":"https:\/\/quehacerpolitico.mx\/?p=35299"},"wordCount":402,"commentCount":0,"image":{"@id":"https:\/\/quehacerpolitico.mx\/?p=35299#primaryimage"},"thumbnailUrl":"","articleSection":["Econom\u00eda"],"inLanguage":"es","potentialAction":[{"@type":"CommentAction","name":"Comment","target":["https:\/\/quehacerpolitico.mx\/?p=35299#respond"]}]},{"@type":"WebPage","@id":"https:\/\/quehacerpolitico.mx\/?p=35299","url":"https:\/\/quehacerpolitico.mx\/?p=35299","name":"Decisi\u00f3n de Banxico permitir\u00e1 estabilidad econ\u00f3mica y crecimiento, destaca L\u00f3pez Obrador -","isPartOf":{"@id":"https:\/\/quehacerpolitico.mx\/#website"},"primaryImageOfPage":{"@id":"https:\/\/quehacerpolitico.mx\/?p=35299#primaryimage"},"image":{"@id":"https:\/\/quehacerpolitico.mx\/?p=35299#primaryimage"},"thumbnailUrl":"","datePublished":"2019-08-16T13:12:37+00:00","author":{"@id":"https:\/\/quehacerpolitico.mx\/#\/schema\/person\/496d8ad2d1d3f8036101dca7ee39e585"},"breadcrumb":{"@id":"https:\/\/quehacerpolitico.mx\/?p=35299#breadcrumb"},"inLanguage":"es","potentialAction":[{"@type":"ReadAction","target":["https:\/\/quehacerpolitico.mx\/?p=35299"]}]},{"@type":"ImageObject","inLanguage":"es","@id":"https:\/\/quehacerpolitico.mx\/?p=35299#primaryimage","url":"","contentUrl":""},{"@type":"BreadcrumbList","@id":"https:\/\/quehacerpolitico.mx\/?p=35299#breadcrumb","itemListElement":[{"@type":"ListItem","position":1,"name":"Inicio","item":"https:\/\/quehacerpolitico.mx\/"},{"@type":"ListItem","position":2,"name":"Decisi\u00f3n de Banxico permitir\u00e1 estabilidad econ\u00f3mica y crecimiento, destaca L\u00f3pez Obrador"}]},{"@type":"WebSite","@id":"https:\/\/quehacerpolitico.mx\/#website","url":"https:\/\/quehacerpolitico.mx\/","name":"","description":"","potentialAction":[{"@type":"SearchAction","target":{"@type":"EntryPoint","urlTemplate":"https:\/\/quehacerpolitico.mx\/?s={search_term_string}"},"query-input":{"@type":"PropertyValueSpecification","valueRequired":true,"valueName":"search_term_string"}}],"inLanguage":"es"},{"@type":"Person","@id":"https:\/\/quehacerpolitico.mx\/#\/schema\/person\/496d8ad2d1d3f8036101dca7ee39e585","name":"Redacci\u00f3n QP","image":{"@type":"ImageObject","inLanguage":"es","@id":"https:\/\/secure.gravatar.com\/avatar\/c7164ed6fdec453195284ad24a5ae5b6e1eed2b848477fa2a4787ba9adf39a41?s=96&d=mm&r=g","url":"https:\/\/secure.gravatar.com\/avatar\/c7164ed6fdec453195284ad24a5ae5b6e1eed2b848477fa2a4787ba9adf39a41?s=96&d=mm&r=g","contentUrl":"https:\/\/secure.gravatar.com\/avatar\/c7164ed6fdec453195284ad24a5ae5b6e1eed2b848477fa2a4787ba9adf39a41?s=96&d=mm&r=g","caption":"Redacci\u00f3n QP"},"url":"https:\/\/quehacerpolitico.mx\/?author=2"}]}},"featured_image_urls":{"full":"","thumbnail":"","medium":"","medium_large":"","large":"","1536x1536":"","2048x2048":"","covernews-featured":"","covernews-medium":""},"author_info":{"display_name":"Redacci\u00f3n QP","author_link":"https:\/\/quehacerpolitico.mx\/?author=2"},"category_info":"<a href=\"https:\/\/quehacerpolitico.mx\/?cat=56\" rel=\"category\">Econom\u00eda<\/a>","tag_info":"Econom\u00eda","comment_count":"0","_links":{"self":[{"href":"https:\/\/quehacerpolitico.mx\/index.php?rest_route=\/wp\/v2\/posts\/35299","targetHints":{"allow":["GET"]}}],"collection":[{"href":"https:\/\/quehacerpolitico.mx\/index.php?rest_route=\/wp\/v2\/posts"}],"about":[{"href":"https:\/\/quehacerpolitico.mx\/index.php?rest_route=\/wp\/v2\/types\/post"}],"author":[{"embeddable":true,"href":"https:\/\/quehacerpolitico.mx\/index.php?rest_route=\/wp\/v2\/users\/2"}],"replies":[{"embeddable":true,"href":"https:\/\/quehacerpolitico.mx\/index.php?rest_route=%2Fwp%2Fv2%2Fcomments&post=35299"}],"version-history":[{"count":0,"href":"https:\/\/quehacerpolitico.mx\/index.php?rest_route=\/wp\/v2\/posts\/35299\/revisions"}],"wp:featuredmedia":[{"embeddable":true,"href":"https:\/\/quehacerpolitico.mx\/index.php?rest_route=\/"}],"wp:attachment":[{"href":"https:\/\/quehacerpolitico.mx\/index.php?rest_route=%2Fwp%2Fv2%2Fmedia&parent=35299"}],"wp:term":[{"taxonomy":"category","embeddable":true,"href":"https:\/\/quehacerpolitico.mx\/index.php?rest_route=%2Fwp%2Fv2%2Fcategories&post=35299"},{"taxonomy":"post_tag","embeddable":true,"href":"https:\/\/quehacerpolitico.mx\/index.php?rest_route=%2Fwp%2Fv2%2Ftags&post=35299"}],"curies":[{"name":"wp","href":"https:\/\/api.w.org\/{rel}","templated":true}]}}