{"id":35293,"date":"2019-08-16T03:23:46","date_gmt":"2019-08-16T03:23:46","guid":{"rendered":"http:\/\/quehacerpolitico.mx\/revelan-intro-y-fecha-de-estreno-de-la-casa-de-las-flores-2\/"},"modified":"2019-08-16T03:23:46","modified_gmt":"2019-08-16T03:23:46","slug":"revelan-intro-y-fecha-de-estreno-de-la-casa-de-las-flores-2","status":"publish","type":"post","link":"https:\/\/quehacerpolitico.mx\/?p=35293","title":{"rendered":"Revelan &#8220;intro&#8221; y fecha de estreno de &#8220;La Casa de las Flores 2&#8221;"},"content":{"rendered":"<h1 class=\"news-title\">Revelan &#8220;intro&#8221; y fecha de estreno de &#8220;La Casa de las Flores 2&#8221;<\/h1>\n<p>Por Redacci\u00f3n QP<\/p>\n<p>Luego de las cr\u00edticas por la muerte de \u201cVirginia de la Mora\u201d, la plataforma revela el primer avance de la segunda temporada de la serie<\/p>\n<p><iframe loading=\"lazy\" title=\"La Casa de las Flores | Anuncio Fecha de Estreno Temporada 2\" width=\"640\" height=\"360\" src=\"https:\/\/www.youtube.com\/embed\/Mj057zjePVw?feature=oembed\" frameborder=\"0\" allow=\"accelerometer; autoplay; clipboard-write; encrypted-media; gyroscope; picture-in-picture; web-share\" referrerpolicy=\"strict-origin-when-cross-origin\" allowfullscreen><\/iframe><\/p>\n<p>Netflix revel\u00f3 en redes sociales el primer teaser y la fecha de estreno de la segunda temporada de \u201cLa Casa de las Flores\u201d\u00a0una de sus series de habla hispana m\u00e1s populares y que se encuentra en medio de\u00a0cr\u00edticas luego de que Manolo\u00a0<strong>Caro confirmara<\/strong>\u00a0la muerte de \u201cVirginia de la Mora\u201d, personaje interpretado por Veronica Castro<\/p>\n<p>\u00a0<\/p>\n<blockquote>\n<p>\u201c\u00b4Paulina\u00b4 siente la responsabilidad de rescatar a los suyos y recuperar \u00b4La Casa de las Flores\u00b4\u201d<\/p>\n<\/blockquote>\n<p>En el breve video, la plataforma de streaming <strong>presenta al reparto que conformar\u00e1 la segunda temporada, quienes interpretan a la familia \u201cde la Mora\u201d.\u00a0<\/strong><\/p>\n<p>Netflix dijo en un comunicado que el audiovisual compartido se trata de \u201cel nuevo retrato familiar\u201d con \u201cPaulina\u201d, \u201cElena\u201d, \u201cJuli\u00e1n\u201d, Ernesto\u201d y \u201cMar\u00eda Jos\u00e9\u201d, sin embargo, <strong>podr\u00eda ser tambi\u00e9n el intro con el que inicien los cap\u00edtulos de la segunda temporada.\u00a0<\/strong><\/p>\n<p>\u201cLos \u00b4de la Mora\u00b4estrenan nuevo intro, digo, nuevo retrato familiar\u201d, expres\u00f3.\u00a0<\/p>\n<div>\n<figure class=\"image\"><img decoding=\"async\" title=\"\" src=\"https:\/\/www.informador.mx\/export\/sites\/elinformador\/img\/2019\/08\/15\/unnamed_1.jpg_1151807935.jpg\" alt=\"\" hspace=\"5\" vspace=\"5\" data-height=\"393\" data-size=\"w:1920,h:1080\" data-width=\"700\" \/><figcaption>Netflix dijo que el audiovisual compartido se trataba de un \u201cnuevo retrato familiar\u201d, sin embargo, podr\u00eda ser tambi\u00e9n el nuevo intro de la serie. ESPECIAL \/ Netflix<\/figcaption><\/figure>\n<\/div>\n<p>De acuerdo con la plataforma, la familia \u00b4de la Mora\u201d se est\u00e1 cayendo a pedazos, \u201cPaulina\u201d, quien ahora vive en Madrid con \u201cMar\u00eda Jos\u00e9\u201d y su hijo \u201cBruno\u201d, se ve obligada a volver a M\u00e9xico cuando se entera que el testamento de Virginia de la Mora\u201d ha sido impugnado.\u00a0<\/p>\n<p>\u201c\u00b4Paulina\u00b4 siente la responsabilidad de rescatar a los suyos y recuperar \u00b4La Casa de las Flores\u00b4\u201d, dijo Netflix.<\/p>\n<p>Agreg\u00f3 que tras su regreso al pa\u00eds, encontrar\u00e1 su casa peor que nunca pues su padre <strong>\u201cErnesto\u201d se ha unido a una secta de \u00e9xito pseudoespiritual, su hermana \u201cElena\u201d est\u00e1 viviendo una crisis de identidad a consecuencia de sus \u00faltimas relaciones amorosas; \u201cJulian\u201d, por su parte, ha encontrado un nuevo y peculiar trabajo que lo meter\u00e1 en problemas.\u00a0<\/strong><\/p>\n<p>\u201cSin dejar a un lado la b\u00fasqueda de su ansiada venganza contra \u00b4Diego\u00b4, quien se fug\u00f3 con el dinero de la familia\u201d, detall\u00f3.\u00a0<\/p>\n<p>En la segunda entrega, \u201cPaulina\u201d ser\u00e1 incapaz de ver que lo que realmente est\u00e1 poniendo en peligro es el hogar que ha decidido volver a crear al lado de \u201cMar\u00eda Jos\u00e9\u201d.\u00a0<\/p>\n<p>\u201cLa Casa de las Flores\u201d regresa a la plataforma con nuevos cap\u00edtulos que <strong>estar\u00e1n disponibles en todo el mundo a partir del 18 de octubre de 2019.\u00a0<\/strong><\/p>\n","protected":false},"excerpt":{"rendered":"<p>Revelan &#8220;intro&#8221; y fecha de estreno de &#8220;La Casa de las Flores 2&#8221;<br \/>\nPor Redacci\u00f3n QP<\/p>\n","protected":false},"author":2,"featured_media":35292,"comment_status":"open","ping_status":"open","sticky":false,"template":"","format":"standard","meta":{"_monsterinsights_skip_tracking":false,"_monsterinsights_sitenote_active":false,"_monsterinsights_sitenote_note":"","_monsterinsights_sitenote_category":0,"footnotes":""},"categories":[58],"tags":[],"class_list":["post-35293","post","type-post","status-publish","format-standard","has-post-thumbnail","hentry","category-cultura"],"yoast_head":"<!-- This site is optimized with the Yoast SEO plugin v27.3 - https:\/\/yoast.com\/product\/yoast-seo-wordpress\/ -->\n<title>Revelan &quot;intro&quot; y fecha de estreno de &quot;La Casa de las Flores 2&quot; -<\/title>\n<meta name=\"robots\" content=\"index, follow, max-snippet:-1, max-image-preview:large, max-video-preview:-1\" \/>\n<link rel=\"canonical\" href=\"https:\/\/quehacerpolitico.mx\/?p=35293\" \/>\n<meta property=\"og:locale\" content=\"es_MX\" \/>\n<meta property=\"og:type\" content=\"article\" \/>\n<meta property=\"og:title\" content=\"Revelan &quot;intro&quot; y fecha de estreno de &quot;La Casa de las Flores 2&quot; -\" \/>\n<meta property=\"og:description\" content=\"Revelan &quot;intro&quot; y fecha de estreno de &quot;La Casa de las Flores 2&quot; Por Redacci\u00f3n QP\" \/>\n<meta property=\"og:url\" content=\"https:\/\/quehacerpolitico.mx\/?p=35293\" \/>\n<meta property=\"article:published_time\" content=\"2019-08-16T03:23:46+00:00\" \/>\n<meta name=\"author\" content=\"Redacci\u00f3n QP\" \/>\n<meta name=\"twitter:card\" content=\"summary_large_image\" \/>\n<meta name=\"twitter:label1\" content=\"Escrito por\" \/>\n\t<meta name=\"twitter:data1\" content=\"Redacci\u00f3n QP\" \/>\n\t<meta name=\"twitter:label2\" content=\"Tiempo de lectura\" \/>\n\t<meta name=\"twitter:data2\" content=\"2 minutos\" \/>\n<script type=\"application\/ld+json\" class=\"yoast-schema-graph\">{\"@context\":\"https:\\\/\\\/schema.org\",\"@graph\":[{\"@type\":\"Article\",\"@id\":\"https:\\\/\\\/quehacerpolitico.mx\\\/?p=35293#article\",\"isPartOf\":{\"@id\":\"https:\\\/\\\/quehacerpolitico.mx\\\/?p=35293\"},\"author\":{\"name\":\"Redacci\u00f3n QP\",\"@id\":\"https:\\\/\\\/quehacerpolitico.mx\\\/#\\\/schema\\\/person\\\/496d8ad2d1d3f8036101dca7ee39e585\"},\"headline\":\"Revelan &#8220;intro&#8221; y fecha de estreno de &#8220;La Casa de las Flores 2&#8221;\",\"datePublished\":\"2019-08-16T03:23:46+00:00\",\"mainEntityOfPage\":{\"@id\":\"https:\\\/\\\/quehacerpolitico.mx\\\/?p=35293\"},\"wordCount\":456,\"commentCount\":0,\"image\":{\"@id\":\"https:\\\/\\\/quehacerpolitico.mx\\\/?p=35293#primaryimage\"},\"thumbnailUrl\":\"\",\"articleSection\":[\"Cultura y Entretenimiento\"],\"inLanguage\":\"es\",\"potentialAction\":[{\"@type\":\"CommentAction\",\"name\":\"Comment\",\"target\":[\"https:\\\/\\\/quehacerpolitico.mx\\\/?p=35293#respond\"]}]},{\"@type\":\"WebPage\",\"@id\":\"https:\\\/\\\/quehacerpolitico.mx\\\/?p=35293\",\"url\":\"https:\\\/\\\/quehacerpolitico.mx\\\/?p=35293\",\"name\":\"Revelan \\\"intro\\\" y fecha de estreno de \\\"La Casa de las Flores 2\\\" -\",\"isPartOf\":{\"@id\":\"https:\\\/\\\/quehacerpolitico.mx\\\/#website\"},\"primaryImageOfPage\":{\"@id\":\"https:\\\/\\\/quehacerpolitico.mx\\\/?p=35293#primaryimage\"},\"image\":{\"@id\":\"https:\\\/\\\/quehacerpolitico.mx\\\/?p=35293#primaryimage\"},\"thumbnailUrl\":\"\",\"datePublished\":\"2019-08-16T03:23:46+00:00\",\"author\":{\"@id\":\"https:\\\/\\\/quehacerpolitico.mx\\\/#\\\/schema\\\/person\\\/496d8ad2d1d3f8036101dca7ee39e585\"},\"breadcrumb\":{\"@id\":\"https:\\\/\\\/quehacerpolitico.mx\\\/?p=35293#breadcrumb\"},\"inLanguage\":\"es\",\"potentialAction\":[{\"@type\":\"ReadAction\",\"target\":[\"https:\\\/\\\/quehacerpolitico.mx\\\/?p=35293\"]}]},{\"@type\":\"ImageObject\",\"inLanguage\":\"es\",\"@id\":\"https:\\\/\\\/quehacerpolitico.mx\\\/?p=35293#primaryimage\",\"url\":\"\",\"contentUrl\":\"\"},{\"@type\":\"BreadcrumbList\",\"@id\":\"https:\\\/\\\/quehacerpolitico.mx\\\/?p=35293#breadcrumb\",\"itemListElement\":[{\"@type\":\"ListItem\",\"position\":1,\"name\":\"Inicio\",\"item\":\"https:\\\/\\\/quehacerpolitico.mx\\\/\"},{\"@type\":\"ListItem\",\"position\":2,\"name\":\"Revelan &#8220;intro&#8221; y fecha de estreno de &#8220;La Casa de las Flores 2&#8221;\"}]},{\"@type\":\"WebSite\",\"@id\":\"https:\\\/\\\/quehacerpolitico.mx\\\/#website\",\"url\":\"https:\\\/\\\/quehacerpolitico.mx\\\/\",\"name\":\"\",\"description\":\"\",\"potentialAction\":[{\"@type\":\"SearchAction\",\"target\":{\"@type\":\"EntryPoint\",\"urlTemplate\":\"https:\\\/\\\/quehacerpolitico.mx\\\/?s={search_term_string}\"},\"query-input\":{\"@type\":\"PropertyValueSpecification\",\"valueRequired\":true,\"valueName\":\"search_term_string\"}}],\"inLanguage\":\"es\"},{\"@type\":\"Person\",\"@id\":\"https:\\\/\\\/quehacerpolitico.mx\\\/#\\\/schema\\\/person\\\/496d8ad2d1d3f8036101dca7ee39e585\",\"name\":\"Redacci\u00f3n QP\",\"image\":{\"@type\":\"ImageObject\",\"inLanguage\":\"es\",\"@id\":\"https:\\\/\\\/secure.gravatar.com\\\/avatar\\\/c7164ed6fdec453195284ad24a5ae5b6e1eed2b848477fa2a4787ba9adf39a41?s=96&d=mm&r=g\",\"url\":\"https:\\\/\\\/secure.gravatar.com\\\/avatar\\\/c7164ed6fdec453195284ad24a5ae5b6e1eed2b848477fa2a4787ba9adf39a41?s=96&d=mm&r=g\",\"contentUrl\":\"https:\\\/\\\/secure.gravatar.com\\\/avatar\\\/c7164ed6fdec453195284ad24a5ae5b6e1eed2b848477fa2a4787ba9adf39a41?s=96&d=mm&r=g\",\"caption\":\"Redacci\u00f3n QP\"},\"url\":\"https:\\\/\\\/quehacerpolitico.mx\\\/?author=2\"}]}<\/script>\n<!-- \/ Yoast SEO plugin. -->","yoast_head_json":{"title":"Revelan \"intro\" y fecha de estreno de \"La Casa de las Flores 2\" -","robots":{"index":"index","follow":"follow","max-snippet":"max-snippet:-1","max-image-preview":"max-image-preview:large","max-video-preview":"max-video-preview:-1"},"canonical":"https:\/\/quehacerpolitico.mx\/?p=35293","og_locale":"es_MX","og_type":"article","og_title":"Revelan \"intro\" y fecha de estreno de \"La Casa de las Flores 2\" -","og_description":"Revelan \"intro\" y fecha de estreno de \"La Casa de las Flores 2\" Por Redacci\u00f3n QP","og_url":"https:\/\/quehacerpolitico.mx\/?p=35293","article_published_time":"2019-08-16T03:23:46+00:00","author":"Redacci\u00f3n QP","twitter_card":"summary_large_image","twitter_misc":{"Escrito por":"Redacci\u00f3n QP","Tiempo de lectura":"2 minutos"},"schema":{"@context":"https:\/\/schema.org","@graph":[{"@type":"Article","@id":"https:\/\/quehacerpolitico.mx\/?p=35293#article","isPartOf":{"@id":"https:\/\/quehacerpolitico.mx\/?p=35293"},"author":{"name":"Redacci\u00f3n QP","@id":"https:\/\/quehacerpolitico.mx\/#\/schema\/person\/496d8ad2d1d3f8036101dca7ee39e585"},"headline":"Revelan &#8220;intro&#8221; y fecha de estreno de &#8220;La Casa de las Flores 2&#8221;","datePublished":"2019-08-16T03:23:46+00:00","mainEntityOfPage":{"@id":"https:\/\/quehacerpolitico.mx\/?p=35293"},"wordCount":456,"commentCount":0,"image":{"@id":"https:\/\/quehacerpolitico.mx\/?p=35293#primaryimage"},"thumbnailUrl":"","articleSection":["Cultura y Entretenimiento"],"inLanguage":"es","potentialAction":[{"@type":"CommentAction","name":"Comment","target":["https:\/\/quehacerpolitico.mx\/?p=35293#respond"]}]},{"@type":"WebPage","@id":"https:\/\/quehacerpolitico.mx\/?p=35293","url":"https:\/\/quehacerpolitico.mx\/?p=35293","name":"Revelan \"intro\" y fecha de estreno de \"La Casa de las Flores 2\" -","isPartOf":{"@id":"https:\/\/quehacerpolitico.mx\/#website"},"primaryImageOfPage":{"@id":"https:\/\/quehacerpolitico.mx\/?p=35293#primaryimage"},"image":{"@id":"https:\/\/quehacerpolitico.mx\/?p=35293#primaryimage"},"thumbnailUrl":"","datePublished":"2019-08-16T03:23:46+00:00","author":{"@id":"https:\/\/quehacerpolitico.mx\/#\/schema\/person\/496d8ad2d1d3f8036101dca7ee39e585"},"breadcrumb":{"@id":"https:\/\/quehacerpolitico.mx\/?p=35293#breadcrumb"},"inLanguage":"es","potentialAction":[{"@type":"ReadAction","target":["https:\/\/quehacerpolitico.mx\/?p=35293"]}]},{"@type":"ImageObject","inLanguage":"es","@id":"https:\/\/quehacerpolitico.mx\/?p=35293#primaryimage","url":"","contentUrl":""},{"@type":"BreadcrumbList","@id":"https:\/\/quehacerpolitico.mx\/?p=35293#breadcrumb","itemListElement":[{"@type":"ListItem","position":1,"name":"Inicio","item":"https:\/\/quehacerpolitico.mx\/"},{"@type":"ListItem","position":2,"name":"Revelan &#8220;intro&#8221; y fecha de estreno de &#8220;La Casa de las Flores 2&#8221;"}]},{"@type":"WebSite","@id":"https:\/\/quehacerpolitico.mx\/#website","url":"https:\/\/quehacerpolitico.mx\/","name":"","description":"","potentialAction":[{"@type":"SearchAction","target":{"@type":"EntryPoint","urlTemplate":"https:\/\/quehacerpolitico.mx\/?s={search_term_string}"},"query-input":{"@type":"PropertyValueSpecification","valueRequired":true,"valueName":"search_term_string"}}],"inLanguage":"es"},{"@type":"Person","@id":"https:\/\/quehacerpolitico.mx\/#\/schema\/person\/496d8ad2d1d3f8036101dca7ee39e585","name":"Redacci\u00f3n QP","image":{"@type":"ImageObject","inLanguage":"es","@id":"https:\/\/secure.gravatar.com\/avatar\/c7164ed6fdec453195284ad24a5ae5b6e1eed2b848477fa2a4787ba9adf39a41?s=96&d=mm&r=g","url":"https:\/\/secure.gravatar.com\/avatar\/c7164ed6fdec453195284ad24a5ae5b6e1eed2b848477fa2a4787ba9adf39a41?s=96&d=mm&r=g","contentUrl":"https:\/\/secure.gravatar.com\/avatar\/c7164ed6fdec453195284ad24a5ae5b6e1eed2b848477fa2a4787ba9adf39a41?s=96&d=mm&r=g","caption":"Redacci\u00f3n QP"},"url":"https:\/\/quehacerpolitico.mx\/?author=2"}]}},"featured_image_urls":{"full":"","thumbnail":"","medium":"","medium_large":"","large":"","1536x1536":"","2048x2048":"","covernews-featured":"","covernews-medium":""},"author_info":{"display_name":"Redacci\u00f3n QP","author_link":"https:\/\/quehacerpolitico.mx\/?author=2"},"category_info":"<a href=\"https:\/\/quehacerpolitico.mx\/?cat=58\" rel=\"category\">Cultura y Entretenimiento<\/a>","tag_info":"Cultura y Entretenimiento","comment_count":"0","_links":{"self":[{"href":"https:\/\/quehacerpolitico.mx\/index.php?rest_route=\/wp\/v2\/posts\/35293","targetHints":{"allow":["GET"]}}],"collection":[{"href":"https:\/\/quehacerpolitico.mx\/index.php?rest_route=\/wp\/v2\/posts"}],"about":[{"href":"https:\/\/quehacerpolitico.mx\/index.php?rest_route=\/wp\/v2\/types\/post"}],"author":[{"embeddable":true,"href":"https:\/\/quehacerpolitico.mx\/index.php?rest_route=\/wp\/v2\/users\/2"}],"replies":[{"embeddable":true,"href":"https:\/\/quehacerpolitico.mx\/index.php?rest_route=%2Fwp%2Fv2%2Fcomments&post=35293"}],"version-history":[{"count":0,"href":"https:\/\/quehacerpolitico.mx\/index.php?rest_route=\/wp\/v2\/posts\/35293\/revisions"}],"wp:featuredmedia":[{"embeddable":true,"href":"https:\/\/quehacerpolitico.mx\/index.php?rest_route=\/"}],"wp:attachment":[{"href":"https:\/\/quehacerpolitico.mx\/index.php?rest_route=%2Fwp%2Fv2%2Fmedia&parent=35293"}],"wp:term":[{"taxonomy":"category","embeddable":true,"href":"https:\/\/quehacerpolitico.mx\/index.php?rest_route=%2Fwp%2Fv2%2Fcategories&post=35293"},{"taxonomy":"post_tag","embeddable":true,"href":"https:\/\/quehacerpolitico.mx\/index.php?rest_route=%2Fwp%2Fv2%2Ftags&post=35293"}],"curies":[{"name":"wp","href":"https:\/\/api.w.org\/{rel}","templated":true}]}}