{"id":35290,"date":"2019-08-16T03:09:46","date_gmt":"2019-08-16T03:09:46","guid":{"rendered":"http:\/\/quehacerpolitico.mx\/se-desplomo-el-anexo-de-bodega-del-museo-de-la-estampa-colindante-con-el-templo-santa-veracruz-en-cdmx\/"},"modified":"2019-08-16T03:09:46","modified_gmt":"2019-08-16T03:09:46","slug":"se-desplomo-el-anexo-de-bodega-del-museo-de-la-estampa-colindante-con-el-templo-santa-veracruz-en-cdmx","status":"publish","type":"post","link":"https:\/\/quehacerpolitico.mx\/?p=35290","title":{"rendered":"Se desplom\u00f3 el anexo de bodega del Museo de la Estampa, colindante con el templo Santa Veracruz en CDMX."},"content":{"rendered":"<p>Se desplom\u00f3 el anexo de bodega del Museo de la Estampa, colindante con el templo Santa Veracruz en CDMX.<\/p>\n<p>Por Redacci\u00f3n QP<\/p>\n<p>El titular de la Secretar\u00eda de Cultura capitalina, Alfonso Su\u00e1rez del Real, indic\u00f3 que el &#8220;Inah, Inbal, Secultura Federal y local junto a Protecci\u00f3n Civil en el lugar valorando da\u00f1o y tomando medidas precautoria&#8221;<\/p>\n<p>La tarde de este jueves, se registr\u00f3 el desplome del anexo bodega del <strong>Museo de la Estamp<\/strong>a, que se encuentra a un costado del <strong>templo de la Santa Veracruz<\/strong> en el centro de la <strong>Ciudad de M\u00e9xico<\/strong>.<\/p>\n<p>El titular de la Secretar\u00eda de Cultura de la Ciudad de M\u00e9xico, <strong>Alfonso Su\u00e1rez del Real<\/strong>, dio a conocer que el \u201c<strong>Inah, Inbal<\/strong>, Secultura Federal y local junto a<strong> Protecci\u00f3n Civil<\/strong> en el lugar valorando da\u00f1o y tomando medidas precautoria\u201d.<\/p>\n<blockquote class=\"twitter-tweet\" data-width=\"550\" data-dnt=\"true\">\n<p lang=\"es\" dir=\"ltr\"><a href=\"https:\/\/twitter.com\/hashtag\/CapitalCultural?src=hash&amp;ref_src=twsrc%5Etfw\">#CapitalCultural<\/a>, desde Plaza de la Santa Veracruz autoridades federales y del <a href=\"https:\/\/twitter.com\/GobCDMX?ref_src=twsrc%5Etfw\">@GobCDMX<\/a> tomando conjuntamente medidas y acciones para atender la situaci\u00f3n y garantizar seguridad a vecinos, visitantes y peatones <a href=\"https:\/\/t.co\/u0zOW2vigT\">pic.twitter.com\/u0zOW2vigT<\/a><\/p>\n<p>&mdash; Jos\u00e9 Alfonso Su\u00e1rez del Real y Aguilera (@JASRA1) <a href=\"https:\/\/twitter.com\/JASRA1\/status\/1162101557330157568?ref_src=twsrc%5Etfw\">August 15, 2019<\/a><\/p><\/blockquote>\n<p><script async src=\"https:\/\/platform.twitter.com\/widgets.js\" charset=\"utf-8\"><\/script><\/p>\n<p>Inform\u00f3 que tanto autoridades del <strong>Gobierno Federal<\/strong> y de la capital atienden la situaci\u00f3n, a fin de garantizar seguridad a vecinos, visitantes y peatones del lugar.<\/p>\n<blockquote class=\"twitter-tweet\" data-width=\"550\" data-dnt=\"true\">\n<p lang=\"es\" dir=\"ltr\">\ud83d\uddbc Un muro de desplom\u00f3 en el Museo de la Estampa.<a href=\"https:\/\/twitter.com\/valecuatecatl?ref_src=twsrc%5Etfw\">@valecuatecatl<\/a> con el reporte.<\/p>\n<p>M\u00e1s detalles en <a href=\"https:\/\/t.co\/VR85RgnsOE\">https:\/\/t.co\/VR85RgnsOE<\/a> <a href=\"https:\/\/t.co\/qWVeXmRW9h\">pic.twitter.com\/qWVeXmRW9h<\/a><\/p>\n<p>&mdash; @telediario (@telediario) <a href=\"https:\/\/twitter.com\/telediario\/status\/1162174069946507264?ref_src=twsrc%5Etfw\">August 16, 2019<\/a><\/p><\/blockquote>\n<p><script async src=\"https:\/\/platform.twitter.com\/widgets.js\" charset=\"utf-8\"><\/script><\/p>\n","protected":false},"excerpt":{"rendered":"<p>Se desplom\u00f3 el anexo de bodega del Museo de la Estampa, colindante con el templo Santa Veracruz en CDMX.<br \/>\nPor Redacci\u00f3n QP<\/p>\n","protected":false},"author":2,"featured_media":35289,"comment_status":"open","ping_status":"open","sticky":false,"template":"","format":"standard","meta":{"_monsterinsights_skip_tracking":false,"_monsterinsights_sitenote_active":false,"_monsterinsights_sitenote_note":"","_monsterinsights_sitenote_category":0,"footnotes":""},"categories":[55],"tags":[],"class_list":["post-35290","post","type-post","status-publish","format-standard","has-post-thumbnail","hentry","category-cdmx"],"yoast_head":"<!-- This site is optimized with the Yoast SEO plugin v27.3 - https:\/\/yoast.com\/product\/yoast-seo-wordpress\/ -->\n<title>Se desplom\u00f3 el anexo de bodega del Museo de la Estampa, colindante con el templo Santa Veracruz en CDMX. -<\/title>\n<meta name=\"robots\" content=\"index, follow, max-snippet:-1, max-image-preview:large, max-video-preview:-1\" \/>\n<link rel=\"canonical\" href=\"https:\/\/quehacerpolitico.mx\/?p=35290\" \/>\n<meta property=\"og:locale\" content=\"es_MX\" \/>\n<meta property=\"og:type\" content=\"article\" \/>\n<meta property=\"og:title\" content=\"Se desplom\u00f3 el anexo de bodega del Museo de la Estampa, colindante con el templo Santa Veracruz en CDMX. -\" \/>\n<meta property=\"og:description\" content=\"Se desplom\u00f3 el anexo de bodega del Museo de la Estampa, colindante con el templo Santa Veracruz en CDMX. Por Redacci\u00f3n QP\" \/>\n<meta property=\"og:url\" content=\"https:\/\/quehacerpolitico.mx\/?p=35290\" \/>\n<meta property=\"article:published_time\" content=\"2019-08-16T03:09:46+00:00\" \/>\n<meta name=\"author\" content=\"Redacci\u00f3n QP\" \/>\n<meta name=\"twitter:card\" content=\"summary_large_image\" \/>\n<meta name=\"twitter:label1\" content=\"Escrito por\" \/>\n\t<meta name=\"twitter:data1\" content=\"Redacci\u00f3n QP\" \/>\n\t<meta name=\"twitter:label2\" content=\"Tiempo de lectura\" \/>\n\t<meta name=\"twitter:data2\" content=\"1 minuto\" \/>\n<script type=\"application\/ld+json\" class=\"yoast-schema-graph\">{\"@context\":\"https:\\\/\\\/schema.org\",\"@graph\":[{\"@type\":\"Article\",\"@id\":\"https:\\\/\\\/quehacerpolitico.mx\\\/?p=35290#article\",\"isPartOf\":{\"@id\":\"https:\\\/\\\/quehacerpolitico.mx\\\/?p=35290\"},\"author\":{\"name\":\"Redacci\u00f3n QP\",\"@id\":\"https:\\\/\\\/quehacerpolitico.mx\\\/#\\\/schema\\\/person\\\/496d8ad2d1d3f8036101dca7ee39e585\"},\"headline\":\"Se desplom\u00f3 el anexo de bodega del Museo de la Estampa, colindante con el templo Santa Veracruz en CDMX.\",\"datePublished\":\"2019-08-16T03:09:46+00:00\",\"mainEntityOfPage\":{\"@id\":\"https:\\\/\\\/quehacerpolitico.mx\\\/?p=35290\"},\"wordCount\":202,\"commentCount\":0,\"image\":{\"@id\":\"https:\\\/\\\/quehacerpolitico.mx\\\/?p=35290#primaryimage\"},\"thumbnailUrl\":\"\",\"articleSection\":[\"CDMX\"],\"inLanguage\":\"es\",\"potentialAction\":[{\"@type\":\"CommentAction\",\"name\":\"Comment\",\"target\":[\"https:\\\/\\\/quehacerpolitico.mx\\\/?p=35290#respond\"]}]},{\"@type\":\"WebPage\",\"@id\":\"https:\\\/\\\/quehacerpolitico.mx\\\/?p=35290\",\"url\":\"https:\\\/\\\/quehacerpolitico.mx\\\/?p=35290\",\"name\":\"Se desplom\u00f3 el anexo de bodega del Museo de la Estampa, colindante con el templo Santa Veracruz en CDMX. -\",\"isPartOf\":{\"@id\":\"https:\\\/\\\/quehacerpolitico.mx\\\/#website\"},\"primaryImageOfPage\":{\"@id\":\"https:\\\/\\\/quehacerpolitico.mx\\\/?p=35290#primaryimage\"},\"image\":{\"@id\":\"https:\\\/\\\/quehacerpolitico.mx\\\/?p=35290#primaryimage\"},\"thumbnailUrl\":\"\",\"datePublished\":\"2019-08-16T03:09:46+00:00\",\"author\":{\"@id\":\"https:\\\/\\\/quehacerpolitico.mx\\\/#\\\/schema\\\/person\\\/496d8ad2d1d3f8036101dca7ee39e585\"},\"breadcrumb\":{\"@id\":\"https:\\\/\\\/quehacerpolitico.mx\\\/?p=35290#breadcrumb\"},\"inLanguage\":\"es\",\"potentialAction\":[{\"@type\":\"ReadAction\",\"target\":[\"https:\\\/\\\/quehacerpolitico.mx\\\/?p=35290\"]}]},{\"@type\":\"ImageObject\",\"inLanguage\":\"es\",\"@id\":\"https:\\\/\\\/quehacerpolitico.mx\\\/?p=35290#primaryimage\",\"url\":\"\",\"contentUrl\":\"\"},{\"@type\":\"BreadcrumbList\",\"@id\":\"https:\\\/\\\/quehacerpolitico.mx\\\/?p=35290#breadcrumb\",\"itemListElement\":[{\"@type\":\"ListItem\",\"position\":1,\"name\":\"Inicio\",\"item\":\"https:\\\/\\\/quehacerpolitico.mx\\\/\"},{\"@type\":\"ListItem\",\"position\":2,\"name\":\"Se desplom\u00f3 el anexo de bodega del Museo de la Estampa, colindante con el templo Santa Veracruz en CDMX.\"}]},{\"@type\":\"WebSite\",\"@id\":\"https:\\\/\\\/quehacerpolitico.mx\\\/#website\",\"url\":\"https:\\\/\\\/quehacerpolitico.mx\\\/\",\"name\":\"\",\"description\":\"\",\"potentialAction\":[{\"@type\":\"SearchAction\",\"target\":{\"@type\":\"EntryPoint\",\"urlTemplate\":\"https:\\\/\\\/quehacerpolitico.mx\\\/?s={search_term_string}\"},\"query-input\":{\"@type\":\"PropertyValueSpecification\",\"valueRequired\":true,\"valueName\":\"search_term_string\"}}],\"inLanguage\":\"es\"},{\"@type\":\"Person\",\"@id\":\"https:\\\/\\\/quehacerpolitico.mx\\\/#\\\/schema\\\/person\\\/496d8ad2d1d3f8036101dca7ee39e585\",\"name\":\"Redacci\u00f3n QP\",\"image\":{\"@type\":\"ImageObject\",\"inLanguage\":\"es\",\"@id\":\"https:\\\/\\\/secure.gravatar.com\\\/avatar\\\/c7164ed6fdec453195284ad24a5ae5b6e1eed2b848477fa2a4787ba9adf39a41?s=96&d=mm&r=g\",\"url\":\"https:\\\/\\\/secure.gravatar.com\\\/avatar\\\/c7164ed6fdec453195284ad24a5ae5b6e1eed2b848477fa2a4787ba9adf39a41?s=96&d=mm&r=g\",\"contentUrl\":\"https:\\\/\\\/secure.gravatar.com\\\/avatar\\\/c7164ed6fdec453195284ad24a5ae5b6e1eed2b848477fa2a4787ba9adf39a41?s=96&d=mm&r=g\",\"caption\":\"Redacci\u00f3n QP\"},\"url\":\"https:\\\/\\\/quehacerpolitico.mx\\\/?author=2\"}]}<\/script>\n<!-- \/ Yoast SEO plugin. -->","yoast_head_json":{"title":"Se desplom\u00f3 el anexo de bodega del Museo de la Estampa, colindante con el templo Santa Veracruz en CDMX. -","robots":{"index":"index","follow":"follow","max-snippet":"max-snippet:-1","max-image-preview":"max-image-preview:large","max-video-preview":"max-video-preview:-1"},"canonical":"https:\/\/quehacerpolitico.mx\/?p=35290","og_locale":"es_MX","og_type":"article","og_title":"Se desplom\u00f3 el anexo de bodega del Museo de la Estampa, colindante con el templo Santa Veracruz en CDMX. -","og_description":"Se desplom\u00f3 el anexo de bodega del Museo de la Estampa, colindante con el templo Santa Veracruz en CDMX. Por Redacci\u00f3n QP","og_url":"https:\/\/quehacerpolitico.mx\/?p=35290","article_published_time":"2019-08-16T03:09:46+00:00","author":"Redacci\u00f3n QP","twitter_card":"summary_large_image","twitter_misc":{"Escrito por":"Redacci\u00f3n QP","Tiempo de lectura":"1 minuto"},"schema":{"@context":"https:\/\/schema.org","@graph":[{"@type":"Article","@id":"https:\/\/quehacerpolitico.mx\/?p=35290#article","isPartOf":{"@id":"https:\/\/quehacerpolitico.mx\/?p=35290"},"author":{"name":"Redacci\u00f3n QP","@id":"https:\/\/quehacerpolitico.mx\/#\/schema\/person\/496d8ad2d1d3f8036101dca7ee39e585"},"headline":"Se desplom\u00f3 el anexo de bodega del Museo de la Estampa, colindante con el templo Santa Veracruz en CDMX.","datePublished":"2019-08-16T03:09:46+00:00","mainEntityOfPage":{"@id":"https:\/\/quehacerpolitico.mx\/?p=35290"},"wordCount":202,"commentCount":0,"image":{"@id":"https:\/\/quehacerpolitico.mx\/?p=35290#primaryimage"},"thumbnailUrl":"","articleSection":["CDMX"],"inLanguage":"es","potentialAction":[{"@type":"CommentAction","name":"Comment","target":["https:\/\/quehacerpolitico.mx\/?p=35290#respond"]}]},{"@type":"WebPage","@id":"https:\/\/quehacerpolitico.mx\/?p=35290","url":"https:\/\/quehacerpolitico.mx\/?p=35290","name":"Se desplom\u00f3 el anexo de bodega del Museo de la Estampa, colindante con el templo Santa Veracruz en CDMX. -","isPartOf":{"@id":"https:\/\/quehacerpolitico.mx\/#website"},"primaryImageOfPage":{"@id":"https:\/\/quehacerpolitico.mx\/?p=35290#primaryimage"},"image":{"@id":"https:\/\/quehacerpolitico.mx\/?p=35290#primaryimage"},"thumbnailUrl":"","datePublished":"2019-08-16T03:09:46+00:00","author":{"@id":"https:\/\/quehacerpolitico.mx\/#\/schema\/person\/496d8ad2d1d3f8036101dca7ee39e585"},"breadcrumb":{"@id":"https:\/\/quehacerpolitico.mx\/?p=35290#breadcrumb"},"inLanguage":"es","potentialAction":[{"@type":"ReadAction","target":["https:\/\/quehacerpolitico.mx\/?p=35290"]}]},{"@type":"ImageObject","inLanguage":"es","@id":"https:\/\/quehacerpolitico.mx\/?p=35290#primaryimage","url":"","contentUrl":""},{"@type":"BreadcrumbList","@id":"https:\/\/quehacerpolitico.mx\/?p=35290#breadcrumb","itemListElement":[{"@type":"ListItem","position":1,"name":"Inicio","item":"https:\/\/quehacerpolitico.mx\/"},{"@type":"ListItem","position":2,"name":"Se desplom\u00f3 el anexo de bodega del Museo de la Estampa, colindante con el templo Santa Veracruz en CDMX."}]},{"@type":"WebSite","@id":"https:\/\/quehacerpolitico.mx\/#website","url":"https:\/\/quehacerpolitico.mx\/","name":"","description":"","potentialAction":[{"@type":"SearchAction","target":{"@type":"EntryPoint","urlTemplate":"https:\/\/quehacerpolitico.mx\/?s={search_term_string}"},"query-input":{"@type":"PropertyValueSpecification","valueRequired":true,"valueName":"search_term_string"}}],"inLanguage":"es"},{"@type":"Person","@id":"https:\/\/quehacerpolitico.mx\/#\/schema\/person\/496d8ad2d1d3f8036101dca7ee39e585","name":"Redacci\u00f3n QP","image":{"@type":"ImageObject","inLanguage":"es","@id":"https:\/\/secure.gravatar.com\/avatar\/c7164ed6fdec453195284ad24a5ae5b6e1eed2b848477fa2a4787ba9adf39a41?s=96&d=mm&r=g","url":"https:\/\/secure.gravatar.com\/avatar\/c7164ed6fdec453195284ad24a5ae5b6e1eed2b848477fa2a4787ba9adf39a41?s=96&d=mm&r=g","contentUrl":"https:\/\/secure.gravatar.com\/avatar\/c7164ed6fdec453195284ad24a5ae5b6e1eed2b848477fa2a4787ba9adf39a41?s=96&d=mm&r=g","caption":"Redacci\u00f3n QP"},"url":"https:\/\/quehacerpolitico.mx\/?author=2"}]}},"featured_image_urls":{"full":"","thumbnail":"","medium":"","medium_large":"","large":"","1536x1536":"","2048x2048":"","covernews-featured":"","covernews-medium":""},"author_info":{"display_name":"Redacci\u00f3n QP","author_link":"https:\/\/quehacerpolitico.mx\/?author=2"},"category_info":"<a href=\"https:\/\/quehacerpolitico.mx\/?cat=55\" rel=\"category\">CDMX<\/a>","tag_info":"CDMX","comment_count":"0","_links":{"self":[{"href":"https:\/\/quehacerpolitico.mx\/index.php?rest_route=\/wp\/v2\/posts\/35290","targetHints":{"allow":["GET"]}}],"collection":[{"href":"https:\/\/quehacerpolitico.mx\/index.php?rest_route=\/wp\/v2\/posts"}],"about":[{"href":"https:\/\/quehacerpolitico.mx\/index.php?rest_route=\/wp\/v2\/types\/post"}],"author":[{"embeddable":true,"href":"https:\/\/quehacerpolitico.mx\/index.php?rest_route=\/wp\/v2\/users\/2"}],"replies":[{"embeddable":true,"href":"https:\/\/quehacerpolitico.mx\/index.php?rest_route=%2Fwp%2Fv2%2Fcomments&post=35290"}],"version-history":[{"count":0,"href":"https:\/\/quehacerpolitico.mx\/index.php?rest_route=\/wp\/v2\/posts\/35290\/revisions"}],"wp:featuredmedia":[{"embeddable":true,"href":"https:\/\/quehacerpolitico.mx\/index.php?rest_route=\/"}],"wp:attachment":[{"href":"https:\/\/quehacerpolitico.mx\/index.php?rest_route=%2Fwp%2Fv2%2Fmedia&parent=35290"}],"wp:term":[{"taxonomy":"category","embeddable":true,"href":"https:\/\/quehacerpolitico.mx\/index.php?rest_route=%2Fwp%2Fv2%2Fcategories&post=35290"},{"taxonomy":"post_tag","embeddable":true,"href":"https:\/\/quehacerpolitico.mx\/index.php?rest_route=%2Fwp%2Fv2%2Ftags&post=35290"}],"curies":[{"name":"wp","href":"https:\/\/api.w.org\/{rel}","templated":true}]}}