{"id":35215,"date":"2019-08-15T21:14:08","date_gmt":"2019-08-15T21:14:08","guid":{"rendered":"http:\/\/quehacerpolitico.mx\/evidencias-y-declaraciones-no-coinciden-sobre-policias-violadores-en-azcapotzalco-pgj-cdmx\/"},"modified":"2019-08-15T21:14:08","modified_gmt":"2019-08-15T21:14:08","slug":"evidencias-y-declaraciones-no-coinciden-sobre-policias-violadores-en-azcapotzalco-pgj-cdmx","status":"publish","type":"post","link":"https:\/\/quehacerpolitico.mx\/?p=35215","title":{"rendered":"Evidencias y declaraciones no coinciden sobre polic\u00edas violadores en Azcapotzalco: PGJ-CDMX"},"content":{"rendered":"<p>Evidencias y declaraciones no coinciden sobre polic\u00edas violadores en Azcapotzalco: PGJ-CDMX<\/p>\n<p>Por Redacci\u00f3n QP<\/p>\n<p>El vocero de la dependencia, Ulises Lara L\u00f3pez, destac\u00f3 que en particular, la obtenci\u00f3n del ADN del cuerpo y de las prendas de la v\u00edctima fueron realizados de manera inmediata, y que todos los indicios recabados y dict\u00e1menes se realizaron bajo los protocolos correspondientes<\/p>\n<p>La <strong>Procuradur\u00eda General de Justicia<\/strong> de la Ciudad de M\u00e9xico determin\u00f3 que luego de las investigaciones de campo por la denuncia de la joven presuntamente violada por elementos de la polic\u00eda capitalina en <strong>Azcapotzalco<\/strong>, las evidencias, momentos, circunstancias, lugar y hechos no coinciden con lo declarado por la v\u00edctima.<\/p>\n<p>En conferencia de prensa, el vocero de la dependencia, <strong>Ulises Lara L\u00f3pez<\/strong>, destac\u00f3 sin embargo que continuar\u00e1n las investigaciones, \u201chasta las \u00faltimas consecuencias en este hecho para llegar a los culpables\u201d.<\/p>\n<p>Se\u00f1al\u00f3 que desde la denuncia de la joven por los hechos del pasado 3 de agosto, la dependencia actu\u00f3 de forma inmediata, eficiente y conforme a Derecho, y practic\u00f3 todas las diligencias que llevaron a tener datos de pruebas en busca del esclarecimiento del caso.<\/p>\n<p>Ello, sostuvo, velando en todo momento por los derechos de las v\u00edctimas directas e indirectas, priorizando los derechos de la menor de edad, \u201ctoda vez que para esta instituci\u00f3n los delitos cometidos en agravios de mujeres, ni\u00f1os y ni\u00f1as son considerados como prioritarios\u201d.<\/p>\n<p>Afirm\u00f3 que se realizaron todas las investigaciones de campo como entrevistas, recabaci\u00f3n de videos, grabaciones de radio, veh\u00edculos oficiales y llamadas telef\u00f3nicas, en particular todos los estudios periciales m\u00e9dicos y psicol\u00f3gicos.<\/p>\n<blockquote class=\"twitter-tweet\" data-width=\"550\" data-dnt=\"true\">\n<p lang=\"es\" dir=\"ltr\"><a href=\"https:\/\/twitter.com\/hashtag\/Ahora?src=hash&amp;ref_src=twsrc%5Etfw\">#Ahora<\/a> Conferencia de prensa con el vocero de la instituci\u00f3n, Ulises Lara L\u00f3pez <a href=\"https:\/\/t.co\/E58naOcUhY\">https:\/\/t.co\/E58naOcUhY<\/a><\/p>\n<p>&mdash; Fiscal\u00eda CDMX (@FiscaliaCDMX) <a href=\"https:\/\/twitter.com\/FiscaliaCDMX\/status\/1162046149630386176?ref_src=twsrc%5Etfw\">August 15, 2019<\/a><\/p><\/blockquote>\n<p><script async src=\"https:\/\/platform.twitter.com\/widgets.js\" charset=\"utf-8\"><\/script><\/p>\n<p>El funcionario capitalino destac\u00f3 que en particular, la obtenci\u00f3n del ADN del cuerpo y de las prendas de la v\u00edctima fueron realizados de manera inmediata, y que todos los indicios recabados y dict\u00e1menes se realizaron bajo los protocolos correspondientes, protegidos bajo la cadena de custodia que obra en la carpeta de investigaci\u00f3n.<\/p>\n<p>Asever\u00f3 que puso a disposici\u00f3n de la Comisi\u00f3n de Derechos Humanos de la capital, con la cual colabora en el caso, para que observe la correcta aplicaci\u00f3n de los procedimientos de esta dependencia.<\/p>\n<p>En suma, con la informaci\u00f3n que se tiene, dio a conocer, se determin\u00f3 que el momento, circunstancias, lugar y hechos no coinciden con lo declarado por la v\u00edctima; sin embargo, seguiremos investigando hasta las \u00faltimas consecuencias en este hecho para llegar a los culpables.<\/p>\n<p>Lara L\u00f3pez reiter\u00f3 la invitaci\u00f3n a la familia de la joven y a ella misma, si lo desea, para aportar m\u00e1s elementos que sirvan para fortalecer la investigaci\u00f3n de estos hechos, y enfatiz\u00f3 que la Procuradur\u00eda seguir\u00e1 actuando con legalidad, eficiencia, certeza jur\u00eddica, objetividad y con apego a derechos humanos, de mujeres, ni\u00f1as y ni\u00f1os.<\/p>\n","protected":false},"excerpt":{"rendered":"<p>Evidencias y declaraciones no coinciden sobre polic\u00edas violadores en Azcapotzalco: PGJ-CDMX<br \/>\nPor Redacci\u00f3n QP<\/p>\n","protected":false},"author":2,"featured_media":35214,"comment_status":"open","ping_status":"open","sticky":false,"template":"","format":"standard","meta":{"_monsterinsights_skip_tracking":false,"_monsterinsights_sitenote_active":false,"_monsterinsights_sitenote_note":"","_monsterinsights_sitenote_category":0,"footnotes":""},"categories":[55],"tags":[],"class_list":["post-35215","post","type-post","status-publish","format-standard","has-post-thumbnail","hentry","category-cdmx"],"yoast_head":"<!-- This site is optimized with the Yoast SEO plugin v27.3 - https:\/\/yoast.com\/product\/yoast-seo-wordpress\/ -->\n<title>Evidencias y declaraciones no coinciden sobre polic\u00edas violadores en Azcapotzalco: PGJ-CDMX -<\/title>\n<meta name=\"robots\" content=\"index, follow, max-snippet:-1, max-image-preview:large, max-video-preview:-1\" \/>\n<link rel=\"canonical\" href=\"https:\/\/quehacerpolitico.mx\/?p=35215\" \/>\n<meta property=\"og:locale\" content=\"es_MX\" \/>\n<meta property=\"og:type\" content=\"article\" \/>\n<meta property=\"og:title\" content=\"Evidencias y declaraciones no coinciden sobre polic\u00edas violadores en Azcapotzalco: PGJ-CDMX -\" \/>\n<meta property=\"og:description\" content=\"Evidencias y declaraciones no coinciden sobre polic\u00edas violadores en Azcapotzalco: PGJ-CDMX Por Redacci\u00f3n QP\" \/>\n<meta property=\"og:url\" content=\"https:\/\/quehacerpolitico.mx\/?p=35215\" \/>\n<meta property=\"article:published_time\" content=\"2019-08-15T21:14:08+00:00\" \/>\n<meta name=\"author\" content=\"Redacci\u00f3n QP\" \/>\n<meta name=\"twitter:card\" content=\"summary_large_image\" \/>\n<meta name=\"twitter:label1\" content=\"Escrito por\" \/>\n\t<meta name=\"twitter:data1\" content=\"Redacci\u00f3n QP\" \/>\n\t<meta name=\"twitter:label2\" content=\"Tiempo de lectura\" \/>\n\t<meta name=\"twitter:data2\" content=\"2 minutos\" \/>\n<script type=\"application\/ld+json\" class=\"yoast-schema-graph\">{\"@context\":\"https:\\\/\\\/schema.org\",\"@graph\":[{\"@type\":\"Article\",\"@id\":\"https:\\\/\\\/quehacerpolitico.mx\\\/?p=35215#article\",\"isPartOf\":{\"@id\":\"https:\\\/\\\/quehacerpolitico.mx\\\/?p=35215\"},\"author\":{\"name\":\"Redacci\u00f3n QP\",\"@id\":\"https:\\\/\\\/quehacerpolitico.mx\\\/#\\\/schema\\\/person\\\/496d8ad2d1d3f8036101dca7ee39e585\"},\"headline\":\"Evidencias y declaraciones no coinciden sobre polic\u00edas violadores en Azcapotzalco: PGJ-CDMX\",\"datePublished\":\"2019-08-15T21:14:08+00:00\",\"mainEntityOfPage\":{\"@id\":\"https:\\\/\\\/quehacerpolitico.mx\\\/?p=35215\"},\"wordCount\":498,\"commentCount\":0,\"image\":{\"@id\":\"https:\\\/\\\/quehacerpolitico.mx\\\/?p=35215#primaryimage\"},\"thumbnailUrl\":\"\",\"articleSection\":[\"CDMX\"],\"inLanguage\":\"es\",\"potentialAction\":[{\"@type\":\"CommentAction\",\"name\":\"Comment\",\"target\":[\"https:\\\/\\\/quehacerpolitico.mx\\\/?p=35215#respond\"]}]},{\"@type\":\"WebPage\",\"@id\":\"https:\\\/\\\/quehacerpolitico.mx\\\/?p=35215\",\"url\":\"https:\\\/\\\/quehacerpolitico.mx\\\/?p=35215\",\"name\":\"Evidencias y declaraciones no coinciden sobre polic\u00edas violadores en Azcapotzalco: PGJ-CDMX -\",\"isPartOf\":{\"@id\":\"https:\\\/\\\/quehacerpolitico.mx\\\/#website\"},\"primaryImageOfPage\":{\"@id\":\"https:\\\/\\\/quehacerpolitico.mx\\\/?p=35215#primaryimage\"},\"image\":{\"@id\":\"https:\\\/\\\/quehacerpolitico.mx\\\/?p=35215#primaryimage\"},\"thumbnailUrl\":\"\",\"datePublished\":\"2019-08-15T21:14:08+00:00\",\"author\":{\"@id\":\"https:\\\/\\\/quehacerpolitico.mx\\\/#\\\/schema\\\/person\\\/496d8ad2d1d3f8036101dca7ee39e585\"},\"breadcrumb\":{\"@id\":\"https:\\\/\\\/quehacerpolitico.mx\\\/?p=35215#breadcrumb\"},\"inLanguage\":\"es\",\"potentialAction\":[{\"@type\":\"ReadAction\",\"target\":[\"https:\\\/\\\/quehacerpolitico.mx\\\/?p=35215\"]}]},{\"@type\":\"ImageObject\",\"inLanguage\":\"es\",\"@id\":\"https:\\\/\\\/quehacerpolitico.mx\\\/?p=35215#primaryimage\",\"url\":\"\",\"contentUrl\":\"\"},{\"@type\":\"BreadcrumbList\",\"@id\":\"https:\\\/\\\/quehacerpolitico.mx\\\/?p=35215#breadcrumb\",\"itemListElement\":[{\"@type\":\"ListItem\",\"position\":1,\"name\":\"Inicio\",\"item\":\"https:\\\/\\\/quehacerpolitico.mx\\\/\"},{\"@type\":\"ListItem\",\"position\":2,\"name\":\"Evidencias y declaraciones no coinciden sobre polic\u00edas violadores en Azcapotzalco: PGJ-CDMX\"}]},{\"@type\":\"WebSite\",\"@id\":\"https:\\\/\\\/quehacerpolitico.mx\\\/#website\",\"url\":\"https:\\\/\\\/quehacerpolitico.mx\\\/\",\"name\":\"\",\"description\":\"\",\"potentialAction\":[{\"@type\":\"SearchAction\",\"target\":{\"@type\":\"EntryPoint\",\"urlTemplate\":\"https:\\\/\\\/quehacerpolitico.mx\\\/?s={search_term_string}\"},\"query-input\":{\"@type\":\"PropertyValueSpecification\",\"valueRequired\":true,\"valueName\":\"search_term_string\"}}],\"inLanguage\":\"es\"},{\"@type\":\"Person\",\"@id\":\"https:\\\/\\\/quehacerpolitico.mx\\\/#\\\/schema\\\/person\\\/496d8ad2d1d3f8036101dca7ee39e585\",\"name\":\"Redacci\u00f3n QP\",\"image\":{\"@type\":\"ImageObject\",\"inLanguage\":\"es\",\"@id\":\"https:\\\/\\\/secure.gravatar.com\\\/avatar\\\/c7164ed6fdec453195284ad24a5ae5b6e1eed2b848477fa2a4787ba9adf39a41?s=96&d=mm&r=g\",\"url\":\"https:\\\/\\\/secure.gravatar.com\\\/avatar\\\/c7164ed6fdec453195284ad24a5ae5b6e1eed2b848477fa2a4787ba9adf39a41?s=96&d=mm&r=g\",\"contentUrl\":\"https:\\\/\\\/secure.gravatar.com\\\/avatar\\\/c7164ed6fdec453195284ad24a5ae5b6e1eed2b848477fa2a4787ba9adf39a41?s=96&d=mm&r=g\",\"caption\":\"Redacci\u00f3n QP\"},\"url\":\"https:\\\/\\\/quehacerpolitico.mx\\\/?author=2\"}]}<\/script>\n<!-- \/ Yoast SEO plugin. -->","yoast_head_json":{"title":"Evidencias y declaraciones no coinciden sobre polic\u00edas violadores en Azcapotzalco: PGJ-CDMX -","robots":{"index":"index","follow":"follow","max-snippet":"max-snippet:-1","max-image-preview":"max-image-preview:large","max-video-preview":"max-video-preview:-1"},"canonical":"https:\/\/quehacerpolitico.mx\/?p=35215","og_locale":"es_MX","og_type":"article","og_title":"Evidencias y declaraciones no coinciden sobre polic\u00edas violadores en Azcapotzalco: PGJ-CDMX -","og_description":"Evidencias y declaraciones no coinciden sobre polic\u00edas violadores en Azcapotzalco: PGJ-CDMX Por Redacci\u00f3n QP","og_url":"https:\/\/quehacerpolitico.mx\/?p=35215","article_published_time":"2019-08-15T21:14:08+00:00","author":"Redacci\u00f3n QP","twitter_card":"summary_large_image","twitter_misc":{"Escrito por":"Redacci\u00f3n QP","Tiempo de lectura":"2 minutos"},"schema":{"@context":"https:\/\/schema.org","@graph":[{"@type":"Article","@id":"https:\/\/quehacerpolitico.mx\/?p=35215#article","isPartOf":{"@id":"https:\/\/quehacerpolitico.mx\/?p=35215"},"author":{"name":"Redacci\u00f3n QP","@id":"https:\/\/quehacerpolitico.mx\/#\/schema\/person\/496d8ad2d1d3f8036101dca7ee39e585"},"headline":"Evidencias y declaraciones no coinciden sobre polic\u00edas violadores en Azcapotzalco: PGJ-CDMX","datePublished":"2019-08-15T21:14:08+00:00","mainEntityOfPage":{"@id":"https:\/\/quehacerpolitico.mx\/?p=35215"},"wordCount":498,"commentCount":0,"image":{"@id":"https:\/\/quehacerpolitico.mx\/?p=35215#primaryimage"},"thumbnailUrl":"","articleSection":["CDMX"],"inLanguage":"es","potentialAction":[{"@type":"CommentAction","name":"Comment","target":["https:\/\/quehacerpolitico.mx\/?p=35215#respond"]}]},{"@type":"WebPage","@id":"https:\/\/quehacerpolitico.mx\/?p=35215","url":"https:\/\/quehacerpolitico.mx\/?p=35215","name":"Evidencias y declaraciones no coinciden sobre polic\u00edas violadores en Azcapotzalco: PGJ-CDMX -","isPartOf":{"@id":"https:\/\/quehacerpolitico.mx\/#website"},"primaryImageOfPage":{"@id":"https:\/\/quehacerpolitico.mx\/?p=35215#primaryimage"},"image":{"@id":"https:\/\/quehacerpolitico.mx\/?p=35215#primaryimage"},"thumbnailUrl":"","datePublished":"2019-08-15T21:14:08+00:00","author":{"@id":"https:\/\/quehacerpolitico.mx\/#\/schema\/person\/496d8ad2d1d3f8036101dca7ee39e585"},"breadcrumb":{"@id":"https:\/\/quehacerpolitico.mx\/?p=35215#breadcrumb"},"inLanguage":"es","potentialAction":[{"@type":"ReadAction","target":["https:\/\/quehacerpolitico.mx\/?p=35215"]}]},{"@type":"ImageObject","inLanguage":"es","@id":"https:\/\/quehacerpolitico.mx\/?p=35215#primaryimage","url":"","contentUrl":""},{"@type":"BreadcrumbList","@id":"https:\/\/quehacerpolitico.mx\/?p=35215#breadcrumb","itemListElement":[{"@type":"ListItem","position":1,"name":"Inicio","item":"https:\/\/quehacerpolitico.mx\/"},{"@type":"ListItem","position":2,"name":"Evidencias y declaraciones no coinciden sobre polic\u00edas violadores en Azcapotzalco: PGJ-CDMX"}]},{"@type":"WebSite","@id":"https:\/\/quehacerpolitico.mx\/#website","url":"https:\/\/quehacerpolitico.mx\/","name":"","description":"","potentialAction":[{"@type":"SearchAction","target":{"@type":"EntryPoint","urlTemplate":"https:\/\/quehacerpolitico.mx\/?s={search_term_string}"},"query-input":{"@type":"PropertyValueSpecification","valueRequired":true,"valueName":"search_term_string"}}],"inLanguage":"es"},{"@type":"Person","@id":"https:\/\/quehacerpolitico.mx\/#\/schema\/person\/496d8ad2d1d3f8036101dca7ee39e585","name":"Redacci\u00f3n QP","image":{"@type":"ImageObject","inLanguage":"es","@id":"https:\/\/secure.gravatar.com\/avatar\/c7164ed6fdec453195284ad24a5ae5b6e1eed2b848477fa2a4787ba9adf39a41?s=96&d=mm&r=g","url":"https:\/\/secure.gravatar.com\/avatar\/c7164ed6fdec453195284ad24a5ae5b6e1eed2b848477fa2a4787ba9adf39a41?s=96&d=mm&r=g","contentUrl":"https:\/\/secure.gravatar.com\/avatar\/c7164ed6fdec453195284ad24a5ae5b6e1eed2b848477fa2a4787ba9adf39a41?s=96&d=mm&r=g","caption":"Redacci\u00f3n QP"},"url":"https:\/\/quehacerpolitico.mx\/?author=2"}]}},"featured_image_urls":{"full":"","thumbnail":"","medium":"","medium_large":"","large":"","1536x1536":"","2048x2048":"","covernews-featured":"","covernews-medium":""},"author_info":{"display_name":"Redacci\u00f3n QP","author_link":"https:\/\/quehacerpolitico.mx\/?author=2"},"category_info":"<a href=\"https:\/\/quehacerpolitico.mx\/?cat=55\" rel=\"category\">CDMX<\/a>","tag_info":"CDMX","comment_count":"0","_links":{"self":[{"href":"https:\/\/quehacerpolitico.mx\/index.php?rest_route=\/wp\/v2\/posts\/35215","targetHints":{"allow":["GET"]}}],"collection":[{"href":"https:\/\/quehacerpolitico.mx\/index.php?rest_route=\/wp\/v2\/posts"}],"about":[{"href":"https:\/\/quehacerpolitico.mx\/index.php?rest_route=\/wp\/v2\/types\/post"}],"author":[{"embeddable":true,"href":"https:\/\/quehacerpolitico.mx\/index.php?rest_route=\/wp\/v2\/users\/2"}],"replies":[{"embeddable":true,"href":"https:\/\/quehacerpolitico.mx\/index.php?rest_route=%2Fwp%2Fv2%2Fcomments&post=35215"}],"version-history":[{"count":0,"href":"https:\/\/quehacerpolitico.mx\/index.php?rest_route=\/wp\/v2\/posts\/35215\/revisions"}],"wp:featuredmedia":[{"embeddable":true,"href":"https:\/\/quehacerpolitico.mx\/index.php?rest_route=\/"}],"wp:attachment":[{"href":"https:\/\/quehacerpolitico.mx\/index.php?rest_route=%2Fwp%2Fv2%2Fmedia&parent=35215"}],"wp:term":[{"taxonomy":"category","embeddable":true,"href":"https:\/\/quehacerpolitico.mx\/index.php?rest_route=%2Fwp%2Fv2%2Fcategories&post=35215"},{"taxonomy":"post_tag","embeddable":true,"href":"https:\/\/quehacerpolitico.mx\/index.php?rest_route=%2Fwp%2Fv2%2Ftags&post=35215"}],"curies":[{"name":"wp","href":"https:\/\/api.w.org\/{rel}","templated":true}]}}