{"id":35212,"date":"2019-08-15T19:20:47","date_gmt":"2019-08-15T19:20:47","guid":{"rendered":"http:\/\/quehacerpolitico.mx\/la-pgj-debe-aclarar-hechos-sobre-presunta-violacion-de-policias-orta\/"},"modified":"2019-08-15T19:20:47","modified_gmt":"2019-08-15T19:20:47","slug":"la-pgj-debe-aclarar-hechos-sobre-presunta-violacion-de-policias-orta","status":"publish","type":"post","link":"https:\/\/quehacerpolitico.mx\/?p=35212","title":{"rendered":"La PGJ debe aclarar hechos sobre presunta violaci\u00f3n de polic\u00edas: Orta"},"content":{"rendered":"<h1 class=\"news-title\">La PGJ debe aclarar hechos sobre presunta violaci\u00f3n de polic\u00edas: Orta<\/h1>\n<p>Por Redacci\u00f3n QP<\/p>\n<header class=\"news-header\">\n<div class=\"news-subtitle\">\n<p>El secretario de Seguridad Ciudadana asegura que no emitir\u00e1 opiniones en tanto el caso sea investigado con total imparcialidad<\/p>\n<\/div>\n<\/header>\n<div class=\"news-content\">\n<div class=\"news-body row\">\n<p>El secretario de Seguridad Ciudadana (SSC), Jes\u00fas Orta Mart\u00ednez, dijo que corresponder\u00e1 a las investigaciones de la procuradur\u00eda capitalina aclarar los hechos del pasado 3 de agosto en donde presuntamente elementos de la polic\u00eda capitalina violaron a una menor de edad en la alcald\u00eda Azcapotzalco.<\/p>\n<p>Lo anterior, luego de que se dieron a conocer videos del d\u00eda los hechos, <strong>en donde se ve a la menor bajar de un veh\u00edculo y caminar sobre una calle en la colonia San Sebasti\u00e1n.<\/strong><\/p>\n<p>En la grabaci\u00f3n tambi\u00e9n se ve el arribo de los polic\u00edas y de personal de servicios m\u00e9dicos quienes atienden a la joven para su valoraci\u00f3n m\u00e9dica.<\/p>\n<p>Ante esto, <strong>Orta Mart\u00ednez reiter\u00f3 su posici\u00f3n en que las investigaciones sean imparciales<\/strong>, por lo que &#8220;la postura de la instituci\u00f3n, de la secretar\u00eda, es que independiente de la difusi\u00f3n de esos videos, tenemos informaci\u00f3n de que la Procuradur\u00eda no ha cerrado la investigaci\u00f3n y por lo tanto no vamos a calificar todav\u00eda nada&#8221;.<\/p>\n<p>Dijo que hasta que no terminen las investigaciones y se aclaren los hechos que derivaron en la suspensi\u00f3n de seis elementos, emitir\u00e1 su opini\u00f3n con respecto a los sucesos.<\/p>\n<p>&#8220;Lo vamos a hacer cuando la Procuradur\u00eda cierre su investigaci\u00f3n y en ese sentido, nosotros seguimos en el mismo estatus, los elementos siguen suspendidos para facilitar y aportar a la investigaci\u00f3n y la dependencia seguir\u00e1 aportando la informaci\u00f3n que se le requiera y presentando los elementos que nos pidan en calidad de testigos&#8221;, a\u00f1adi\u00f3.<\/p>\n<p>El jefe de la polic\u00eda capitalina coment\u00f3 que se siguen integrando elementos, <strong>por lo que consider\u00f3 no dar opini\u00f3n alguna, pero que no se va a encubrir a nadie.<\/strong><\/p>\n<blockquote class=\"twitter-tweet\" data-width=\"550\" data-dnt=\"true\">\n<p lang=\"es\" dir=\"ltr\">Despu\u00e9s de la tempestad&#8230;<\/p>\n<p>Jes\u00fas Orta, titular de la <a href=\"https:\/\/twitter.com\/ssp_cdmx?ref_src=twsrc%5Etfw\">@SSP_CDMX<\/a> anunci\u00f3 que se est\u00e1n tomando medidas para acabar con la corrupci\u00f3n y malas pr\u00e1cticas de la polic\u00eda.<\/p>\n<p>Sobre la marcha de ma\u00f1ana afirma que se respetar\u00e1 y acompa\u00f1ar\u00e1 si se solicita. <a href=\"https:\/\/t.co\/ueLDY1087k\">pic.twitter.com\/ueLDY1087k<\/a><\/p>\n<p>&mdash; Ruido en la Red (@RuidoEnLaRed) <a href=\"https:\/\/twitter.com\/RuidoEnLaRed\/status\/1162058998864064514?ref_src=twsrc%5Etfw\">August 15, 2019<\/a><\/p><\/blockquote>\n<p><script async src=\"https:\/\/platform.twitter.com\/widgets.js\" charset=\"utf-8\"><\/script><\/p>\n<p>&#8220;Nosotros aportamos toda la informaci\u00f3n que nos pidieron en relaci\u00f3n a patrullas que estuvieron en los horarios de referencia de la denuncia, qu\u00e9 elementos estuvieron por ah\u00ed, porque no solamente las patrullas tienen GPS, tambi\u00e9n los radios lo tienen, entonces t\u00fa puedes identificar la ruta de un polic\u00eda por su radio, de manera que t\u00fa puedes investigar qui\u00e9n estuvo de turno, no solamente de los que hayan estado identificados en la zona&#8221;, dijo.<\/p>\n<p>Y continu\u00f3: &#8220;Insisto, a nosotros, lo que nos interesa es aclarar lo m\u00e1s posible, con los mayores elementos posibles, el tema de los hechos. Postura personal tengo, pero no quiero ser irresponsable justamente por c\u00f3mo funciona el sistema de justicia, que tambi\u00e9n, por supuesto, yo como Jefe de la Polic\u00eda, soy el primero que tengo que seguirlo al pie de la letra y soy el primer interesado tambi\u00e9n en que lleguemos a la conclusi\u00f3n de la investigaci\u00f3n&#8221;.<\/p>\n<p>Orta Mart\u00ednez refiri\u00f3 que si los elementos resultan inocentes no habr\u00eda lugar para temas de violencia en contra de ellos, pero, dijo, &#8220;no voy a especular, primero hay que llegar a la conclusi\u00f3n y a partir de ah\u00ed determinar qu\u00e9 medidas conviene tomar como resultado de la misma&#8221;.<\/p>\n<\/div>\n<\/div>\n","protected":false},"excerpt":{"rendered":"<p>La PGJ debe aclarar hechos sobre presunta violaci\u00f3n de polic\u00edas: Orta<br \/>\nPor Redacci\u00f3n QP<\/p>\n","protected":false},"author":2,"featured_media":35211,"comment_status":"open","ping_status":"open","sticky":false,"template":"","format":"standard","meta":{"_monsterinsights_skip_tracking":false,"_monsterinsights_sitenote_active":false,"_monsterinsights_sitenote_note":"","_monsterinsights_sitenote_category":0,"footnotes":""},"categories":[55],"tags":[],"class_list":["post-35212","post","type-post","status-publish","format-standard","has-post-thumbnail","hentry","category-cdmx"],"yoast_head":"<!-- This site is optimized with the Yoast SEO plugin v27.3 - https:\/\/yoast.com\/product\/yoast-seo-wordpress\/ -->\n<title>La PGJ debe aclarar hechos sobre presunta violaci\u00f3n de polic\u00edas: Orta -<\/title>\n<meta name=\"robots\" content=\"index, follow, max-snippet:-1, max-image-preview:large, max-video-preview:-1\" \/>\n<link rel=\"canonical\" href=\"https:\/\/quehacerpolitico.mx\/?p=35212\" \/>\n<meta property=\"og:locale\" content=\"es_MX\" \/>\n<meta property=\"og:type\" content=\"article\" \/>\n<meta property=\"og:title\" content=\"La PGJ debe aclarar hechos sobre presunta violaci\u00f3n de polic\u00edas: Orta -\" \/>\n<meta property=\"og:description\" content=\"La PGJ debe aclarar hechos sobre presunta violaci\u00f3n de polic\u00edas: Orta Por Redacci\u00f3n QP\" \/>\n<meta property=\"og:url\" content=\"https:\/\/quehacerpolitico.mx\/?p=35212\" \/>\n<meta property=\"article:published_time\" content=\"2019-08-15T19:20:47+00:00\" \/>\n<meta name=\"author\" content=\"Redacci\u00f3n QP\" \/>\n<meta name=\"twitter:card\" content=\"summary_large_image\" \/>\n<meta name=\"twitter:label1\" content=\"Escrito por\" \/>\n\t<meta name=\"twitter:data1\" content=\"Redacci\u00f3n QP\" \/>\n\t<meta name=\"twitter:label2\" content=\"Tiempo de lectura\" \/>\n\t<meta name=\"twitter:data2\" content=\"3 minutos\" \/>\n<script type=\"application\/ld+json\" class=\"yoast-schema-graph\">{\"@context\":\"https:\\\/\\\/schema.org\",\"@graph\":[{\"@type\":\"Article\",\"@id\":\"https:\\\/\\\/quehacerpolitico.mx\\\/?p=35212#article\",\"isPartOf\":{\"@id\":\"https:\\\/\\\/quehacerpolitico.mx\\\/?p=35212\"},\"author\":{\"name\":\"Redacci\u00f3n QP\",\"@id\":\"https:\\\/\\\/quehacerpolitico.mx\\\/#\\\/schema\\\/person\\\/496d8ad2d1d3f8036101dca7ee39e585\"},\"headline\":\"La PGJ debe aclarar hechos sobre presunta violaci\u00f3n de polic\u00edas: Orta\",\"datePublished\":\"2019-08-15T19:20:47+00:00\",\"mainEntityOfPage\":{\"@id\":\"https:\\\/\\\/quehacerpolitico.mx\\\/?p=35212\"},\"wordCount\":571,\"commentCount\":0,\"image\":{\"@id\":\"https:\\\/\\\/quehacerpolitico.mx\\\/?p=35212#primaryimage\"},\"thumbnailUrl\":\"\",\"articleSection\":[\"CDMX\"],\"inLanguage\":\"es\",\"potentialAction\":[{\"@type\":\"CommentAction\",\"name\":\"Comment\",\"target\":[\"https:\\\/\\\/quehacerpolitico.mx\\\/?p=35212#respond\"]}]},{\"@type\":\"WebPage\",\"@id\":\"https:\\\/\\\/quehacerpolitico.mx\\\/?p=35212\",\"url\":\"https:\\\/\\\/quehacerpolitico.mx\\\/?p=35212\",\"name\":\"La PGJ debe aclarar hechos sobre presunta violaci\u00f3n de polic\u00edas: Orta -\",\"isPartOf\":{\"@id\":\"https:\\\/\\\/quehacerpolitico.mx\\\/#website\"},\"primaryImageOfPage\":{\"@id\":\"https:\\\/\\\/quehacerpolitico.mx\\\/?p=35212#primaryimage\"},\"image\":{\"@id\":\"https:\\\/\\\/quehacerpolitico.mx\\\/?p=35212#primaryimage\"},\"thumbnailUrl\":\"\",\"datePublished\":\"2019-08-15T19:20:47+00:00\",\"author\":{\"@id\":\"https:\\\/\\\/quehacerpolitico.mx\\\/#\\\/schema\\\/person\\\/496d8ad2d1d3f8036101dca7ee39e585\"},\"breadcrumb\":{\"@id\":\"https:\\\/\\\/quehacerpolitico.mx\\\/?p=35212#breadcrumb\"},\"inLanguage\":\"es\",\"potentialAction\":[{\"@type\":\"ReadAction\",\"target\":[\"https:\\\/\\\/quehacerpolitico.mx\\\/?p=35212\"]}]},{\"@type\":\"ImageObject\",\"inLanguage\":\"es\",\"@id\":\"https:\\\/\\\/quehacerpolitico.mx\\\/?p=35212#primaryimage\",\"url\":\"\",\"contentUrl\":\"\"},{\"@type\":\"BreadcrumbList\",\"@id\":\"https:\\\/\\\/quehacerpolitico.mx\\\/?p=35212#breadcrumb\",\"itemListElement\":[{\"@type\":\"ListItem\",\"position\":1,\"name\":\"Inicio\",\"item\":\"https:\\\/\\\/quehacerpolitico.mx\\\/\"},{\"@type\":\"ListItem\",\"position\":2,\"name\":\"La PGJ debe aclarar hechos sobre presunta violaci\u00f3n de polic\u00edas: Orta\"}]},{\"@type\":\"WebSite\",\"@id\":\"https:\\\/\\\/quehacerpolitico.mx\\\/#website\",\"url\":\"https:\\\/\\\/quehacerpolitico.mx\\\/\",\"name\":\"\",\"description\":\"\",\"potentialAction\":[{\"@type\":\"SearchAction\",\"target\":{\"@type\":\"EntryPoint\",\"urlTemplate\":\"https:\\\/\\\/quehacerpolitico.mx\\\/?s={search_term_string}\"},\"query-input\":{\"@type\":\"PropertyValueSpecification\",\"valueRequired\":true,\"valueName\":\"search_term_string\"}}],\"inLanguage\":\"es\"},{\"@type\":\"Person\",\"@id\":\"https:\\\/\\\/quehacerpolitico.mx\\\/#\\\/schema\\\/person\\\/496d8ad2d1d3f8036101dca7ee39e585\",\"name\":\"Redacci\u00f3n QP\",\"image\":{\"@type\":\"ImageObject\",\"inLanguage\":\"es\",\"@id\":\"https:\\\/\\\/secure.gravatar.com\\\/avatar\\\/c7164ed6fdec453195284ad24a5ae5b6e1eed2b848477fa2a4787ba9adf39a41?s=96&d=mm&r=g\",\"url\":\"https:\\\/\\\/secure.gravatar.com\\\/avatar\\\/c7164ed6fdec453195284ad24a5ae5b6e1eed2b848477fa2a4787ba9adf39a41?s=96&d=mm&r=g\",\"contentUrl\":\"https:\\\/\\\/secure.gravatar.com\\\/avatar\\\/c7164ed6fdec453195284ad24a5ae5b6e1eed2b848477fa2a4787ba9adf39a41?s=96&d=mm&r=g\",\"caption\":\"Redacci\u00f3n QP\"},\"url\":\"https:\\\/\\\/quehacerpolitico.mx\\\/?author=2\"}]}<\/script>\n<!-- \/ Yoast SEO plugin. -->","yoast_head_json":{"title":"La PGJ debe aclarar hechos sobre presunta violaci\u00f3n de polic\u00edas: Orta -","robots":{"index":"index","follow":"follow","max-snippet":"max-snippet:-1","max-image-preview":"max-image-preview:large","max-video-preview":"max-video-preview:-1"},"canonical":"https:\/\/quehacerpolitico.mx\/?p=35212","og_locale":"es_MX","og_type":"article","og_title":"La PGJ debe aclarar hechos sobre presunta violaci\u00f3n de polic\u00edas: Orta -","og_description":"La PGJ debe aclarar hechos sobre presunta violaci\u00f3n de polic\u00edas: Orta Por Redacci\u00f3n QP","og_url":"https:\/\/quehacerpolitico.mx\/?p=35212","article_published_time":"2019-08-15T19:20:47+00:00","author":"Redacci\u00f3n QP","twitter_card":"summary_large_image","twitter_misc":{"Escrito por":"Redacci\u00f3n QP","Tiempo de lectura":"3 minutos"},"schema":{"@context":"https:\/\/schema.org","@graph":[{"@type":"Article","@id":"https:\/\/quehacerpolitico.mx\/?p=35212#article","isPartOf":{"@id":"https:\/\/quehacerpolitico.mx\/?p=35212"},"author":{"name":"Redacci\u00f3n QP","@id":"https:\/\/quehacerpolitico.mx\/#\/schema\/person\/496d8ad2d1d3f8036101dca7ee39e585"},"headline":"La PGJ debe aclarar hechos sobre presunta violaci\u00f3n de polic\u00edas: Orta","datePublished":"2019-08-15T19:20:47+00:00","mainEntityOfPage":{"@id":"https:\/\/quehacerpolitico.mx\/?p=35212"},"wordCount":571,"commentCount":0,"image":{"@id":"https:\/\/quehacerpolitico.mx\/?p=35212#primaryimage"},"thumbnailUrl":"","articleSection":["CDMX"],"inLanguage":"es","potentialAction":[{"@type":"CommentAction","name":"Comment","target":["https:\/\/quehacerpolitico.mx\/?p=35212#respond"]}]},{"@type":"WebPage","@id":"https:\/\/quehacerpolitico.mx\/?p=35212","url":"https:\/\/quehacerpolitico.mx\/?p=35212","name":"La PGJ debe aclarar hechos sobre presunta violaci\u00f3n de polic\u00edas: Orta -","isPartOf":{"@id":"https:\/\/quehacerpolitico.mx\/#website"},"primaryImageOfPage":{"@id":"https:\/\/quehacerpolitico.mx\/?p=35212#primaryimage"},"image":{"@id":"https:\/\/quehacerpolitico.mx\/?p=35212#primaryimage"},"thumbnailUrl":"","datePublished":"2019-08-15T19:20:47+00:00","author":{"@id":"https:\/\/quehacerpolitico.mx\/#\/schema\/person\/496d8ad2d1d3f8036101dca7ee39e585"},"breadcrumb":{"@id":"https:\/\/quehacerpolitico.mx\/?p=35212#breadcrumb"},"inLanguage":"es","potentialAction":[{"@type":"ReadAction","target":["https:\/\/quehacerpolitico.mx\/?p=35212"]}]},{"@type":"ImageObject","inLanguage":"es","@id":"https:\/\/quehacerpolitico.mx\/?p=35212#primaryimage","url":"","contentUrl":""},{"@type":"BreadcrumbList","@id":"https:\/\/quehacerpolitico.mx\/?p=35212#breadcrumb","itemListElement":[{"@type":"ListItem","position":1,"name":"Inicio","item":"https:\/\/quehacerpolitico.mx\/"},{"@type":"ListItem","position":2,"name":"La PGJ debe aclarar hechos sobre presunta violaci\u00f3n de polic\u00edas: Orta"}]},{"@type":"WebSite","@id":"https:\/\/quehacerpolitico.mx\/#website","url":"https:\/\/quehacerpolitico.mx\/","name":"","description":"","potentialAction":[{"@type":"SearchAction","target":{"@type":"EntryPoint","urlTemplate":"https:\/\/quehacerpolitico.mx\/?s={search_term_string}"},"query-input":{"@type":"PropertyValueSpecification","valueRequired":true,"valueName":"search_term_string"}}],"inLanguage":"es"},{"@type":"Person","@id":"https:\/\/quehacerpolitico.mx\/#\/schema\/person\/496d8ad2d1d3f8036101dca7ee39e585","name":"Redacci\u00f3n QP","image":{"@type":"ImageObject","inLanguage":"es","@id":"https:\/\/secure.gravatar.com\/avatar\/c7164ed6fdec453195284ad24a5ae5b6e1eed2b848477fa2a4787ba9adf39a41?s=96&d=mm&r=g","url":"https:\/\/secure.gravatar.com\/avatar\/c7164ed6fdec453195284ad24a5ae5b6e1eed2b848477fa2a4787ba9adf39a41?s=96&d=mm&r=g","contentUrl":"https:\/\/secure.gravatar.com\/avatar\/c7164ed6fdec453195284ad24a5ae5b6e1eed2b848477fa2a4787ba9adf39a41?s=96&d=mm&r=g","caption":"Redacci\u00f3n QP"},"url":"https:\/\/quehacerpolitico.mx\/?author=2"}]}},"featured_image_urls":{"full":"","thumbnail":"","medium":"","medium_large":"","large":"","1536x1536":"","2048x2048":"","covernews-featured":"","covernews-medium":""},"author_info":{"display_name":"Redacci\u00f3n QP","author_link":"https:\/\/quehacerpolitico.mx\/?author=2"},"category_info":"<a href=\"https:\/\/quehacerpolitico.mx\/?cat=55\" rel=\"category\">CDMX<\/a>","tag_info":"CDMX","comment_count":"0","_links":{"self":[{"href":"https:\/\/quehacerpolitico.mx\/index.php?rest_route=\/wp\/v2\/posts\/35212","targetHints":{"allow":["GET"]}}],"collection":[{"href":"https:\/\/quehacerpolitico.mx\/index.php?rest_route=\/wp\/v2\/posts"}],"about":[{"href":"https:\/\/quehacerpolitico.mx\/index.php?rest_route=\/wp\/v2\/types\/post"}],"author":[{"embeddable":true,"href":"https:\/\/quehacerpolitico.mx\/index.php?rest_route=\/wp\/v2\/users\/2"}],"replies":[{"embeddable":true,"href":"https:\/\/quehacerpolitico.mx\/index.php?rest_route=%2Fwp%2Fv2%2Fcomments&post=35212"}],"version-history":[{"count":0,"href":"https:\/\/quehacerpolitico.mx\/index.php?rest_route=\/wp\/v2\/posts\/35212\/revisions"}],"wp:featuredmedia":[{"embeddable":true,"href":"https:\/\/quehacerpolitico.mx\/index.php?rest_route=\/"}],"wp:attachment":[{"href":"https:\/\/quehacerpolitico.mx\/index.php?rest_route=%2Fwp%2Fv2%2Fmedia&parent=35212"}],"wp:term":[{"taxonomy":"category","embeddable":true,"href":"https:\/\/quehacerpolitico.mx\/index.php?rest_route=%2Fwp%2Fv2%2Fcategories&post=35212"},{"taxonomy":"post_tag","embeddable":true,"href":"https:\/\/quehacerpolitico.mx\/index.php?rest_route=%2Fwp%2Fv2%2Ftags&post=35212"}],"curies":[{"name":"wp","href":"https:\/\/api.w.org\/{rel}","templated":true}]}}