{"id":35209,"date":"2019-08-15T16:36:19","date_gmt":"2019-08-15T16:36:19","guid":{"rendered":"http:\/\/quehacerpolitico.mx\/pide-amlo-a-partidos-buscar-mecanismos-para-reducir-prerrogativas\/"},"modified":"2019-08-15T16:36:19","modified_gmt":"2019-08-15T16:36:19","slug":"pide-amlo-a-partidos-buscar-mecanismos-para-reducir-prerrogativas","status":"publish","type":"post","link":"https:\/\/quehacerpolitico.mx\/?p=35209","title":{"rendered":"Pide AMLO a partidos buscar mecanismos para reducir prerrogativas"},"content":{"rendered":"<p>Pide AMLO a partidos buscar mecanismos para reducir prerrogativas<\/p>\n<p>Por Redacci\u00f3n QP<\/p>\n<p>El presidente Andr\u00e9s Manuel L\u00f3pez Obrador reiter\u00f3 su llamado a los partidos pol\u00edticos a que busquen un mecanismo que les permita financiar sus actividades con menos prerrogativas.<\/p>\n<p>\u201cYo vuelvo hacer el llamado a los dirigentes de los partidos, a todos, dirigentes de los comit\u00e9s ejecutivos, de los Congresos, incluso que consulten con sus militantes, todo de manera respetuosa, pero no es posible que manejen tanto dinero\u201d, reiter\u00f3.<\/p>\n<p>En su conferencia de prensa matutina, el ejecutivo Federal record\u00f3 que en 1996, cuando era dirigente del Partido de la Revoluci\u00f3n Democr\u00e1tica (PRD), se realiz\u00f3 una reforma electoral que aument\u00f3 \u201cconsiderablemente\u201d el presupuesto de los partidos; \u201cno s\u00e9, de 50 millones (de pesos) a 500 millones de pesos\u201d.<\/p>\n<p>Expuso que que el argumento de las autoridades electorales \u2013durante la administraci\u00f3n del presidente Ernesto Zedillo Ponce de Le\u00f3n- era que al incrementar los recursos a los partidos pol\u00edticos, \u00e9stos iban a tener dinero legal, l\u00edcito, como entidades de inter\u00e9s p\u00fablico, como lo establece la Constituci\u00f3n.<\/p>\n<p>\u201cNosotros decidimos no votar por esa reforma y llegu\u00e9 a saber que hab\u00edan dicho desde el gobierno: lo queremos ver recogiendo el cheque, porque de todas formas, la Reforma se aprob\u00f3\u201d, abund\u00f3.<\/p>\n<p>Se\u00f1al\u00f3 que el PRD se qued\u00f3 con los recursos que le correspond\u00edan y el resto fue destinado a la apertura de casas para migrantes en la frontera, as\u00ed como para la creaci\u00f3n de un fideicomiso para becar a los ni\u00f1os hu\u00e9rfanos por motivo de la represi\u00f3n que priv\u00f3 durante el gobierno de Carlos Salinas de Gortar\u00ed.<\/p>\n<p>Adem\u00e1s, \u201cdecidimos de entregar libros gratuitos de secundaria a municipios donde en ese entonces gobernaba nuestra organizaci\u00f3n, hubo hasta una controversia\u201d, coment\u00f3 al resaltar que un a\u00f1o despu\u00e9s se decret\u00f3 que todos los libros de texto para nivel b\u00e1sico ser\u00edan gratuitos.<\/p>\n<p>\u201cEntonces, s\u00ed se puede; s\u00ed se puede que el dinero de los partidos se le regrese a la gente. Hay que buscar nada m\u00e1s el mecanismo y que no digan que no les alcanza. S\u00ed podr\u00edan financiar sus actividades sin gastar tanto\u201d, asent\u00f3.<\/p>\n<p>L\u00f3pez Obrador record\u00f3 que su la campa\u00f1a electoral la realiz\u00f3 con cuatro personas y dos camionetas, pues \u201cest\u00e1 demostrado que, hasta los que nos ve\u00edan con malos ojos, aportaban dinero para las campa\u00f1as&#8221;.<\/p>\n<p>Entonces, \u201cno sirve eso, no sirve de nada. Todo eso tambi\u00e9n lleva consigo un menosprecio al pueblo. La gente no es tonta, el pueblo no es tonto. Tonto es el que piensa que el pueblo es tonto\u201d, puntualiz\u00f3.<\/p>\n<p>Con Informaci\u00f3n de NTX\u00a0<\/p>\n","protected":false},"excerpt":{"rendered":"<p>Pide AMLO a partidos buscar mecanismos para reducir prerrogativas<br \/>\nPor Redacci\u00f3n QP<\/p>\n","protected":false},"author":2,"featured_media":35208,"comment_status":"open","ping_status":"open","sticky":false,"template":"","format":"standard","meta":{"_monsterinsights_skip_tracking":false,"_monsterinsights_sitenote_active":false,"_monsterinsights_sitenote_note":"","_monsterinsights_sitenote_category":0,"footnotes":""},"categories":[2],"tags":[],"class_list":["post-35209","post","type-post","status-publish","format-standard","has-post-thumbnail","hentry","category-noticias"],"yoast_head":"<!-- This site is optimized with the Yoast SEO plugin v27.3 - https:\/\/yoast.com\/product\/yoast-seo-wordpress\/ -->\n<title>Pide AMLO a partidos buscar mecanismos para reducir prerrogativas -<\/title>\n<meta name=\"robots\" content=\"index, follow, max-snippet:-1, max-image-preview:large, max-video-preview:-1\" \/>\n<link rel=\"canonical\" href=\"https:\/\/quehacerpolitico.mx\/?p=35209\" \/>\n<meta property=\"og:locale\" content=\"es_MX\" \/>\n<meta property=\"og:type\" content=\"article\" \/>\n<meta property=\"og:title\" content=\"Pide AMLO a partidos buscar mecanismos para reducir prerrogativas -\" \/>\n<meta property=\"og:description\" content=\"Pide AMLO a partidos buscar mecanismos para reducir prerrogativas Por Redacci\u00f3n QP\" \/>\n<meta property=\"og:url\" content=\"https:\/\/quehacerpolitico.mx\/?p=35209\" \/>\n<meta property=\"article:published_time\" content=\"2019-08-15T16:36:19+00:00\" \/>\n<meta name=\"author\" content=\"Redacci\u00f3n QP\" \/>\n<meta name=\"twitter:card\" content=\"summary_large_image\" \/>\n<meta name=\"twitter:label1\" content=\"Escrito por\" \/>\n\t<meta name=\"twitter:data1\" content=\"Redacci\u00f3n QP\" \/>\n\t<meta name=\"twitter:label2\" content=\"Tiempo de lectura\" \/>\n\t<meta name=\"twitter:data2\" content=\"2 minutos\" \/>\n<script type=\"application\/ld+json\" class=\"yoast-schema-graph\">{\"@context\":\"https:\\\/\\\/schema.org\",\"@graph\":[{\"@type\":\"Article\",\"@id\":\"https:\\\/\\\/quehacerpolitico.mx\\\/?p=35209#article\",\"isPartOf\":{\"@id\":\"https:\\\/\\\/quehacerpolitico.mx\\\/?p=35209\"},\"author\":{\"name\":\"Redacci\u00f3n QP\",\"@id\":\"https:\\\/\\\/quehacerpolitico.mx\\\/#\\\/schema\\\/person\\\/496d8ad2d1d3f8036101dca7ee39e585\"},\"headline\":\"Pide AMLO a partidos buscar mecanismos para reducir prerrogativas\",\"datePublished\":\"2019-08-15T16:36:19+00:00\",\"mainEntityOfPage\":{\"@id\":\"https:\\\/\\\/quehacerpolitico.mx\\\/?p=35209\"},\"wordCount\":461,\"commentCount\":0,\"image\":{\"@id\":\"https:\\\/\\\/quehacerpolitico.mx\\\/?p=35209#primaryimage\"},\"thumbnailUrl\":\"\",\"articleSection\":[\"Noticias\"],\"inLanguage\":\"es\",\"potentialAction\":[{\"@type\":\"CommentAction\",\"name\":\"Comment\",\"target\":[\"https:\\\/\\\/quehacerpolitico.mx\\\/?p=35209#respond\"]}]},{\"@type\":\"WebPage\",\"@id\":\"https:\\\/\\\/quehacerpolitico.mx\\\/?p=35209\",\"url\":\"https:\\\/\\\/quehacerpolitico.mx\\\/?p=35209\",\"name\":\"Pide AMLO a partidos buscar mecanismos para reducir prerrogativas -\",\"isPartOf\":{\"@id\":\"https:\\\/\\\/quehacerpolitico.mx\\\/#website\"},\"primaryImageOfPage\":{\"@id\":\"https:\\\/\\\/quehacerpolitico.mx\\\/?p=35209#primaryimage\"},\"image\":{\"@id\":\"https:\\\/\\\/quehacerpolitico.mx\\\/?p=35209#primaryimage\"},\"thumbnailUrl\":\"\",\"datePublished\":\"2019-08-15T16:36:19+00:00\",\"author\":{\"@id\":\"https:\\\/\\\/quehacerpolitico.mx\\\/#\\\/schema\\\/person\\\/496d8ad2d1d3f8036101dca7ee39e585\"},\"breadcrumb\":{\"@id\":\"https:\\\/\\\/quehacerpolitico.mx\\\/?p=35209#breadcrumb\"},\"inLanguage\":\"es\",\"potentialAction\":[{\"@type\":\"ReadAction\",\"target\":[\"https:\\\/\\\/quehacerpolitico.mx\\\/?p=35209\"]}]},{\"@type\":\"ImageObject\",\"inLanguage\":\"es\",\"@id\":\"https:\\\/\\\/quehacerpolitico.mx\\\/?p=35209#primaryimage\",\"url\":\"\",\"contentUrl\":\"\"},{\"@type\":\"BreadcrumbList\",\"@id\":\"https:\\\/\\\/quehacerpolitico.mx\\\/?p=35209#breadcrumb\",\"itemListElement\":[{\"@type\":\"ListItem\",\"position\":1,\"name\":\"Inicio\",\"item\":\"https:\\\/\\\/quehacerpolitico.mx\\\/\"},{\"@type\":\"ListItem\",\"position\":2,\"name\":\"Pide AMLO a partidos buscar mecanismos para reducir prerrogativas\"}]},{\"@type\":\"WebSite\",\"@id\":\"https:\\\/\\\/quehacerpolitico.mx\\\/#website\",\"url\":\"https:\\\/\\\/quehacerpolitico.mx\\\/\",\"name\":\"\",\"description\":\"\",\"potentialAction\":[{\"@type\":\"SearchAction\",\"target\":{\"@type\":\"EntryPoint\",\"urlTemplate\":\"https:\\\/\\\/quehacerpolitico.mx\\\/?s={search_term_string}\"},\"query-input\":{\"@type\":\"PropertyValueSpecification\",\"valueRequired\":true,\"valueName\":\"search_term_string\"}}],\"inLanguage\":\"es\"},{\"@type\":\"Person\",\"@id\":\"https:\\\/\\\/quehacerpolitico.mx\\\/#\\\/schema\\\/person\\\/496d8ad2d1d3f8036101dca7ee39e585\",\"name\":\"Redacci\u00f3n QP\",\"image\":{\"@type\":\"ImageObject\",\"inLanguage\":\"es\",\"@id\":\"https:\\\/\\\/secure.gravatar.com\\\/avatar\\\/c7164ed6fdec453195284ad24a5ae5b6e1eed2b848477fa2a4787ba9adf39a41?s=96&d=mm&r=g\",\"url\":\"https:\\\/\\\/secure.gravatar.com\\\/avatar\\\/c7164ed6fdec453195284ad24a5ae5b6e1eed2b848477fa2a4787ba9adf39a41?s=96&d=mm&r=g\",\"contentUrl\":\"https:\\\/\\\/secure.gravatar.com\\\/avatar\\\/c7164ed6fdec453195284ad24a5ae5b6e1eed2b848477fa2a4787ba9adf39a41?s=96&d=mm&r=g\",\"caption\":\"Redacci\u00f3n QP\"},\"url\":\"https:\\\/\\\/quehacerpolitico.mx\\\/?author=2\"}]}<\/script>\n<!-- \/ Yoast SEO plugin. -->","yoast_head_json":{"title":"Pide AMLO a partidos buscar mecanismos para reducir prerrogativas -","robots":{"index":"index","follow":"follow","max-snippet":"max-snippet:-1","max-image-preview":"max-image-preview:large","max-video-preview":"max-video-preview:-1"},"canonical":"https:\/\/quehacerpolitico.mx\/?p=35209","og_locale":"es_MX","og_type":"article","og_title":"Pide AMLO a partidos buscar mecanismos para reducir prerrogativas -","og_description":"Pide AMLO a partidos buscar mecanismos para reducir prerrogativas Por Redacci\u00f3n QP","og_url":"https:\/\/quehacerpolitico.mx\/?p=35209","article_published_time":"2019-08-15T16:36:19+00:00","author":"Redacci\u00f3n QP","twitter_card":"summary_large_image","twitter_misc":{"Escrito por":"Redacci\u00f3n QP","Tiempo de lectura":"2 minutos"},"schema":{"@context":"https:\/\/schema.org","@graph":[{"@type":"Article","@id":"https:\/\/quehacerpolitico.mx\/?p=35209#article","isPartOf":{"@id":"https:\/\/quehacerpolitico.mx\/?p=35209"},"author":{"name":"Redacci\u00f3n QP","@id":"https:\/\/quehacerpolitico.mx\/#\/schema\/person\/496d8ad2d1d3f8036101dca7ee39e585"},"headline":"Pide AMLO a partidos buscar mecanismos para reducir prerrogativas","datePublished":"2019-08-15T16:36:19+00:00","mainEntityOfPage":{"@id":"https:\/\/quehacerpolitico.mx\/?p=35209"},"wordCount":461,"commentCount":0,"image":{"@id":"https:\/\/quehacerpolitico.mx\/?p=35209#primaryimage"},"thumbnailUrl":"","articleSection":["Noticias"],"inLanguage":"es","potentialAction":[{"@type":"CommentAction","name":"Comment","target":["https:\/\/quehacerpolitico.mx\/?p=35209#respond"]}]},{"@type":"WebPage","@id":"https:\/\/quehacerpolitico.mx\/?p=35209","url":"https:\/\/quehacerpolitico.mx\/?p=35209","name":"Pide AMLO a partidos buscar mecanismos para reducir prerrogativas -","isPartOf":{"@id":"https:\/\/quehacerpolitico.mx\/#website"},"primaryImageOfPage":{"@id":"https:\/\/quehacerpolitico.mx\/?p=35209#primaryimage"},"image":{"@id":"https:\/\/quehacerpolitico.mx\/?p=35209#primaryimage"},"thumbnailUrl":"","datePublished":"2019-08-15T16:36:19+00:00","author":{"@id":"https:\/\/quehacerpolitico.mx\/#\/schema\/person\/496d8ad2d1d3f8036101dca7ee39e585"},"breadcrumb":{"@id":"https:\/\/quehacerpolitico.mx\/?p=35209#breadcrumb"},"inLanguage":"es","potentialAction":[{"@type":"ReadAction","target":["https:\/\/quehacerpolitico.mx\/?p=35209"]}]},{"@type":"ImageObject","inLanguage":"es","@id":"https:\/\/quehacerpolitico.mx\/?p=35209#primaryimage","url":"","contentUrl":""},{"@type":"BreadcrumbList","@id":"https:\/\/quehacerpolitico.mx\/?p=35209#breadcrumb","itemListElement":[{"@type":"ListItem","position":1,"name":"Inicio","item":"https:\/\/quehacerpolitico.mx\/"},{"@type":"ListItem","position":2,"name":"Pide AMLO a partidos buscar mecanismos para reducir prerrogativas"}]},{"@type":"WebSite","@id":"https:\/\/quehacerpolitico.mx\/#website","url":"https:\/\/quehacerpolitico.mx\/","name":"","description":"","potentialAction":[{"@type":"SearchAction","target":{"@type":"EntryPoint","urlTemplate":"https:\/\/quehacerpolitico.mx\/?s={search_term_string}"},"query-input":{"@type":"PropertyValueSpecification","valueRequired":true,"valueName":"search_term_string"}}],"inLanguage":"es"},{"@type":"Person","@id":"https:\/\/quehacerpolitico.mx\/#\/schema\/person\/496d8ad2d1d3f8036101dca7ee39e585","name":"Redacci\u00f3n QP","image":{"@type":"ImageObject","inLanguage":"es","@id":"https:\/\/secure.gravatar.com\/avatar\/c7164ed6fdec453195284ad24a5ae5b6e1eed2b848477fa2a4787ba9adf39a41?s=96&d=mm&r=g","url":"https:\/\/secure.gravatar.com\/avatar\/c7164ed6fdec453195284ad24a5ae5b6e1eed2b848477fa2a4787ba9adf39a41?s=96&d=mm&r=g","contentUrl":"https:\/\/secure.gravatar.com\/avatar\/c7164ed6fdec453195284ad24a5ae5b6e1eed2b848477fa2a4787ba9adf39a41?s=96&d=mm&r=g","caption":"Redacci\u00f3n QP"},"url":"https:\/\/quehacerpolitico.mx\/?author=2"}]}},"featured_image_urls":{"full":"","thumbnail":"","medium":"","medium_large":"","large":"","1536x1536":"","2048x2048":"","covernews-featured":"","covernews-medium":""},"author_info":{"display_name":"Redacci\u00f3n QP","author_link":"https:\/\/quehacerpolitico.mx\/?author=2"},"category_info":"<a href=\"https:\/\/quehacerpolitico.mx\/?cat=2\" rel=\"category\">Noticias<\/a>","tag_info":"Noticias","comment_count":"0","_links":{"self":[{"href":"https:\/\/quehacerpolitico.mx\/index.php?rest_route=\/wp\/v2\/posts\/35209","targetHints":{"allow":["GET"]}}],"collection":[{"href":"https:\/\/quehacerpolitico.mx\/index.php?rest_route=\/wp\/v2\/posts"}],"about":[{"href":"https:\/\/quehacerpolitico.mx\/index.php?rest_route=\/wp\/v2\/types\/post"}],"author":[{"embeddable":true,"href":"https:\/\/quehacerpolitico.mx\/index.php?rest_route=\/wp\/v2\/users\/2"}],"replies":[{"embeddable":true,"href":"https:\/\/quehacerpolitico.mx\/index.php?rest_route=%2Fwp%2Fv2%2Fcomments&post=35209"}],"version-history":[{"count":0,"href":"https:\/\/quehacerpolitico.mx\/index.php?rest_route=\/wp\/v2\/posts\/35209\/revisions"}],"wp:featuredmedia":[{"embeddable":true,"href":"https:\/\/quehacerpolitico.mx\/index.php?rest_route=\/"}],"wp:attachment":[{"href":"https:\/\/quehacerpolitico.mx\/index.php?rest_route=%2Fwp%2Fv2%2Fmedia&parent=35209"}],"wp:term":[{"taxonomy":"category","embeddable":true,"href":"https:\/\/quehacerpolitico.mx\/index.php?rest_route=%2Fwp%2Fv2%2Fcategories&post=35209"},{"taxonomy":"post_tag","embeddable":true,"href":"https:\/\/quehacerpolitico.mx\/index.php?rest_route=%2Fwp%2Fv2%2Ftags&post=35209"}],"curies":[{"name":"wp","href":"https:\/\/api.w.org\/{rel}","templated":true}]}}