{"id":35115,"date":"2019-08-15T00:06:17","date_gmt":"2019-08-15T00:06:17","guid":{"rendered":"http:\/\/quehacerpolitico.mx\/desde-el-curul-modernizaran-la-proteccion-civil-en-los-establecimientos-mercantiles-se-enfocara-a-la-prevencion-de-los-desastres\/"},"modified":"2019-08-15T00:06:17","modified_gmt":"2019-08-15T00:06:17","slug":"desde-el-curul-modernizaran-la-proteccion-civil-en-los-establecimientos-mercantiles-se-enfocara-a-la-prevencion-de-los-desastres","status":"publish","type":"post","link":"https:\/\/quehacerpolitico.mx\/?p=35115","title":{"rendered":"Desde el Curul\/\/\/Modernizar\u00e1n la protecci\u00f3n civil en los establecimientos mercantiles; se enfocar\u00e1 a la prevenci\u00f3n de los desastres"},"content":{"rendered":"<p><span class=\"s9\"><span class=\"bumpedFont15\">Modernizar\u00e1n la protecci\u00f3n civil en los establecimientos mercantiles<\/span><\/span><span class=\"s9\"><span class=\"bumpedFont15\">; se enfocar\u00e1 a la prevenci\u00f3n de los desastres<\/span><\/span><\/p>\n<p>Por Redacci\u00f3n QP<\/p>\n<div class=\"s12\"><span class=\"s10\">\u2022 <\/span><span class=\"s11\"><span class=\"bumpedFont15\">La diputada Esperanza Villalobos y el diputado Jos\u00e9 Luis Rodr\u00edguez impulsan una iniciativa de reformas a la norma en el Congreso local<\/span><\/span><\/div>\n<div class=\"s12\"><span class=\"s10\">\u2022 <\/span><span class=\"s11\"><span class=\"bumpedFont15\">La propuesta turnada para su an\u00e1lisis busca actualizar el contenido del Programa Interno de Protecci\u00f3n Civil<\/span><\/span><\/div>\n<p class=\"s13\"><span class=\"s6\"><span class=\"bumpedFont15\">Para modernizar y adecuar el marco legal en materia de protecci\u00f3n civil y enfocarla a la prevenci\u00f3n de los desastres, as\u00ed como a la visualizaci\u00f3n de los posibles riesgos que puedan ocurrir en los establecimientos mercantiles de la Ciudad de M\u00e9xico, la diputada Esperanza Villalobos P\u00e9rez y el diputado Jos\u00e9 Luis Rodr\u00edguez D\u00edaz de Le\u00f3n impulsan una iniciativa de reformas a la norma correspondiente.<\/span><\/span><\/p>\n<p class=\"s13\"><span class=\"s6\"><span class=\"bumpedFont15\">Este mi\u00e9rcoles, la Mesa Directiva de la Comisi\u00f3n Permanente del Congreso local turn\u00f3 para su an\u00e1lisis, discusi\u00f3n y dictaminaci\u00f3n la iniciativa de reformas a la Ley de Establecimientos Mercantiles de esta ciudad, la cual tiene una serie de modificaciones al articulado de la norma; por ejemplo, se actualiza el contenido del Programa Interno de Protecci\u00f3n Civil.<\/span><\/span><\/p>\n<p class=\"s13\"><span class=\"s6\"><span class=\"bumpedFont15\">Este Programa es un instrumento de planeaci\u00f3n y operaci\u00f3n que tiene como prop\u00f3sito reducir los riesgos previamente identificados, y definir acciones preventivas y de respuesta para estar en condiciones de evitar o atender la eventualidad de alguna emergencia o desastre, de acuerdo con la Ley de Gesti\u00f3n Integral de Riesgos y Protecci\u00f3n Civil de la Ciudad de M\u00e9xico, publicada en la Gaceta Oficial de la Ciudad de M\u00e9xico el 5 de junio de 2019<\/span><\/span><span class=\"s6\"><span class=\"bumpedFont15\">.<\/span><\/span><\/p>\n<p class=\"s13\"><span class=\"s6\"><span class=\"bumpedFont15\">En el contenido de la propuesta de reformas se indica que la Constituci\u00f3n de la Ciudad de M\u00e9xico define toda una estructura institucional que tiene como fin salvaguardar los derechos humanos de los habitantes.<\/span><\/span><\/p>\n<p class=\"s13\"><span class=\"s6\"><span class=\"bumpedFont15\">\u201cPor ello es indispensable la existencia y exigibilidad del derecho a la protecci\u00f3n civil, el derecho a contar con una instituci\u00f3n que proteja previniendo posibles desastres de cualquier tipo, incluidos los sismos, las inundaciones, las grietas, los incendios o las emergencias qu\u00edmicas o los desastres que puede causar el ser humano\u201d, se\u00f1ala la iniciativa impulsada por la legisladora y el legislador del grupo parlamentario de MORENA.<\/span><\/span><\/p>\n<p class=\"s13\"><span class=\"s6\"><span class=\"bumpedFont15\">En la argumentaci\u00f3n de la iniciativa se indica que el Marco de Sendai presenta una serie de innovaciones con un marcado \u00e9nfasis en la gesti\u00f3n del riesgo de desastres. De igual manera, se establece un conjunto de principios como la responsabilidad primordial de los Estados de prevenir y reducir el riesgo de desastres, la participaci\u00f3n de toda la sociedad y todas las instituciones. <\/span><\/span><\/p>\n<p class=\"s13\"><span class=\"s14\"><span class=\"bumpedFont15\">\u201cPor esto, la iniciativa busca armonizar la Ley de Establecimientos Mercantiles con la Ley de Gesti\u00f3n Integral de Riesgos y Protecci\u00f3n Civil de la Ciudad de M\u00e9xico, recientemente aprobada. Se debe enfatizar en la gesti\u00f3n de riesgos m\u00e1s que en la gesti\u00f3n de desastres; en la prevenci\u00f3n m\u00e1s que en la atenci\u00f3n de emergencias\u201d,<\/span><\/span><span class=\"s6\"><span class=\"bumpedFont15\"> se\u00f1ala el documento.<\/span><\/span><\/p>\n<p class=\"s13\"><span class=\"s6\"><span class=\"bumpedFont15\">En su iniciativa, la diputada y el diputado se\u00f1alan que actualizar la obligatoriedad y aprobaci\u00f3n de los programas internos de protecci\u00f3n civil es necesario, precisando que los establecimientos de mediano y alto riesgo tendr\u00e1n la obligaci\u00f3n de presentar dichos programas y \u00e9stos deber\u00e1n ser registrados electr\u00f3nicamente ante las alcald\u00edas o la Secretar\u00eda correspondiente, de conformidad con su grado de riesgo. <\/span><\/span><\/p>\n<p class=\"s13\"><span class=\"s6\"><span class=\"bumpedFont15\">\u201cEs importante trabajar como comunidad en uno de los elementos m\u00e1s importantes en la gesti\u00f3n integral de riesgos como lo es la resiliencia. Entendida \u00e9sta como la capacidad de un individuo, familia, comunidad, sociedad, y\/o sistema potencialmente expuestos a un peligro o riesgo para resistir, asimilar, adaptarse y recuperarse del impacto y efectos de un fen\u00f3meno perturbador en un corto plazo y de manera eficiente\u201d, enfatiza la propuesta.<\/span><\/span><\/p>\n","protected":false},"excerpt":{"rendered":"<p>Modernizar\u00e1n la protecci\u00f3n civil en los establecimientos mercantiles; se enfocar\u00e1 a la prevenci\u00f3n de los desastres<br \/>\nPor Redacci\u00f3n QP<\/p>\n","protected":false},"author":2,"featured_media":35114,"comment_status":"open","ping_status":"open","sticky":false,"template":"","format":"standard","meta":{"_monsterinsights_skip_tracking":false,"_monsterinsights_sitenote_active":false,"_monsterinsights_sitenote_note":"","_monsterinsights_sitenote_category":0,"footnotes":""},"categories":[55],"tags":[],"class_list":["post-35115","post","type-post","status-publish","format-standard","has-post-thumbnail","hentry","category-cdmx"],"yoast_head":"<!-- This site is optimized with the Yoast SEO plugin v27.3 - https:\/\/yoast.com\/product\/yoast-seo-wordpress\/ -->\n<title>Desde el Curul\/\/\/Modernizar\u00e1n la protecci\u00f3n civil en los establecimientos mercantiles; se enfocar\u00e1 a la prevenci\u00f3n de los desastres -<\/title>\n<meta name=\"robots\" content=\"index, follow, max-snippet:-1, max-image-preview:large, max-video-preview:-1\" \/>\n<link rel=\"canonical\" href=\"https:\/\/quehacerpolitico.mx\/?p=35115\" \/>\n<meta property=\"og:locale\" content=\"es_MX\" \/>\n<meta property=\"og:type\" content=\"article\" \/>\n<meta property=\"og:title\" content=\"Desde el Curul\/\/\/Modernizar\u00e1n la protecci\u00f3n civil en los establecimientos mercantiles; se enfocar\u00e1 a la prevenci\u00f3n de los desastres -\" \/>\n<meta property=\"og:description\" content=\"Modernizar\u00e1n la protecci\u00f3n civil en los establecimientos mercantiles; se enfocar\u00e1 a la prevenci\u00f3n de los desastres Por Redacci\u00f3n QP\" \/>\n<meta property=\"og:url\" content=\"https:\/\/quehacerpolitico.mx\/?p=35115\" \/>\n<meta property=\"article:published_time\" content=\"2019-08-15T00:06:17+00:00\" \/>\n<meta name=\"author\" content=\"Redacci\u00f3n QP\" \/>\n<meta name=\"twitter:card\" content=\"summary_large_image\" \/>\n<meta name=\"twitter:label1\" content=\"Escrito por\" \/>\n\t<meta name=\"twitter:data1\" content=\"Redacci\u00f3n QP\" \/>\n\t<meta name=\"twitter:label2\" content=\"Tiempo de lectura\" \/>\n\t<meta name=\"twitter:data2\" content=\"3 minutos\" \/>\n<script type=\"application\/ld+json\" class=\"yoast-schema-graph\">{\"@context\":\"https:\\\/\\\/schema.org\",\"@graph\":[{\"@type\":\"Article\",\"@id\":\"https:\\\/\\\/quehacerpolitico.mx\\\/?p=35115#article\",\"isPartOf\":{\"@id\":\"https:\\\/\\\/quehacerpolitico.mx\\\/?p=35115\"},\"author\":{\"name\":\"Redacci\u00f3n QP\",\"@id\":\"https:\\\/\\\/quehacerpolitico.mx\\\/#\\\/schema\\\/person\\\/496d8ad2d1d3f8036101dca7ee39e585\"},\"headline\":\"Desde el Curul\\\/\\\/\\\/Modernizar\u00e1n la protecci\u00f3n civil en los establecimientos mercantiles; se enfocar\u00e1 a la prevenci\u00f3n de los desastres\",\"datePublished\":\"2019-08-15T00:06:17+00:00\",\"mainEntityOfPage\":{\"@id\":\"https:\\\/\\\/quehacerpolitico.mx\\\/?p=35115\"},\"wordCount\":679,\"commentCount\":0,\"image\":{\"@id\":\"https:\\\/\\\/quehacerpolitico.mx\\\/?p=35115#primaryimage\"},\"thumbnailUrl\":\"\",\"articleSection\":[\"CDMX\"],\"inLanguage\":\"es\",\"potentialAction\":[{\"@type\":\"CommentAction\",\"name\":\"Comment\",\"target\":[\"https:\\\/\\\/quehacerpolitico.mx\\\/?p=35115#respond\"]}]},{\"@type\":\"WebPage\",\"@id\":\"https:\\\/\\\/quehacerpolitico.mx\\\/?p=35115\",\"url\":\"https:\\\/\\\/quehacerpolitico.mx\\\/?p=35115\",\"name\":\"Desde el Curul\\\/\\\/\\\/Modernizar\u00e1n la protecci\u00f3n civil en los establecimientos mercantiles; se enfocar\u00e1 a la prevenci\u00f3n de los desastres -\",\"isPartOf\":{\"@id\":\"https:\\\/\\\/quehacerpolitico.mx\\\/#website\"},\"primaryImageOfPage\":{\"@id\":\"https:\\\/\\\/quehacerpolitico.mx\\\/?p=35115#primaryimage\"},\"image\":{\"@id\":\"https:\\\/\\\/quehacerpolitico.mx\\\/?p=35115#primaryimage\"},\"thumbnailUrl\":\"\",\"datePublished\":\"2019-08-15T00:06:17+00:00\",\"author\":{\"@id\":\"https:\\\/\\\/quehacerpolitico.mx\\\/#\\\/schema\\\/person\\\/496d8ad2d1d3f8036101dca7ee39e585\"},\"breadcrumb\":{\"@id\":\"https:\\\/\\\/quehacerpolitico.mx\\\/?p=35115#breadcrumb\"},\"inLanguage\":\"es\",\"potentialAction\":[{\"@type\":\"ReadAction\",\"target\":[\"https:\\\/\\\/quehacerpolitico.mx\\\/?p=35115\"]}]},{\"@type\":\"ImageObject\",\"inLanguage\":\"es\",\"@id\":\"https:\\\/\\\/quehacerpolitico.mx\\\/?p=35115#primaryimage\",\"url\":\"\",\"contentUrl\":\"\"},{\"@type\":\"BreadcrumbList\",\"@id\":\"https:\\\/\\\/quehacerpolitico.mx\\\/?p=35115#breadcrumb\",\"itemListElement\":[{\"@type\":\"ListItem\",\"position\":1,\"name\":\"Inicio\",\"item\":\"https:\\\/\\\/quehacerpolitico.mx\\\/\"},{\"@type\":\"ListItem\",\"position\":2,\"name\":\"Desde el Curul\\\/\\\/\\\/Modernizar\u00e1n la protecci\u00f3n civil en los establecimientos mercantiles; se enfocar\u00e1 a la prevenci\u00f3n de los desastres\"}]},{\"@type\":\"WebSite\",\"@id\":\"https:\\\/\\\/quehacerpolitico.mx\\\/#website\",\"url\":\"https:\\\/\\\/quehacerpolitico.mx\\\/\",\"name\":\"\",\"description\":\"\",\"potentialAction\":[{\"@type\":\"SearchAction\",\"target\":{\"@type\":\"EntryPoint\",\"urlTemplate\":\"https:\\\/\\\/quehacerpolitico.mx\\\/?s={search_term_string}\"},\"query-input\":{\"@type\":\"PropertyValueSpecification\",\"valueRequired\":true,\"valueName\":\"search_term_string\"}}],\"inLanguage\":\"es\"},{\"@type\":\"Person\",\"@id\":\"https:\\\/\\\/quehacerpolitico.mx\\\/#\\\/schema\\\/person\\\/496d8ad2d1d3f8036101dca7ee39e585\",\"name\":\"Redacci\u00f3n QP\",\"image\":{\"@type\":\"ImageObject\",\"inLanguage\":\"es\",\"@id\":\"https:\\\/\\\/secure.gravatar.com\\\/avatar\\\/c7164ed6fdec453195284ad24a5ae5b6e1eed2b848477fa2a4787ba9adf39a41?s=96&d=mm&r=g\",\"url\":\"https:\\\/\\\/secure.gravatar.com\\\/avatar\\\/c7164ed6fdec453195284ad24a5ae5b6e1eed2b848477fa2a4787ba9adf39a41?s=96&d=mm&r=g\",\"contentUrl\":\"https:\\\/\\\/secure.gravatar.com\\\/avatar\\\/c7164ed6fdec453195284ad24a5ae5b6e1eed2b848477fa2a4787ba9adf39a41?s=96&d=mm&r=g\",\"caption\":\"Redacci\u00f3n QP\"},\"url\":\"https:\\\/\\\/quehacerpolitico.mx\\\/?author=2\"}]}<\/script>\n<!-- \/ Yoast SEO plugin. -->","yoast_head_json":{"title":"Desde el Curul\/\/\/Modernizar\u00e1n la protecci\u00f3n civil en los establecimientos mercantiles; se enfocar\u00e1 a la prevenci\u00f3n de los desastres -","robots":{"index":"index","follow":"follow","max-snippet":"max-snippet:-1","max-image-preview":"max-image-preview:large","max-video-preview":"max-video-preview:-1"},"canonical":"https:\/\/quehacerpolitico.mx\/?p=35115","og_locale":"es_MX","og_type":"article","og_title":"Desde el Curul\/\/\/Modernizar\u00e1n la protecci\u00f3n civil en los establecimientos mercantiles; se enfocar\u00e1 a la prevenci\u00f3n de los desastres -","og_description":"Modernizar\u00e1n la protecci\u00f3n civil en los establecimientos mercantiles; se enfocar\u00e1 a la prevenci\u00f3n de los desastres Por Redacci\u00f3n QP","og_url":"https:\/\/quehacerpolitico.mx\/?p=35115","article_published_time":"2019-08-15T00:06:17+00:00","author":"Redacci\u00f3n QP","twitter_card":"summary_large_image","twitter_misc":{"Escrito por":"Redacci\u00f3n QP","Tiempo de lectura":"3 minutos"},"schema":{"@context":"https:\/\/schema.org","@graph":[{"@type":"Article","@id":"https:\/\/quehacerpolitico.mx\/?p=35115#article","isPartOf":{"@id":"https:\/\/quehacerpolitico.mx\/?p=35115"},"author":{"name":"Redacci\u00f3n QP","@id":"https:\/\/quehacerpolitico.mx\/#\/schema\/person\/496d8ad2d1d3f8036101dca7ee39e585"},"headline":"Desde el Curul\/\/\/Modernizar\u00e1n la protecci\u00f3n civil en los establecimientos mercantiles; se enfocar\u00e1 a la prevenci\u00f3n de los desastres","datePublished":"2019-08-15T00:06:17+00:00","mainEntityOfPage":{"@id":"https:\/\/quehacerpolitico.mx\/?p=35115"},"wordCount":679,"commentCount":0,"image":{"@id":"https:\/\/quehacerpolitico.mx\/?p=35115#primaryimage"},"thumbnailUrl":"","articleSection":["CDMX"],"inLanguage":"es","potentialAction":[{"@type":"CommentAction","name":"Comment","target":["https:\/\/quehacerpolitico.mx\/?p=35115#respond"]}]},{"@type":"WebPage","@id":"https:\/\/quehacerpolitico.mx\/?p=35115","url":"https:\/\/quehacerpolitico.mx\/?p=35115","name":"Desde el Curul\/\/\/Modernizar\u00e1n la protecci\u00f3n civil en los establecimientos mercantiles; se enfocar\u00e1 a la prevenci\u00f3n de los desastres -","isPartOf":{"@id":"https:\/\/quehacerpolitico.mx\/#website"},"primaryImageOfPage":{"@id":"https:\/\/quehacerpolitico.mx\/?p=35115#primaryimage"},"image":{"@id":"https:\/\/quehacerpolitico.mx\/?p=35115#primaryimage"},"thumbnailUrl":"","datePublished":"2019-08-15T00:06:17+00:00","author":{"@id":"https:\/\/quehacerpolitico.mx\/#\/schema\/person\/496d8ad2d1d3f8036101dca7ee39e585"},"breadcrumb":{"@id":"https:\/\/quehacerpolitico.mx\/?p=35115#breadcrumb"},"inLanguage":"es","potentialAction":[{"@type":"ReadAction","target":["https:\/\/quehacerpolitico.mx\/?p=35115"]}]},{"@type":"ImageObject","inLanguage":"es","@id":"https:\/\/quehacerpolitico.mx\/?p=35115#primaryimage","url":"","contentUrl":""},{"@type":"BreadcrumbList","@id":"https:\/\/quehacerpolitico.mx\/?p=35115#breadcrumb","itemListElement":[{"@type":"ListItem","position":1,"name":"Inicio","item":"https:\/\/quehacerpolitico.mx\/"},{"@type":"ListItem","position":2,"name":"Desde el Curul\/\/\/Modernizar\u00e1n la protecci\u00f3n civil en los establecimientos mercantiles; se enfocar\u00e1 a la prevenci\u00f3n de los desastres"}]},{"@type":"WebSite","@id":"https:\/\/quehacerpolitico.mx\/#website","url":"https:\/\/quehacerpolitico.mx\/","name":"","description":"","potentialAction":[{"@type":"SearchAction","target":{"@type":"EntryPoint","urlTemplate":"https:\/\/quehacerpolitico.mx\/?s={search_term_string}"},"query-input":{"@type":"PropertyValueSpecification","valueRequired":true,"valueName":"search_term_string"}}],"inLanguage":"es"},{"@type":"Person","@id":"https:\/\/quehacerpolitico.mx\/#\/schema\/person\/496d8ad2d1d3f8036101dca7ee39e585","name":"Redacci\u00f3n QP","image":{"@type":"ImageObject","inLanguage":"es","@id":"https:\/\/secure.gravatar.com\/avatar\/c7164ed6fdec453195284ad24a5ae5b6e1eed2b848477fa2a4787ba9adf39a41?s=96&d=mm&r=g","url":"https:\/\/secure.gravatar.com\/avatar\/c7164ed6fdec453195284ad24a5ae5b6e1eed2b848477fa2a4787ba9adf39a41?s=96&d=mm&r=g","contentUrl":"https:\/\/secure.gravatar.com\/avatar\/c7164ed6fdec453195284ad24a5ae5b6e1eed2b848477fa2a4787ba9adf39a41?s=96&d=mm&r=g","caption":"Redacci\u00f3n QP"},"url":"https:\/\/quehacerpolitico.mx\/?author=2"}]}},"featured_image_urls":{"full":"","thumbnail":"","medium":"","medium_large":"","large":"","1536x1536":"","2048x2048":"","covernews-featured":"","covernews-medium":""},"author_info":{"display_name":"Redacci\u00f3n QP","author_link":"https:\/\/quehacerpolitico.mx\/?author=2"},"category_info":"<a href=\"https:\/\/quehacerpolitico.mx\/?cat=55\" rel=\"category\">CDMX<\/a>","tag_info":"CDMX","comment_count":"0","_links":{"self":[{"href":"https:\/\/quehacerpolitico.mx\/index.php?rest_route=\/wp\/v2\/posts\/35115","targetHints":{"allow":["GET"]}}],"collection":[{"href":"https:\/\/quehacerpolitico.mx\/index.php?rest_route=\/wp\/v2\/posts"}],"about":[{"href":"https:\/\/quehacerpolitico.mx\/index.php?rest_route=\/wp\/v2\/types\/post"}],"author":[{"embeddable":true,"href":"https:\/\/quehacerpolitico.mx\/index.php?rest_route=\/wp\/v2\/users\/2"}],"replies":[{"embeddable":true,"href":"https:\/\/quehacerpolitico.mx\/index.php?rest_route=%2Fwp%2Fv2%2Fcomments&post=35115"}],"version-history":[{"count":0,"href":"https:\/\/quehacerpolitico.mx\/index.php?rest_route=\/wp\/v2\/posts\/35115\/revisions"}],"wp:featuredmedia":[{"embeddable":true,"href":"https:\/\/quehacerpolitico.mx\/index.php?rest_route=\/"}],"wp:attachment":[{"href":"https:\/\/quehacerpolitico.mx\/index.php?rest_route=%2Fwp%2Fv2%2Fmedia&parent=35115"}],"wp:term":[{"taxonomy":"category","embeddable":true,"href":"https:\/\/quehacerpolitico.mx\/index.php?rest_route=%2Fwp%2Fv2%2Fcategories&post=35115"},{"taxonomy":"post_tag","embeddable":true,"href":"https:\/\/quehacerpolitico.mx\/index.php?rest_route=%2Fwp%2Fv2%2Ftags&post=35115"}],"curies":[{"name":"wp","href":"https:\/\/api.w.org\/{rel}","templated":true}]}}