{"id":35111,"date":"2019-08-14T23:50:07","date_gmt":"2019-08-14T23:50:07","guid":{"rendered":"http:\/\/quehacerpolitico.mx\/captan-en-video-a-alpinistas-dentro-del-crater-del-popocatepetl\/"},"modified":"2019-08-14T23:50:07","modified_gmt":"2019-08-14T23:50:07","slug":"captan-en-video-a-alpinistas-dentro-del-crater-del-popocatepetl","status":"publish","type":"post","link":"https:\/\/quehacerpolitico.mx\/?p=35111","title":{"rendered":"Captan en video a alpinistas dentro del cr\u00e1ter del Popocat\u00e9petl"},"content":{"rendered":"<h1 class=\"news-title\">Captan en video a alpinistas dentro del cr\u00e1ter del Popocat\u00e9petl<\/h1>\n<p>Por Redacci\u00f3n QP<\/p>\n<div>El material que circula en redes provoc\u00f3 molestias entre los usuarios y autoridades por el peligro al que se expusieron<\/div>\n<div>\u00a0<\/div>\n<div>En un video difundido en redes sociales se observa que un grupo de entre 11 o 12 alpinistas se encuentran en el cr\u00e1ter del volc\u00e1n Popocat\u00e9petl, aun cuando est\u00e1 emitiendo gases, lo que provoc\u00f3 molestias entre cibernautas y autoridades por el peligro al que se expusieron.<\/div>\n<div>\n<p>Las im\u00e1genes, que duran dos minutos, <strong>muestran cuando una fumarola sale de la &#8220;boca&#8221; de la Monta\u00f1a que humea, nombre en n\u00e1huatl del Popocat\u00e9petl, mientras varios de los hombres suben por una de las paredes del cr\u00e1ter.<\/strong><\/p>\n<p>https:\/\/youtu.be\/pwWpwkvjxgA<\/p>\n<p>El hombre que grab\u00f3 el video con su celular capt\u00f3 el momento en que otros siete monta\u00f1istas ya ascendieron al cr\u00e1ter y esperan a que sus compa\u00f1eros hagan lo mismo. <strong>El video difundido en redes no tiene registro de cu\u00e1ndo se hizo el ascenso de los alpinistas.<\/strong><\/p>\n<p>https:\/\/twitter.com\/iccsv_oficial\/status\/1161408862433374208?s=21<\/p>\n<p>Cibernautas criticaron a los hombres que subieron a la cima del Coloso de An\u00e1huac porque no s\u00f3lo pusieron en peligro su vida, sino tambi\u00e9n la de los grupos de rescate que tendr\u00edan que subir para ayudarlos si algo les hubiera ocurrido.<\/p>\n<p>Pablo Obreg\u00f3n, alpinista mexicano que ha ascendido var\u00edas veces el Popocat\u00e9petl, consider\u00f3 que los monta\u00f1istas que aparecen en las im\u00e1genes corrieron un riesgo mayor porque pudieron morir por la gran actividad que ten\u00eda Don Goyo al momento en que estuvieron en el cr\u00e1ter.<\/p>\n<p><strong>La Coordinaci\u00f3n Nacional de Protecci\u00f3n Civil (CNPC) reiter\u00f3 el exhorto a respetar el radio de restricci\u00f3n del coloso de 12 kil\u00f3metros,<\/strong>luego de que se difundi\u00f3 un video en el que, por tercera ocasi\u00f3n, en lo que va del a\u00f1o, varios alpinistas grabaron cuando ascendieron al cr\u00e1ter del Popocat\u00e9petl.<\/p>\n<blockquote class=\"twitter-tweet\" data-width=\"550\" data-dnt=\"true\">\n<p lang=\"es\" dir=\"ltr\">A trav\u00e9s de <a href=\"https:\/\/twitter.com\/CNPC_MX?ref_src=twsrc%5Etfw\">@CNPC_MX<\/a> exhortamos a la poblaci\u00f3n a respetar el radio de restricci\u00f3n de 12 km alrededor del <a href=\"https:\/\/twitter.com\/hashtag\/Popocat%C3%A9petl?src=hash&amp;ref_src=twsrc%5Etfw\">#Popocat\u00e9petl<\/a>. Subir a un volc\u00e1n activo no debe ser visto como un reto deportivo para los alpinistas, es una acci\u00f3n imprudencial. <a href=\"https:\/\/t.co\/m0desMe0x2\">pic.twitter.com\/m0desMe0x2<\/a><\/p>\n<p>&mdash; Secretar\u00eda de Seguridad y Protecci\u00f3n Ciudadana (@SSPCMexico) <a href=\"https:\/\/twitter.com\/SSPCMexico\/status\/1161478926801129472?ref_src=twsrc%5Etfw\">August 14, 2019<\/a><\/p><\/blockquote>\n<p><script async src=\"https:\/\/platform.twitter.com\/widgets.js\" charset=\"utf-8\"><\/script><\/p>\n<p>El titular de la dependencia, David E. Le\u00f3n Romero, se\u00f1al\u00f3 que &#8220;subir al cr\u00e1ter de un volc\u00e1n activo es una acci\u00f3n que no s\u00f3lo pone en riesgo la vida de las personas que realizan ascensos al volc\u00e1n de manera irresponsable, sino que compromete la integridad de los diferentes rescatistas que tendr\u00edan que ir en auxilio de quienes ingresan al \u00e1rea de restricci\u00f3n, as\u00ed como recursos humanos y materiales del Estado mexicano&#8221;.<\/p>\n<p>A trav\u00e9s de un comunicado, la CNPC explic\u00f3 que el radio de protecci\u00f3n fue establecido por el Centro Nacional de Prevenci\u00f3n de Desastres (Cenapred) en referencia al n\u00famero de explosiones y exhalaciones del coloso.<\/p>\n<p>Con frecuencia, \u00e9stas se acompa\u00f1an de fragmentos bal\u00edsticos incandescentes, expulsi\u00f3n de rocas con temperaturas superiores a los mil grados cent\u00edgrados y de diferentes dimensiones que pueden superar con facilidad el tama\u00f1o de un autom\u00f3vil, mismos que son lanzados dentro o fuera del cr\u00e1ter, alcanzando varios kil\u00f3metros de distancia, por lo que se exhorta a la poblaci\u00f3n a respetar el radio de restricci\u00f3n y por ning\u00fan motivo acercarse al cr\u00e1ter.<\/p>\n<p><strong>La dependencia dijo que subir a un volc\u00e1n activo no debe ser visto como un reto deportivo para los alpinistas, sino como una acci\u00f3n imprudencial.<\/strong><\/p>\n<\/div>\n","protected":false},"excerpt":{"rendered":"<p>Captan en video a alpinistas dentro del cr\u00e1ter del Popocat\u00e9petl<br \/>\nPor Redacci\u00f3n QP<\/p>\n","protected":false},"author":2,"featured_media":35110,"comment_status":"open","ping_status":"open","sticky":false,"template":"","format":"standard","meta":{"_monsterinsights_skip_tracking":false,"_monsterinsights_sitenote_active":false,"_monsterinsights_sitenote_note":"","_monsterinsights_sitenote_category":0,"footnotes":""},"categories":[2],"tags":[],"class_list":["post-35111","post","type-post","status-publish","format-standard","has-post-thumbnail","hentry","category-noticias"],"yoast_head":"<!-- This site is optimized with the Yoast SEO plugin v27.3 - https:\/\/yoast.com\/product\/yoast-seo-wordpress\/ -->\n<title>Captan en video a alpinistas dentro del cr\u00e1ter del Popocat\u00e9petl -<\/title>\n<meta name=\"robots\" content=\"index, follow, max-snippet:-1, max-image-preview:large, max-video-preview:-1\" \/>\n<link rel=\"canonical\" href=\"https:\/\/quehacerpolitico.mx\/?p=35111\" \/>\n<meta property=\"og:locale\" content=\"es_MX\" \/>\n<meta property=\"og:type\" content=\"article\" \/>\n<meta property=\"og:title\" content=\"Captan en video a alpinistas dentro del cr\u00e1ter del Popocat\u00e9petl -\" \/>\n<meta property=\"og:description\" content=\"Captan en video a alpinistas dentro del cr\u00e1ter del Popocat\u00e9petl Por Redacci\u00f3n QP\" \/>\n<meta property=\"og:url\" content=\"https:\/\/quehacerpolitico.mx\/?p=35111\" \/>\n<meta property=\"article:published_time\" content=\"2019-08-14T23:50:07+00:00\" \/>\n<meta name=\"author\" content=\"Redacci\u00f3n QP\" \/>\n<meta name=\"twitter:card\" content=\"summary_large_image\" \/>\n<meta name=\"twitter:label1\" content=\"Escrito por\" \/>\n\t<meta name=\"twitter:data1\" content=\"Redacci\u00f3n QP\" \/>\n\t<meta name=\"twitter:label2\" content=\"Tiempo de lectura\" \/>\n\t<meta name=\"twitter:data2\" content=\"3 minutos\" \/>\n<script type=\"application\/ld+json\" class=\"yoast-schema-graph\">{\"@context\":\"https:\\\/\\\/schema.org\",\"@graph\":[{\"@type\":\"Article\",\"@id\":\"https:\\\/\\\/quehacerpolitico.mx\\\/?p=35111#article\",\"isPartOf\":{\"@id\":\"https:\\\/\\\/quehacerpolitico.mx\\\/?p=35111\"},\"author\":{\"name\":\"Redacci\u00f3n QP\",\"@id\":\"https:\\\/\\\/quehacerpolitico.mx\\\/#\\\/schema\\\/person\\\/496d8ad2d1d3f8036101dca7ee39e585\"},\"headline\":\"Captan en video a alpinistas dentro del cr\u00e1ter del Popocat\u00e9petl\",\"datePublished\":\"2019-08-14T23:50:07+00:00\",\"mainEntityOfPage\":{\"@id\":\"https:\\\/\\\/quehacerpolitico.mx\\\/?p=35111\"},\"wordCount\":582,\"commentCount\":0,\"image\":{\"@id\":\"https:\\\/\\\/quehacerpolitico.mx\\\/?p=35111#primaryimage\"},\"thumbnailUrl\":\"\",\"articleSection\":[\"Noticias\"],\"inLanguage\":\"es\",\"potentialAction\":[{\"@type\":\"CommentAction\",\"name\":\"Comment\",\"target\":[\"https:\\\/\\\/quehacerpolitico.mx\\\/?p=35111#respond\"]}]},{\"@type\":\"WebPage\",\"@id\":\"https:\\\/\\\/quehacerpolitico.mx\\\/?p=35111\",\"url\":\"https:\\\/\\\/quehacerpolitico.mx\\\/?p=35111\",\"name\":\"Captan en video a alpinistas dentro del cr\u00e1ter del Popocat\u00e9petl -\",\"isPartOf\":{\"@id\":\"https:\\\/\\\/quehacerpolitico.mx\\\/#website\"},\"primaryImageOfPage\":{\"@id\":\"https:\\\/\\\/quehacerpolitico.mx\\\/?p=35111#primaryimage\"},\"image\":{\"@id\":\"https:\\\/\\\/quehacerpolitico.mx\\\/?p=35111#primaryimage\"},\"thumbnailUrl\":\"\",\"datePublished\":\"2019-08-14T23:50:07+00:00\",\"author\":{\"@id\":\"https:\\\/\\\/quehacerpolitico.mx\\\/#\\\/schema\\\/person\\\/496d8ad2d1d3f8036101dca7ee39e585\"},\"breadcrumb\":{\"@id\":\"https:\\\/\\\/quehacerpolitico.mx\\\/?p=35111#breadcrumb\"},\"inLanguage\":\"es\",\"potentialAction\":[{\"@type\":\"ReadAction\",\"target\":[\"https:\\\/\\\/quehacerpolitico.mx\\\/?p=35111\"]}]},{\"@type\":\"ImageObject\",\"inLanguage\":\"es\",\"@id\":\"https:\\\/\\\/quehacerpolitico.mx\\\/?p=35111#primaryimage\",\"url\":\"\",\"contentUrl\":\"\"},{\"@type\":\"BreadcrumbList\",\"@id\":\"https:\\\/\\\/quehacerpolitico.mx\\\/?p=35111#breadcrumb\",\"itemListElement\":[{\"@type\":\"ListItem\",\"position\":1,\"name\":\"Inicio\",\"item\":\"https:\\\/\\\/quehacerpolitico.mx\\\/\"},{\"@type\":\"ListItem\",\"position\":2,\"name\":\"Captan en video a alpinistas dentro del cr\u00e1ter del Popocat\u00e9petl\"}]},{\"@type\":\"WebSite\",\"@id\":\"https:\\\/\\\/quehacerpolitico.mx\\\/#website\",\"url\":\"https:\\\/\\\/quehacerpolitico.mx\\\/\",\"name\":\"\",\"description\":\"\",\"potentialAction\":[{\"@type\":\"SearchAction\",\"target\":{\"@type\":\"EntryPoint\",\"urlTemplate\":\"https:\\\/\\\/quehacerpolitico.mx\\\/?s={search_term_string}\"},\"query-input\":{\"@type\":\"PropertyValueSpecification\",\"valueRequired\":true,\"valueName\":\"search_term_string\"}}],\"inLanguage\":\"es\"},{\"@type\":\"Person\",\"@id\":\"https:\\\/\\\/quehacerpolitico.mx\\\/#\\\/schema\\\/person\\\/496d8ad2d1d3f8036101dca7ee39e585\",\"name\":\"Redacci\u00f3n QP\",\"image\":{\"@type\":\"ImageObject\",\"inLanguage\":\"es\",\"@id\":\"https:\\\/\\\/secure.gravatar.com\\\/avatar\\\/c7164ed6fdec453195284ad24a5ae5b6e1eed2b848477fa2a4787ba9adf39a41?s=96&d=mm&r=g\",\"url\":\"https:\\\/\\\/secure.gravatar.com\\\/avatar\\\/c7164ed6fdec453195284ad24a5ae5b6e1eed2b848477fa2a4787ba9adf39a41?s=96&d=mm&r=g\",\"contentUrl\":\"https:\\\/\\\/secure.gravatar.com\\\/avatar\\\/c7164ed6fdec453195284ad24a5ae5b6e1eed2b848477fa2a4787ba9adf39a41?s=96&d=mm&r=g\",\"caption\":\"Redacci\u00f3n QP\"},\"url\":\"https:\\\/\\\/quehacerpolitico.mx\\\/?author=2\"}]}<\/script>\n<!-- \/ Yoast SEO plugin. -->","yoast_head_json":{"title":"Captan en video a alpinistas dentro del cr\u00e1ter del Popocat\u00e9petl -","robots":{"index":"index","follow":"follow","max-snippet":"max-snippet:-1","max-image-preview":"max-image-preview:large","max-video-preview":"max-video-preview:-1"},"canonical":"https:\/\/quehacerpolitico.mx\/?p=35111","og_locale":"es_MX","og_type":"article","og_title":"Captan en video a alpinistas dentro del cr\u00e1ter del Popocat\u00e9petl -","og_description":"Captan en video a alpinistas dentro del cr\u00e1ter del Popocat\u00e9petl Por Redacci\u00f3n QP","og_url":"https:\/\/quehacerpolitico.mx\/?p=35111","article_published_time":"2019-08-14T23:50:07+00:00","author":"Redacci\u00f3n QP","twitter_card":"summary_large_image","twitter_misc":{"Escrito por":"Redacci\u00f3n QP","Tiempo de lectura":"3 minutos"},"schema":{"@context":"https:\/\/schema.org","@graph":[{"@type":"Article","@id":"https:\/\/quehacerpolitico.mx\/?p=35111#article","isPartOf":{"@id":"https:\/\/quehacerpolitico.mx\/?p=35111"},"author":{"name":"Redacci\u00f3n QP","@id":"https:\/\/quehacerpolitico.mx\/#\/schema\/person\/496d8ad2d1d3f8036101dca7ee39e585"},"headline":"Captan en video a alpinistas dentro del cr\u00e1ter del Popocat\u00e9petl","datePublished":"2019-08-14T23:50:07+00:00","mainEntityOfPage":{"@id":"https:\/\/quehacerpolitico.mx\/?p=35111"},"wordCount":582,"commentCount":0,"image":{"@id":"https:\/\/quehacerpolitico.mx\/?p=35111#primaryimage"},"thumbnailUrl":"","articleSection":["Noticias"],"inLanguage":"es","potentialAction":[{"@type":"CommentAction","name":"Comment","target":["https:\/\/quehacerpolitico.mx\/?p=35111#respond"]}]},{"@type":"WebPage","@id":"https:\/\/quehacerpolitico.mx\/?p=35111","url":"https:\/\/quehacerpolitico.mx\/?p=35111","name":"Captan en video a alpinistas dentro del cr\u00e1ter del Popocat\u00e9petl -","isPartOf":{"@id":"https:\/\/quehacerpolitico.mx\/#website"},"primaryImageOfPage":{"@id":"https:\/\/quehacerpolitico.mx\/?p=35111#primaryimage"},"image":{"@id":"https:\/\/quehacerpolitico.mx\/?p=35111#primaryimage"},"thumbnailUrl":"","datePublished":"2019-08-14T23:50:07+00:00","author":{"@id":"https:\/\/quehacerpolitico.mx\/#\/schema\/person\/496d8ad2d1d3f8036101dca7ee39e585"},"breadcrumb":{"@id":"https:\/\/quehacerpolitico.mx\/?p=35111#breadcrumb"},"inLanguage":"es","potentialAction":[{"@type":"ReadAction","target":["https:\/\/quehacerpolitico.mx\/?p=35111"]}]},{"@type":"ImageObject","inLanguage":"es","@id":"https:\/\/quehacerpolitico.mx\/?p=35111#primaryimage","url":"","contentUrl":""},{"@type":"BreadcrumbList","@id":"https:\/\/quehacerpolitico.mx\/?p=35111#breadcrumb","itemListElement":[{"@type":"ListItem","position":1,"name":"Inicio","item":"https:\/\/quehacerpolitico.mx\/"},{"@type":"ListItem","position":2,"name":"Captan en video a alpinistas dentro del cr\u00e1ter del Popocat\u00e9petl"}]},{"@type":"WebSite","@id":"https:\/\/quehacerpolitico.mx\/#website","url":"https:\/\/quehacerpolitico.mx\/","name":"","description":"","potentialAction":[{"@type":"SearchAction","target":{"@type":"EntryPoint","urlTemplate":"https:\/\/quehacerpolitico.mx\/?s={search_term_string}"},"query-input":{"@type":"PropertyValueSpecification","valueRequired":true,"valueName":"search_term_string"}}],"inLanguage":"es"},{"@type":"Person","@id":"https:\/\/quehacerpolitico.mx\/#\/schema\/person\/496d8ad2d1d3f8036101dca7ee39e585","name":"Redacci\u00f3n QP","image":{"@type":"ImageObject","inLanguage":"es","@id":"https:\/\/secure.gravatar.com\/avatar\/c7164ed6fdec453195284ad24a5ae5b6e1eed2b848477fa2a4787ba9adf39a41?s=96&d=mm&r=g","url":"https:\/\/secure.gravatar.com\/avatar\/c7164ed6fdec453195284ad24a5ae5b6e1eed2b848477fa2a4787ba9adf39a41?s=96&d=mm&r=g","contentUrl":"https:\/\/secure.gravatar.com\/avatar\/c7164ed6fdec453195284ad24a5ae5b6e1eed2b848477fa2a4787ba9adf39a41?s=96&d=mm&r=g","caption":"Redacci\u00f3n QP"},"url":"https:\/\/quehacerpolitico.mx\/?author=2"}]}},"featured_image_urls":{"full":"","thumbnail":"","medium":"","medium_large":"","large":"","1536x1536":"","2048x2048":"","covernews-featured":"","covernews-medium":""},"author_info":{"display_name":"Redacci\u00f3n QP","author_link":"https:\/\/quehacerpolitico.mx\/?author=2"},"category_info":"<a href=\"https:\/\/quehacerpolitico.mx\/?cat=2\" rel=\"category\">Noticias<\/a>","tag_info":"Noticias","comment_count":"0","_links":{"self":[{"href":"https:\/\/quehacerpolitico.mx\/index.php?rest_route=\/wp\/v2\/posts\/35111","targetHints":{"allow":["GET"]}}],"collection":[{"href":"https:\/\/quehacerpolitico.mx\/index.php?rest_route=\/wp\/v2\/posts"}],"about":[{"href":"https:\/\/quehacerpolitico.mx\/index.php?rest_route=\/wp\/v2\/types\/post"}],"author":[{"embeddable":true,"href":"https:\/\/quehacerpolitico.mx\/index.php?rest_route=\/wp\/v2\/users\/2"}],"replies":[{"embeddable":true,"href":"https:\/\/quehacerpolitico.mx\/index.php?rest_route=%2Fwp%2Fv2%2Fcomments&post=35111"}],"version-history":[{"count":0,"href":"https:\/\/quehacerpolitico.mx\/index.php?rest_route=\/wp\/v2\/posts\/35111\/revisions"}],"wp:featuredmedia":[{"embeddable":true,"href":"https:\/\/quehacerpolitico.mx\/index.php?rest_route=\/"}],"wp:attachment":[{"href":"https:\/\/quehacerpolitico.mx\/index.php?rest_route=%2Fwp%2Fv2%2Fmedia&parent=35111"}],"wp:term":[{"taxonomy":"category","embeddable":true,"href":"https:\/\/quehacerpolitico.mx\/index.php?rest_route=%2Fwp%2Fv2%2Fcategories&post=35111"},{"taxonomy":"post_tag","embeddable":true,"href":"https:\/\/quehacerpolitico.mx\/index.php?rest_route=%2Fwp%2Fv2%2Ftags&post=35111"}],"curies":[{"name":"wp","href":"https:\/\/api.w.org\/{rel}","templated":true}]}}