{"id":35108,"date":"2019-08-14T23:00:05","date_gmt":"2019-08-14T23:00:05","guid":{"rendered":"http:\/\/quehacerpolitico.mx\/van-11-policias-vinculados-a-proceso-por-violacion-ernestina-godoy\/"},"modified":"2019-08-14T23:00:05","modified_gmt":"2019-08-14T23:00:05","slug":"van-11-policias-vinculados-a-proceso-por-violacion-ernestina-godoy","status":"publish","type":"post","link":"https:\/\/quehacerpolitico.mx\/?p=35108","title":{"rendered":"Van 11 polic\u00edas vinculados a proceso por violaci\u00f3n: Ernestina Godoy"},"content":{"rendered":"<h1 class=\"news-title\">Van 11 polic\u00edas vinculados a proceso por violaci\u00f3n: Ernestina Godoy<\/h1>\n<p>Por Redacci\u00f3n QP<\/p>\n<header class=\"news-header\">\n<div class=\"news-subtitle\">\n<p>La procuradora capitalina se\u00f1ala que, durante la actual administraci\u00f3n, se ha dado seguimiento a todas las denuncias de esta naturaleza<\/p>\n<\/div>\n<\/header>\n<div class=\"news-content\">\n<div class=\"news-body row\">\n<p>La titular de la Procuradur\u00eda General de Justicia de la Ciudad de M\u00e9xico, Ernestina Godoy Ramos,\u00a0inform\u00f3 que durante la actual administraci\u00f3n en la capital del pa\u00eds han sido vinculados a proceso por el delito de violaci\u00f3n 11 polic\u00edas de la Secretar\u00eda de Seguridad Ciudadana (SSC).<\/p>\n<blockquote>\n<p>&#8220;Tenemos varios, y pr\u00e1cticamente todas las denuncias que nos han presentado se han vinculado a proceso&#8221;<\/p>\n<\/blockquote>\n<p>Entrevistada tras participar en los &#8220;Di\u00e1logos cero impunidad y justicia absoluta para las mujeres y ni\u00f1as v\u00edctimas de violencia&#8221; en el Antiguo Palacio del Ayuntamiento, la funcionaria capitalina se\u00f1al\u00f3 que <strong>se trata de polic\u00edas auxiliares o de la bancaria, cuya culpabilidad o inocencia ser\u00e1 determinada por los jueces.<\/strong><\/p>\n<p>&#8220;Tenemos varios, y pr\u00e1cticamente todas las denuncias que nos han presentado se han vinculado a proceso&#8221;, mencion\u00f3.<\/p>\n<p>Respecto al caso de la joven de 17 a\u00f1os, quien denunci\u00f3 haber sido violada por varios polic\u00edas en la alcald\u00eda Azcapotzalco, dijo que la Direcci\u00f3n General de Asuntos Internos de la SSC es la encargada de la investigaci\u00f3n y se\u00f1al\u00f3 que <strong>10 elementos han acudido a declarar ante la Fiscal\u00eda de Delitos Sexuales y seis est\u00e1n suspendidos.<\/strong><\/p>\n<blockquote class=\"twitter-tweet\" data-width=\"550\" data-dnt=\"true\">\n<p lang=\"es\" dir=\"ltr\">\u00bfLo pueden creer?<\/p>\n<p>Ya son 11 casos de polic\u00edas vinculados a investigaci\u00f3n por presuntos delitos sexuales en lo que va de la actual administraci\u00f3n, asegur\u00f3 Ernestina Godoy titular de la @PGJDF_CDMX <a href=\"https:\/\/t.co\/AdKYmPhP5U\">pic.twitter.com\/AdKYmPhP5U<\/a><\/p>\n<p>&mdash; Ruido en la Red (@RuidoEnLaRed) <a href=\"https:\/\/twitter.com\/RuidoEnLaRed\/status\/1161744302491480064?ref_src=twsrc%5Etfw\">August 14, 2019<\/a><\/p><\/blockquote>\n<p><script async src=\"https:\/\/platform.twitter.com\/widgets.js\" charset=\"utf-8\"><\/script><\/p>\n<p>Tambi\u00e9n, se\u00f1al\u00f3 Godoy Ramos, <strong>se contin\u00faa con la indagatoria para descubrir qui\u00e9n fue el responsable de la filtraci\u00f3n de la carpeta de investigaci\u00f3n de ese caso<\/strong>, pues tanto servidores p\u00fablicos de la Procuradur\u00eda capitalina a su cargo como de la SSC tienen acceso a esta informaci\u00f3n.<\/p>\n<p>&#8220;Estamos viendo qui\u00e9nes tuvieron acceso a la carpeta o a la informaci\u00f3n, que a veces no es s\u00f3lo la carpeta, para ir ubicando cual es el c\u00edrculo en el que tenemos que estar investigando, varios tienen acceso a la carpeta&#8221;, dijo.<\/p>\n<p>Godoy Ramos aclar\u00f3 que no se solapar\u00e1n las filtraciones de informaci\u00f3n y asegur\u00f3 que ser\u00e1n sancionados los responsables.<\/p>\n<blockquote class=\"twitter-tweet\" data-width=\"550\" data-dnt=\"true\">\n<p lang=\"es\" dir=\"ltr\">La @PGJDF_CDMX  ya investiga la filtraci\u00f3n de informaci\u00f3n respecto al caso de la joven presuntamente violada por 4 polic\u00edas de Azcapotzalco. <\/p>\n<p>As\u00ed como otros casos que se han filtrado, inform\u00f3 su titular, Ernestina Godoy. <a href=\"https:\/\/t.co\/jW3ykded3r\">pic.twitter.com\/jW3ykded3r<\/a><\/p>\n<p>&mdash; Ruido en la Red (@RuidoEnLaRed) <a href=\"https:\/\/twitter.com\/RuidoEnLaRed\/status\/1161736958516834304?ref_src=twsrc%5Etfw\">August 14, 2019<\/a><\/p><\/blockquote>\n<p><script async src=\"https:\/\/platform.twitter.com\/widgets.js\" charset=\"utf-8\"><\/script><\/p>\n<p>&#8220;Nosotros estamos en contra de las filtraciones y las estamos investigando todas, todas las que hemos tenido en carpetas han ido avanzando, en algunos casos estamos ya muy cerca&#8230; bueno, ya hubo una sanci\u00f3n&#8221;, expuso.<\/p>\n<\/div>\n<\/div>\n","protected":false},"excerpt":{"rendered":"<p>Van 11 polic\u00edas vinculados a proceso por violaci\u00f3n: Ernestina Godoy<br \/>\nPor Redacci\u00f3n QP<\/p>\n","protected":false},"author":2,"featured_media":35107,"comment_status":"open","ping_status":"open","sticky":false,"template":"","format":"standard","meta":{"_monsterinsights_skip_tracking":false,"_monsterinsights_sitenote_active":false,"_monsterinsights_sitenote_note":"","_monsterinsights_sitenote_category":0,"footnotes":""},"categories":[55],"tags":[],"class_list":["post-35108","post","type-post","status-publish","format-standard","has-post-thumbnail","hentry","category-cdmx"],"yoast_head":"<!-- This site is optimized with the Yoast SEO plugin v27.3 - https:\/\/yoast.com\/product\/yoast-seo-wordpress\/ -->\n<title>Van 11 polic\u00edas vinculados a proceso por violaci\u00f3n: Ernestina Godoy -<\/title>\n<meta name=\"robots\" content=\"index, follow, max-snippet:-1, max-image-preview:large, max-video-preview:-1\" \/>\n<link rel=\"canonical\" href=\"https:\/\/quehacerpolitico.mx\/?p=35108\" \/>\n<meta property=\"og:locale\" content=\"es_MX\" \/>\n<meta property=\"og:type\" content=\"article\" \/>\n<meta property=\"og:title\" content=\"Van 11 polic\u00edas vinculados a proceso por violaci\u00f3n: Ernestina Godoy -\" \/>\n<meta property=\"og:description\" content=\"Van 11 polic\u00edas vinculados a proceso por violaci\u00f3n: Ernestina Godoy Por Redacci\u00f3n QP\" \/>\n<meta property=\"og:url\" content=\"https:\/\/quehacerpolitico.mx\/?p=35108\" \/>\n<meta property=\"article:published_time\" content=\"2019-08-14T23:00:05+00:00\" \/>\n<meta name=\"author\" content=\"Redacci\u00f3n QP\" \/>\n<meta name=\"twitter:card\" content=\"summary_large_image\" \/>\n<meta name=\"twitter:label1\" content=\"Escrito por\" \/>\n\t<meta name=\"twitter:data1\" content=\"Redacci\u00f3n QP\" \/>\n\t<meta name=\"twitter:label2\" content=\"Tiempo de lectura\" \/>\n\t<meta name=\"twitter:data2\" content=\"2 minutos\" \/>\n<script type=\"application\/ld+json\" class=\"yoast-schema-graph\">{\"@context\":\"https:\\\/\\\/schema.org\",\"@graph\":[{\"@type\":\"Article\",\"@id\":\"https:\\\/\\\/quehacerpolitico.mx\\\/?p=35108#article\",\"isPartOf\":{\"@id\":\"https:\\\/\\\/quehacerpolitico.mx\\\/?p=35108\"},\"author\":{\"name\":\"Redacci\u00f3n QP\",\"@id\":\"https:\\\/\\\/quehacerpolitico.mx\\\/#\\\/schema\\\/person\\\/496d8ad2d1d3f8036101dca7ee39e585\"},\"headline\":\"Van 11 polic\u00edas vinculados a proceso por violaci\u00f3n: Ernestina Godoy\",\"datePublished\":\"2019-08-14T23:00:05+00:00\",\"mainEntityOfPage\":{\"@id\":\"https:\\\/\\\/quehacerpolitico.mx\\\/?p=35108\"},\"wordCount\":420,\"commentCount\":0,\"image\":{\"@id\":\"https:\\\/\\\/quehacerpolitico.mx\\\/?p=35108#primaryimage\"},\"thumbnailUrl\":\"\",\"articleSection\":[\"CDMX\"],\"inLanguage\":\"es\",\"potentialAction\":[{\"@type\":\"CommentAction\",\"name\":\"Comment\",\"target\":[\"https:\\\/\\\/quehacerpolitico.mx\\\/?p=35108#respond\"]}]},{\"@type\":\"WebPage\",\"@id\":\"https:\\\/\\\/quehacerpolitico.mx\\\/?p=35108\",\"url\":\"https:\\\/\\\/quehacerpolitico.mx\\\/?p=35108\",\"name\":\"Van 11 polic\u00edas vinculados a proceso por violaci\u00f3n: Ernestina Godoy -\",\"isPartOf\":{\"@id\":\"https:\\\/\\\/quehacerpolitico.mx\\\/#website\"},\"primaryImageOfPage\":{\"@id\":\"https:\\\/\\\/quehacerpolitico.mx\\\/?p=35108#primaryimage\"},\"image\":{\"@id\":\"https:\\\/\\\/quehacerpolitico.mx\\\/?p=35108#primaryimage\"},\"thumbnailUrl\":\"\",\"datePublished\":\"2019-08-14T23:00:05+00:00\",\"author\":{\"@id\":\"https:\\\/\\\/quehacerpolitico.mx\\\/#\\\/schema\\\/person\\\/496d8ad2d1d3f8036101dca7ee39e585\"},\"breadcrumb\":{\"@id\":\"https:\\\/\\\/quehacerpolitico.mx\\\/?p=35108#breadcrumb\"},\"inLanguage\":\"es\",\"potentialAction\":[{\"@type\":\"ReadAction\",\"target\":[\"https:\\\/\\\/quehacerpolitico.mx\\\/?p=35108\"]}]},{\"@type\":\"ImageObject\",\"inLanguage\":\"es\",\"@id\":\"https:\\\/\\\/quehacerpolitico.mx\\\/?p=35108#primaryimage\",\"url\":\"\",\"contentUrl\":\"\"},{\"@type\":\"BreadcrumbList\",\"@id\":\"https:\\\/\\\/quehacerpolitico.mx\\\/?p=35108#breadcrumb\",\"itemListElement\":[{\"@type\":\"ListItem\",\"position\":1,\"name\":\"Inicio\",\"item\":\"https:\\\/\\\/quehacerpolitico.mx\\\/\"},{\"@type\":\"ListItem\",\"position\":2,\"name\":\"Van 11 polic\u00edas vinculados a proceso por violaci\u00f3n: Ernestina Godoy\"}]},{\"@type\":\"WebSite\",\"@id\":\"https:\\\/\\\/quehacerpolitico.mx\\\/#website\",\"url\":\"https:\\\/\\\/quehacerpolitico.mx\\\/\",\"name\":\"\",\"description\":\"\",\"potentialAction\":[{\"@type\":\"SearchAction\",\"target\":{\"@type\":\"EntryPoint\",\"urlTemplate\":\"https:\\\/\\\/quehacerpolitico.mx\\\/?s={search_term_string}\"},\"query-input\":{\"@type\":\"PropertyValueSpecification\",\"valueRequired\":true,\"valueName\":\"search_term_string\"}}],\"inLanguage\":\"es\"},{\"@type\":\"Person\",\"@id\":\"https:\\\/\\\/quehacerpolitico.mx\\\/#\\\/schema\\\/person\\\/496d8ad2d1d3f8036101dca7ee39e585\",\"name\":\"Redacci\u00f3n QP\",\"image\":{\"@type\":\"ImageObject\",\"inLanguage\":\"es\",\"@id\":\"https:\\\/\\\/secure.gravatar.com\\\/avatar\\\/c7164ed6fdec453195284ad24a5ae5b6e1eed2b848477fa2a4787ba9adf39a41?s=96&d=mm&r=g\",\"url\":\"https:\\\/\\\/secure.gravatar.com\\\/avatar\\\/c7164ed6fdec453195284ad24a5ae5b6e1eed2b848477fa2a4787ba9adf39a41?s=96&d=mm&r=g\",\"contentUrl\":\"https:\\\/\\\/secure.gravatar.com\\\/avatar\\\/c7164ed6fdec453195284ad24a5ae5b6e1eed2b848477fa2a4787ba9adf39a41?s=96&d=mm&r=g\",\"caption\":\"Redacci\u00f3n QP\"},\"url\":\"https:\\\/\\\/quehacerpolitico.mx\\\/?author=2\"}]}<\/script>\n<!-- \/ Yoast SEO plugin. -->","yoast_head_json":{"title":"Van 11 polic\u00edas vinculados a proceso por violaci\u00f3n: Ernestina Godoy -","robots":{"index":"index","follow":"follow","max-snippet":"max-snippet:-1","max-image-preview":"max-image-preview:large","max-video-preview":"max-video-preview:-1"},"canonical":"https:\/\/quehacerpolitico.mx\/?p=35108","og_locale":"es_MX","og_type":"article","og_title":"Van 11 polic\u00edas vinculados a proceso por violaci\u00f3n: Ernestina Godoy -","og_description":"Van 11 polic\u00edas vinculados a proceso por violaci\u00f3n: Ernestina Godoy Por Redacci\u00f3n QP","og_url":"https:\/\/quehacerpolitico.mx\/?p=35108","article_published_time":"2019-08-14T23:00:05+00:00","author":"Redacci\u00f3n QP","twitter_card":"summary_large_image","twitter_misc":{"Escrito por":"Redacci\u00f3n QP","Tiempo de lectura":"2 minutos"},"schema":{"@context":"https:\/\/schema.org","@graph":[{"@type":"Article","@id":"https:\/\/quehacerpolitico.mx\/?p=35108#article","isPartOf":{"@id":"https:\/\/quehacerpolitico.mx\/?p=35108"},"author":{"name":"Redacci\u00f3n QP","@id":"https:\/\/quehacerpolitico.mx\/#\/schema\/person\/496d8ad2d1d3f8036101dca7ee39e585"},"headline":"Van 11 polic\u00edas vinculados a proceso por violaci\u00f3n: Ernestina Godoy","datePublished":"2019-08-14T23:00:05+00:00","mainEntityOfPage":{"@id":"https:\/\/quehacerpolitico.mx\/?p=35108"},"wordCount":420,"commentCount":0,"image":{"@id":"https:\/\/quehacerpolitico.mx\/?p=35108#primaryimage"},"thumbnailUrl":"","articleSection":["CDMX"],"inLanguage":"es","potentialAction":[{"@type":"CommentAction","name":"Comment","target":["https:\/\/quehacerpolitico.mx\/?p=35108#respond"]}]},{"@type":"WebPage","@id":"https:\/\/quehacerpolitico.mx\/?p=35108","url":"https:\/\/quehacerpolitico.mx\/?p=35108","name":"Van 11 polic\u00edas vinculados a proceso por violaci\u00f3n: Ernestina Godoy -","isPartOf":{"@id":"https:\/\/quehacerpolitico.mx\/#website"},"primaryImageOfPage":{"@id":"https:\/\/quehacerpolitico.mx\/?p=35108#primaryimage"},"image":{"@id":"https:\/\/quehacerpolitico.mx\/?p=35108#primaryimage"},"thumbnailUrl":"","datePublished":"2019-08-14T23:00:05+00:00","author":{"@id":"https:\/\/quehacerpolitico.mx\/#\/schema\/person\/496d8ad2d1d3f8036101dca7ee39e585"},"breadcrumb":{"@id":"https:\/\/quehacerpolitico.mx\/?p=35108#breadcrumb"},"inLanguage":"es","potentialAction":[{"@type":"ReadAction","target":["https:\/\/quehacerpolitico.mx\/?p=35108"]}]},{"@type":"ImageObject","inLanguage":"es","@id":"https:\/\/quehacerpolitico.mx\/?p=35108#primaryimage","url":"","contentUrl":""},{"@type":"BreadcrumbList","@id":"https:\/\/quehacerpolitico.mx\/?p=35108#breadcrumb","itemListElement":[{"@type":"ListItem","position":1,"name":"Inicio","item":"https:\/\/quehacerpolitico.mx\/"},{"@type":"ListItem","position":2,"name":"Van 11 polic\u00edas vinculados a proceso por violaci\u00f3n: Ernestina Godoy"}]},{"@type":"WebSite","@id":"https:\/\/quehacerpolitico.mx\/#website","url":"https:\/\/quehacerpolitico.mx\/","name":"","description":"","potentialAction":[{"@type":"SearchAction","target":{"@type":"EntryPoint","urlTemplate":"https:\/\/quehacerpolitico.mx\/?s={search_term_string}"},"query-input":{"@type":"PropertyValueSpecification","valueRequired":true,"valueName":"search_term_string"}}],"inLanguage":"es"},{"@type":"Person","@id":"https:\/\/quehacerpolitico.mx\/#\/schema\/person\/496d8ad2d1d3f8036101dca7ee39e585","name":"Redacci\u00f3n QP","image":{"@type":"ImageObject","inLanguage":"es","@id":"https:\/\/secure.gravatar.com\/avatar\/c7164ed6fdec453195284ad24a5ae5b6e1eed2b848477fa2a4787ba9adf39a41?s=96&d=mm&r=g","url":"https:\/\/secure.gravatar.com\/avatar\/c7164ed6fdec453195284ad24a5ae5b6e1eed2b848477fa2a4787ba9adf39a41?s=96&d=mm&r=g","contentUrl":"https:\/\/secure.gravatar.com\/avatar\/c7164ed6fdec453195284ad24a5ae5b6e1eed2b848477fa2a4787ba9adf39a41?s=96&d=mm&r=g","caption":"Redacci\u00f3n QP"},"url":"https:\/\/quehacerpolitico.mx\/?author=2"}]}},"featured_image_urls":{"full":"","thumbnail":"","medium":"","medium_large":"","large":"","1536x1536":"","2048x2048":"","covernews-featured":"","covernews-medium":""},"author_info":{"display_name":"Redacci\u00f3n QP","author_link":"https:\/\/quehacerpolitico.mx\/?author=2"},"category_info":"<a href=\"https:\/\/quehacerpolitico.mx\/?cat=55\" rel=\"category\">CDMX<\/a>","tag_info":"CDMX","comment_count":"0","_links":{"self":[{"href":"https:\/\/quehacerpolitico.mx\/index.php?rest_route=\/wp\/v2\/posts\/35108","targetHints":{"allow":["GET"]}}],"collection":[{"href":"https:\/\/quehacerpolitico.mx\/index.php?rest_route=\/wp\/v2\/posts"}],"about":[{"href":"https:\/\/quehacerpolitico.mx\/index.php?rest_route=\/wp\/v2\/types\/post"}],"author":[{"embeddable":true,"href":"https:\/\/quehacerpolitico.mx\/index.php?rest_route=\/wp\/v2\/users\/2"}],"replies":[{"embeddable":true,"href":"https:\/\/quehacerpolitico.mx\/index.php?rest_route=%2Fwp%2Fv2%2Fcomments&post=35108"}],"version-history":[{"count":0,"href":"https:\/\/quehacerpolitico.mx\/index.php?rest_route=\/wp\/v2\/posts\/35108\/revisions"}],"wp:featuredmedia":[{"embeddable":true,"href":"https:\/\/quehacerpolitico.mx\/index.php?rest_route=\/"}],"wp:attachment":[{"href":"https:\/\/quehacerpolitico.mx\/index.php?rest_route=%2Fwp%2Fv2%2Fmedia&parent=35108"}],"wp:term":[{"taxonomy":"category","embeddable":true,"href":"https:\/\/quehacerpolitico.mx\/index.php?rest_route=%2Fwp%2Fv2%2Fcategories&post=35108"},{"taxonomy":"post_tag","embeddable":true,"href":"https:\/\/quehacerpolitico.mx\/index.php?rest_route=%2Fwp%2Fv2%2Ftags&post=35108"}],"curies":[{"name":"wp","href":"https:\/\/api.w.org\/{rel}","templated":true}]}}