{"id":35087,"date":"2019-08-14T18:09:21","date_gmt":"2019-08-14T18:09:21","guid":{"rendered":"http:\/\/quehacerpolitico.mx\/desde-el-curul-fortaleceran-la-participacion-de-jovenes-en-la-ciudad-de-mexico-con-reformas-a-la-ley\/"},"modified":"2019-08-14T18:09:21","modified_gmt":"2019-08-14T18:09:21","slug":"desde-el-curul-fortaleceran-la-participacion-de-jovenes-en-la-ciudad-de-mexico-con-reformas-a-la-ley","status":"publish","type":"post","link":"https:\/\/quehacerpolitico.mx\/?p=35087","title":{"rendered":"Desde el Curul\/\/\/Fortalecer\u00e1n la participaci\u00f3n de j\u00f3venes en la Ciudad de M\u00e9xico, con reformas a la ley"},"content":{"rendered":"<p>Fortalecer\u00e1n la participaci\u00f3n de j\u00f3venes en la Ciudad de M\u00e9xico, con reformas a la ley<\/p>\n<p>Por Redacci\u00f3n QP<\/p>\n<div class=\"s12\"><span class=\"s10\">\u2022 <\/span><span class=\"s11\"><span class=\"bumpedFont15\">Presenta el diputado Jos\u00e9 Luis Rodr\u00edguez iniciativa <\/span><\/span><span class=\"s11\"><span class=\"bumpedFont15\">de reforma<\/span><\/span><span class=\"s11\"><span class=\"bumpedFont15\"> para empoderar a este sector de la poblaci\u00f3n<\/span><\/span><\/div>\n<div class=\"s12\"><span class=\"s10\">\u2022 <\/span><span class=\"s11\"><span class=\"bumpedFont15\">Las personas j\u00f3venes son agentes de cambio, indica la propuesta de modificaciones<\/span><\/span><\/div>\n<p class=\"s13\"><span class=\"s6\"><span class=\"bumpedFont15\">El diputado Jos\u00e9 Luis Rodr\u00edguez D\u00edaz de Le\u00f3n, del grupo parlamentario de MORENA, present\u00f3 ante la Comisi\u00f3n Permanente<\/span><\/span><span class=\"s6\"><span class=\"bumpedFont15\"> del Congreso de la Ciudad de M\u00e9xico<\/span><\/span><span class=\"s6\"><span class=\"bumpedFont15\">, \u00a0la iniciativa <\/span><\/span><span class=\"s6\"><span class=\"bumpedFont15\">para <\/span><\/span><span class=\"s6\"><span class=\"bumpedFont15\">reformar<\/span><\/span> <span class=\"s6\"><span class=\"bumpedFont15\">la Ley de los Derechos de las Personas J\u00f3venes en la Ciudad de M\u00e9xico<\/span><\/span><span class=\"s6\"><span class=\"bumpedFont15\"> y con ello fortalecer <\/span><\/span><span class=\"s6\"><span class=\"bumpedFont15\">la participaci\u00f3n de <\/span><\/span><span class=\"s6\"><span class=\"bumpedFont15\">este sector de la sociedad<\/span><\/span><span class=\"s6\"><span class=\"bumpedFont15\">.<\/span><\/span><\/p>\n<p class=\"s13\"><span class=\"s6\"><span class=\"bumpedFont15\">La iniciativa se\u00f1ala que tal y como lo establece la Constituci\u00f3n Pol\u00edtica de los Estados Unidos Mexicanos y la Carta Magna local, las personas j\u00f3venes gozan de derechos que les permiten participar en la vida democr\u00e1tica<\/span><\/span><\/p>\n<p class=\"s13\"><span class=\"s6\"><span class=\"bumpedFont15\">S<\/span><\/span><span class=\"s6\"><span class=\"bumpedFont15\">in embargo, la Ley de los Derechos de las Personas J\u00f3venes en la Ciudad de M\u00e9xico no expone de manera concreta la participaci\u00f3n que este sector de la poblaci\u00f3n puede tener en los procesos democr\u00e1ticos de la capital<\/span><\/span><span class=\"s6\"><span class=\"bumpedFont15\">,<\/span><\/span><span class=\"s6\"><span class=\"bumpedFont15\"> y otros derechos que la <\/span><\/span><span class=\"s6\"><span class=\"bumpedFont15\">C<\/span><\/span><span class=\"s6\"><span class=\"bumpedFont15\">onstituci\u00f3n capitalina les ha otorgado. <\/span><\/span><\/p>\n<p class=\"s13\"><span class=\"s6\"><span class=\"bumpedFont15\">El documento<\/span><\/span><span class=\"s6\"><span class=\"bumpedFont15\"> destaca la importancia de realizar dichas modificaciones, toda vez que las personas j\u00f3venes son agentes de cambio, ya que movilizan el avance de los Objetivos de Desarrollo Sostenible para mejorar las vidas de la gente y la salud del planeta<\/span><\/span><span class=\"s6\"><span class=\"bumpedFont15\">.<\/span><\/span><\/p>\n<p class=\"s13\"><span class=\"s6\"><span class=\"bumpedFont15\">Tambi\u00e9n indica que las organizaciones dirigidas por j\u00f3venes necesitan ser fomentadas a participar <\/span><\/span><span class=\"s6\"><span class=\"bumpedFont15\">en las <\/span><\/span><span class=\"s6\"><span class=\"bumpedFont15\">pol\u00edticas p\u00fablicas<\/span><\/span><span class=\"s6\"><span class=\"bumpedFont15\">, ya que e<\/span><\/span><span class=\"s6\"><span class=\"bumpedFont15\">llos juegan un papel significativo en la implementaci\u00f3n, monitoreo y r<\/span><\/span><span class=\"s6\"><span class=\"bumpedFont15\">evisi\u00f3n de la a<\/span><\/span><span class=\"s6\"><span class=\"bumpedFont15\">genda. <\/span><\/span><\/p>\n<p class=\"s13\"><span class=\"s6\"><span class=\"bumpedFont15\">Algunos de los puntos relevantes de la iniciativa son: g<\/span><\/span><span class=\"s6\"><span class=\"bumpedFont15\">arantizar el derecho a participar en la observaci\u00f3n electoral y en la toma de las decisiones p\u00fablicas en los \u00e1mbitos familiar, escolar, social, comunitario.<\/span><\/span><\/p>\n<p class=\"s14\"><span class=\"s6\"><span class=\"bumpedFont15\">Las personas j\u00f3venes tendr\u00e1n la protecci\u00f3n de la ley para participar en la vida p\u00fablica y en la planeaci\u00f3n y desarrollo de la Ciudad. Las autoridades adoptar\u00e1n medidas para garantizar el pleno ejercicio de sus derechos<\/span><\/span><span class=\"s6\"><span class=\"bumpedFont15\">.<\/span><\/span><\/p>\n<p class=\"s14\"><span class=\"s6\"><span class=\"bumpedFont15\">Adem\u00e1s, <\/span><\/span><span class=\"s6\"><span class=\"bumpedFont15\">las autoridades de la Ciudad deben implementar pol\u00edticas hacia las personas j\u00f3venes emprendedoras con programas de fomento que agilicen su constituci\u00f3n y fortalezcan capacidades, competencias laborales y acceso al cr\u00e9dito.<\/span><\/span><\/p>\n<p class=\"s13\"><span class=\"s6\"><span class=\"bumpedFont15\">La iniciativa fue turnada a la Comisi\u00f3n de Juventud del Congreso de la Ciudad de M\u00e9xico para su an\u00e1lisis y dictamen.<\/span><\/span><\/p>\n","protected":false},"excerpt":{"rendered":"<p>Fortalecer\u00e1n la participaci\u00f3n de j\u00f3venes en la Ciudad de M\u00e9xico, con reformas a la ley<br \/>\nPor Redacci\u00f3n QP<\/p>\n","protected":false},"author":2,"featured_media":35086,"comment_status":"open","ping_status":"open","sticky":false,"template":"","format":"standard","meta":{"_monsterinsights_skip_tracking":false,"_monsterinsights_sitenote_active":false,"_monsterinsights_sitenote_note":"","_monsterinsights_sitenote_category":0,"footnotes":""},"categories":[55],"tags":[],"class_list":["post-35087","post","type-post","status-publish","format-standard","has-post-thumbnail","hentry","category-cdmx"],"yoast_head":"<!-- This site is optimized with the Yoast SEO plugin v27.3 - https:\/\/yoast.com\/product\/yoast-seo-wordpress\/ -->\n<title>Desde el Curul\/\/\/Fortalecer\u00e1n la participaci\u00f3n de j\u00f3venes en la Ciudad de M\u00e9xico, con reformas a la ley -<\/title>\n<meta name=\"robots\" content=\"index, follow, max-snippet:-1, max-image-preview:large, max-video-preview:-1\" \/>\n<link rel=\"canonical\" href=\"https:\/\/quehacerpolitico.mx\/?p=35087\" \/>\n<meta property=\"og:locale\" content=\"es_MX\" \/>\n<meta property=\"og:type\" content=\"article\" \/>\n<meta property=\"og:title\" content=\"Desde el Curul\/\/\/Fortalecer\u00e1n la participaci\u00f3n de j\u00f3venes en la Ciudad de M\u00e9xico, con reformas a la ley -\" \/>\n<meta property=\"og:description\" content=\"Fortalecer\u00e1n la participaci\u00f3n de j\u00f3venes en la Ciudad de M\u00e9xico, con reformas a la ley Por Redacci\u00f3n QP\" \/>\n<meta property=\"og:url\" content=\"https:\/\/quehacerpolitico.mx\/?p=35087\" \/>\n<meta property=\"article:published_time\" content=\"2019-08-14T18:09:21+00:00\" \/>\n<meta name=\"author\" content=\"Redacci\u00f3n QP\" \/>\n<meta name=\"twitter:card\" content=\"summary_large_image\" \/>\n<meta name=\"twitter:label1\" content=\"Escrito por\" \/>\n\t<meta name=\"twitter:data1\" content=\"Redacci\u00f3n QP\" \/>\n\t<meta name=\"twitter:label2\" content=\"Tiempo de lectura\" \/>\n\t<meta name=\"twitter:data2\" content=\"2 minutos\" \/>\n<script type=\"application\/ld+json\" class=\"yoast-schema-graph\">{\"@context\":\"https:\\\/\\\/schema.org\",\"@graph\":[{\"@type\":\"Article\",\"@id\":\"https:\\\/\\\/quehacerpolitico.mx\\\/?p=35087#article\",\"isPartOf\":{\"@id\":\"https:\\\/\\\/quehacerpolitico.mx\\\/?p=35087\"},\"author\":{\"name\":\"Redacci\u00f3n QP\",\"@id\":\"https:\\\/\\\/quehacerpolitico.mx\\\/#\\\/schema\\\/person\\\/496d8ad2d1d3f8036101dca7ee39e585\"},\"headline\":\"Desde el Curul\\\/\\\/\\\/Fortalecer\u00e1n la participaci\u00f3n de j\u00f3venes en la Ciudad de M\u00e9xico, con reformas a la ley\",\"datePublished\":\"2019-08-14T18:09:21+00:00\",\"mainEntityOfPage\":{\"@id\":\"https:\\\/\\\/quehacerpolitico.mx\\\/?p=35087\"},\"wordCount\":460,\"commentCount\":0,\"image\":{\"@id\":\"https:\\\/\\\/quehacerpolitico.mx\\\/?p=35087#primaryimage\"},\"thumbnailUrl\":\"\",\"articleSection\":[\"CDMX\"],\"inLanguage\":\"es\",\"potentialAction\":[{\"@type\":\"CommentAction\",\"name\":\"Comment\",\"target\":[\"https:\\\/\\\/quehacerpolitico.mx\\\/?p=35087#respond\"]}]},{\"@type\":\"WebPage\",\"@id\":\"https:\\\/\\\/quehacerpolitico.mx\\\/?p=35087\",\"url\":\"https:\\\/\\\/quehacerpolitico.mx\\\/?p=35087\",\"name\":\"Desde el Curul\\\/\\\/\\\/Fortalecer\u00e1n la participaci\u00f3n de j\u00f3venes en la Ciudad de M\u00e9xico, con reformas a la ley -\",\"isPartOf\":{\"@id\":\"https:\\\/\\\/quehacerpolitico.mx\\\/#website\"},\"primaryImageOfPage\":{\"@id\":\"https:\\\/\\\/quehacerpolitico.mx\\\/?p=35087#primaryimage\"},\"image\":{\"@id\":\"https:\\\/\\\/quehacerpolitico.mx\\\/?p=35087#primaryimage\"},\"thumbnailUrl\":\"\",\"datePublished\":\"2019-08-14T18:09:21+00:00\",\"author\":{\"@id\":\"https:\\\/\\\/quehacerpolitico.mx\\\/#\\\/schema\\\/person\\\/496d8ad2d1d3f8036101dca7ee39e585\"},\"breadcrumb\":{\"@id\":\"https:\\\/\\\/quehacerpolitico.mx\\\/?p=35087#breadcrumb\"},\"inLanguage\":\"es\",\"potentialAction\":[{\"@type\":\"ReadAction\",\"target\":[\"https:\\\/\\\/quehacerpolitico.mx\\\/?p=35087\"]}]},{\"@type\":\"ImageObject\",\"inLanguage\":\"es\",\"@id\":\"https:\\\/\\\/quehacerpolitico.mx\\\/?p=35087#primaryimage\",\"url\":\"\",\"contentUrl\":\"\"},{\"@type\":\"BreadcrumbList\",\"@id\":\"https:\\\/\\\/quehacerpolitico.mx\\\/?p=35087#breadcrumb\",\"itemListElement\":[{\"@type\":\"ListItem\",\"position\":1,\"name\":\"Inicio\",\"item\":\"https:\\\/\\\/quehacerpolitico.mx\\\/\"},{\"@type\":\"ListItem\",\"position\":2,\"name\":\"Desde el Curul\\\/\\\/\\\/Fortalecer\u00e1n la participaci\u00f3n de j\u00f3venes en la Ciudad de M\u00e9xico, con reformas a la ley\"}]},{\"@type\":\"WebSite\",\"@id\":\"https:\\\/\\\/quehacerpolitico.mx\\\/#website\",\"url\":\"https:\\\/\\\/quehacerpolitico.mx\\\/\",\"name\":\"\",\"description\":\"\",\"potentialAction\":[{\"@type\":\"SearchAction\",\"target\":{\"@type\":\"EntryPoint\",\"urlTemplate\":\"https:\\\/\\\/quehacerpolitico.mx\\\/?s={search_term_string}\"},\"query-input\":{\"@type\":\"PropertyValueSpecification\",\"valueRequired\":true,\"valueName\":\"search_term_string\"}}],\"inLanguage\":\"es\"},{\"@type\":\"Person\",\"@id\":\"https:\\\/\\\/quehacerpolitico.mx\\\/#\\\/schema\\\/person\\\/496d8ad2d1d3f8036101dca7ee39e585\",\"name\":\"Redacci\u00f3n QP\",\"image\":{\"@type\":\"ImageObject\",\"inLanguage\":\"es\",\"@id\":\"https:\\\/\\\/secure.gravatar.com\\\/avatar\\\/c7164ed6fdec453195284ad24a5ae5b6e1eed2b848477fa2a4787ba9adf39a41?s=96&d=mm&r=g\",\"url\":\"https:\\\/\\\/secure.gravatar.com\\\/avatar\\\/c7164ed6fdec453195284ad24a5ae5b6e1eed2b848477fa2a4787ba9adf39a41?s=96&d=mm&r=g\",\"contentUrl\":\"https:\\\/\\\/secure.gravatar.com\\\/avatar\\\/c7164ed6fdec453195284ad24a5ae5b6e1eed2b848477fa2a4787ba9adf39a41?s=96&d=mm&r=g\",\"caption\":\"Redacci\u00f3n QP\"},\"url\":\"https:\\\/\\\/quehacerpolitico.mx\\\/?author=2\"}]}<\/script>\n<!-- \/ Yoast SEO plugin. -->","yoast_head_json":{"title":"Desde el Curul\/\/\/Fortalecer\u00e1n la participaci\u00f3n de j\u00f3venes en la Ciudad de M\u00e9xico, con reformas a la ley -","robots":{"index":"index","follow":"follow","max-snippet":"max-snippet:-1","max-image-preview":"max-image-preview:large","max-video-preview":"max-video-preview:-1"},"canonical":"https:\/\/quehacerpolitico.mx\/?p=35087","og_locale":"es_MX","og_type":"article","og_title":"Desde el Curul\/\/\/Fortalecer\u00e1n la participaci\u00f3n de j\u00f3venes en la Ciudad de M\u00e9xico, con reformas a la ley -","og_description":"Fortalecer\u00e1n la participaci\u00f3n de j\u00f3venes en la Ciudad de M\u00e9xico, con reformas a la ley Por Redacci\u00f3n QP","og_url":"https:\/\/quehacerpolitico.mx\/?p=35087","article_published_time":"2019-08-14T18:09:21+00:00","author":"Redacci\u00f3n QP","twitter_card":"summary_large_image","twitter_misc":{"Escrito por":"Redacci\u00f3n QP","Tiempo de lectura":"2 minutos"},"schema":{"@context":"https:\/\/schema.org","@graph":[{"@type":"Article","@id":"https:\/\/quehacerpolitico.mx\/?p=35087#article","isPartOf":{"@id":"https:\/\/quehacerpolitico.mx\/?p=35087"},"author":{"name":"Redacci\u00f3n QP","@id":"https:\/\/quehacerpolitico.mx\/#\/schema\/person\/496d8ad2d1d3f8036101dca7ee39e585"},"headline":"Desde el Curul\/\/\/Fortalecer\u00e1n la participaci\u00f3n de j\u00f3venes en la Ciudad de M\u00e9xico, con reformas a la ley","datePublished":"2019-08-14T18:09:21+00:00","mainEntityOfPage":{"@id":"https:\/\/quehacerpolitico.mx\/?p=35087"},"wordCount":460,"commentCount":0,"image":{"@id":"https:\/\/quehacerpolitico.mx\/?p=35087#primaryimage"},"thumbnailUrl":"","articleSection":["CDMX"],"inLanguage":"es","potentialAction":[{"@type":"CommentAction","name":"Comment","target":["https:\/\/quehacerpolitico.mx\/?p=35087#respond"]}]},{"@type":"WebPage","@id":"https:\/\/quehacerpolitico.mx\/?p=35087","url":"https:\/\/quehacerpolitico.mx\/?p=35087","name":"Desde el Curul\/\/\/Fortalecer\u00e1n la participaci\u00f3n de j\u00f3venes en la Ciudad de M\u00e9xico, con reformas a la ley -","isPartOf":{"@id":"https:\/\/quehacerpolitico.mx\/#website"},"primaryImageOfPage":{"@id":"https:\/\/quehacerpolitico.mx\/?p=35087#primaryimage"},"image":{"@id":"https:\/\/quehacerpolitico.mx\/?p=35087#primaryimage"},"thumbnailUrl":"","datePublished":"2019-08-14T18:09:21+00:00","author":{"@id":"https:\/\/quehacerpolitico.mx\/#\/schema\/person\/496d8ad2d1d3f8036101dca7ee39e585"},"breadcrumb":{"@id":"https:\/\/quehacerpolitico.mx\/?p=35087#breadcrumb"},"inLanguage":"es","potentialAction":[{"@type":"ReadAction","target":["https:\/\/quehacerpolitico.mx\/?p=35087"]}]},{"@type":"ImageObject","inLanguage":"es","@id":"https:\/\/quehacerpolitico.mx\/?p=35087#primaryimage","url":"","contentUrl":""},{"@type":"BreadcrumbList","@id":"https:\/\/quehacerpolitico.mx\/?p=35087#breadcrumb","itemListElement":[{"@type":"ListItem","position":1,"name":"Inicio","item":"https:\/\/quehacerpolitico.mx\/"},{"@type":"ListItem","position":2,"name":"Desde el Curul\/\/\/Fortalecer\u00e1n la participaci\u00f3n de j\u00f3venes en la Ciudad de M\u00e9xico, con reformas a la ley"}]},{"@type":"WebSite","@id":"https:\/\/quehacerpolitico.mx\/#website","url":"https:\/\/quehacerpolitico.mx\/","name":"","description":"","potentialAction":[{"@type":"SearchAction","target":{"@type":"EntryPoint","urlTemplate":"https:\/\/quehacerpolitico.mx\/?s={search_term_string}"},"query-input":{"@type":"PropertyValueSpecification","valueRequired":true,"valueName":"search_term_string"}}],"inLanguage":"es"},{"@type":"Person","@id":"https:\/\/quehacerpolitico.mx\/#\/schema\/person\/496d8ad2d1d3f8036101dca7ee39e585","name":"Redacci\u00f3n QP","image":{"@type":"ImageObject","inLanguage":"es","@id":"https:\/\/secure.gravatar.com\/avatar\/c7164ed6fdec453195284ad24a5ae5b6e1eed2b848477fa2a4787ba9adf39a41?s=96&d=mm&r=g","url":"https:\/\/secure.gravatar.com\/avatar\/c7164ed6fdec453195284ad24a5ae5b6e1eed2b848477fa2a4787ba9adf39a41?s=96&d=mm&r=g","contentUrl":"https:\/\/secure.gravatar.com\/avatar\/c7164ed6fdec453195284ad24a5ae5b6e1eed2b848477fa2a4787ba9adf39a41?s=96&d=mm&r=g","caption":"Redacci\u00f3n QP"},"url":"https:\/\/quehacerpolitico.mx\/?author=2"}]}},"featured_image_urls":{"full":"","thumbnail":"","medium":"","medium_large":"","large":"","1536x1536":"","2048x2048":"","covernews-featured":"","covernews-medium":""},"author_info":{"display_name":"Redacci\u00f3n QP","author_link":"https:\/\/quehacerpolitico.mx\/?author=2"},"category_info":"<a href=\"https:\/\/quehacerpolitico.mx\/?cat=55\" rel=\"category\">CDMX<\/a>","tag_info":"CDMX","comment_count":"0","_links":{"self":[{"href":"https:\/\/quehacerpolitico.mx\/index.php?rest_route=\/wp\/v2\/posts\/35087","targetHints":{"allow":["GET"]}}],"collection":[{"href":"https:\/\/quehacerpolitico.mx\/index.php?rest_route=\/wp\/v2\/posts"}],"about":[{"href":"https:\/\/quehacerpolitico.mx\/index.php?rest_route=\/wp\/v2\/types\/post"}],"author":[{"embeddable":true,"href":"https:\/\/quehacerpolitico.mx\/index.php?rest_route=\/wp\/v2\/users\/2"}],"replies":[{"embeddable":true,"href":"https:\/\/quehacerpolitico.mx\/index.php?rest_route=%2Fwp%2Fv2%2Fcomments&post=35087"}],"version-history":[{"count":0,"href":"https:\/\/quehacerpolitico.mx\/index.php?rest_route=\/wp\/v2\/posts\/35087\/revisions"}],"wp:featuredmedia":[{"embeddable":true,"href":"https:\/\/quehacerpolitico.mx\/index.php?rest_route=\/"}],"wp:attachment":[{"href":"https:\/\/quehacerpolitico.mx\/index.php?rest_route=%2Fwp%2Fv2%2Fmedia&parent=35087"}],"wp:term":[{"taxonomy":"category","embeddable":true,"href":"https:\/\/quehacerpolitico.mx\/index.php?rest_route=%2Fwp%2Fv2%2Fcategories&post=35087"},{"taxonomy":"post_tag","embeddable":true,"href":"https:\/\/quehacerpolitico.mx\/index.php?rest_route=%2Fwp%2Fv2%2Ftags&post=35087"}],"curies":[{"name":"wp","href":"https:\/\/api.w.org\/{rel}","templated":true}]}}