{"id":35081,"date":"2019-08-14T17:16:38","date_gmt":"2019-08-14T17:16:38","guid":{"rendered":"http:\/\/quehacerpolitico.mx\/unam-suspende-a-empleado-de-la-prepa-3-tras-denuncia-de-alumna\/"},"modified":"2019-08-14T17:16:38","modified_gmt":"2019-08-14T17:16:38","slug":"unam-suspende-a-empleado-de-la-prepa-3-tras-denuncia-de-alumna","status":"publish","type":"post","link":"https:\/\/quehacerpolitico.mx\/?p=35081","title":{"rendered":"UNAM suspende a empleado de la Prepa 3 tras denuncia de alumna"},"content":{"rendered":"<h1 class=\"fSize30\">UNAM suspende a empleado de la Prepa 3 tras denuncia de alumna<\/h1>\n<p>Por Redacci\u00f3n QP<\/p>\n<p>La joven y su madre acusan discriminaci\u00f3n por parte del empleado cuando acudieron a denunciar lo ocurrido el pasado jueves 8 de agosto, donde la estudiante fue encontrada semidesnuda luego de ser drogada<\/p>\n<p>La <strong>Universidad Nacional Aut\u00f3noma de M\u00e9xico<\/strong>(UNAM) dio a conocer que suspendi\u00f3 de manera temporal al secretario de <strong>Apoyo a la Comunidad<\/strong> de la <strong>Escuela Nacional Preparatoria<\/strong> (ENP) n\u00famero 3, identificado como <strong>Enrique Medina<\/strong>, esto tras la denuncia de la estudiante de 14 a\u00f1os que fue encontrada semidesnuda en las instalaciones de la instituci\u00f3n acad\u00e9mica, quien asegur\u00f3 fue v\u00edctima de discriminaci\u00f3n por parte del empleado.<\/p>\n<p>Lo anterior habr\u00eda ocurrido cuando ella, acompa\u00f1ada de su madre, acudieron a la Preparatoria 3 para denunciar que fue drogada y abusada sexualmente por un adulto dentro de las instalaciones de la instituci\u00f3n.<\/p>\n<p>En este sentido la <strong>UNAM<\/strong> inform\u00f3 en un comunicado que la <strong>Procuradur\u00eda de Justicia de la Ciudad de<\/strong><strong>M\u00e9xico<\/strong> abri\u00f3 una carpeta de investigaci\u00f3n sobre dichos los delitos.<\/p>\n<p>No obstante, la <strong>M\u00e1xima Casa<\/strong> <strong>de Estudios<\/strong> inform\u00f3 que no ha tenido conocimiento, hasta el momento, de denuncia alguna por parte de la alumna ni de su familia de que haya sido v\u00edctima de un delito sexual. No obstante, dej\u00f3 en claro que de ser presentada la denuncia actuar\u00e1 en consecuencia.<\/p>\n<p>Asimismo, la <strong>UNAM<\/strong> dijo que las autoridades de la <strong>ENP<\/strong> mantienen contacto con la alumna y sus familiares para el acompa\u00f1amiento, atenci\u00f3n y apoyo necesarios durante todo el proceso, que permitan una investigaci\u00f3n a fondo y el esclarecimiento de los hechos denunciados.<\/p>\n<blockquote class=\"twitter-tweet\" data-width=\"550\" data-dnt=\"true\">\n<p lang=\"es\" dir=\"ltr\"><a href=\"https:\/\/twitter.com\/hashtag\/Bolet%C3%ADnUNAM?src=hash&amp;ref_src=twsrc%5Etfw\">#Bolet\u00ednUNAM<\/a> La UNAM informa que no ha tenido conocimiento de denuncia alguna por parte de una alumna de la preparatoria nro. 3, acerca de que haya sido v\u00edctima de un delito sexual &gt; <a href=\"https:\/\/t.co\/NlLWTaVLJB\">https:\/\/t.co\/NlLWTaVLJB<\/a> <a href=\"https:\/\/t.co\/rFcYgIw1Nl\">pic.twitter.com\/rFcYgIw1Nl<\/a><\/p>\n<p>&mdash; UNAM (@UNAM_MX) <a href=\"https:\/\/twitter.com\/UNAM_MX\/status\/1161431956770439169?ref_src=twsrc%5Etfw\">August 14, 2019<\/a><\/p><\/blockquote>\n<p><script async src=\"https:\/\/platform.twitter.com\/widgets.js\" charset=\"utf-8\"><\/script><\/p>\n","protected":false},"excerpt":{"rendered":"<p>UNAM suspende a empleado de la Prepa 3 tras denuncia de alumna<br \/>\nPor Redacci\u00f3n QP<\/p>\n","protected":false},"author":2,"featured_media":35080,"comment_status":"open","ping_status":"open","sticky":false,"template":"","format":"standard","meta":{"_monsterinsights_skip_tracking":false,"_monsterinsights_sitenote_active":false,"_monsterinsights_sitenote_note":"","_monsterinsights_sitenote_category":0,"footnotes":""},"categories":[55],"tags":[],"class_list":["post-35081","post","type-post","status-publish","format-standard","has-post-thumbnail","hentry","category-cdmx"],"yoast_head":"<!-- This site is optimized with the Yoast SEO plugin v27.3 - https:\/\/yoast.com\/product\/yoast-seo-wordpress\/ -->\n<title>UNAM suspende a empleado de la Prepa 3 tras denuncia de alumna -<\/title>\n<meta name=\"robots\" content=\"index, follow, max-snippet:-1, max-image-preview:large, max-video-preview:-1\" \/>\n<link rel=\"canonical\" href=\"https:\/\/quehacerpolitico.mx\/?p=35081\" \/>\n<meta property=\"og:locale\" content=\"es_MX\" \/>\n<meta property=\"og:type\" content=\"article\" \/>\n<meta property=\"og:title\" content=\"UNAM suspende a empleado de la Prepa 3 tras denuncia de alumna -\" \/>\n<meta property=\"og:description\" content=\"UNAM suspende a empleado de la Prepa 3 tras denuncia de alumna Por Redacci\u00f3n QP\" \/>\n<meta property=\"og:url\" content=\"https:\/\/quehacerpolitico.mx\/?p=35081\" \/>\n<meta property=\"article:published_time\" content=\"2019-08-14T17:16:38+00:00\" \/>\n<meta name=\"author\" content=\"Redacci\u00f3n QP\" \/>\n<meta name=\"twitter:card\" content=\"summary_large_image\" \/>\n<meta name=\"twitter:label1\" content=\"Escrito por\" \/>\n\t<meta name=\"twitter:data1\" content=\"Redacci\u00f3n QP\" \/>\n\t<meta name=\"twitter:label2\" content=\"Tiempo de lectura\" \/>\n\t<meta name=\"twitter:data2\" content=\"1 minuto\" \/>\n<script type=\"application\/ld+json\" class=\"yoast-schema-graph\">{\"@context\":\"https:\\\/\\\/schema.org\",\"@graph\":[{\"@type\":\"Article\",\"@id\":\"https:\\\/\\\/quehacerpolitico.mx\\\/?p=35081#article\",\"isPartOf\":{\"@id\":\"https:\\\/\\\/quehacerpolitico.mx\\\/?p=35081\"},\"author\":{\"name\":\"Redacci\u00f3n QP\",\"@id\":\"https:\\\/\\\/quehacerpolitico.mx\\\/#\\\/schema\\\/person\\\/496d8ad2d1d3f8036101dca7ee39e585\"},\"headline\":\"UNAM suspende a empleado de la Prepa 3 tras denuncia de alumna\",\"datePublished\":\"2019-08-14T17:16:38+00:00\",\"mainEntityOfPage\":{\"@id\":\"https:\\\/\\\/quehacerpolitico.mx\\\/?p=35081\"},\"wordCount\":301,\"commentCount\":0,\"image\":{\"@id\":\"https:\\\/\\\/quehacerpolitico.mx\\\/?p=35081#primaryimage\"},\"thumbnailUrl\":\"\",\"articleSection\":[\"CDMX\"],\"inLanguage\":\"es\",\"potentialAction\":[{\"@type\":\"CommentAction\",\"name\":\"Comment\",\"target\":[\"https:\\\/\\\/quehacerpolitico.mx\\\/?p=35081#respond\"]}]},{\"@type\":\"WebPage\",\"@id\":\"https:\\\/\\\/quehacerpolitico.mx\\\/?p=35081\",\"url\":\"https:\\\/\\\/quehacerpolitico.mx\\\/?p=35081\",\"name\":\"UNAM suspende a empleado de la Prepa 3 tras denuncia de alumna -\",\"isPartOf\":{\"@id\":\"https:\\\/\\\/quehacerpolitico.mx\\\/#website\"},\"primaryImageOfPage\":{\"@id\":\"https:\\\/\\\/quehacerpolitico.mx\\\/?p=35081#primaryimage\"},\"image\":{\"@id\":\"https:\\\/\\\/quehacerpolitico.mx\\\/?p=35081#primaryimage\"},\"thumbnailUrl\":\"\",\"datePublished\":\"2019-08-14T17:16:38+00:00\",\"author\":{\"@id\":\"https:\\\/\\\/quehacerpolitico.mx\\\/#\\\/schema\\\/person\\\/496d8ad2d1d3f8036101dca7ee39e585\"},\"breadcrumb\":{\"@id\":\"https:\\\/\\\/quehacerpolitico.mx\\\/?p=35081#breadcrumb\"},\"inLanguage\":\"es\",\"potentialAction\":[{\"@type\":\"ReadAction\",\"target\":[\"https:\\\/\\\/quehacerpolitico.mx\\\/?p=35081\"]}]},{\"@type\":\"ImageObject\",\"inLanguage\":\"es\",\"@id\":\"https:\\\/\\\/quehacerpolitico.mx\\\/?p=35081#primaryimage\",\"url\":\"\",\"contentUrl\":\"\"},{\"@type\":\"BreadcrumbList\",\"@id\":\"https:\\\/\\\/quehacerpolitico.mx\\\/?p=35081#breadcrumb\",\"itemListElement\":[{\"@type\":\"ListItem\",\"position\":1,\"name\":\"Inicio\",\"item\":\"https:\\\/\\\/quehacerpolitico.mx\\\/\"},{\"@type\":\"ListItem\",\"position\":2,\"name\":\"UNAM suspende a empleado de la Prepa 3 tras denuncia de alumna\"}]},{\"@type\":\"WebSite\",\"@id\":\"https:\\\/\\\/quehacerpolitico.mx\\\/#website\",\"url\":\"https:\\\/\\\/quehacerpolitico.mx\\\/\",\"name\":\"\",\"description\":\"\",\"potentialAction\":[{\"@type\":\"SearchAction\",\"target\":{\"@type\":\"EntryPoint\",\"urlTemplate\":\"https:\\\/\\\/quehacerpolitico.mx\\\/?s={search_term_string}\"},\"query-input\":{\"@type\":\"PropertyValueSpecification\",\"valueRequired\":true,\"valueName\":\"search_term_string\"}}],\"inLanguage\":\"es\"},{\"@type\":\"Person\",\"@id\":\"https:\\\/\\\/quehacerpolitico.mx\\\/#\\\/schema\\\/person\\\/496d8ad2d1d3f8036101dca7ee39e585\",\"name\":\"Redacci\u00f3n QP\",\"image\":{\"@type\":\"ImageObject\",\"inLanguage\":\"es\",\"@id\":\"https:\\\/\\\/secure.gravatar.com\\\/avatar\\\/c7164ed6fdec453195284ad24a5ae5b6e1eed2b848477fa2a4787ba9adf39a41?s=96&d=mm&r=g\",\"url\":\"https:\\\/\\\/secure.gravatar.com\\\/avatar\\\/c7164ed6fdec453195284ad24a5ae5b6e1eed2b848477fa2a4787ba9adf39a41?s=96&d=mm&r=g\",\"contentUrl\":\"https:\\\/\\\/secure.gravatar.com\\\/avatar\\\/c7164ed6fdec453195284ad24a5ae5b6e1eed2b848477fa2a4787ba9adf39a41?s=96&d=mm&r=g\",\"caption\":\"Redacci\u00f3n QP\"},\"url\":\"https:\\\/\\\/quehacerpolitico.mx\\\/?author=2\"}]}<\/script>\n<!-- \/ Yoast SEO plugin. -->","yoast_head_json":{"title":"UNAM suspende a empleado de la Prepa 3 tras denuncia de alumna -","robots":{"index":"index","follow":"follow","max-snippet":"max-snippet:-1","max-image-preview":"max-image-preview:large","max-video-preview":"max-video-preview:-1"},"canonical":"https:\/\/quehacerpolitico.mx\/?p=35081","og_locale":"es_MX","og_type":"article","og_title":"UNAM suspende a empleado de la Prepa 3 tras denuncia de alumna -","og_description":"UNAM suspende a empleado de la Prepa 3 tras denuncia de alumna Por Redacci\u00f3n QP","og_url":"https:\/\/quehacerpolitico.mx\/?p=35081","article_published_time":"2019-08-14T17:16:38+00:00","author":"Redacci\u00f3n QP","twitter_card":"summary_large_image","twitter_misc":{"Escrito por":"Redacci\u00f3n QP","Tiempo de lectura":"1 minuto"},"schema":{"@context":"https:\/\/schema.org","@graph":[{"@type":"Article","@id":"https:\/\/quehacerpolitico.mx\/?p=35081#article","isPartOf":{"@id":"https:\/\/quehacerpolitico.mx\/?p=35081"},"author":{"name":"Redacci\u00f3n QP","@id":"https:\/\/quehacerpolitico.mx\/#\/schema\/person\/496d8ad2d1d3f8036101dca7ee39e585"},"headline":"UNAM suspende a empleado de la Prepa 3 tras denuncia de alumna","datePublished":"2019-08-14T17:16:38+00:00","mainEntityOfPage":{"@id":"https:\/\/quehacerpolitico.mx\/?p=35081"},"wordCount":301,"commentCount":0,"image":{"@id":"https:\/\/quehacerpolitico.mx\/?p=35081#primaryimage"},"thumbnailUrl":"","articleSection":["CDMX"],"inLanguage":"es","potentialAction":[{"@type":"CommentAction","name":"Comment","target":["https:\/\/quehacerpolitico.mx\/?p=35081#respond"]}]},{"@type":"WebPage","@id":"https:\/\/quehacerpolitico.mx\/?p=35081","url":"https:\/\/quehacerpolitico.mx\/?p=35081","name":"UNAM suspende a empleado de la Prepa 3 tras denuncia de alumna -","isPartOf":{"@id":"https:\/\/quehacerpolitico.mx\/#website"},"primaryImageOfPage":{"@id":"https:\/\/quehacerpolitico.mx\/?p=35081#primaryimage"},"image":{"@id":"https:\/\/quehacerpolitico.mx\/?p=35081#primaryimage"},"thumbnailUrl":"","datePublished":"2019-08-14T17:16:38+00:00","author":{"@id":"https:\/\/quehacerpolitico.mx\/#\/schema\/person\/496d8ad2d1d3f8036101dca7ee39e585"},"breadcrumb":{"@id":"https:\/\/quehacerpolitico.mx\/?p=35081#breadcrumb"},"inLanguage":"es","potentialAction":[{"@type":"ReadAction","target":["https:\/\/quehacerpolitico.mx\/?p=35081"]}]},{"@type":"ImageObject","inLanguage":"es","@id":"https:\/\/quehacerpolitico.mx\/?p=35081#primaryimage","url":"","contentUrl":""},{"@type":"BreadcrumbList","@id":"https:\/\/quehacerpolitico.mx\/?p=35081#breadcrumb","itemListElement":[{"@type":"ListItem","position":1,"name":"Inicio","item":"https:\/\/quehacerpolitico.mx\/"},{"@type":"ListItem","position":2,"name":"UNAM suspende a empleado de la Prepa 3 tras denuncia de alumna"}]},{"@type":"WebSite","@id":"https:\/\/quehacerpolitico.mx\/#website","url":"https:\/\/quehacerpolitico.mx\/","name":"","description":"","potentialAction":[{"@type":"SearchAction","target":{"@type":"EntryPoint","urlTemplate":"https:\/\/quehacerpolitico.mx\/?s={search_term_string}"},"query-input":{"@type":"PropertyValueSpecification","valueRequired":true,"valueName":"search_term_string"}}],"inLanguage":"es"},{"@type":"Person","@id":"https:\/\/quehacerpolitico.mx\/#\/schema\/person\/496d8ad2d1d3f8036101dca7ee39e585","name":"Redacci\u00f3n QP","image":{"@type":"ImageObject","inLanguage":"es","@id":"https:\/\/secure.gravatar.com\/avatar\/c7164ed6fdec453195284ad24a5ae5b6e1eed2b848477fa2a4787ba9adf39a41?s=96&d=mm&r=g","url":"https:\/\/secure.gravatar.com\/avatar\/c7164ed6fdec453195284ad24a5ae5b6e1eed2b848477fa2a4787ba9adf39a41?s=96&d=mm&r=g","contentUrl":"https:\/\/secure.gravatar.com\/avatar\/c7164ed6fdec453195284ad24a5ae5b6e1eed2b848477fa2a4787ba9adf39a41?s=96&d=mm&r=g","caption":"Redacci\u00f3n QP"},"url":"https:\/\/quehacerpolitico.mx\/?author=2"}]}},"featured_image_urls":{"full":"","thumbnail":"","medium":"","medium_large":"","large":"","1536x1536":"","2048x2048":"","covernews-featured":"","covernews-medium":""},"author_info":{"display_name":"Redacci\u00f3n QP","author_link":"https:\/\/quehacerpolitico.mx\/?author=2"},"category_info":"<a href=\"https:\/\/quehacerpolitico.mx\/?cat=55\" rel=\"category\">CDMX<\/a>","tag_info":"CDMX","comment_count":"0","_links":{"self":[{"href":"https:\/\/quehacerpolitico.mx\/index.php?rest_route=\/wp\/v2\/posts\/35081","targetHints":{"allow":["GET"]}}],"collection":[{"href":"https:\/\/quehacerpolitico.mx\/index.php?rest_route=\/wp\/v2\/posts"}],"about":[{"href":"https:\/\/quehacerpolitico.mx\/index.php?rest_route=\/wp\/v2\/types\/post"}],"author":[{"embeddable":true,"href":"https:\/\/quehacerpolitico.mx\/index.php?rest_route=\/wp\/v2\/users\/2"}],"replies":[{"embeddable":true,"href":"https:\/\/quehacerpolitico.mx\/index.php?rest_route=%2Fwp%2Fv2%2Fcomments&post=35081"}],"version-history":[{"count":0,"href":"https:\/\/quehacerpolitico.mx\/index.php?rest_route=\/wp\/v2\/posts\/35081\/revisions"}],"wp:featuredmedia":[{"embeddable":true,"href":"https:\/\/quehacerpolitico.mx\/index.php?rest_route=\/"}],"wp:attachment":[{"href":"https:\/\/quehacerpolitico.mx\/index.php?rest_route=%2Fwp%2Fv2%2Fmedia&parent=35081"}],"wp:term":[{"taxonomy":"category","embeddable":true,"href":"https:\/\/quehacerpolitico.mx\/index.php?rest_route=%2Fwp%2Fv2%2Fcategories&post=35081"},{"taxonomy":"post_tag","embeddable":true,"href":"https:\/\/quehacerpolitico.mx\/index.php?rest_route=%2Fwp%2Fv2%2Ftags&post=35081"}],"curies":[{"name":"wp","href":"https:\/\/api.w.org\/{rel}","templated":true}]}}