{"id":35069,"date":"2019-08-14T16:19:02","date_gmt":"2019-08-14T16:19:02","guid":{"rendered":"http:\/\/quehacerpolitico.mx\/desde-la-butaca-alvise-calderon-berra-la-parabola-del-trueque-del-maestro-juan-jose-arreola-llega-al-teatro-la-capilla\/"},"modified":"2019-08-14T16:19:02","modified_gmt":"2019-08-14T16:19:02","slug":"desde-la-butaca-alvise-calderon-berra-la-parabola-del-trueque-del-maestro-juan-jose-arreola-llega-al-teatro-la-capilla","status":"publish","type":"post","link":"https:\/\/quehacerpolitico.mx\/?p=35069","title":{"rendered":"Desde la Butaca\/\/\/Alvise Calder\u00f3n Berra\/\/\/LA PAR\u00c1BOLA DEL TRUEQUE, DEL MAESTRO JUAN JOS\u00c9 ARREOLA, LLEGA AL TEATRO LA CAPILLA"},"content":{"rendered":"<p><span class=\"s2\"><span class=\"bumpedFont15\">LA PAR\u00c1BOLA DEL TRUEQUE, D<\/span><\/span><span class=\"s2\"><span class=\"bumpedFont15\">EL MAESTRO <\/span><\/span><span class=\"s2\"><span class=\"bumpedFont15\">JUAN JOS\u00c9 ARREOLA, LLEGA AL TEATRO LA CAPILLA<\/span><\/span><\/p>\n<p>Por Alvise Calder\u00f3n Berra<\/p>\n<div class=\"s7\"><span class=\"s5\">\u2022 <\/span><span class=\"s6\"><span class=\"bumpedFont20\">La par\u00e1bola del trueque <\/span><\/span><span class=\"s6\"><span class=\"bumpedFont20\">es una obra b<\/span><\/span><span class=\"s6\"><span class=\"bumpedFont20\">a<\/span><\/span><span class=\"s6\"><span class=\"bumpedFont20\">sada en el cuentro <\/span><\/span><span class=\"s6\"><span class=\"bumpedFont20\">hom\u00f3nimo de Juan Jos\u00e9 Arreola<\/span><\/span><span class=\"s6\"><span class=\"bumpedFont20\">. <\/span><\/span><\/div>\n<div class=\"s7\"><span class=\"s5\">\u2022 <\/span><span class=\"s6\"><span class=\"bumpedFont20\">Se presentar\u00e1 todos los s\u00e1bados del 3 al 31 de agosto en el Teatro La Capilla. <\/span><\/span><\/div>\n<p class=\"s4\"><span class=\"s8\"><span class=\"bumpedFont20\">La Compa\u00f1\u00eda de Teatro Interdisciplinaria C\u00d3DIGO DE BARRAS<\/span><\/span><span class=\"s8\"><span class=\"bumpedFont20\">presenta su nueva producci\u00f3n<\/span><\/span><span class=\"s8\"><span class=\"bumpedFont20\">: <\/span><\/span><span class=\"s6\"><span class=\"bumpedFont20\">La Par\u00e1bola del trueque<\/span><\/span><span class=\"s8\"><span class=\"bumpedFont20\">, obra basada en el <\/span><\/span><span class=\"s8\"><span class=\"bumpedFont20\">cuento <\/span><\/span><span class=\"s8\"><span class=\"bumpedFont20\">hom\u00f3nimo<\/span><\/span><span class=\"s8\"><span class=\"bumpedFont20\">, <\/span><\/span><span class=\"s8\"><span class=\"bumpedFont20\">perteneciente al libro de relatos <\/span><\/span><span class=\"s6\"><span class=\"bumpedFont20\">Confabulatorio definitivo<\/span><\/span><span class=\"s8\"><span class=\"bumpedFont20\"> del escritor mexicano Juan Jos\u00e9 Arreola<\/span><\/span><span class=\"s8\"><span class=\"bumpedFont20\">cuya obra <\/span><\/span><span class=\"s8\"><span class=\"bumpedFont20\">se caracteriza por <\/span><\/span><span class=\"s8\"><span class=\"bumpedFont20\">su gran <\/span><\/span><span class=\"s8\"><span class=\"bumpedFont20\">inteligencia profunda y l\u00fadica<\/span><\/span><span class=\"s8\"><span class=\"bumpedFont20\">. <\/span><\/span><\/p>\n<p class=\"s4\"><span class=\"s8\"><span class=\"bumpedFont20\">Al grito de <\/span><\/span><span class=\"s8\"><span class=\"bumpedFont20\">\u201c<\/span><\/span><span class=\"s8\"><span class=\"bumpedFont20\">\u00a1Cambio esposas viejas por nuevas!<\/span><\/span><span class=\"s8\"><span class=\"bumpedFont20\">\u201d, e<\/span><\/span><span class=\"s8\"><span class=\"bumpedFont20\">n<\/span><\/span><span class=\"s6\"><span class=\"bumpedFont20\">La Par\u00e1bola del trueque<\/span><\/span><span class=\"s8\"><span class=\"bumpedFont20\">, <\/span><\/span><span class=\"s8\"><span class=\"bumpedFont20\">un mercader <\/span><\/span><span class=\"s8\"><span class=\"bumpedFont20\">recorre las calles del <\/span><\/span><span class=\"s8\"><span class=\"bumpedFont20\">pueblo<\/span><\/span><span class=\"s8\"><span class=\"bumpedFont20\"> cambiando<\/span><\/span><span class=\"s8\"><span class=\"bumpedFont20\">, precisamente, <\/span><\/span><span class=\"s8\"><span class=\"bumpedFont20\">esposas viejas por nuevas, sin revelar la verdadera calidad de su mercanc\u00eda. Los maridos, llenos de pretensi\u00f3n y vanidad, han aceptado gustosos la operaci\u00f3n mercantil, excepto Juan, que al negarse a cambiar a su esposa Sof\u00eda no s\u00f3lo ir\u00e1 descubriendo d\u00f3nde radican la belleza y el amor verdaderos, sino que compartir\u00e1 su descubrimiento con todos aquellos que quieran escuchar esta f\u00e1bula, narrada por un par de vaqueros muy divertidos y juguetones.<\/span><\/span><\/p>\n<p class=\"s4\"><span class=\"s9\"><span class=\"bumpedFont20\">La historia <\/span><\/span><span class=\"s9\"><span class=\"bumpedFont20\">se desarrolla en Zapotl\u00e1n el grande, actualmente Ciudad Guzm\u00e1n, Jalisco, y narra el momento en el que un forastero cambia a las esposas de los lugare\u00f1os, por hermosas y artificiales mujeres de oropel, que al no resistir el paso del tiempo, causar\u00e1n un enorme conflicto en el pueblo.<\/span><\/span><\/p>\n<p class=\"s4\"><span class=\"s8\"><span class=\"bumpedFont20\">Hay muchas maneras de contar un cuento tan espl\u00e9ndidamente escrito como la <\/span><\/span><span class=\"s6\"><span class=\"bumpedFont20\">Par\u00e1bola del trueque<\/span><\/span><span class=\"s8\"><span class=\"bumpedFont20\">de Juan Jos\u00e9 Arreola. <\/span><\/span><span class=\"s8\"><span class=\"bumpedFont20\">Los actores <\/span><\/span><span class=\"s8\"><span class=\"bumpedFont20\">Manuel Acosta (paisano del cuentista) y Alex Sarabia han escogido hacerlo por medio de un universo fant\u00e1stico de objetos que recrean este mundo provinciano y rural, con claros homenajes a la rica tradici\u00f3n artesanal, aderezado con versos y canciones populares que nos hacen sentir esta fantas\u00eda como la cosa m\u00e1s viva y real.<\/span><\/span><\/p>\n<p class=\"s4\"><span class=\"s8\"><span class=\"bumpedFont20\">La elecci\u00f3n de esta forma de narra<\/span><\/span><span class=\"s8\"><span class=\"bumpedFont20\">tiva <\/span><\/span><span class=\"s8\"><span class=\"bumpedFont20\">refuerza el arraigo de Arreola a sus or\u00edgenes, al mismo tiempo que vuelve m\u00e1s claras la moraleja y la reflexi\u00f3n sobre los valores m\u00e1s esenciales que tambi\u00e9n se hallan contenidos en el cuento de Arreola, un hombre que encarna a la perfecci\u00f3n el modelo de quien, pintando su pueblo, pinta el universo. As\u00ed Alex y Manuel<\/span><\/span><span class=\"s8\"><span class=\"bumpedFont20\">, <\/span><\/span><span class=\"s8\"><span class=\"bumpedFont20\">contando un cuento con objetos, crean el mundo m\u00e1s real y verdadero que pueda verse en un escenario. <\/span><\/span><\/p>\n<p class=\"s4\"><span class=\"s6\"><span class=\"bumpedFont20\">La par\u00e1bola del trueque <\/span><\/span><span class=\"s8\"><span class=\"bumpedFont20\">se presentar\u00e1 los s\u00e1bados<\/span><\/span><span class=\"s8\"><span class=\"bumpedFont20\">, a las <\/span><\/span><span class=\"s8\"><span class=\"bumpedFont20\">12:30 <\/span><\/span><span class=\"s8\"><span class=\"bumpedFont20\">hrs<\/span><\/span><span class=\"s8\"><span class=\"bumpedFont20\">.<\/span><\/span><span class=\"s8\"><span class=\"bumpedFont20\">, <\/span><\/span><span class=\"s8\"><span class=\"bumpedFont20\">del 3 al 31 de agosto en el Teatro La Capilla. <\/span><\/span><span class=\"s8\"><span class=\"bumpedFont20\">Compra de b<\/span><\/span><span class=\"s8\"><span class=\"bumpedFont20\">oletos en <\/span><\/span><span class=\"s8\"><span class=\"bumpedFont20\">las <\/span><\/span><span class=\"s8\"><span class=\"bumpedFont20\">taquilla<\/span><\/span><span class=\"s8\"><span class=\"bumpedFont20\">s del teatro o a trav\u00e9s del sistema <\/span><\/span><a href=\"http:\/\/www.boletopolis.com\/\"><span class=\"s11\"><span class=\"bumpedFont20\">www.b<\/span><\/span><span class=\"s11\"><span class=\"bumpedFont20\">oletopolis.com<\/span><\/span><\/a><span class=\"s8\"><span class=\"bumpedFont20\">. El costo de los boletos es de <\/span><\/span><span class=\"s8\"><span class=\"bumpedFont20\">$250<\/span><\/span><span class=\"s8\"><span class=\"bumpedFont20\">.00. Hay d<\/span><\/span><span class=\"s8\"><span class=\"bumpedFont20\">escuentos para estudiantes, maestros e INAPAM<\/span><\/span><span class=\"s8\"><span class=\"bumpedFont20\">.<\/span><\/span><\/p>\n<blockquote class=\"twitter-tweet\" data-width=\"550\" data-dnt=\"true\">\n<p lang=\"es\" dir=\"ltr\">LA PAR\u00c1BOLA DEL TRUEQUE, s\u00e1bados a las 12:30 HRs. del 3 al 31 de agosto, en el Teatro La Capilla, CDMX.<br \/>boletos en<a href=\"https:\/\/t.co\/9FdEkhkwc8\">https:\/\/t.co\/9FdEkhkwc8<\/a> @LocuraTeatral <a href=\"https:\/\/twitter.com\/volveralteatro?ref_src=twsrc%5Etfw\">@volveralteatro<\/a> <a href=\"https:\/\/twitter.com\/LaCapillaTeatro?ref_src=twsrc%5Etfw\">@LaCapillaTeatro<\/a> @VerMuchoQue @GuiaCiudadMx <a href=\"https:\/\/twitter.com\/Movimientoteat?ref_src=twsrc%5Etfw\">@Movimientoteat<\/a> <a href=\"https:\/\/twitter.com\/EscenarioDF?ref_src=twsrc%5Etfw\">@EscenarioDF<\/a> @ElMenudelTeatro <a href=\"https:\/\/twitter.com\/Teatrofiliamx?ref_src=twsrc%5Etfw\">@Teatrofiliamx<\/a> <a href=\"https:\/\/t.co\/FxyKK9sh2F\">pic.twitter.com\/FxyKK9sh2F<\/a><\/p>\n<p>&mdash; La Par\u00e1bola del Trueque (@LTrueque) <a href=\"https:\/\/twitter.com\/LTrueque\/status\/1159210965487038464?ref_src=twsrc%5Etfw\">August 7, 2019<\/a><\/p><\/blockquote>\n<p><script async src=\"https:\/\/platform.twitter.com\/widgets.js\" charset=\"utf-8\"><\/script><\/p>\n<p>\u00a0<\/p>\n<p class=\"s4\"><span class=\"s12\"><span class=\"bumpedFont20\">CR\u00c9DITOS<\/span><\/span><\/p>\n<p class=\"s4\"><span class=\"s8\"><span class=\"bumpedFont20\">Autor: Juan Jos\u00e9 Arreola<\/span><\/span><\/p>\n<p class=\"s4\"><span class=\"s8\"><span class=\"bumpedFont20\">Direc<\/span><\/span><span class=\"s8\"><span class=\"bumpedFont20\">ci\u00f3n<\/span><\/span><span class=\"s8\"><span class=\"bumpedFont20\">: Gabriel Negrete<\/span><\/span><\/p>\n<p class=\"s4\"><span class=\"s8\"><span class=\"bumpedFont20\">Elenco: <\/span><\/span><span class=\"s8\"><span class=\"bumpedFont20\">Manuel Acosta<\/span><\/span><span class=\"s8\"><span class=\"bumpedFont20\"> y <\/span><\/span><span class=\"s8\"><span class=\"bumpedFont20\">Alex Sarabia<\/span><\/span><\/p>\n<p class=\"s4\"><span class=\"s8\"><span class=\"bumpedFont20\">Producci\u00f3n<\/span><\/span><span class=\"s8\"><span class=\"bumpedFont20\">: <\/span><\/span><span class=\"s8\"><span class=\"bumpedFont20\">Compa\u00f1\u00eda de Teatro Interdisciplinaria C\u00d3DIGO DE BARRAS<\/span><\/span><\/p>\n<p class=\"s4\"><span class=\"s8\"><span class=\"bumpedFont20\">Asistente de dramaturgia: Eduardo Contreras Soto<\/span><\/span><\/p>\n<p class=\"s4\"><a name=\"_GoBack\"><\/a><span class=\"s8\"><span class=\"bumpedFont20\">Coreograf\u00eda<\/span><\/span><span class=\"s8\"><span class=\"bumpedFont20\">: <\/span><\/span><span class=\"s8\"><span class=\"bumpedFont20\">Juan Jos\u00e9 <\/span><\/span><span class=\"s8\"><span class=\"bumpedFont20\">Rodr\u00edguez<\/span><\/span><\/p>\n<p class=\"s4\"><span class=\"s8\"><span class=\"bumpedFont20\">Vestuario<\/span><\/span><span class=\"s8\"><span class=\"bumpedFont20\">: <\/span><\/span><span class=\"s8\"><span class=\"bumpedFont20\">Manuel Acosta<\/span><\/span><\/p>\n<p class=\"s4\"><span class=\"s8\"><span class=\"bumpedFont20\">Dise\u00f1o de utiler\u00eda y escenograf\u00eda<\/span><\/span><span class=\"s8\"><span class=\"bumpedFont20\">: <\/span><\/span><span class=\"s8\"><span class=\"bumpedFont20\">Arq. Edson Sa\u00fal Figueroa Cruz<\/span><\/span><\/p>\n<p class=\"s4\"><span class=\"s8\"><span class=\"bumpedFont20\">Realizaci\u00f3n de utiler\u00eda y escenograf\u00eda<\/span><\/span><span class=\"s8\"><span class=\"bumpedFont20\">: <\/span><\/span><span class=\"s8\"><span class=\"bumpedFont20\">J. Jes\u00fas Figueroa Garc\u00eda, Gualberto Rafael Monroy Hern\u00e1ndez, Arnoldo Ceballos Arellano, Iv\u00e1n <\/span><\/span><span class=\"s8\"><span class=\"bumpedFont20\">Serratos Vega<\/span><\/span><\/p>\n<p class=\"s4\"><span class=\"s8\"><span class=\"bumpedFont20\">Iluminaci\u00f3n<\/span><\/span><span class=\"s8\"><span class=\"bumpedFont20\">: <\/span><\/span><span class=\"s8\"><span class=\"bumpedFont20\">Santiago Hern\u00e1ndez<\/span><\/span><\/p>\n<p class=\"s4\"><span class=\"s8\"><span class=\"bumpedFont20\">Dise\u00f1o gr\u00e1fico<\/span><\/span><span class=\"s8\"><span class=\"bumpedFont20\">: <\/span><\/span><span class=\"s8\"><span class=\"bumpedFont20\">\u00c1ngel Medina<\/span><\/span><\/p>\n<p class=\"s4\"><span class=\"s8\"><span class=\"bumpedFont20\">Operaci\u00f3n de audio<\/span><\/span><span class=\"s8\"><span class=\"bumpedFont20\">: <\/span><\/span><span class=\"s8\"><span class=\"bumpedFont20\">Carlos Hern\u00e1ndez<\/span><\/span><\/p>\n<p class=\"s4\"><span class=\"s8\"><span class=\"bumpedFont20\">Asistente de <\/span><\/span><span class=\"s8\"><span class=\"bumpedFont20\">d<\/span><\/span><span class=\"s8\"><span class=\"bumpedFont20\">irecci\u00f3n<\/span><\/span><span class=\"s8\"><span class=\"bumpedFont20\">: <\/span><\/span><span class=\"s8\"><span class=\"bumpedFont20\">Gonzalo Rodr\u00edguez Guti\u00e9rrez<\/span><\/span><\/p>\n<p class=\"s4\"><span class=\"s8\"><span class=\"bumpedFont20\">Arreglos <\/span><\/span><span class=\"s8\"><span class=\"bumpedFont20\">m<\/span><\/span><span class=\"s8\"><span class=\"bumpedFont20\">usicales<\/span><\/span><span class=\"s8\"><span class=\"bumpedFont20\">: <\/span><\/span><span class=\"s8\"><span class=\"bumpedFont20\">Iker Triay<\/span><\/span><\/p>\n<p class=\"s4\"><span class=\"s8\"><span class=\"bumpedFont20\">Director <\/span><\/span><span class=\"s8\"><span class=\"bumpedFont20\">m<\/span><\/span><span class=\"s8\"><span class=\"bumpedFont20\">usical<\/span><\/span><span class=\"s8\"><span class=\"bumpedFont20\">: <\/span><\/span><span class=\"s8\"><span class=\"bumpedFont20\">Enrique Mej\u00eda<\/span><\/span><\/p>\n<p class=\"s4\"><span class=\"s8\"><span class=\"bumpedFont20\">Director <\/span><\/span><span class=\"s8\"><span class=\"bumpedFont20\">g<\/span><\/span><span class=\"s8\"><span class=\"bumpedFont20\">eneral<\/span><\/span><span class=\"s8\"><span class=\"bumpedFont20\">: <\/span><\/span><span class=\"s8\"><span class=\"bumpedFont20\">Manuel Acosta<\/span><\/span><\/p>\n<p>Canales de contacto a trav\u00e9s de redes sociales:<\/p>\n<p class=\"s10\"><span class=\"s8\"><span class=\"bumpedFont20\">Facebook @<\/span><\/span><span class=\"s8\"><span class=\"bumpedFont20\">laparaboladeltruequeteatro<\/span><\/span><\/p>\n<p class=\"s10\"><span class=\"s8\"><span class=\"bumpedFont20\">Twitter @<\/span><\/span><span class=\"s8\"><span class=\"bumpedFont20\">LTrueque<\/span><\/span><\/p>\n<p class=\"s10\"><span class=\"s8\"><span class=\"bumpedFont20\">Instagram @<\/span><\/span><span class=\"s8\"><span class=\"bumpedFont20\">truequeteatro<\/span><\/span><\/p>\n","protected":false},"excerpt":{"rendered":"<p>LA PAR\u00c1BOLA DEL TRUEQUE, DEL MAESTRO JUAN JOS\u00c9 ARREOLA, LLEGA AL TEATRO LA CAPILLA<br \/>\nPor Alvise Calder\u00f3n Berra<\/p>\n","protected":false},"author":2,"featured_media":35068,"comment_status":"open","ping_status":"open","sticky":false,"template":"","format":"standard","meta":{"_monsterinsights_skip_tracking":false,"_monsterinsights_sitenote_active":false,"_monsterinsights_sitenote_note":"","_monsterinsights_sitenote_category":0,"footnotes":""},"categories":[58],"tags":[],"class_list":["post-35069","post","type-post","status-publish","format-standard","has-post-thumbnail","hentry","category-cultura"],"yoast_head":"<!-- This site is optimized with the Yoast SEO plugin v27.3 - https:\/\/yoast.com\/product\/yoast-seo-wordpress\/ -->\n<title>Desde la Butaca\/\/\/Alvise Calder\u00f3n Berra\/\/\/LA PAR\u00c1BOLA DEL TRUEQUE, DEL MAESTRO JUAN JOS\u00c9 ARREOLA, LLEGA AL TEATRO LA CAPILLA -<\/title>\n<meta name=\"robots\" content=\"index, follow, max-snippet:-1, max-image-preview:large, max-video-preview:-1\" \/>\n<link rel=\"canonical\" href=\"https:\/\/quehacerpolitico.mx\/?p=35069\" \/>\n<meta property=\"og:locale\" content=\"es_MX\" \/>\n<meta property=\"og:type\" content=\"article\" \/>\n<meta property=\"og:title\" content=\"Desde la Butaca\/\/\/Alvise Calder\u00f3n Berra\/\/\/LA PAR\u00c1BOLA DEL TRUEQUE, DEL MAESTRO JUAN JOS\u00c9 ARREOLA, LLEGA AL TEATRO LA CAPILLA -\" \/>\n<meta property=\"og:description\" content=\"LA PAR\u00c1BOLA DEL TRUEQUE, DEL MAESTRO JUAN JOS\u00c9 ARREOLA, LLEGA AL TEATRO LA CAPILLA Por Alvise Calder\u00f3n Berra\" \/>\n<meta property=\"og:url\" content=\"https:\/\/quehacerpolitico.mx\/?p=35069\" \/>\n<meta property=\"article:published_time\" content=\"2019-08-14T16:19:02+00:00\" \/>\n<meta name=\"author\" content=\"Redacci\u00f3n QP\" \/>\n<meta name=\"twitter:card\" content=\"summary_large_image\" \/>\n<meta name=\"twitter:label1\" content=\"Escrito por\" \/>\n\t<meta name=\"twitter:data1\" content=\"Redacci\u00f3n QP\" \/>\n\t<meta name=\"twitter:label2\" content=\"Tiempo de lectura\" \/>\n\t<meta name=\"twitter:data2\" content=\"3 minutos\" \/>\n<script type=\"application\/ld+json\" class=\"yoast-schema-graph\">{\"@context\":\"https:\\\/\\\/schema.org\",\"@graph\":[{\"@type\":\"Article\",\"@id\":\"https:\\\/\\\/quehacerpolitico.mx\\\/?p=35069#article\",\"isPartOf\":{\"@id\":\"https:\\\/\\\/quehacerpolitico.mx\\\/?p=35069\"},\"author\":{\"name\":\"Redacci\u00f3n QP\",\"@id\":\"https:\\\/\\\/quehacerpolitico.mx\\\/#\\\/schema\\\/person\\\/496d8ad2d1d3f8036101dca7ee39e585\"},\"headline\":\"Desde la Butaca\\\/\\\/\\\/Alvise Calder\u00f3n Berra\\\/\\\/\\\/LA PAR\u00c1BOLA DEL TRUEQUE, DEL MAESTRO JUAN JOS\u00c9 ARREOLA, LLEGA AL TEATRO LA CAPILLA\",\"datePublished\":\"2019-08-14T16:19:02+00:00\",\"mainEntityOfPage\":{\"@id\":\"https:\\\/\\\/quehacerpolitico.mx\\\/?p=35069\"},\"wordCount\":661,\"commentCount\":0,\"image\":{\"@id\":\"https:\\\/\\\/quehacerpolitico.mx\\\/?p=35069#primaryimage\"},\"thumbnailUrl\":\"\",\"articleSection\":[\"Cultura y Entretenimiento\"],\"inLanguage\":\"es\",\"potentialAction\":[{\"@type\":\"CommentAction\",\"name\":\"Comment\",\"target\":[\"https:\\\/\\\/quehacerpolitico.mx\\\/?p=35069#respond\"]}]},{\"@type\":\"WebPage\",\"@id\":\"https:\\\/\\\/quehacerpolitico.mx\\\/?p=35069\",\"url\":\"https:\\\/\\\/quehacerpolitico.mx\\\/?p=35069\",\"name\":\"Desde la Butaca\\\/\\\/\\\/Alvise Calder\u00f3n Berra\\\/\\\/\\\/LA PAR\u00c1BOLA DEL TRUEQUE, DEL MAESTRO JUAN JOS\u00c9 ARREOLA, LLEGA AL TEATRO LA CAPILLA -\",\"isPartOf\":{\"@id\":\"https:\\\/\\\/quehacerpolitico.mx\\\/#website\"},\"primaryImageOfPage\":{\"@id\":\"https:\\\/\\\/quehacerpolitico.mx\\\/?p=35069#primaryimage\"},\"image\":{\"@id\":\"https:\\\/\\\/quehacerpolitico.mx\\\/?p=35069#primaryimage\"},\"thumbnailUrl\":\"\",\"datePublished\":\"2019-08-14T16:19:02+00:00\",\"author\":{\"@id\":\"https:\\\/\\\/quehacerpolitico.mx\\\/#\\\/schema\\\/person\\\/496d8ad2d1d3f8036101dca7ee39e585\"},\"breadcrumb\":{\"@id\":\"https:\\\/\\\/quehacerpolitico.mx\\\/?p=35069#breadcrumb\"},\"inLanguage\":\"es\",\"potentialAction\":[{\"@type\":\"ReadAction\",\"target\":[\"https:\\\/\\\/quehacerpolitico.mx\\\/?p=35069\"]}]},{\"@type\":\"ImageObject\",\"inLanguage\":\"es\",\"@id\":\"https:\\\/\\\/quehacerpolitico.mx\\\/?p=35069#primaryimage\",\"url\":\"\",\"contentUrl\":\"\"},{\"@type\":\"BreadcrumbList\",\"@id\":\"https:\\\/\\\/quehacerpolitico.mx\\\/?p=35069#breadcrumb\",\"itemListElement\":[{\"@type\":\"ListItem\",\"position\":1,\"name\":\"Inicio\",\"item\":\"https:\\\/\\\/quehacerpolitico.mx\\\/\"},{\"@type\":\"ListItem\",\"position\":2,\"name\":\"Desde la Butaca\\\/\\\/\\\/Alvise Calder\u00f3n Berra\\\/\\\/\\\/LA PAR\u00c1BOLA DEL TRUEQUE, DEL MAESTRO JUAN JOS\u00c9 ARREOLA, LLEGA AL TEATRO LA CAPILLA\"}]},{\"@type\":\"WebSite\",\"@id\":\"https:\\\/\\\/quehacerpolitico.mx\\\/#website\",\"url\":\"https:\\\/\\\/quehacerpolitico.mx\\\/\",\"name\":\"\",\"description\":\"\",\"potentialAction\":[{\"@type\":\"SearchAction\",\"target\":{\"@type\":\"EntryPoint\",\"urlTemplate\":\"https:\\\/\\\/quehacerpolitico.mx\\\/?s={search_term_string}\"},\"query-input\":{\"@type\":\"PropertyValueSpecification\",\"valueRequired\":true,\"valueName\":\"search_term_string\"}}],\"inLanguage\":\"es\"},{\"@type\":\"Person\",\"@id\":\"https:\\\/\\\/quehacerpolitico.mx\\\/#\\\/schema\\\/person\\\/496d8ad2d1d3f8036101dca7ee39e585\",\"name\":\"Redacci\u00f3n QP\",\"image\":{\"@type\":\"ImageObject\",\"inLanguage\":\"es\",\"@id\":\"https:\\\/\\\/secure.gravatar.com\\\/avatar\\\/c7164ed6fdec453195284ad24a5ae5b6e1eed2b848477fa2a4787ba9adf39a41?s=96&d=mm&r=g\",\"url\":\"https:\\\/\\\/secure.gravatar.com\\\/avatar\\\/c7164ed6fdec453195284ad24a5ae5b6e1eed2b848477fa2a4787ba9adf39a41?s=96&d=mm&r=g\",\"contentUrl\":\"https:\\\/\\\/secure.gravatar.com\\\/avatar\\\/c7164ed6fdec453195284ad24a5ae5b6e1eed2b848477fa2a4787ba9adf39a41?s=96&d=mm&r=g\",\"caption\":\"Redacci\u00f3n QP\"},\"url\":\"https:\\\/\\\/quehacerpolitico.mx\\\/?author=2\"}]}<\/script>\n<!-- \/ Yoast SEO plugin. -->","yoast_head_json":{"title":"Desde la Butaca\/\/\/Alvise Calder\u00f3n Berra\/\/\/LA PAR\u00c1BOLA DEL TRUEQUE, DEL MAESTRO JUAN JOS\u00c9 ARREOLA, LLEGA AL TEATRO LA CAPILLA -","robots":{"index":"index","follow":"follow","max-snippet":"max-snippet:-1","max-image-preview":"max-image-preview:large","max-video-preview":"max-video-preview:-1"},"canonical":"https:\/\/quehacerpolitico.mx\/?p=35069","og_locale":"es_MX","og_type":"article","og_title":"Desde la Butaca\/\/\/Alvise Calder\u00f3n Berra\/\/\/LA PAR\u00c1BOLA DEL TRUEQUE, DEL MAESTRO JUAN JOS\u00c9 ARREOLA, LLEGA AL TEATRO LA CAPILLA -","og_description":"LA PAR\u00c1BOLA DEL TRUEQUE, DEL MAESTRO JUAN JOS\u00c9 ARREOLA, LLEGA AL TEATRO LA CAPILLA Por Alvise Calder\u00f3n Berra","og_url":"https:\/\/quehacerpolitico.mx\/?p=35069","article_published_time":"2019-08-14T16:19:02+00:00","author":"Redacci\u00f3n QP","twitter_card":"summary_large_image","twitter_misc":{"Escrito por":"Redacci\u00f3n QP","Tiempo de lectura":"3 minutos"},"schema":{"@context":"https:\/\/schema.org","@graph":[{"@type":"Article","@id":"https:\/\/quehacerpolitico.mx\/?p=35069#article","isPartOf":{"@id":"https:\/\/quehacerpolitico.mx\/?p=35069"},"author":{"name":"Redacci\u00f3n QP","@id":"https:\/\/quehacerpolitico.mx\/#\/schema\/person\/496d8ad2d1d3f8036101dca7ee39e585"},"headline":"Desde la Butaca\/\/\/Alvise Calder\u00f3n Berra\/\/\/LA PAR\u00c1BOLA DEL TRUEQUE, DEL MAESTRO JUAN JOS\u00c9 ARREOLA, LLEGA AL TEATRO LA CAPILLA","datePublished":"2019-08-14T16:19:02+00:00","mainEntityOfPage":{"@id":"https:\/\/quehacerpolitico.mx\/?p=35069"},"wordCount":661,"commentCount":0,"image":{"@id":"https:\/\/quehacerpolitico.mx\/?p=35069#primaryimage"},"thumbnailUrl":"","articleSection":["Cultura y Entretenimiento"],"inLanguage":"es","potentialAction":[{"@type":"CommentAction","name":"Comment","target":["https:\/\/quehacerpolitico.mx\/?p=35069#respond"]}]},{"@type":"WebPage","@id":"https:\/\/quehacerpolitico.mx\/?p=35069","url":"https:\/\/quehacerpolitico.mx\/?p=35069","name":"Desde la Butaca\/\/\/Alvise Calder\u00f3n Berra\/\/\/LA PAR\u00c1BOLA DEL TRUEQUE, DEL MAESTRO JUAN JOS\u00c9 ARREOLA, LLEGA AL TEATRO LA CAPILLA -","isPartOf":{"@id":"https:\/\/quehacerpolitico.mx\/#website"},"primaryImageOfPage":{"@id":"https:\/\/quehacerpolitico.mx\/?p=35069#primaryimage"},"image":{"@id":"https:\/\/quehacerpolitico.mx\/?p=35069#primaryimage"},"thumbnailUrl":"","datePublished":"2019-08-14T16:19:02+00:00","author":{"@id":"https:\/\/quehacerpolitico.mx\/#\/schema\/person\/496d8ad2d1d3f8036101dca7ee39e585"},"breadcrumb":{"@id":"https:\/\/quehacerpolitico.mx\/?p=35069#breadcrumb"},"inLanguage":"es","potentialAction":[{"@type":"ReadAction","target":["https:\/\/quehacerpolitico.mx\/?p=35069"]}]},{"@type":"ImageObject","inLanguage":"es","@id":"https:\/\/quehacerpolitico.mx\/?p=35069#primaryimage","url":"","contentUrl":""},{"@type":"BreadcrumbList","@id":"https:\/\/quehacerpolitico.mx\/?p=35069#breadcrumb","itemListElement":[{"@type":"ListItem","position":1,"name":"Inicio","item":"https:\/\/quehacerpolitico.mx\/"},{"@type":"ListItem","position":2,"name":"Desde la Butaca\/\/\/Alvise Calder\u00f3n Berra\/\/\/LA PAR\u00c1BOLA DEL TRUEQUE, DEL MAESTRO JUAN JOS\u00c9 ARREOLA, LLEGA AL TEATRO LA CAPILLA"}]},{"@type":"WebSite","@id":"https:\/\/quehacerpolitico.mx\/#website","url":"https:\/\/quehacerpolitico.mx\/","name":"","description":"","potentialAction":[{"@type":"SearchAction","target":{"@type":"EntryPoint","urlTemplate":"https:\/\/quehacerpolitico.mx\/?s={search_term_string}"},"query-input":{"@type":"PropertyValueSpecification","valueRequired":true,"valueName":"search_term_string"}}],"inLanguage":"es"},{"@type":"Person","@id":"https:\/\/quehacerpolitico.mx\/#\/schema\/person\/496d8ad2d1d3f8036101dca7ee39e585","name":"Redacci\u00f3n QP","image":{"@type":"ImageObject","inLanguage":"es","@id":"https:\/\/secure.gravatar.com\/avatar\/c7164ed6fdec453195284ad24a5ae5b6e1eed2b848477fa2a4787ba9adf39a41?s=96&d=mm&r=g","url":"https:\/\/secure.gravatar.com\/avatar\/c7164ed6fdec453195284ad24a5ae5b6e1eed2b848477fa2a4787ba9adf39a41?s=96&d=mm&r=g","contentUrl":"https:\/\/secure.gravatar.com\/avatar\/c7164ed6fdec453195284ad24a5ae5b6e1eed2b848477fa2a4787ba9adf39a41?s=96&d=mm&r=g","caption":"Redacci\u00f3n QP"},"url":"https:\/\/quehacerpolitico.mx\/?author=2"}]}},"featured_image_urls":{"full":"","thumbnail":"","medium":"","medium_large":"","large":"","1536x1536":"","2048x2048":"","covernews-featured":"","covernews-medium":""},"author_info":{"display_name":"Redacci\u00f3n QP","author_link":"https:\/\/quehacerpolitico.mx\/?author=2"},"category_info":"<a href=\"https:\/\/quehacerpolitico.mx\/?cat=58\" rel=\"category\">Cultura y Entretenimiento<\/a>","tag_info":"Cultura y Entretenimiento","comment_count":"0","_links":{"self":[{"href":"https:\/\/quehacerpolitico.mx\/index.php?rest_route=\/wp\/v2\/posts\/35069","targetHints":{"allow":["GET"]}}],"collection":[{"href":"https:\/\/quehacerpolitico.mx\/index.php?rest_route=\/wp\/v2\/posts"}],"about":[{"href":"https:\/\/quehacerpolitico.mx\/index.php?rest_route=\/wp\/v2\/types\/post"}],"author":[{"embeddable":true,"href":"https:\/\/quehacerpolitico.mx\/index.php?rest_route=\/wp\/v2\/users\/2"}],"replies":[{"embeddable":true,"href":"https:\/\/quehacerpolitico.mx\/index.php?rest_route=%2Fwp%2Fv2%2Fcomments&post=35069"}],"version-history":[{"count":0,"href":"https:\/\/quehacerpolitico.mx\/index.php?rest_route=\/wp\/v2\/posts\/35069\/revisions"}],"wp:featuredmedia":[{"embeddable":true,"href":"https:\/\/quehacerpolitico.mx\/index.php?rest_route=\/"}],"wp:attachment":[{"href":"https:\/\/quehacerpolitico.mx\/index.php?rest_route=%2Fwp%2Fv2%2Fmedia&parent=35069"}],"wp:term":[{"taxonomy":"category","embeddable":true,"href":"https:\/\/quehacerpolitico.mx\/index.php?rest_route=%2Fwp%2Fv2%2Fcategories&post=35069"},{"taxonomy":"post_tag","embeddable":true,"href":"https:\/\/quehacerpolitico.mx\/index.php?rest_route=%2Fwp%2Fv2%2Ftags&post=35069"}],"curies":[{"name":"wp","href":"https:\/\/api.w.org\/{rel}","templated":true}]}}