{"id":35066,"date":"2019-08-14T15:39:00","date_gmt":"2019-08-14T15:39:00","guid":{"rendered":"http:\/\/quehacerpolitico.mx\/internacionales-carolina-alonso-romei-macri-anuncia-alza-a-salarios-y-ayudas-sociales-tras-reves-en-primarias\/"},"modified":"2019-08-14T15:39:00","modified_gmt":"2019-08-14T15:39:00","slug":"internacionales-carolina-alonso-romei-macri-anuncia-alza-a-salarios-y-ayudas-sociales-tras-reves-en-primarias","status":"publish","type":"post","link":"https:\/\/quehacerpolitico.mx\/?p=35066","title":{"rendered":"Internacionales\/\/\/Carolina Alonso Romei\/\/\/Macri anuncia alza a salarios y ayudas sociales tras rev\u00e9s en primarias"},"content":{"rendered":"<h1 class=\"news-title\">Macri anuncia alza a salarios y ayudas sociales tras rev\u00e9s en primarias<\/h1>\n<p>Por Carolina Alonso Romei\u00a0<\/p>\n<p>Internacionalista\u00a0<\/p>\n<header class=\"news-header\">\n<div class=\"news-subtitle\">\n<p>El presidente de Argentina asegura que las medidas alcanzan a 17 millones de trabajadores y sus familias y a todas las peque\u00f1as y medianas empresas<\/p>\n<\/div>\n<\/header>\n<div class=\"news-content\">\n<div class=\"news-body row\">\n<p>El presidente argentino Mauricio Macri\u00a0anunci\u00f3 este mi\u00e9rcoles medidas ante la situaci\u00f3n financiera en el pa\u00eds sudamericano tras las primarias\u00a0del pasado domingo en que qued\u00f3 en segundo lugar a 15 puntos porcentuales de la f\u00f3rmula que ocup\u00f3 el primer lugar.<\/p>\n<p>\u201cEscuch\u00e9 lo que me dijeron el domingo\u201d, se\u00f1al\u00f3 en un videomensaje desde la residencia de Olivos y <strong>asegur\u00f3 que las medidas alcanzan a 17 millones de trabajadores y sus familias y a todas las peque\u00f1as y medianas empresas a fin de detener la incertidumbre que viven.<\/strong><\/p>\n<p>Manifest\u00f3 su respeto a los argentinos que se pronunciaron por otras f\u00f3rmulas diferente a la que encabez\u00f3.<\/p>\n<p>&#8220;Entiendo su enojo, su cansancio, solo les pido que no pongamos en duda el trabajo que hicimos juntos, porque es mucho, y hay demasiado en juego&#8221;, subray\u00f3 en el mensaje emitido poco antes de que abrieran los mercados financieros.<\/p>\n<div>\n<figure class=\"image\"><img decoding=\"async\" title=\"\" src=\"https:\/\/www.informador.mx\/export\/sites\/elinformador\/img\/2019\/08\/14\/macri_anuncia_medidas_x31292609x_efe.jpg_347421144.jpg\" alt=\"\" hspace=\"5\" vspace=\"5\" data-height=\"466\" data-size=\"w:3200,h:2133\" data-width=\"700\" \/><figcaption>Entre las medidas figuran el congelamiento del precio de la gasolina por 90 d\u00edas, aumento a las dos modalidades de salario m\u00ednimo -vital y m\u00f3vil- y 40% m\u00e1s a la beca Progresar. EFE \/ J. I. Roncoroni<\/figcaption><\/figure>\n<\/div>\n<p><strong>Entre las medidas figuran el congelamiento del precio de la gasolina por 90 d\u00edas, aumento a las dos modalidades de salario m\u00ednimo -vital y m\u00f3vil- y 40 por ciento m\u00e1s a la beca Progresar,<\/strong>que beneficia a j\u00f3venes estudiantes de 18 a 24 a\u00f1os de edad.<\/p>\n<p>Los asalariados\u00a0<strong>recibir\u00e1n dos mil pesos extra en septiembre y octubre<\/strong> (unos 36 d\u00f3lares por mes), as\u00ed como dos pagos extras de la asignaci\u00f3n Universal por Hijo (AUH) para informales y desocupados.<\/p>\n<p><strong>Los trabajadores y empleados de la administraci\u00f3n p\u00fablica y los miembros de las fuerzas armadas y de seguridad recibir\u00e1n un bono de cinco mil pesos<\/strong> (unos 85 d\u00f3lares), adem\u00e1s de que se convocar\u00e1 a la revisi\u00f3n del salario m\u00ednimo.<\/p>\n<p>Facilidades a las peque\u00f1as y medianas empresas para que paguen en 10 a\u00f1os sus obligaciones fiscales, adem\u00e1s de modificaci\u00f3n del impuesto a las ganancias.<\/p>\n<p>Tambi\u00e9n pidi\u00f3 disculpas por su posici\u00f3n en la conferencia de prensa del pasado lunes, pues estaba afectado por los resultados electorales y no hab\u00eda dormido, explic\u00f3.<\/p>\n<p>Macri y su compa\u00f1ero de f\u00f3rmula como vicepresidente \u00c1ngel Pichetto, impulsados por Juntos por el Cambio, quedaron en las primarias del pasado domingo a 15 puntos porcentuales de distancia de su principal contrincante Alberto Fern\u00e1ndez y la ahora candidata vicepresidencial Cristina Fern\u00e1ndez,\u00a0postulados por el Frente por Todos.<\/p>\n<\/div>\n<\/div>\n","protected":false},"excerpt":{"rendered":"<p>Macri anuncia alza a salarios y ayudas sociales tras rev\u00e9s en primarias<br \/>\nPor Carolina Alonso Romei<br \/>\nInternacionalista<\/p>\n","protected":false},"author":2,"featured_media":35065,"comment_status":"open","ping_status":"open","sticky":false,"template":"","format":"standard","meta":{"_monsterinsights_skip_tracking":false,"_monsterinsights_sitenote_active":false,"_monsterinsights_sitenote_note":"","_monsterinsights_sitenote_category":0,"footnotes":""},"categories":[1],"tags":[],"class_list":["post-35066","post","type-post","status-publish","format-standard","has-post-thumbnail","hentry","category-sin-categoria"],"yoast_head":"<!-- This site is optimized with the Yoast SEO plugin v27.3 - https:\/\/yoast.com\/product\/yoast-seo-wordpress\/ -->\n<title>Internacionales\/\/\/Carolina Alonso Romei\/\/\/Macri anuncia alza a salarios y ayudas sociales tras rev\u00e9s en primarias -<\/title>\n<meta name=\"robots\" content=\"index, follow, max-snippet:-1, max-image-preview:large, max-video-preview:-1\" \/>\n<link rel=\"canonical\" href=\"https:\/\/quehacerpolitico.mx\/?p=35066\" \/>\n<meta property=\"og:locale\" content=\"es_MX\" \/>\n<meta property=\"og:type\" content=\"article\" \/>\n<meta property=\"og:title\" content=\"Internacionales\/\/\/Carolina Alonso Romei\/\/\/Macri anuncia alza a salarios y ayudas sociales tras rev\u00e9s en primarias -\" \/>\n<meta property=\"og:description\" content=\"Macri anuncia alza a salarios y ayudas sociales tras rev\u00e9s en primarias Por Carolina Alonso Romei Internacionalista\" \/>\n<meta property=\"og:url\" content=\"https:\/\/quehacerpolitico.mx\/?p=35066\" \/>\n<meta property=\"article:published_time\" content=\"2019-08-14T15:39:00+00:00\" \/>\n<meta name=\"author\" content=\"Redacci\u00f3n QP\" \/>\n<meta name=\"twitter:card\" content=\"summary_large_image\" \/>\n<meta name=\"twitter:label1\" content=\"Escrito por\" \/>\n\t<meta name=\"twitter:data1\" content=\"Redacci\u00f3n QP\" \/>\n\t<meta name=\"twitter:label2\" content=\"Tiempo de lectura\" \/>\n\t<meta name=\"twitter:data2\" content=\"2 minutos\" \/>\n<script type=\"application\/ld+json\" class=\"yoast-schema-graph\">{\"@context\":\"https:\\\/\\\/schema.org\",\"@graph\":[{\"@type\":\"Article\",\"@id\":\"https:\\\/\\\/quehacerpolitico.mx\\\/?p=35066#article\",\"isPartOf\":{\"@id\":\"https:\\\/\\\/quehacerpolitico.mx\\\/?p=35066\"},\"author\":{\"name\":\"Redacci\u00f3n QP\",\"@id\":\"https:\\\/\\\/quehacerpolitico.mx\\\/#\\\/schema\\\/person\\\/496d8ad2d1d3f8036101dca7ee39e585\"},\"headline\":\"Internacionales\\\/\\\/\\\/Carolina Alonso Romei\\\/\\\/\\\/Macri anuncia alza a salarios y ayudas sociales tras rev\u00e9s en primarias\",\"datePublished\":\"2019-08-14T15:39:00+00:00\",\"mainEntityOfPage\":{\"@id\":\"https:\\\/\\\/quehacerpolitico.mx\\\/?p=35066\"},\"wordCount\":480,\"commentCount\":0,\"image\":{\"@id\":\"https:\\\/\\\/quehacerpolitico.mx\\\/?p=35066#primaryimage\"},\"thumbnailUrl\":\"\",\"articleSection\":[\"Internacionales\"],\"inLanguage\":\"es\",\"potentialAction\":[{\"@type\":\"CommentAction\",\"name\":\"Comment\",\"target\":[\"https:\\\/\\\/quehacerpolitico.mx\\\/?p=35066#respond\"]}]},{\"@type\":\"WebPage\",\"@id\":\"https:\\\/\\\/quehacerpolitico.mx\\\/?p=35066\",\"url\":\"https:\\\/\\\/quehacerpolitico.mx\\\/?p=35066\",\"name\":\"Internacionales\\\/\\\/\\\/Carolina Alonso Romei\\\/\\\/\\\/Macri anuncia alza a salarios y ayudas sociales tras rev\u00e9s en primarias -\",\"isPartOf\":{\"@id\":\"https:\\\/\\\/quehacerpolitico.mx\\\/#website\"},\"primaryImageOfPage\":{\"@id\":\"https:\\\/\\\/quehacerpolitico.mx\\\/?p=35066#primaryimage\"},\"image\":{\"@id\":\"https:\\\/\\\/quehacerpolitico.mx\\\/?p=35066#primaryimage\"},\"thumbnailUrl\":\"\",\"datePublished\":\"2019-08-14T15:39:00+00:00\",\"author\":{\"@id\":\"https:\\\/\\\/quehacerpolitico.mx\\\/#\\\/schema\\\/person\\\/496d8ad2d1d3f8036101dca7ee39e585\"},\"breadcrumb\":{\"@id\":\"https:\\\/\\\/quehacerpolitico.mx\\\/?p=35066#breadcrumb\"},\"inLanguage\":\"es\",\"potentialAction\":[{\"@type\":\"ReadAction\",\"target\":[\"https:\\\/\\\/quehacerpolitico.mx\\\/?p=35066\"]}]},{\"@type\":\"ImageObject\",\"inLanguage\":\"es\",\"@id\":\"https:\\\/\\\/quehacerpolitico.mx\\\/?p=35066#primaryimage\",\"url\":\"\",\"contentUrl\":\"\"},{\"@type\":\"BreadcrumbList\",\"@id\":\"https:\\\/\\\/quehacerpolitico.mx\\\/?p=35066#breadcrumb\",\"itemListElement\":[{\"@type\":\"ListItem\",\"position\":1,\"name\":\"Inicio\",\"item\":\"https:\\\/\\\/quehacerpolitico.mx\\\/\"},{\"@type\":\"ListItem\",\"position\":2,\"name\":\"Internacionales\\\/\\\/\\\/Carolina Alonso Romei\\\/\\\/\\\/Macri anuncia alza a salarios y ayudas sociales tras rev\u00e9s en primarias\"}]},{\"@type\":\"WebSite\",\"@id\":\"https:\\\/\\\/quehacerpolitico.mx\\\/#website\",\"url\":\"https:\\\/\\\/quehacerpolitico.mx\\\/\",\"name\":\"\",\"description\":\"\",\"potentialAction\":[{\"@type\":\"SearchAction\",\"target\":{\"@type\":\"EntryPoint\",\"urlTemplate\":\"https:\\\/\\\/quehacerpolitico.mx\\\/?s={search_term_string}\"},\"query-input\":{\"@type\":\"PropertyValueSpecification\",\"valueRequired\":true,\"valueName\":\"search_term_string\"}}],\"inLanguage\":\"es\"},{\"@type\":\"Person\",\"@id\":\"https:\\\/\\\/quehacerpolitico.mx\\\/#\\\/schema\\\/person\\\/496d8ad2d1d3f8036101dca7ee39e585\",\"name\":\"Redacci\u00f3n QP\",\"image\":{\"@type\":\"ImageObject\",\"inLanguage\":\"es\",\"@id\":\"https:\\\/\\\/secure.gravatar.com\\\/avatar\\\/c7164ed6fdec453195284ad24a5ae5b6e1eed2b848477fa2a4787ba9adf39a41?s=96&d=mm&r=g\",\"url\":\"https:\\\/\\\/secure.gravatar.com\\\/avatar\\\/c7164ed6fdec453195284ad24a5ae5b6e1eed2b848477fa2a4787ba9adf39a41?s=96&d=mm&r=g\",\"contentUrl\":\"https:\\\/\\\/secure.gravatar.com\\\/avatar\\\/c7164ed6fdec453195284ad24a5ae5b6e1eed2b848477fa2a4787ba9adf39a41?s=96&d=mm&r=g\",\"caption\":\"Redacci\u00f3n QP\"},\"url\":\"https:\\\/\\\/quehacerpolitico.mx\\\/?author=2\"}]}<\/script>\n<!-- \/ Yoast SEO plugin. -->","yoast_head_json":{"title":"Internacionales\/\/\/Carolina Alonso Romei\/\/\/Macri anuncia alza a salarios y ayudas sociales tras rev\u00e9s en primarias -","robots":{"index":"index","follow":"follow","max-snippet":"max-snippet:-1","max-image-preview":"max-image-preview:large","max-video-preview":"max-video-preview:-1"},"canonical":"https:\/\/quehacerpolitico.mx\/?p=35066","og_locale":"es_MX","og_type":"article","og_title":"Internacionales\/\/\/Carolina Alonso Romei\/\/\/Macri anuncia alza a salarios y ayudas sociales tras rev\u00e9s en primarias -","og_description":"Macri anuncia alza a salarios y ayudas sociales tras rev\u00e9s en primarias Por Carolina Alonso Romei Internacionalista","og_url":"https:\/\/quehacerpolitico.mx\/?p=35066","article_published_time":"2019-08-14T15:39:00+00:00","author":"Redacci\u00f3n QP","twitter_card":"summary_large_image","twitter_misc":{"Escrito por":"Redacci\u00f3n QP","Tiempo de lectura":"2 minutos"},"schema":{"@context":"https:\/\/schema.org","@graph":[{"@type":"Article","@id":"https:\/\/quehacerpolitico.mx\/?p=35066#article","isPartOf":{"@id":"https:\/\/quehacerpolitico.mx\/?p=35066"},"author":{"name":"Redacci\u00f3n QP","@id":"https:\/\/quehacerpolitico.mx\/#\/schema\/person\/496d8ad2d1d3f8036101dca7ee39e585"},"headline":"Internacionales\/\/\/Carolina Alonso Romei\/\/\/Macri anuncia alza a salarios y ayudas sociales tras rev\u00e9s en primarias","datePublished":"2019-08-14T15:39:00+00:00","mainEntityOfPage":{"@id":"https:\/\/quehacerpolitico.mx\/?p=35066"},"wordCount":480,"commentCount":0,"image":{"@id":"https:\/\/quehacerpolitico.mx\/?p=35066#primaryimage"},"thumbnailUrl":"","articleSection":["Internacionales"],"inLanguage":"es","potentialAction":[{"@type":"CommentAction","name":"Comment","target":["https:\/\/quehacerpolitico.mx\/?p=35066#respond"]}]},{"@type":"WebPage","@id":"https:\/\/quehacerpolitico.mx\/?p=35066","url":"https:\/\/quehacerpolitico.mx\/?p=35066","name":"Internacionales\/\/\/Carolina Alonso Romei\/\/\/Macri anuncia alza a salarios y ayudas sociales tras rev\u00e9s en primarias -","isPartOf":{"@id":"https:\/\/quehacerpolitico.mx\/#website"},"primaryImageOfPage":{"@id":"https:\/\/quehacerpolitico.mx\/?p=35066#primaryimage"},"image":{"@id":"https:\/\/quehacerpolitico.mx\/?p=35066#primaryimage"},"thumbnailUrl":"","datePublished":"2019-08-14T15:39:00+00:00","author":{"@id":"https:\/\/quehacerpolitico.mx\/#\/schema\/person\/496d8ad2d1d3f8036101dca7ee39e585"},"breadcrumb":{"@id":"https:\/\/quehacerpolitico.mx\/?p=35066#breadcrumb"},"inLanguage":"es","potentialAction":[{"@type":"ReadAction","target":["https:\/\/quehacerpolitico.mx\/?p=35066"]}]},{"@type":"ImageObject","inLanguage":"es","@id":"https:\/\/quehacerpolitico.mx\/?p=35066#primaryimage","url":"","contentUrl":""},{"@type":"BreadcrumbList","@id":"https:\/\/quehacerpolitico.mx\/?p=35066#breadcrumb","itemListElement":[{"@type":"ListItem","position":1,"name":"Inicio","item":"https:\/\/quehacerpolitico.mx\/"},{"@type":"ListItem","position":2,"name":"Internacionales\/\/\/Carolina Alonso Romei\/\/\/Macri anuncia alza a salarios y ayudas sociales tras rev\u00e9s en primarias"}]},{"@type":"WebSite","@id":"https:\/\/quehacerpolitico.mx\/#website","url":"https:\/\/quehacerpolitico.mx\/","name":"","description":"","potentialAction":[{"@type":"SearchAction","target":{"@type":"EntryPoint","urlTemplate":"https:\/\/quehacerpolitico.mx\/?s={search_term_string}"},"query-input":{"@type":"PropertyValueSpecification","valueRequired":true,"valueName":"search_term_string"}}],"inLanguage":"es"},{"@type":"Person","@id":"https:\/\/quehacerpolitico.mx\/#\/schema\/person\/496d8ad2d1d3f8036101dca7ee39e585","name":"Redacci\u00f3n QP","image":{"@type":"ImageObject","inLanguage":"es","@id":"https:\/\/secure.gravatar.com\/avatar\/c7164ed6fdec453195284ad24a5ae5b6e1eed2b848477fa2a4787ba9adf39a41?s=96&d=mm&r=g","url":"https:\/\/secure.gravatar.com\/avatar\/c7164ed6fdec453195284ad24a5ae5b6e1eed2b848477fa2a4787ba9adf39a41?s=96&d=mm&r=g","contentUrl":"https:\/\/secure.gravatar.com\/avatar\/c7164ed6fdec453195284ad24a5ae5b6e1eed2b848477fa2a4787ba9adf39a41?s=96&d=mm&r=g","caption":"Redacci\u00f3n QP"},"url":"https:\/\/quehacerpolitico.mx\/?author=2"}]}},"featured_image_urls":{"full":"","thumbnail":"","medium":"","medium_large":"","large":"","1536x1536":"","2048x2048":"","covernews-featured":"","covernews-medium":""},"author_info":{"display_name":"Redacci\u00f3n QP","author_link":"https:\/\/quehacerpolitico.mx\/?author=2"},"category_info":"<a href=\"https:\/\/quehacerpolitico.mx\/?cat=1\" rel=\"category\">Internacionales<\/a>","tag_info":"Internacionales","comment_count":"0","_links":{"self":[{"href":"https:\/\/quehacerpolitico.mx\/index.php?rest_route=\/wp\/v2\/posts\/35066","targetHints":{"allow":["GET"]}}],"collection":[{"href":"https:\/\/quehacerpolitico.mx\/index.php?rest_route=\/wp\/v2\/posts"}],"about":[{"href":"https:\/\/quehacerpolitico.mx\/index.php?rest_route=\/wp\/v2\/types\/post"}],"author":[{"embeddable":true,"href":"https:\/\/quehacerpolitico.mx\/index.php?rest_route=\/wp\/v2\/users\/2"}],"replies":[{"embeddable":true,"href":"https:\/\/quehacerpolitico.mx\/index.php?rest_route=%2Fwp%2Fv2%2Fcomments&post=35066"}],"version-history":[{"count":0,"href":"https:\/\/quehacerpolitico.mx\/index.php?rest_route=\/wp\/v2\/posts\/35066\/revisions"}],"wp:featuredmedia":[{"embeddable":true,"href":"https:\/\/quehacerpolitico.mx\/index.php?rest_route=\/"}],"wp:attachment":[{"href":"https:\/\/quehacerpolitico.mx\/index.php?rest_route=%2Fwp%2Fv2%2Fmedia&parent=35066"}],"wp:term":[{"taxonomy":"category","embeddable":true,"href":"https:\/\/quehacerpolitico.mx\/index.php?rest_route=%2Fwp%2Fv2%2Fcategories&post=35066"},{"taxonomy":"post_tag","embeddable":true,"href":"https:\/\/quehacerpolitico.mx\/index.php?rest_route=%2Fwp%2Fv2%2Ftags&post=35066"}],"curies":[{"name":"wp","href":"https:\/\/api.w.org\/{rel}","templated":true}]}}