{"id":35063,"date":"2019-08-14T15:30:17","date_gmt":"2019-08-14T15:30:17","guid":{"rendered":"http:\/\/quehacerpolitico.mx\/internacionales-carolina-alonso-romei-aeropuerto-de-hong-kong-reanuda-vuelos\/"},"modified":"2019-08-14T15:30:17","modified_gmt":"2019-08-14T15:30:17","slug":"internacionales-carolina-alonso-romei-aeropuerto-de-hong-kong-reanuda-vuelos","status":"publish","type":"post","link":"https:\/\/quehacerpolitico.mx\/?p=35063","title":{"rendered":"Internacionales\/\/\/Carolina Alonso Romei\/\/\/Aeropuerto de Hong Kong reanuda vuelos"},"content":{"rendered":"<h1 class=\"news-title\">Aeropuerto de Hong Kong reanuda vuelos<\/h1>\n<p>Por Carolina Alonso Romei\u00a0<\/p>\n<p>Internacionalista\u00a0<\/p>\n<header class=\"news-header\">\n<div class=\"news-subtitle\">\n<p>Manifestantes se disculpan por afectaciones en las cinco jornadas de sentadas en el aer\u00f3dromo<\/p>\n<\/div>\n<\/header>\n<div class=\"news-content\">\n<div class=\"news-body row\">\n<p>Los vuelos se reanudaron el mi\u00e9rcoles por la ma\u00f1ana en el <strong>aeropuerto de Hong Kong luego de dos d\u00edas de cancelaciones<\/strong> marcadas por brotes de violencia que pusieron de manifiesto las posiciones cada vez m\u00e1s enfrentadas de <strong>manifestantes prodemocracia <\/strong>y autoridades en el territorio semiaut\u00f3nomo chino, que es uno de los principales centros de transporte del mundo.<\/p>\n<p>Alrededor de tres docenas de manifestantes estaban <strong>acampados en la zona de llegadas del aeropuerto<\/strong>, un d\u00eda despu\u00e9s de que una multitudinaria manifestaci\u00f3n y la violencia de una turba encolerizada obligaron a cancelar m\u00e1s de 100 vuelos. Aunque se realizaban controles de identificaci\u00f3n, los mostradores de embarque estaban abiertos y los aviones parec\u00edan operar con normalidad el mi\u00e9rcoles.<\/p>\n<p>Los disconformes repart\u00edan panfletos y carteles en una parte de la terminal, pero <strong>no imped\u00edan el paso de los viajeros<\/strong>. En internet, publicaron cartas y material promocional pidiendo disculpas a los pasajeros y al p\u00fablico en general por los inconvenientes causados en las cinco jornadas de sentadas en el aer\u00f3dromo.<\/p>\n<p>&#8220;No es nuestra intenci\u00f3n causar demoras en sus viajes y no queremos ser fuente de problemas para ustedes&#8221;, se\u00f1alaron en un comunicado enviado por correo electr\u00f3nico por un grupo de manifestantes.\u00a0<\/p>\n<p>&#8220;Pedimos su comprensi\u00f3n y perd\u00f3n mientras los j\u00f3venes en Hong Kong siguen luchando por la libertad y la democracia&#8221;.<\/p>\n<p>Las autoridades aeroportuarias lograron &#8220;una orden provisional para impedir que las personas obstruyan o interfieran ilegal y deliberadamente&#8221;\u00a0con las operaciones, explic\u00f3 la direcci\u00f3n del aer\u00f3dromo en un comunicado. Se delimit\u00f3 una zona para las protestas, pero no se permitir\u00e1 la presencia de manifestantes m\u00e1s all\u00e1 del espacio designado, agreg\u00f3.<\/p>\n<p>El aeropuerto cerr\u00f3 el embarque de los vuelos restantes a \u00faltima hora de la tarde del martes luego de que los inconformes irrumpieron en la terminal y bloquearon el acceso a los controles de inmigraci\u00f3n para los pasajeros que pretend\u00edan salir de la ciudad. En la v\u00edspera se hab\u00edan cancelado otros 200 trayectos.<\/p>\n<h4>Intervenci\u00f3n policial<\/h4>\n<p>La mayor\u00eda de los manifestantes abandonaron el aeropuerto luego de que <strong>polic\u00edas armados con espray de pimienta y bastones<\/strong> trataron de acceder a la terminal, enfrent\u00e1ndose con quienes armaron barricadas en las entradas con carros para maletas.<\/p>\n<div>\n<figure class=\"image\"><img decoding=\"async\" title=\"\" src=\"https:\/\/www.informador.mx\/export\/sites\/elinformador\/img\/2019\/08\/14\/13hkafp1.jpg_347421144.jpg\" alt=\"\" hspace=\"5\" vspace=\"5\" data-height=\"466\" data-size=\"w:4500,h:3001\" data-width=\"700\" \/><figcaption>AFP\/M. Vatsyayana<\/figcaption><\/figure>\n<\/div>\n<p><strong>Agentes antimotines se enfrentaron brevemente con los disconformes<\/strong>, lo que caus\u00f3 varios heridos y llev\u00f3 a al menos a un polic\u00eda a sacar un arma contra sus asaltantes.<\/p>\n<p>El brote de violencia incluy\u00f3 la agresi\u00f3n de manifestantes a por lo menos dos hombres se\u00f1alados de ser agentes encubiertos de China. La seguridad del aer\u00f3dromo pareci\u00f3 incapaz de controlar a la multitud, y los param\u00e9dicos se llevaron a los dos hombres m\u00e1s tarde. La polic\u00eda reconoci\u00f3 haber usado agentes &#8220;se\u00f1uelo&#8221;, y durante el fin de semana se vio que algunos manifestantes eran detenidos por personas vestidos como ellos, enmascaradas y de negro.<\/p>\n<p>La polic\u00eda de Hong Kong report\u00f3 la <strong>detenci\u00f3n de cinco personas por asamblea ilegal<\/strong>, agresi\u00f3n a agentes y posesi\u00f3n de armas. Desde el inicio de las movilizaciones a principios de junio, las autoridades han arrestado a m\u00e1s de 700 manifestantes, la mayor\u00eda hombres en la veintena o treintena, pero en la lista tambi\u00e9n hay mujeres, adolescentes y septuagenarios.<\/p>\n<p>Las protestas en el aeropuerto suponen una escalada en las protestas por lo que muchos residentes de Hong Kong ven como una creciente erosi\u00f3n de las libertades que prometidas en 1997, cuando la China continental, gobernada por el Partido Comunista, asumi\u00f3 el control de la excolonia brit\u00e1nica.<\/p>\n<p>Los inconformes piden la renuncia de la jefa ejecutiva de Hong Kong, Carrie Lam, y la retirada definitiva de una ley que podr\u00eda enviar a supuestos delincuentes a la China continental para enfrentar torturas y juicios injustos o con motivaciones pol\u00edticas.<\/p>\n<\/div>\n<\/div>\n","protected":false},"excerpt":{"rendered":"<p>Aeropuerto de Hong Kong reanuda vuelos<br \/>\nPor Carolina Alonso Romei<br \/>\nInternacionalista<\/p>\n","protected":false},"author":2,"featured_media":35062,"comment_status":"open","ping_status":"open","sticky":false,"template":"","format":"standard","meta":{"_monsterinsights_skip_tracking":false,"_monsterinsights_sitenote_active":false,"_monsterinsights_sitenote_note":"","_monsterinsights_sitenote_category":0,"footnotes":""},"categories":[1],"tags":[],"class_list":["post-35063","post","type-post","status-publish","format-standard","has-post-thumbnail","hentry","category-sin-categoria"],"yoast_head":"<!-- This site is optimized with the Yoast SEO plugin v27.3 - https:\/\/yoast.com\/product\/yoast-seo-wordpress\/ -->\n<title>Internacionales\/\/\/Carolina Alonso Romei\/\/\/Aeropuerto de Hong Kong reanuda vuelos -<\/title>\n<meta name=\"robots\" content=\"index, follow, max-snippet:-1, max-image-preview:large, max-video-preview:-1\" \/>\n<link rel=\"canonical\" href=\"https:\/\/quehacerpolitico.mx\/?p=35063\" \/>\n<meta property=\"og:locale\" content=\"es_MX\" \/>\n<meta property=\"og:type\" content=\"article\" \/>\n<meta property=\"og:title\" content=\"Internacionales\/\/\/Carolina Alonso Romei\/\/\/Aeropuerto de Hong Kong reanuda vuelos -\" \/>\n<meta property=\"og:description\" content=\"Aeropuerto de Hong Kong reanuda vuelos Por Carolina Alonso Romei Internacionalista\" \/>\n<meta property=\"og:url\" content=\"https:\/\/quehacerpolitico.mx\/?p=35063\" \/>\n<meta property=\"article:published_time\" content=\"2019-08-14T15:30:17+00:00\" \/>\n<meta name=\"author\" content=\"Redacci\u00f3n QP\" \/>\n<meta name=\"twitter:card\" content=\"summary_large_image\" \/>\n<meta name=\"twitter:label1\" content=\"Escrito por\" \/>\n\t<meta name=\"twitter:data1\" content=\"Redacci\u00f3n QP\" \/>\n\t<meta name=\"twitter:label2\" content=\"Tiempo de lectura\" \/>\n\t<meta name=\"twitter:data2\" content=\"3 minutos\" \/>\n<script type=\"application\/ld+json\" class=\"yoast-schema-graph\">{\"@context\":\"https:\\\/\\\/schema.org\",\"@graph\":[{\"@type\":\"Article\",\"@id\":\"https:\\\/\\\/quehacerpolitico.mx\\\/?p=35063#article\",\"isPartOf\":{\"@id\":\"https:\\\/\\\/quehacerpolitico.mx\\\/?p=35063\"},\"author\":{\"name\":\"Redacci\u00f3n QP\",\"@id\":\"https:\\\/\\\/quehacerpolitico.mx\\\/#\\\/schema\\\/person\\\/496d8ad2d1d3f8036101dca7ee39e585\"},\"headline\":\"Internacionales\\\/\\\/\\\/Carolina Alonso Romei\\\/\\\/\\\/Aeropuerto de Hong Kong reanuda vuelos\",\"datePublished\":\"2019-08-14T15:30:17+00:00\",\"mainEntityOfPage\":{\"@id\":\"https:\\\/\\\/quehacerpolitico.mx\\\/?p=35063\"},\"wordCount\":691,\"commentCount\":0,\"image\":{\"@id\":\"https:\\\/\\\/quehacerpolitico.mx\\\/?p=35063#primaryimage\"},\"thumbnailUrl\":\"\",\"articleSection\":[\"Internacionales\"],\"inLanguage\":\"es\",\"potentialAction\":[{\"@type\":\"CommentAction\",\"name\":\"Comment\",\"target\":[\"https:\\\/\\\/quehacerpolitico.mx\\\/?p=35063#respond\"]}]},{\"@type\":\"WebPage\",\"@id\":\"https:\\\/\\\/quehacerpolitico.mx\\\/?p=35063\",\"url\":\"https:\\\/\\\/quehacerpolitico.mx\\\/?p=35063\",\"name\":\"Internacionales\\\/\\\/\\\/Carolina Alonso Romei\\\/\\\/\\\/Aeropuerto de Hong Kong reanuda vuelos -\",\"isPartOf\":{\"@id\":\"https:\\\/\\\/quehacerpolitico.mx\\\/#website\"},\"primaryImageOfPage\":{\"@id\":\"https:\\\/\\\/quehacerpolitico.mx\\\/?p=35063#primaryimage\"},\"image\":{\"@id\":\"https:\\\/\\\/quehacerpolitico.mx\\\/?p=35063#primaryimage\"},\"thumbnailUrl\":\"\",\"datePublished\":\"2019-08-14T15:30:17+00:00\",\"author\":{\"@id\":\"https:\\\/\\\/quehacerpolitico.mx\\\/#\\\/schema\\\/person\\\/496d8ad2d1d3f8036101dca7ee39e585\"},\"breadcrumb\":{\"@id\":\"https:\\\/\\\/quehacerpolitico.mx\\\/?p=35063#breadcrumb\"},\"inLanguage\":\"es\",\"potentialAction\":[{\"@type\":\"ReadAction\",\"target\":[\"https:\\\/\\\/quehacerpolitico.mx\\\/?p=35063\"]}]},{\"@type\":\"ImageObject\",\"inLanguage\":\"es\",\"@id\":\"https:\\\/\\\/quehacerpolitico.mx\\\/?p=35063#primaryimage\",\"url\":\"\",\"contentUrl\":\"\"},{\"@type\":\"BreadcrumbList\",\"@id\":\"https:\\\/\\\/quehacerpolitico.mx\\\/?p=35063#breadcrumb\",\"itemListElement\":[{\"@type\":\"ListItem\",\"position\":1,\"name\":\"Inicio\",\"item\":\"https:\\\/\\\/quehacerpolitico.mx\\\/\"},{\"@type\":\"ListItem\",\"position\":2,\"name\":\"Internacionales\\\/\\\/\\\/Carolina Alonso Romei\\\/\\\/\\\/Aeropuerto de Hong Kong reanuda vuelos\"}]},{\"@type\":\"WebSite\",\"@id\":\"https:\\\/\\\/quehacerpolitico.mx\\\/#website\",\"url\":\"https:\\\/\\\/quehacerpolitico.mx\\\/\",\"name\":\"\",\"description\":\"\",\"potentialAction\":[{\"@type\":\"SearchAction\",\"target\":{\"@type\":\"EntryPoint\",\"urlTemplate\":\"https:\\\/\\\/quehacerpolitico.mx\\\/?s={search_term_string}\"},\"query-input\":{\"@type\":\"PropertyValueSpecification\",\"valueRequired\":true,\"valueName\":\"search_term_string\"}}],\"inLanguage\":\"es\"},{\"@type\":\"Person\",\"@id\":\"https:\\\/\\\/quehacerpolitico.mx\\\/#\\\/schema\\\/person\\\/496d8ad2d1d3f8036101dca7ee39e585\",\"name\":\"Redacci\u00f3n QP\",\"image\":{\"@type\":\"ImageObject\",\"inLanguage\":\"es\",\"@id\":\"https:\\\/\\\/secure.gravatar.com\\\/avatar\\\/c7164ed6fdec453195284ad24a5ae5b6e1eed2b848477fa2a4787ba9adf39a41?s=96&d=mm&r=g\",\"url\":\"https:\\\/\\\/secure.gravatar.com\\\/avatar\\\/c7164ed6fdec453195284ad24a5ae5b6e1eed2b848477fa2a4787ba9adf39a41?s=96&d=mm&r=g\",\"contentUrl\":\"https:\\\/\\\/secure.gravatar.com\\\/avatar\\\/c7164ed6fdec453195284ad24a5ae5b6e1eed2b848477fa2a4787ba9adf39a41?s=96&d=mm&r=g\",\"caption\":\"Redacci\u00f3n QP\"},\"url\":\"https:\\\/\\\/quehacerpolitico.mx\\\/?author=2\"}]}<\/script>\n<!-- \/ Yoast SEO plugin. -->","yoast_head_json":{"title":"Internacionales\/\/\/Carolina Alonso Romei\/\/\/Aeropuerto de Hong Kong reanuda vuelos -","robots":{"index":"index","follow":"follow","max-snippet":"max-snippet:-1","max-image-preview":"max-image-preview:large","max-video-preview":"max-video-preview:-1"},"canonical":"https:\/\/quehacerpolitico.mx\/?p=35063","og_locale":"es_MX","og_type":"article","og_title":"Internacionales\/\/\/Carolina Alonso Romei\/\/\/Aeropuerto de Hong Kong reanuda vuelos -","og_description":"Aeropuerto de Hong Kong reanuda vuelos Por Carolina Alonso Romei Internacionalista","og_url":"https:\/\/quehacerpolitico.mx\/?p=35063","article_published_time":"2019-08-14T15:30:17+00:00","author":"Redacci\u00f3n QP","twitter_card":"summary_large_image","twitter_misc":{"Escrito por":"Redacci\u00f3n QP","Tiempo de lectura":"3 minutos"},"schema":{"@context":"https:\/\/schema.org","@graph":[{"@type":"Article","@id":"https:\/\/quehacerpolitico.mx\/?p=35063#article","isPartOf":{"@id":"https:\/\/quehacerpolitico.mx\/?p=35063"},"author":{"name":"Redacci\u00f3n QP","@id":"https:\/\/quehacerpolitico.mx\/#\/schema\/person\/496d8ad2d1d3f8036101dca7ee39e585"},"headline":"Internacionales\/\/\/Carolina Alonso Romei\/\/\/Aeropuerto de Hong Kong reanuda vuelos","datePublished":"2019-08-14T15:30:17+00:00","mainEntityOfPage":{"@id":"https:\/\/quehacerpolitico.mx\/?p=35063"},"wordCount":691,"commentCount":0,"image":{"@id":"https:\/\/quehacerpolitico.mx\/?p=35063#primaryimage"},"thumbnailUrl":"","articleSection":["Internacionales"],"inLanguage":"es","potentialAction":[{"@type":"CommentAction","name":"Comment","target":["https:\/\/quehacerpolitico.mx\/?p=35063#respond"]}]},{"@type":"WebPage","@id":"https:\/\/quehacerpolitico.mx\/?p=35063","url":"https:\/\/quehacerpolitico.mx\/?p=35063","name":"Internacionales\/\/\/Carolina Alonso Romei\/\/\/Aeropuerto de Hong Kong reanuda vuelos -","isPartOf":{"@id":"https:\/\/quehacerpolitico.mx\/#website"},"primaryImageOfPage":{"@id":"https:\/\/quehacerpolitico.mx\/?p=35063#primaryimage"},"image":{"@id":"https:\/\/quehacerpolitico.mx\/?p=35063#primaryimage"},"thumbnailUrl":"","datePublished":"2019-08-14T15:30:17+00:00","author":{"@id":"https:\/\/quehacerpolitico.mx\/#\/schema\/person\/496d8ad2d1d3f8036101dca7ee39e585"},"breadcrumb":{"@id":"https:\/\/quehacerpolitico.mx\/?p=35063#breadcrumb"},"inLanguage":"es","potentialAction":[{"@type":"ReadAction","target":["https:\/\/quehacerpolitico.mx\/?p=35063"]}]},{"@type":"ImageObject","inLanguage":"es","@id":"https:\/\/quehacerpolitico.mx\/?p=35063#primaryimage","url":"","contentUrl":""},{"@type":"BreadcrumbList","@id":"https:\/\/quehacerpolitico.mx\/?p=35063#breadcrumb","itemListElement":[{"@type":"ListItem","position":1,"name":"Inicio","item":"https:\/\/quehacerpolitico.mx\/"},{"@type":"ListItem","position":2,"name":"Internacionales\/\/\/Carolina Alonso Romei\/\/\/Aeropuerto de Hong Kong reanuda vuelos"}]},{"@type":"WebSite","@id":"https:\/\/quehacerpolitico.mx\/#website","url":"https:\/\/quehacerpolitico.mx\/","name":"","description":"","potentialAction":[{"@type":"SearchAction","target":{"@type":"EntryPoint","urlTemplate":"https:\/\/quehacerpolitico.mx\/?s={search_term_string}"},"query-input":{"@type":"PropertyValueSpecification","valueRequired":true,"valueName":"search_term_string"}}],"inLanguage":"es"},{"@type":"Person","@id":"https:\/\/quehacerpolitico.mx\/#\/schema\/person\/496d8ad2d1d3f8036101dca7ee39e585","name":"Redacci\u00f3n QP","image":{"@type":"ImageObject","inLanguage":"es","@id":"https:\/\/secure.gravatar.com\/avatar\/c7164ed6fdec453195284ad24a5ae5b6e1eed2b848477fa2a4787ba9adf39a41?s=96&d=mm&r=g","url":"https:\/\/secure.gravatar.com\/avatar\/c7164ed6fdec453195284ad24a5ae5b6e1eed2b848477fa2a4787ba9adf39a41?s=96&d=mm&r=g","contentUrl":"https:\/\/secure.gravatar.com\/avatar\/c7164ed6fdec453195284ad24a5ae5b6e1eed2b848477fa2a4787ba9adf39a41?s=96&d=mm&r=g","caption":"Redacci\u00f3n QP"},"url":"https:\/\/quehacerpolitico.mx\/?author=2"}]}},"featured_image_urls":{"full":"","thumbnail":"","medium":"","medium_large":"","large":"","1536x1536":"","2048x2048":"","covernews-featured":"","covernews-medium":""},"author_info":{"display_name":"Redacci\u00f3n QP","author_link":"https:\/\/quehacerpolitico.mx\/?author=2"},"category_info":"<a href=\"https:\/\/quehacerpolitico.mx\/?cat=1\" rel=\"category\">Internacionales<\/a>","tag_info":"Internacionales","comment_count":"0","_links":{"self":[{"href":"https:\/\/quehacerpolitico.mx\/index.php?rest_route=\/wp\/v2\/posts\/35063","targetHints":{"allow":["GET"]}}],"collection":[{"href":"https:\/\/quehacerpolitico.mx\/index.php?rest_route=\/wp\/v2\/posts"}],"about":[{"href":"https:\/\/quehacerpolitico.mx\/index.php?rest_route=\/wp\/v2\/types\/post"}],"author":[{"embeddable":true,"href":"https:\/\/quehacerpolitico.mx\/index.php?rest_route=\/wp\/v2\/users\/2"}],"replies":[{"embeddable":true,"href":"https:\/\/quehacerpolitico.mx\/index.php?rest_route=%2Fwp%2Fv2%2Fcomments&post=35063"}],"version-history":[{"count":0,"href":"https:\/\/quehacerpolitico.mx\/index.php?rest_route=\/wp\/v2\/posts\/35063\/revisions"}],"wp:featuredmedia":[{"embeddable":true,"href":"https:\/\/quehacerpolitico.mx\/index.php?rest_route=\/"}],"wp:attachment":[{"href":"https:\/\/quehacerpolitico.mx\/index.php?rest_route=%2Fwp%2Fv2%2Fmedia&parent=35063"}],"wp:term":[{"taxonomy":"category","embeddable":true,"href":"https:\/\/quehacerpolitico.mx\/index.php?rest_route=%2Fwp%2Fv2%2Fcategories&post=35063"},{"taxonomy":"post_tag","embeddable":true,"href":"https:\/\/quehacerpolitico.mx\/index.php?rest_route=%2Fwp%2Fv2%2Ftags&post=35063"}],"curies":[{"name":"wp","href":"https:\/\/api.w.org\/{rel}","templated":true}]}}