{"id":35054,"date":"2019-08-14T14:57:54","date_gmt":"2019-08-14T14:57:54","guid":{"rendered":"http:\/\/quehacerpolitico.mx\/lopez-obrador-anuncia-feria-de-culturas-en-zocalo-para-fiesta-de-independencia\/"},"modified":"2019-08-14T14:57:54","modified_gmt":"2019-08-14T14:57:54","slug":"lopez-obrador-anuncia-feria-de-culturas-en-zocalo-para-fiesta-de-independencia","status":"publish","type":"post","link":"https:\/\/quehacerpolitico.mx\/?p=35054","title":{"rendered":"L\u00f3pez Obrador anuncia feria de culturas en Z\u00f3calo para fiesta de Independencia"},"content":{"rendered":"<h1 class=\"news-title\">L\u00f3pez Obrador anuncia feria de culturas en Z\u00f3calo para fiesta de Independencia<\/h1>\n<p>Por Redacci\u00f3n QP<\/p>\n<header class=\"news-header\">\n<div class=\"news-subtitle\">\n<p>El Presidente adelant\u00f3 que habr\u00e1 m\u00e1s novedades y el evento se transmitir\u00e1 en cadena nacional\u00a0<\/p>\n<\/div>\n<\/header>\n<div class=\"news-content\">\n<div class=\"news-body row\">\n<p>El Presidente Andres Manuel L\u00f3pez Obrador\u00a0anunci\u00f3 que, para la celebraci\u00f3n del 15 de septiembre, se organizar\u00e1 una feria que exponga todas las culturas populares del pa\u00eds, en el z\u00f3calo capitalino, hecho que calific\u00f3 de extraordinario.<\/p>\n<p>Sin dar m\u00e1s detalles, <strong>L\u00f3pez Obrador dijo que para el aniversario del inicio de la guerra de Independencia habr\u00e1 m\u00e1s novedades, y que el evento s\u00ed se transmitir\u00e1 en cadena nacional, pero descart\u00f3 que sea as\u00ed para su pr\u00f3ximo informe de gobierno, el 1 de septiembre<\/strong>.<\/p>\n<p>En su conferencia matutina, el Jefe del Ejecutivo tambi\u00e9n adelant\u00f3 que ya se trabaja en el proyecto de Presupuesto para 2020, que deber\u00e1 entregar el gobierno federal a la C\u00e1mara de Diputados, y en el mismo mantendr\u00e1n el compromiso de no aumentar impuestos ni incrementar la deuda p\u00fablica.<\/p>\n<p><strong>&#8220;Vamos a seguir cumpliendo con el compromiso de no aumentar los impuestos, en t\u00e9rminos reales, y no crear impuestos nuevos, ni este a\u00f1o ni el pr\u00f3ximo, eso ya se contempla en el proyecto de Ley de Ingresos, creo que es una buena noticia&#8221;<\/strong>, dijo.<\/p>\n<p>Obrador agreg\u00f3 que tampoco habr\u00e1 m\u00e1s impuestos para la gasolina, el di\u00e9sel y la luz. &#8220;No va haber gasolinazos todo este a\u00f1o ni el pr\u00f3ximo, en todo este a\u00f1o ni aumenta la deuda p\u00fablica y se contempla, para el pr\u00f3ximo a\u00f1o, lo mismo vamos aumentar el gasto sin aumentar la deuda p\u00fablica&#8221;, se\u00f1al\u00f3.<\/p>\n<p><strong>El Presidente tambi\u00e9n anunci\u00f3 una campa\u00f1a intensa de educaci\u00f3n, que emprender\u00e1 el Gobierno federal, para fomentar la salud entre los mexicanos<\/strong>. &#8220;Vamos a utilizar todos los tiempos en radio y televisi\u00f3n para orientar a la poblaci\u00f3n y fomentar la buena alimentaci\u00f3n y el deporte&#8221;, indic\u00f3.<\/p>\n<blockquote class=\"twitter-tweet\" data-width=\"550\" data-dnt=\"true\">\n<p lang=\"es\" dir=\"ltr\">Nada de derroche, nada de lujos, austeridad republicana. Conferencia de prensa matutina. <a href=\"https:\/\/t.co\/JJQeVPkRpr\">https:\/\/t.co\/JJQeVPkRpr<\/a><\/p>\n<p>&mdash; Andr\u00e9s Manuel (@lopezobrador_) <a href=\"https:\/\/twitter.com\/lopezobrador_\/status\/1161605553442844672?ref_src=twsrc%5Etfw\">August 14, 2019<\/a><\/p><\/blockquote>\n<p><script async src=\"https:\/\/platform.twitter.com\/widgets.js\" charset=\"utf-8\"><\/script><\/p>\n<\/div>\n<\/div>\n","protected":false},"excerpt":{"rendered":"<p>L\u00f3pez Obrador anuncia feria de culturas en Z\u00f3calo para fiesta de Independencia<br \/>\nPor Redacci\u00f3n QP<\/p>\n","protected":false},"author":2,"featured_media":35053,"comment_status":"open","ping_status":"open","sticky":false,"template":"","format":"standard","meta":{"_monsterinsights_skip_tracking":false,"_monsterinsights_sitenote_active":false,"_monsterinsights_sitenote_note":"","_monsterinsights_sitenote_category":0,"footnotes":""},"categories":[2],"tags":[],"class_list":["post-35054","post","type-post","status-publish","format-standard","has-post-thumbnail","hentry","category-noticias"],"yoast_head":"<!-- This site is optimized with the Yoast SEO plugin v27.3 - https:\/\/yoast.com\/product\/yoast-seo-wordpress\/ -->\n<title>L\u00f3pez Obrador anuncia feria de culturas en Z\u00f3calo para fiesta de Independencia -<\/title>\n<meta name=\"robots\" content=\"index, follow, max-snippet:-1, max-image-preview:large, max-video-preview:-1\" \/>\n<link rel=\"canonical\" href=\"https:\/\/quehacerpolitico.mx\/?p=35054\" \/>\n<meta property=\"og:locale\" content=\"es_MX\" \/>\n<meta property=\"og:type\" content=\"article\" \/>\n<meta property=\"og:title\" content=\"L\u00f3pez Obrador anuncia feria de culturas en Z\u00f3calo para fiesta de Independencia -\" \/>\n<meta property=\"og:description\" content=\"L\u00f3pez Obrador anuncia feria de culturas en Z\u00f3calo para fiesta de Independencia Por Redacci\u00f3n QP\" \/>\n<meta property=\"og:url\" content=\"https:\/\/quehacerpolitico.mx\/?p=35054\" \/>\n<meta property=\"article:published_time\" content=\"2019-08-14T14:57:54+00:00\" \/>\n<meta name=\"author\" content=\"Redacci\u00f3n QP\" \/>\n<meta name=\"twitter:card\" content=\"summary_large_image\" \/>\n<meta name=\"twitter:label1\" content=\"Escrito por\" \/>\n\t<meta name=\"twitter:data1\" content=\"Redacci\u00f3n QP\" \/>\n\t<meta name=\"twitter:label2\" content=\"Tiempo de lectura\" \/>\n\t<meta name=\"twitter:data2\" content=\"2 minutos\" \/>\n<script type=\"application\/ld+json\" class=\"yoast-schema-graph\">{\"@context\":\"https:\\\/\\\/schema.org\",\"@graph\":[{\"@type\":\"Article\",\"@id\":\"https:\\\/\\\/quehacerpolitico.mx\\\/?p=35054#article\",\"isPartOf\":{\"@id\":\"https:\\\/\\\/quehacerpolitico.mx\\\/?p=35054\"},\"author\":{\"name\":\"Redacci\u00f3n QP\",\"@id\":\"https:\\\/\\\/quehacerpolitico.mx\\\/#\\\/schema\\\/person\\\/496d8ad2d1d3f8036101dca7ee39e585\"},\"headline\":\"L\u00f3pez Obrador anuncia feria de culturas en Z\u00f3calo para fiesta de Independencia\",\"datePublished\":\"2019-08-14T14:57:54+00:00\",\"mainEntityOfPage\":{\"@id\":\"https:\\\/\\\/quehacerpolitico.mx\\\/?p=35054\"},\"wordCount\":354,\"commentCount\":0,\"image\":{\"@id\":\"https:\\\/\\\/quehacerpolitico.mx\\\/?p=35054#primaryimage\"},\"thumbnailUrl\":\"\",\"articleSection\":[\"Noticias\"],\"inLanguage\":\"es\",\"potentialAction\":[{\"@type\":\"CommentAction\",\"name\":\"Comment\",\"target\":[\"https:\\\/\\\/quehacerpolitico.mx\\\/?p=35054#respond\"]}]},{\"@type\":\"WebPage\",\"@id\":\"https:\\\/\\\/quehacerpolitico.mx\\\/?p=35054\",\"url\":\"https:\\\/\\\/quehacerpolitico.mx\\\/?p=35054\",\"name\":\"L\u00f3pez Obrador anuncia feria de culturas en Z\u00f3calo para fiesta de Independencia -\",\"isPartOf\":{\"@id\":\"https:\\\/\\\/quehacerpolitico.mx\\\/#website\"},\"primaryImageOfPage\":{\"@id\":\"https:\\\/\\\/quehacerpolitico.mx\\\/?p=35054#primaryimage\"},\"image\":{\"@id\":\"https:\\\/\\\/quehacerpolitico.mx\\\/?p=35054#primaryimage\"},\"thumbnailUrl\":\"\",\"datePublished\":\"2019-08-14T14:57:54+00:00\",\"author\":{\"@id\":\"https:\\\/\\\/quehacerpolitico.mx\\\/#\\\/schema\\\/person\\\/496d8ad2d1d3f8036101dca7ee39e585\"},\"breadcrumb\":{\"@id\":\"https:\\\/\\\/quehacerpolitico.mx\\\/?p=35054#breadcrumb\"},\"inLanguage\":\"es\",\"potentialAction\":[{\"@type\":\"ReadAction\",\"target\":[\"https:\\\/\\\/quehacerpolitico.mx\\\/?p=35054\"]}]},{\"@type\":\"ImageObject\",\"inLanguage\":\"es\",\"@id\":\"https:\\\/\\\/quehacerpolitico.mx\\\/?p=35054#primaryimage\",\"url\":\"\",\"contentUrl\":\"\"},{\"@type\":\"BreadcrumbList\",\"@id\":\"https:\\\/\\\/quehacerpolitico.mx\\\/?p=35054#breadcrumb\",\"itemListElement\":[{\"@type\":\"ListItem\",\"position\":1,\"name\":\"Inicio\",\"item\":\"https:\\\/\\\/quehacerpolitico.mx\\\/\"},{\"@type\":\"ListItem\",\"position\":2,\"name\":\"L\u00f3pez Obrador anuncia feria de culturas en Z\u00f3calo para fiesta de Independencia\"}]},{\"@type\":\"WebSite\",\"@id\":\"https:\\\/\\\/quehacerpolitico.mx\\\/#website\",\"url\":\"https:\\\/\\\/quehacerpolitico.mx\\\/\",\"name\":\"\",\"description\":\"\",\"potentialAction\":[{\"@type\":\"SearchAction\",\"target\":{\"@type\":\"EntryPoint\",\"urlTemplate\":\"https:\\\/\\\/quehacerpolitico.mx\\\/?s={search_term_string}\"},\"query-input\":{\"@type\":\"PropertyValueSpecification\",\"valueRequired\":true,\"valueName\":\"search_term_string\"}}],\"inLanguage\":\"es\"},{\"@type\":\"Person\",\"@id\":\"https:\\\/\\\/quehacerpolitico.mx\\\/#\\\/schema\\\/person\\\/496d8ad2d1d3f8036101dca7ee39e585\",\"name\":\"Redacci\u00f3n QP\",\"image\":{\"@type\":\"ImageObject\",\"inLanguage\":\"es\",\"@id\":\"https:\\\/\\\/secure.gravatar.com\\\/avatar\\\/c7164ed6fdec453195284ad24a5ae5b6e1eed2b848477fa2a4787ba9adf39a41?s=96&d=mm&r=g\",\"url\":\"https:\\\/\\\/secure.gravatar.com\\\/avatar\\\/c7164ed6fdec453195284ad24a5ae5b6e1eed2b848477fa2a4787ba9adf39a41?s=96&d=mm&r=g\",\"contentUrl\":\"https:\\\/\\\/secure.gravatar.com\\\/avatar\\\/c7164ed6fdec453195284ad24a5ae5b6e1eed2b848477fa2a4787ba9adf39a41?s=96&d=mm&r=g\",\"caption\":\"Redacci\u00f3n QP\"},\"url\":\"https:\\\/\\\/quehacerpolitico.mx\\\/?author=2\"}]}<\/script>\n<!-- \/ Yoast SEO plugin. -->","yoast_head_json":{"title":"L\u00f3pez Obrador anuncia feria de culturas en Z\u00f3calo para fiesta de Independencia -","robots":{"index":"index","follow":"follow","max-snippet":"max-snippet:-1","max-image-preview":"max-image-preview:large","max-video-preview":"max-video-preview:-1"},"canonical":"https:\/\/quehacerpolitico.mx\/?p=35054","og_locale":"es_MX","og_type":"article","og_title":"L\u00f3pez Obrador anuncia feria de culturas en Z\u00f3calo para fiesta de Independencia -","og_description":"L\u00f3pez Obrador anuncia feria de culturas en Z\u00f3calo para fiesta de Independencia Por Redacci\u00f3n QP","og_url":"https:\/\/quehacerpolitico.mx\/?p=35054","article_published_time":"2019-08-14T14:57:54+00:00","author":"Redacci\u00f3n QP","twitter_card":"summary_large_image","twitter_misc":{"Escrito por":"Redacci\u00f3n QP","Tiempo de lectura":"2 minutos"},"schema":{"@context":"https:\/\/schema.org","@graph":[{"@type":"Article","@id":"https:\/\/quehacerpolitico.mx\/?p=35054#article","isPartOf":{"@id":"https:\/\/quehacerpolitico.mx\/?p=35054"},"author":{"name":"Redacci\u00f3n QP","@id":"https:\/\/quehacerpolitico.mx\/#\/schema\/person\/496d8ad2d1d3f8036101dca7ee39e585"},"headline":"L\u00f3pez Obrador anuncia feria de culturas en Z\u00f3calo para fiesta de Independencia","datePublished":"2019-08-14T14:57:54+00:00","mainEntityOfPage":{"@id":"https:\/\/quehacerpolitico.mx\/?p=35054"},"wordCount":354,"commentCount":0,"image":{"@id":"https:\/\/quehacerpolitico.mx\/?p=35054#primaryimage"},"thumbnailUrl":"","articleSection":["Noticias"],"inLanguage":"es","potentialAction":[{"@type":"CommentAction","name":"Comment","target":["https:\/\/quehacerpolitico.mx\/?p=35054#respond"]}]},{"@type":"WebPage","@id":"https:\/\/quehacerpolitico.mx\/?p=35054","url":"https:\/\/quehacerpolitico.mx\/?p=35054","name":"L\u00f3pez Obrador anuncia feria de culturas en Z\u00f3calo para fiesta de Independencia -","isPartOf":{"@id":"https:\/\/quehacerpolitico.mx\/#website"},"primaryImageOfPage":{"@id":"https:\/\/quehacerpolitico.mx\/?p=35054#primaryimage"},"image":{"@id":"https:\/\/quehacerpolitico.mx\/?p=35054#primaryimage"},"thumbnailUrl":"","datePublished":"2019-08-14T14:57:54+00:00","author":{"@id":"https:\/\/quehacerpolitico.mx\/#\/schema\/person\/496d8ad2d1d3f8036101dca7ee39e585"},"breadcrumb":{"@id":"https:\/\/quehacerpolitico.mx\/?p=35054#breadcrumb"},"inLanguage":"es","potentialAction":[{"@type":"ReadAction","target":["https:\/\/quehacerpolitico.mx\/?p=35054"]}]},{"@type":"ImageObject","inLanguage":"es","@id":"https:\/\/quehacerpolitico.mx\/?p=35054#primaryimage","url":"","contentUrl":""},{"@type":"BreadcrumbList","@id":"https:\/\/quehacerpolitico.mx\/?p=35054#breadcrumb","itemListElement":[{"@type":"ListItem","position":1,"name":"Inicio","item":"https:\/\/quehacerpolitico.mx\/"},{"@type":"ListItem","position":2,"name":"L\u00f3pez Obrador anuncia feria de culturas en Z\u00f3calo para fiesta de Independencia"}]},{"@type":"WebSite","@id":"https:\/\/quehacerpolitico.mx\/#website","url":"https:\/\/quehacerpolitico.mx\/","name":"","description":"","potentialAction":[{"@type":"SearchAction","target":{"@type":"EntryPoint","urlTemplate":"https:\/\/quehacerpolitico.mx\/?s={search_term_string}"},"query-input":{"@type":"PropertyValueSpecification","valueRequired":true,"valueName":"search_term_string"}}],"inLanguage":"es"},{"@type":"Person","@id":"https:\/\/quehacerpolitico.mx\/#\/schema\/person\/496d8ad2d1d3f8036101dca7ee39e585","name":"Redacci\u00f3n QP","image":{"@type":"ImageObject","inLanguage":"es","@id":"https:\/\/secure.gravatar.com\/avatar\/c7164ed6fdec453195284ad24a5ae5b6e1eed2b848477fa2a4787ba9adf39a41?s=96&d=mm&r=g","url":"https:\/\/secure.gravatar.com\/avatar\/c7164ed6fdec453195284ad24a5ae5b6e1eed2b848477fa2a4787ba9adf39a41?s=96&d=mm&r=g","contentUrl":"https:\/\/secure.gravatar.com\/avatar\/c7164ed6fdec453195284ad24a5ae5b6e1eed2b848477fa2a4787ba9adf39a41?s=96&d=mm&r=g","caption":"Redacci\u00f3n QP"},"url":"https:\/\/quehacerpolitico.mx\/?author=2"}]}},"featured_image_urls":{"full":"","thumbnail":"","medium":"","medium_large":"","large":"","1536x1536":"","2048x2048":"","covernews-featured":"","covernews-medium":""},"author_info":{"display_name":"Redacci\u00f3n QP","author_link":"https:\/\/quehacerpolitico.mx\/?author=2"},"category_info":"<a href=\"https:\/\/quehacerpolitico.mx\/?cat=2\" rel=\"category\">Noticias<\/a>","tag_info":"Noticias","comment_count":"0","_links":{"self":[{"href":"https:\/\/quehacerpolitico.mx\/index.php?rest_route=\/wp\/v2\/posts\/35054","targetHints":{"allow":["GET"]}}],"collection":[{"href":"https:\/\/quehacerpolitico.mx\/index.php?rest_route=\/wp\/v2\/posts"}],"about":[{"href":"https:\/\/quehacerpolitico.mx\/index.php?rest_route=\/wp\/v2\/types\/post"}],"author":[{"embeddable":true,"href":"https:\/\/quehacerpolitico.mx\/index.php?rest_route=\/wp\/v2\/users\/2"}],"replies":[{"embeddable":true,"href":"https:\/\/quehacerpolitico.mx\/index.php?rest_route=%2Fwp%2Fv2%2Fcomments&post=35054"}],"version-history":[{"count":0,"href":"https:\/\/quehacerpolitico.mx\/index.php?rest_route=\/wp\/v2\/posts\/35054\/revisions"}],"wp:featuredmedia":[{"embeddable":true,"href":"https:\/\/quehacerpolitico.mx\/index.php?rest_route=\/"}],"wp:attachment":[{"href":"https:\/\/quehacerpolitico.mx\/index.php?rest_route=%2Fwp%2Fv2%2Fmedia&parent=35054"}],"wp:term":[{"taxonomy":"category","embeddable":true,"href":"https:\/\/quehacerpolitico.mx\/index.php?rest_route=%2Fwp%2Fv2%2Fcategories&post=35054"},{"taxonomy":"post_tag","embeddable":true,"href":"https:\/\/quehacerpolitico.mx\/index.php?rest_route=%2Fwp%2Fv2%2Ftags&post=35054"}],"curies":[{"name":"wp","href":"https:\/\/api.w.org\/{rel}","templated":true}]}}