{"id":35026,"date":"2019-08-14T13:33:37","date_gmt":"2019-08-14T13:33:37","guid":{"rendered":"http:\/\/quehacerpolitico.mx\/chocan-grupos-profamilia-y-lgbtttiq-por-matrimonio-igualitario\/"},"modified":"2019-08-14T13:33:37","modified_gmt":"2019-08-14T13:33:37","slug":"chocan-grupos-profamilia-y-lgbtttiq-por-matrimonio-igualitario","status":"publish","type":"post","link":"https:\/\/quehacerpolitico.mx\/?p=35026","title":{"rendered":"Chocan grupos profamilia y LGBTTTIQ por matrimonio igualitario"},"content":{"rendered":"<h1 class=\"news-title\">Chocan grupos profamilia y LGBTTTIQ por matrimonio igualitario<\/h1>\n<p>Por Redacci\u00f3n QP<\/p>\n<header class=\"news-header\">\n<div class=\"news-subtitle\">\n<p>Se enfrascan en una guerra de consignas a favor y en contra de la iniciativa de reforma al art\u00edculo 100 del C\u00f3digo familiar<\/p>\n<\/div>\n<\/header>\n<div class=\"news-content\">\n<div class=\"news-body row\">\n<p>Grupos Profamilia y de la comunidad LGBTTTIQ+ chocaron en el sal\u00f3n de plenos de la Legislatura de Zacatecas, quienes <strong>se enfrascaron en una guerra de consignas a favor y en contra de la iniciativa de reforma al art\u00edculo 100 del C\u00f3digo Familiar, la cual eliminar\u00eda del texto que el matrimonio civil s\u00f3lo se realice entre un hombre y una mujer con fines de procreaci\u00f3n<\/strong>, lo que permitir\u00eda realizar el matrimonio entre personas del mismo sexo<\/p>\n<p><strong>Al inicio de la lectura, los grupos evang\u00e9licos, cristianos y de otras organizaciones Profamiliacomenzaron a gritar &#8220;\u00a1Matrimonio natural!&#8221;, &#8220;Familia natural!&#8221;<\/strong>, quienes fueron llamados al orden por el diputado Pedro Mart\u00ednez Flores, presidente de la Mesa Directiva, para que permitieran concluir con la lectura y continuar la sesi\u00f3n.<\/p>\n<p><strong>A la par se hicieron presentes integrantes de los colectivos de la comunidad LGBTTTIQ+, quienes emitieron pronunciamientos para se\u00f1alar que la Legislatura no debe acatar las cuestiones morales<\/strong>, sino que debe acatar el mandato de la Suprema Corte de Justicia de la Naci\u00f3n (SCJN) que desde 2015 reconoce los matrimonios igualitarios y ha pedido a los estados ajustar sus c\u00f3digos civiles para no caer en actos inconstitucionales.<\/p>\n<p><strong>Despu\u00e9s, ya terminada la sesi\u00f3n, ambos grupos se enfrascaron en una pugna de gritos con consignas en las que defend\u00edan sus posturas<\/strong>, por su parte, la comunidad LGBTTTIQ+ gritaba: &#8220;\u00a1Derechos iguales a los homosexuales!&#8221;, mientras que los grupos conservadores profamilia gritaban: &#8220;Familia natural, familia natural!&#8221;.<\/p>\n<blockquote class=\"twitter-tweet\" data-width=\"550\" data-dnt=\"true\">\n<p lang=\"es\" dir=\"ltr\">Hoy en la sede de la <a href=\"https:\/\/twitter.com\/legislaturaZac?ref_src=twsrc%5Etfw\">@legislaturaZac<\/a> grupos conservadores se manifestaron en contra de la igualdad y del <a href=\"https:\/\/twitter.com\/hashtag\/MatrimonioIgualitario?src=hash&amp;ref_src=twsrc%5Etfw\">#MatrimonioIgualitario<\/a> en <a href=\"https:\/\/twitter.com\/hashtag\/Zacatecas?src=hash&amp;ref_src=twsrc%5Etfw\">#Zacatecas<\/a> <a href=\"https:\/\/t.co\/bweKxEMfYg\">pic.twitter.com\/bweKxEMfYg<\/a><\/p>\n<p>&mdash; Esc\u00e1ndala (@escandalamx) <a href=\"https:\/\/twitter.com\/escandalamx\/status\/1161331454325993477?ref_src=twsrc%5Etfw\">August 13, 2019<\/a><\/p><\/blockquote>\n<p><script async src=\"https:\/\/platform.twitter.com\/widgets.js\" charset=\"utf-8\"><\/script><\/p>\n<p>Ante estas posturas encontradas se estima que nuevamente este mi\u00e9rcoles se polaricen m\u00e1s las pugnas, ya que <strong>ser\u00e1 este d\u00eda\u00a0cuando se realice la sesi\u00f3n donde se someter\u00e1 a la aprobaci\u00f3n de dicha reforma<\/strong>.<\/p>\n<\/div>\n<\/div>\n","protected":false},"excerpt":{"rendered":"<p>Chocan grupos profamilia y LGBTTTIQ por matrimonio igualitario<br \/>\nPor Redacci\u00f3n QP<\/p>\n","protected":false},"author":2,"featured_media":35025,"comment_status":"open","ping_status":"open","sticky":false,"template":"","format":"standard","meta":{"_monsterinsights_skip_tracking":false,"_monsterinsights_sitenote_active":false,"_monsterinsights_sitenote_note":"","_monsterinsights_sitenote_category":0,"footnotes":""},"categories":[2],"tags":[],"class_list":["post-35026","post","type-post","status-publish","format-standard","has-post-thumbnail","hentry","category-noticias"],"yoast_head":"<!-- This site is optimized with the Yoast SEO plugin v27.3 - https:\/\/yoast.com\/product\/yoast-seo-wordpress\/ -->\n<title>Chocan grupos profamilia y LGBTTTIQ por matrimonio igualitario -<\/title>\n<meta name=\"robots\" content=\"index, follow, max-snippet:-1, max-image-preview:large, max-video-preview:-1\" \/>\n<link rel=\"canonical\" href=\"https:\/\/quehacerpolitico.mx\/?p=35026\" \/>\n<meta property=\"og:locale\" content=\"es_MX\" \/>\n<meta property=\"og:type\" content=\"article\" \/>\n<meta property=\"og:title\" content=\"Chocan grupos profamilia y LGBTTTIQ por matrimonio igualitario -\" \/>\n<meta property=\"og:description\" content=\"Chocan grupos profamilia y LGBTTTIQ por matrimonio igualitario Por Redacci\u00f3n QP\" \/>\n<meta property=\"og:url\" content=\"https:\/\/quehacerpolitico.mx\/?p=35026\" \/>\n<meta property=\"article:published_time\" content=\"2019-08-14T13:33:37+00:00\" \/>\n<meta name=\"author\" content=\"Redacci\u00f3n QP\" \/>\n<meta name=\"twitter:card\" content=\"summary_large_image\" \/>\n<meta name=\"twitter:label1\" content=\"Escrito por\" \/>\n\t<meta name=\"twitter:data1\" content=\"Redacci\u00f3n QP\" \/>\n\t<meta name=\"twitter:label2\" content=\"Tiempo de lectura\" \/>\n\t<meta name=\"twitter:data2\" content=\"2 minutos\" \/>\n<script type=\"application\/ld+json\" class=\"yoast-schema-graph\">{\"@context\":\"https:\\\/\\\/schema.org\",\"@graph\":[{\"@type\":\"Article\",\"@id\":\"https:\\\/\\\/quehacerpolitico.mx\\\/?p=35026#article\",\"isPartOf\":{\"@id\":\"https:\\\/\\\/quehacerpolitico.mx\\\/?p=35026\"},\"author\":{\"name\":\"Redacci\u00f3n QP\",\"@id\":\"https:\\\/\\\/quehacerpolitico.mx\\\/#\\\/schema\\\/person\\\/496d8ad2d1d3f8036101dca7ee39e585\"},\"headline\":\"Chocan grupos profamilia y LGBTTTIQ por matrimonio igualitario\",\"datePublished\":\"2019-08-14T13:33:37+00:00\",\"mainEntityOfPage\":{\"@id\":\"https:\\\/\\\/quehacerpolitico.mx\\\/?p=35026\"},\"wordCount\":337,\"commentCount\":0,\"image\":{\"@id\":\"https:\\\/\\\/quehacerpolitico.mx\\\/?p=35026#primaryimage\"},\"thumbnailUrl\":\"\",\"articleSection\":[\"Noticias\"],\"inLanguage\":\"es\",\"potentialAction\":[{\"@type\":\"CommentAction\",\"name\":\"Comment\",\"target\":[\"https:\\\/\\\/quehacerpolitico.mx\\\/?p=35026#respond\"]}]},{\"@type\":\"WebPage\",\"@id\":\"https:\\\/\\\/quehacerpolitico.mx\\\/?p=35026\",\"url\":\"https:\\\/\\\/quehacerpolitico.mx\\\/?p=35026\",\"name\":\"Chocan grupos profamilia y LGBTTTIQ por matrimonio igualitario -\",\"isPartOf\":{\"@id\":\"https:\\\/\\\/quehacerpolitico.mx\\\/#website\"},\"primaryImageOfPage\":{\"@id\":\"https:\\\/\\\/quehacerpolitico.mx\\\/?p=35026#primaryimage\"},\"image\":{\"@id\":\"https:\\\/\\\/quehacerpolitico.mx\\\/?p=35026#primaryimage\"},\"thumbnailUrl\":\"\",\"datePublished\":\"2019-08-14T13:33:37+00:00\",\"author\":{\"@id\":\"https:\\\/\\\/quehacerpolitico.mx\\\/#\\\/schema\\\/person\\\/496d8ad2d1d3f8036101dca7ee39e585\"},\"breadcrumb\":{\"@id\":\"https:\\\/\\\/quehacerpolitico.mx\\\/?p=35026#breadcrumb\"},\"inLanguage\":\"es\",\"potentialAction\":[{\"@type\":\"ReadAction\",\"target\":[\"https:\\\/\\\/quehacerpolitico.mx\\\/?p=35026\"]}]},{\"@type\":\"ImageObject\",\"inLanguage\":\"es\",\"@id\":\"https:\\\/\\\/quehacerpolitico.mx\\\/?p=35026#primaryimage\",\"url\":\"\",\"contentUrl\":\"\"},{\"@type\":\"BreadcrumbList\",\"@id\":\"https:\\\/\\\/quehacerpolitico.mx\\\/?p=35026#breadcrumb\",\"itemListElement\":[{\"@type\":\"ListItem\",\"position\":1,\"name\":\"Inicio\",\"item\":\"https:\\\/\\\/quehacerpolitico.mx\\\/\"},{\"@type\":\"ListItem\",\"position\":2,\"name\":\"Chocan grupos profamilia y LGBTTTIQ por matrimonio igualitario\"}]},{\"@type\":\"WebSite\",\"@id\":\"https:\\\/\\\/quehacerpolitico.mx\\\/#website\",\"url\":\"https:\\\/\\\/quehacerpolitico.mx\\\/\",\"name\":\"\",\"description\":\"\",\"potentialAction\":[{\"@type\":\"SearchAction\",\"target\":{\"@type\":\"EntryPoint\",\"urlTemplate\":\"https:\\\/\\\/quehacerpolitico.mx\\\/?s={search_term_string}\"},\"query-input\":{\"@type\":\"PropertyValueSpecification\",\"valueRequired\":true,\"valueName\":\"search_term_string\"}}],\"inLanguage\":\"es\"},{\"@type\":\"Person\",\"@id\":\"https:\\\/\\\/quehacerpolitico.mx\\\/#\\\/schema\\\/person\\\/496d8ad2d1d3f8036101dca7ee39e585\",\"name\":\"Redacci\u00f3n QP\",\"image\":{\"@type\":\"ImageObject\",\"inLanguage\":\"es\",\"@id\":\"https:\\\/\\\/secure.gravatar.com\\\/avatar\\\/c7164ed6fdec453195284ad24a5ae5b6e1eed2b848477fa2a4787ba9adf39a41?s=96&d=mm&r=g\",\"url\":\"https:\\\/\\\/secure.gravatar.com\\\/avatar\\\/c7164ed6fdec453195284ad24a5ae5b6e1eed2b848477fa2a4787ba9adf39a41?s=96&d=mm&r=g\",\"contentUrl\":\"https:\\\/\\\/secure.gravatar.com\\\/avatar\\\/c7164ed6fdec453195284ad24a5ae5b6e1eed2b848477fa2a4787ba9adf39a41?s=96&d=mm&r=g\",\"caption\":\"Redacci\u00f3n QP\"},\"url\":\"https:\\\/\\\/quehacerpolitico.mx\\\/?author=2\"}]}<\/script>\n<!-- \/ Yoast SEO plugin. -->","yoast_head_json":{"title":"Chocan grupos profamilia y LGBTTTIQ por matrimonio igualitario -","robots":{"index":"index","follow":"follow","max-snippet":"max-snippet:-1","max-image-preview":"max-image-preview:large","max-video-preview":"max-video-preview:-1"},"canonical":"https:\/\/quehacerpolitico.mx\/?p=35026","og_locale":"es_MX","og_type":"article","og_title":"Chocan grupos profamilia y LGBTTTIQ por matrimonio igualitario -","og_description":"Chocan grupos profamilia y LGBTTTIQ por matrimonio igualitario Por Redacci\u00f3n QP","og_url":"https:\/\/quehacerpolitico.mx\/?p=35026","article_published_time":"2019-08-14T13:33:37+00:00","author":"Redacci\u00f3n QP","twitter_card":"summary_large_image","twitter_misc":{"Escrito por":"Redacci\u00f3n QP","Tiempo de lectura":"2 minutos"},"schema":{"@context":"https:\/\/schema.org","@graph":[{"@type":"Article","@id":"https:\/\/quehacerpolitico.mx\/?p=35026#article","isPartOf":{"@id":"https:\/\/quehacerpolitico.mx\/?p=35026"},"author":{"name":"Redacci\u00f3n QP","@id":"https:\/\/quehacerpolitico.mx\/#\/schema\/person\/496d8ad2d1d3f8036101dca7ee39e585"},"headline":"Chocan grupos profamilia y LGBTTTIQ por matrimonio igualitario","datePublished":"2019-08-14T13:33:37+00:00","mainEntityOfPage":{"@id":"https:\/\/quehacerpolitico.mx\/?p=35026"},"wordCount":337,"commentCount":0,"image":{"@id":"https:\/\/quehacerpolitico.mx\/?p=35026#primaryimage"},"thumbnailUrl":"","articleSection":["Noticias"],"inLanguage":"es","potentialAction":[{"@type":"CommentAction","name":"Comment","target":["https:\/\/quehacerpolitico.mx\/?p=35026#respond"]}]},{"@type":"WebPage","@id":"https:\/\/quehacerpolitico.mx\/?p=35026","url":"https:\/\/quehacerpolitico.mx\/?p=35026","name":"Chocan grupos profamilia y LGBTTTIQ por matrimonio igualitario -","isPartOf":{"@id":"https:\/\/quehacerpolitico.mx\/#website"},"primaryImageOfPage":{"@id":"https:\/\/quehacerpolitico.mx\/?p=35026#primaryimage"},"image":{"@id":"https:\/\/quehacerpolitico.mx\/?p=35026#primaryimage"},"thumbnailUrl":"","datePublished":"2019-08-14T13:33:37+00:00","author":{"@id":"https:\/\/quehacerpolitico.mx\/#\/schema\/person\/496d8ad2d1d3f8036101dca7ee39e585"},"breadcrumb":{"@id":"https:\/\/quehacerpolitico.mx\/?p=35026#breadcrumb"},"inLanguage":"es","potentialAction":[{"@type":"ReadAction","target":["https:\/\/quehacerpolitico.mx\/?p=35026"]}]},{"@type":"ImageObject","inLanguage":"es","@id":"https:\/\/quehacerpolitico.mx\/?p=35026#primaryimage","url":"","contentUrl":""},{"@type":"BreadcrumbList","@id":"https:\/\/quehacerpolitico.mx\/?p=35026#breadcrumb","itemListElement":[{"@type":"ListItem","position":1,"name":"Inicio","item":"https:\/\/quehacerpolitico.mx\/"},{"@type":"ListItem","position":2,"name":"Chocan grupos profamilia y LGBTTTIQ por matrimonio igualitario"}]},{"@type":"WebSite","@id":"https:\/\/quehacerpolitico.mx\/#website","url":"https:\/\/quehacerpolitico.mx\/","name":"","description":"","potentialAction":[{"@type":"SearchAction","target":{"@type":"EntryPoint","urlTemplate":"https:\/\/quehacerpolitico.mx\/?s={search_term_string}"},"query-input":{"@type":"PropertyValueSpecification","valueRequired":true,"valueName":"search_term_string"}}],"inLanguage":"es"},{"@type":"Person","@id":"https:\/\/quehacerpolitico.mx\/#\/schema\/person\/496d8ad2d1d3f8036101dca7ee39e585","name":"Redacci\u00f3n QP","image":{"@type":"ImageObject","inLanguage":"es","@id":"https:\/\/secure.gravatar.com\/avatar\/c7164ed6fdec453195284ad24a5ae5b6e1eed2b848477fa2a4787ba9adf39a41?s=96&d=mm&r=g","url":"https:\/\/secure.gravatar.com\/avatar\/c7164ed6fdec453195284ad24a5ae5b6e1eed2b848477fa2a4787ba9adf39a41?s=96&d=mm&r=g","contentUrl":"https:\/\/secure.gravatar.com\/avatar\/c7164ed6fdec453195284ad24a5ae5b6e1eed2b848477fa2a4787ba9adf39a41?s=96&d=mm&r=g","caption":"Redacci\u00f3n QP"},"url":"https:\/\/quehacerpolitico.mx\/?author=2"}]}},"featured_image_urls":{"full":"","thumbnail":"","medium":"","medium_large":"","large":"","1536x1536":"","2048x2048":"","covernews-featured":"","covernews-medium":""},"author_info":{"display_name":"Redacci\u00f3n QP","author_link":"https:\/\/quehacerpolitico.mx\/?author=2"},"category_info":"<a href=\"https:\/\/quehacerpolitico.mx\/?cat=2\" rel=\"category\">Noticias<\/a>","tag_info":"Noticias","comment_count":"0","_links":{"self":[{"href":"https:\/\/quehacerpolitico.mx\/index.php?rest_route=\/wp\/v2\/posts\/35026","targetHints":{"allow":["GET"]}}],"collection":[{"href":"https:\/\/quehacerpolitico.mx\/index.php?rest_route=\/wp\/v2\/posts"}],"about":[{"href":"https:\/\/quehacerpolitico.mx\/index.php?rest_route=\/wp\/v2\/types\/post"}],"author":[{"embeddable":true,"href":"https:\/\/quehacerpolitico.mx\/index.php?rest_route=\/wp\/v2\/users\/2"}],"replies":[{"embeddable":true,"href":"https:\/\/quehacerpolitico.mx\/index.php?rest_route=%2Fwp%2Fv2%2Fcomments&post=35026"}],"version-history":[{"count":0,"href":"https:\/\/quehacerpolitico.mx\/index.php?rest_route=\/wp\/v2\/posts\/35026\/revisions"}],"wp:featuredmedia":[{"embeddable":true,"href":"https:\/\/quehacerpolitico.mx\/index.php?rest_route=\/"}],"wp:attachment":[{"href":"https:\/\/quehacerpolitico.mx\/index.php?rest_route=%2Fwp%2Fv2%2Fmedia&parent=35026"}],"wp:term":[{"taxonomy":"category","embeddable":true,"href":"https:\/\/quehacerpolitico.mx\/index.php?rest_route=%2Fwp%2Fv2%2Fcategories&post=35026"},{"taxonomy":"post_tag","embeddable":true,"href":"https:\/\/quehacerpolitico.mx\/index.php?rest_route=%2Fwp%2Fv2%2Ftags&post=35026"}],"curies":[{"name":"wp","href":"https:\/\/api.w.org\/{rel}","templated":true}]}}