{"id":35014,"date":"2019-08-14T03:35:07","date_gmt":"2019-08-14T03:35:07","guid":{"rendered":"http:\/\/quehacerpolitico.mx\/dan-doctorado-honoris-causa-a-escritor-mexicano-con-sindrome-de-down\/"},"modified":"2019-08-14T03:35:07","modified_gmt":"2019-08-14T03:35:07","slug":"dan-doctorado-honoris-causa-a-escritor-mexicano-con-sindrome-de-down","status":"publish","type":"post","link":"https:\/\/quehacerpolitico.mx\/?p=35014","title":{"rendered":"Dan doctorado honoris causa a escritor mexicano con S\u00edndrome de Down"},"content":{"rendered":"<h1 class=\"news-title\">Dan doctorado honoris causa a escritor mexicano con S\u00edndrome de Down<\/h1>\n<p>Por Redacci\u00f3n QP<\/p>\n<header class=\"news-header\">\n<div class=\"news-subtitle\">\n<p>Carlos Enrique de Saro Puebla recibe reconocimiento por su trabajo profesional y acad\u00e9mico en temas de inclusi\u00f3n social y educativa<\/p>\n<\/div>\n<\/header>\n<div class=\"news-content\">\n<div class=\"news-body row\">\n<p>El escritor mexicano Carlos Enrique de Saro Puebla, recibi\u00f3 el Doctorado Honoris Causa por parte del Colegio Internacional de Profesionistas CC, <strong>convirti\u00e9ndose en el primer escritor mexicano con S\u00edndrome de Down en recibir esta condecoraci\u00f3n.\u00a0<\/strong><\/p>\n<p>La ceremonia tuvo lugar en el poblado de Anenecuilco, en el municipio de Ayala, Morelos, en el marco del aniversario 140 del natalicio del general Emiliano Zapata. Carlos Enrique de Saro Puebla narra que adem\u00e1s del Doctorado Honoris Causa que recibi\u00f3 de manos del jefe de la Oficina de la Gubernatura de Morelos, Jos\u00e9 Manuel Sanz Rivera, tambi\u00e9n<strong> le fue otorgada la m\u00e1xima distinci\u00f3n como Director Honor\u00edfico de la misma instituci\u00f3n, reconocimiento que le entreg\u00f3 Laura Zapata Salazar, familiar del general Zapata. <\/strong><\/p>\n<div id=\"div-pos-2\">\u00a0<\/div>\n<div id=\"div-gpt-ad-1539621784980-0\" data-google-query-id=\"CODjqbi2geQCFY1XAQod7NoNAw\">\n<div id=\"google_ads_iframe_\/1001694\/1x1Mobile_0__container__\">\u00a0<\/div>\n<\/div>\n<div>\n<figure class=\"image\"><img decoding=\"async\" title=\"\" src=\"https:\/\/www.informador.mx\/export\/sites\/elinformador\/img\/2019\/08\/13\/doc.jpg_347421144.jpg\" alt=\"\" hspace=\"5\" vspace=\"5\" data-height=\"466\" data-size=\"w:1280,h:853\" data-width=\"700\" \/><figcaption>La presidenta del DIF Cuernavaca, Orqu\u00eddea \u00c1lvarez, en &#8220;Taller de Desarrollo de Habilidades&#8221;, impartido por Carlos Enrique de Saro Puebla en mayo; donde se ayuda a los ni\u00f1os con s\u00edndrome de Down, por medio de terapia de lenguaje, ejercicios de motricidad y de estimulaci\u00f3n. TWITTER \/ @DIF_Cuernavaca<\/figcaption><\/figure>\n<\/div>\n<p><strong>El reconocimiento se otorg\u00f3 por &#8220;su trabajo profesional, acad\u00e9mico, social y humano, que ha denotado como conferencista con temas como la inclusi\u00f3n social, educativa y laboral para personas con discapacidad (&#8220;) <\/strong>siendo inspiraci\u00f3n para otros y poniendo en alto el nombre de esta instituci\u00f3n&#8221;.\u00a0<\/p>\n<p>En un video de aproximadamente 18 minutos Carlos Enrique de Saro Puebla mostr\u00f3 a c\u00e1mara sus dos reconocimientos y expres\u00f3 su emoci\u00f3n por lo sucedido en el evento; afirm\u00f3 que nunca espero tener el honor de recibir ambas condecoraciones por su trabajo como escritor y conferencista, por lo que fue un lleno de motivaci\u00f3n y gratitud.\u00a0<\/p>\n<p>&#8220;Es una distinci\u00f3n muy grande para su servidor y amigo, quien escribe con la esencia y el cromosoma del amor&#8221;, refiri\u00f3.\u00a0<strong> Tras el reconocimiento, el escritor dar\u00e1, de forma gratuita, la pl\u00e1tica &#8220;Las doce virtudes&#8221;,<\/strong> el pr\u00f3ximo 23 de agosto en la Sala V\u00edctor Hugo Rasc\u00f3n Banda, en la alcald\u00eda Coyoac\u00e1n, Ciudad de M\u00e9xico. En su video aprovech\u00f3 la oportunidad para invitar &#8220;a toda la sociedad mexicana&#8221; a formar parte de su sue\u00f1o, al impartir esta conferencia.<\/p>\n<\/div>\n<\/div>\n","protected":false},"excerpt":{"rendered":"<p>Dan doctorado honoris causa a escritor mexicano con S\u00edndrome de Down<br \/>\nPor Redacci\u00f3n QP<\/p>\n","protected":false},"author":2,"featured_media":35013,"comment_status":"open","ping_status":"open","sticky":false,"template":"","format":"standard","meta":{"_monsterinsights_skip_tracking":false,"_monsterinsights_sitenote_active":false,"_monsterinsights_sitenote_note":"","_monsterinsights_sitenote_category":0,"footnotes":""},"categories":[58],"tags":[],"class_list":["post-35014","post","type-post","status-publish","format-standard","has-post-thumbnail","hentry","category-cultura"],"yoast_head":"<!-- This site is optimized with the Yoast SEO plugin v27.3 - https:\/\/yoast.com\/product\/yoast-seo-wordpress\/ -->\n<title>Dan doctorado honoris causa a escritor mexicano con S\u00edndrome de Down -<\/title>\n<meta name=\"robots\" content=\"index, follow, max-snippet:-1, max-image-preview:large, max-video-preview:-1\" \/>\n<link rel=\"canonical\" href=\"https:\/\/quehacerpolitico.mx\/?p=35014\" \/>\n<meta property=\"og:locale\" content=\"es_MX\" \/>\n<meta property=\"og:type\" content=\"article\" \/>\n<meta property=\"og:title\" content=\"Dan doctorado honoris causa a escritor mexicano con S\u00edndrome de Down -\" \/>\n<meta property=\"og:description\" content=\"Dan doctorado honoris causa a escritor mexicano con S\u00edndrome de Down Por Redacci\u00f3n QP\" \/>\n<meta property=\"og:url\" content=\"https:\/\/quehacerpolitico.mx\/?p=35014\" \/>\n<meta property=\"article:published_time\" content=\"2019-08-14T03:35:07+00:00\" \/>\n<meta name=\"author\" content=\"Redacci\u00f3n QP\" \/>\n<meta name=\"twitter:card\" content=\"summary_large_image\" \/>\n<meta name=\"twitter:label1\" content=\"Escrito por\" \/>\n\t<meta name=\"twitter:data1\" content=\"Redacci\u00f3n QP\" \/>\n\t<meta name=\"twitter:label2\" content=\"Tiempo de lectura\" \/>\n\t<meta name=\"twitter:data2\" content=\"2 minutos\" \/>\n<script type=\"application\/ld+json\" class=\"yoast-schema-graph\">{\"@context\":\"https:\\\/\\\/schema.org\",\"@graph\":[{\"@type\":\"Article\",\"@id\":\"https:\\\/\\\/quehacerpolitico.mx\\\/?p=35014#article\",\"isPartOf\":{\"@id\":\"https:\\\/\\\/quehacerpolitico.mx\\\/?p=35014\"},\"author\":{\"name\":\"Redacci\u00f3n QP\",\"@id\":\"https:\\\/\\\/quehacerpolitico.mx\\\/#\\\/schema\\\/person\\\/496d8ad2d1d3f8036101dca7ee39e585\"},\"headline\":\"Dan doctorado honoris causa a escritor mexicano con S\u00edndrome de Down\",\"datePublished\":\"2019-08-14T03:35:07+00:00\",\"mainEntityOfPage\":{\"@id\":\"https:\\\/\\\/quehacerpolitico.mx\\\/?p=35014\"},\"wordCount\":416,\"commentCount\":0,\"image\":{\"@id\":\"https:\\\/\\\/quehacerpolitico.mx\\\/?p=35014#primaryimage\"},\"thumbnailUrl\":\"\",\"articleSection\":[\"Cultura y Entretenimiento\"],\"inLanguage\":\"es\",\"potentialAction\":[{\"@type\":\"CommentAction\",\"name\":\"Comment\",\"target\":[\"https:\\\/\\\/quehacerpolitico.mx\\\/?p=35014#respond\"]}]},{\"@type\":\"WebPage\",\"@id\":\"https:\\\/\\\/quehacerpolitico.mx\\\/?p=35014\",\"url\":\"https:\\\/\\\/quehacerpolitico.mx\\\/?p=35014\",\"name\":\"Dan doctorado honoris causa a escritor mexicano con S\u00edndrome de Down -\",\"isPartOf\":{\"@id\":\"https:\\\/\\\/quehacerpolitico.mx\\\/#website\"},\"primaryImageOfPage\":{\"@id\":\"https:\\\/\\\/quehacerpolitico.mx\\\/?p=35014#primaryimage\"},\"image\":{\"@id\":\"https:\\\/\\\/quehacerpolitico.mx\\\/?p=35014#primaryimage\"},\"thumbnailUrl\":\"\",\"datePublished\":\"2019-08-14T03:35:07+00:00\",\"author\":{\"@id\":\"https:\\\/\\\/quehacerpolitico.mx\\\/#\\\/schema\\\/person\\\/496d8ad2d1d3f8036101dca7ee39e585\"},\"breadcrumb\":{\"@id\":\"https:\\\/\\\/quehacerpolitico.mx\\\/?p=35014#breadcrumb\"},\"inLanguage\":\"es\",\"potentialAction\":[{\"@type\":\"ReadAction\",\"target\":[\"https:\\\/\\\/quehacerpolitico.mx\\\/?p=35014\"]}]},{\"@type\":\"ImageObject\",\"inLanguage\":\"es\",\"@id\":\"https:\\\/\\\/quehacerpolitico.mx\\\/?p=35014#primaryimage\",\"url\":\"\",\"contentUrl\":\"\"},{\"@type\":\"BreadcrumbList\",\"@id\":\"https:\\\/\\\/quehacerpolitico.mx\\\/?p=35014#breadcrumb\",\"itemListElement\":[{\"@type\":\"ListItem\",\"position\":1,\"name\":\"Inicio\",\"item\":\"https:\\\/\\\/quehacerpolitico.mx\\\/\"},{\"@type\":\"ListItem\",\"position\":2,\"name\":\"Dan doctorado honoris causa a escritor mexicano con S\u00edndrome de Down\"}]},{\"@type\":\"WebSite\",\"@id\":\"https:\\\/\\\/quehacerpolitico.mx\\\/#website\",\"url\":\"https:\\\/\\\/quehacerpolitico.mx\\\/\",\"name\":\"\",\"description\":\"\",\"potentialAction\":[{\"@type\":\"SearchAction\",\"target\":{\"@type\":\"EntryPoint\",\"urlTemplate\":\"https:\\\/\\\/quehacerpolitico.mx\\\/?s={search_term_string}\"},\"query-input\":{\"@type\":\"PropertyValueSpecification\",\"valueRequired\":true,\"valueName\":\"search_term_string\"}}],\"inLanguage\":\"es\"},{\"@type\":\"Person\",\"@id\":\"https:\\\/\\\/quehacerpolitico.mx\\\/#\\\/schema\\\/person\\\/496d8ad2d1d3f8036101dca7ee39e585\",\"name\":\"Redacci\u00f3n QP\",\"image\":{\"@type\":\"ImageObject\",\"inLanguage\":\"es\",\"@id\":\"https:\\\/\\\/secure.gravatar.com\\\/avatar\\\/c7164ed6fdec453195284ad24a5ae5b6e1eed2b848477fa2a4787ba9adf39a41?s=96&d=mm&r=g\",\"url\":\"https:\\\/\\\/secure.gravatar.com\\\/avatar\\\/c7164ed6fdec453195284ad24a5ae5b6e1eed2b848477fa2a4787ba9adf39a41?s=96&d=mm&r=g\",\"contentUrl\":\"https:\\\/\\\/secure.gravatar.com\\\/avatar\\\/c7164ed6fdec453195284ad24a5ae5b6e1eed2b848477fa2a4787ba9adf39a41?s=96&d=mm&r=g\",\"caption\":\"Redacci\u00f3n QP\"},\"url\":\"https:\\\/\\\/quehacerpolitico.mx\\\/?author=2\"}]}<\/script>\n<!-- \/ Yoast SEO plugin. -->","yoast_head_json":{"title":"Dan doctorado honoris causa a escritor mexicano con S\u00edndrome de Down -","robots":{"index":"index","follow":"follow","max-snippet":"max-snippet:-1","max-image-preview":"max-image-preview:large","max-video-preview":"max-video-preview:-1"},"canonical":"https:\/\/quehacerpolitico.mx\/?p=35014","og_locale":"es_MX","og_type":"article","og_title":"Dan doctorado honoris causa a escritor mexicano con S\u00edndrome de Down -","og_description":"Dan doctorado honoris causa a escritor mexicano con S\u00edndrome de Down Por Redacci\u00f3n QP","og_url":"https:\/\/quehacerpolitico.mx\/?p=35014","article_published_time":"2019-08-14T03:35:07+00:00","author":"Redacci\u00f3n QP","twitter_card":"summary_large_image","twitter_misc":{"Escrito por":"Redacci\u00f3n QP","Tiempo de lectura":"2 minutos"},"schema":{"@context":"https:\/\/schema.org","@graph":[{"@type":"Article","@id":"https:\/\/quehacerpolitico.mx\/?p=35014#article","isPartOf":{"@id":"https:\/\/quehacerpolitico.mx\/?p=35014"},"author":{"name":"Redacci\u00f3n QP","@id":"https:\/\/quehacerpolitico.mx\/#\/schema\/person\/496d8ad2d1d3f8036101dca7ee39e585"},"headline":"Dan doctorado honoris causa a escritor mexicano con S\u00edndrome de Down","datePublished":"2019-08-14T03:35:07+00:00","mainEntityOfPage":{"@id":"https:\/\/quehacerpolitico.mx\/?p=35014"},"wordCount":416,"commentCount":0,"image":{"@id":"https:\/\/quehacerpolitico.mx\/?p=35014#primaryimage"},"thumbnailUrl":"","articleSection":["Cultura y Entretenimiento"],"inLanguage":"es","potentialAction":[{"@type":"CommentAction","name":"Comment","target":["https:\/\/quehacerpolitico.mx\/?p=35014#respond"]}]},{"@type":"WebPage","@id":"https:\/\/quehacerpolitico.mx\/?p=35014","url":"https:\/\/quehacerpolitico.mx\/?p=35014","name":"Dan doctorado honoris causa a escritor mexicano con S\u00edndrome de Down -","isPartOf":{"@id":"https:\/\/quehacerpolitico.mx\/#website"},"primaryImageOfPage":{"@id":"https:\/\/quehacerpolitico.mx\/?p=35014#primaryimage"},"image":{"@id":"https:\/\/quehacerpolitico.mx\/?p=35014#primaryimage"},"thumbnailUrl":"","datePublished":"2019-08-14T03:35:07+00:00","author":{"@id":"https:\/\/quehacerpolitico.mx\/#\/schema\/person\/496d8ad2d1d3f8036101dca7ee39e585"},"breadcrumb":{"@id":"https:\/\/quehacerpolitico.mx\/?p=35014#breadcrumb"},"inLanguage":"es","potentialAction":[{"@type":"ReadAction","target":["https:\/\/quehacerpolitico.mx\/?p=35014"]}]},{"@type":"ImageObject","inLanguage":"es","@id":"https:\/\/quehacerpolitico.mx\/?p=35014#primaryimage","url":"","contentUrl":""},{"@type":"BreadcrumbList","@id":"https:\/\/quehacerpolitico.mx\/?p=35014#breadcrumb","itemListElement":[{"@type":"ListItem","position":1,"name":"Inicio","item":"https:\/\/quehacerpolitico.mx\/"},{"@type":"ListItem","position":2,"name":"Dan doctorado honoris causa a escritor mexicano con S\u00edndrome de Down"}]},{"@type":"WebSite","@id":"https:\/\/quehacerpolitico.mx\/#website","url":"https:\/\/quehacerpolitico.mx\/","name":"","description":"","potentialAction":[{"@type":"SearchAction","target":{"@type":"EntryPoint","urlTemplate":"https:\/\/quehacerpolitico.mx\/?s={search_term_string}"},"query-input":{"@type":"PropertyValueSpecification","valueRequired":true,"valueName":"search_term_string"}}],"inLanguage":"es"},{"@type":"Person","@id":"https:\/\/quehacerpolitico.mx\/#\/schema\/person\/496d8ad2d1d3f8036101dca7ee39e585","name":"Redacci\u00f3n QP","image":{"@type":"ImageObject","inLanguage":"es","@id":"https:\/\/secure.gravatar.com\/avatar\/c7164ed6fdec453195284ad24a5ae5b6e1eed2b848477fa2a4787ba9adf39a41?s=96&d=mm&r=g","url":"https:\/\/secure.gravatar.com\/avatar\/c7164ed6fdec453195284ad24a5ae5b6e1eed2b848477fa2a4787ba9adf39a41?s=96&d=mm&r=g","contentUrl":"https:\/\/secure.gravatar.com\/avatar\/c7164ed6fdec453195284ad24a5ae5b6e1eed2b848477fa2a4787ba9adf39a41?s=96&d=mm&r=g","caption":"Redacci\u00f3n QP"},"url":"https:\/\/quehacerpolitico.mx\/?author=2"}]}},"featured_image_urls":{"full":"","thumbnail":"","medium":"","medium_large":"","large":"","1536x1536":"","2048x2048":"","covernews-featured":"","covernews-medium":""},"author_info":{"display_name":"Redacci\u00f3n QP","author_link":"https:\/\/quehacerpolitico.mx\/?author=2"},"category_info":"<a href=\"https:\/\/quehacerpolitico.mx\/?cat=58\" rel=\"category\">Cultura y Entretenimiento<\/a>","tag_info":"Cultura y Entretenimiento","comment_count":"0","_links":{"self":[{"href":"https:\/\/quehacerpolitico.mx\/index.php?rest_route=\/wp\/v2\/posts\/35014","targetHints":{"allow":["GET"]}}],"collection":[{"href":"https:\/\/quehacerpolitico.mx\/index.php?rest_route=\/wp\/v2\/posts"}],"about":[{"href":"https:\/\/quehacerpolitico.mx\/index.php?rest_route=\/wp\/v2\/types\/post"}],"author":[{"embeddable":true,"href":"https:\/\/quehacerpolitico.mx\/index.php?rest_route=\/wp\/v2\/users\/2"}],"replies":[{"embeddable":true,"href":"https:\/\/quehacerpolitico.mx\/index.php?rest_route=%2Fwp%2Fv2%2Fcomments&post=35014"}],"version-history":[{"count":0,"href":"https:\/\/quehacerpolitico.mx\/index.php?rest_route=\/wp\/v2\/posts\/35014\/revisions"}],"wp:featuredmedia":[{"embeddable":true,"href":"https:\/\/quehacerpolitico.mx\/index.php?rest_route=\/"}],"wp:attachment":[{"href":"https:\/\/quehacerpolitico.mx\/index.php?rest_route=%2Fwp%2Fv2%2Fmedia&parent=35014"}],"wp:term":[{"taxonomy":"category","embeddable":true,"href":"https:\/\/quehacerpolitico.mx\/index.php?rest_route=%2Fwp%2Fv2%2Fcategories&post=35014"},{"taxonomy":"post_tag","embeddable":true,"href":"https:\/\/quehacerpolitico.mx\/index.php?rest_route=%2Fwp%2Fv2%2Ftags&post=35014"}],"curies":[{"name":"wp","href":"https:\/\/api.w.org\/{rel}","templated":true}]}}