{"id":35011,"date":"2019-08-14T03:29:02","date_gmt":"2019-08-14T03:29:02","guid":{"rendered":"http:\/\/quehacerpolitico.mx\/orquesta-de-filadelfia-cancela-actuacion-de-placido-domingo-tras-acusaciones\/"},"modified":"2019-08-14T03:29:02","modified_gmt":"2019-08-14T03:29:02","slug":"orquesta-de-filadelfia-cancela-actuacion-de-placido-domingo-tras-acusaciones","status":"publish","type":"post","link":"https:\/\/quehacerpolitico.mx\/?p=35011","title":{"rendered":"Orquesta de Filadelfia cancela actuaci\u00f3n de Pl\u00e1cido Domingo tras acusaciones"},"content":{"rendered":"<h1 class=\"news-title\">Orquesta de Filadelfia cancela actuaci\u00f3n de Pl\u00e1cido Domingo tras acusaciones<\/h1>\n<p>Por Redacci\u00f3n QP<\/p>\n<header class=\"news-header\">\n<div class=\"news-subtitle\">\n<p>El tenor iba a estar acompa\u00f1ado en el escenario de la soprano Adela Zaharia bajo la direcci\u00f3n de Yannick N\u00e9zet-S\u00e9guin<\/p>\n<\/div>\n<\/header>\n<div class=\"news-content\">\n<div class=\"news-body row\">\n<p>La Orquesta de Filadelfia\u00a0anunci\u00f3 este martes la cancelaci\u00f3n de su invitaci\u00f3n al tenor Placido Domingo\u00a0en uno de sus conciertos programados tras la aparici\u00f3n de acusaciones de acoso sexual por parte de nueve mujeres.<\/p>\n<blockquote>\n<p>&#8220;Estamos comprometidos a proporcionar un entorno seguro, solidario, respetuoso y apropiado para la Orquesta y el personal&#8221;<\/p>\n<\/blockquote>\n<p>La actuaci\u00f3n de Domingo estaba prevista para el 18 de septiembre en la gala de apertura de la temporada de conciertos de la instituci\u00f3n musical.<\/p>\n<p><strong>&#8220;La Asociaci\u00f3n de la Orquesta de Filadelfia ha retirado su invitaci\u00f3n a Pl\u00e1cido Domingo para que forme parte de su Noche de Inauguraci\u00f3n&#8221;<\/strong>, explic\u00f3 la organizaci\u00f3n en un comunicado.<\/p>\n<p>&#8220;Estamos comprometidos a proporcionar un entorno seguro, solidario, respetuoso y apropiado para la Orquesta y el personal, para los artistas, compositores y colaboradores, y para nuestro p\u00fablico&#8221;, argument\u00f3.<\/p>\n<p>En el concierto inaugural de la temporada, <strong>Domingo iba a estar acompa\u00f1ado en el escenario de la soprano Adela Zaharia bajo la direcci\u00f3n de Yannick N\u00e9zet-S\u00e9guin.<\/strong><\/p>\n<p>Nueve mujeres -ocho cantantes y una bailarina- han asegurado que el cantante Pl\u00e1cido Domingo las someti\u00f3 a acoso sexual seg\u00fan testimonios recogidos en un reportaje de la agencia AP, ante lo que el tenor ha respondido que crey\u00f3 &#8220;siempre&#8221; que todas sus &#8220;interacciones y relaciones&#8221; con mujeres eran &#8220;bienvenidas y consensuadas&#8221;.<\/p>\n<p>Los supuestos caso mencionados por las denunciantes datan de la d\u00e9cada de los a\u00f1os 1980.<\/p>\n<p><strong>A pesar de la cancelaci\u00f3n de su actuaci\u00f3n en Filadelfia, Domingo si actuar\u00e1, por el momento, en el Festival de Salzburgo el pr\u00f3ximo 25 de agosto<\/strong>, junto a Nino Machaidze y Cecilia Molinari.<\/p>\n<p>El tenor consider\u00f3 que las &#8220;alegaciones&#8221; de &#8220;individuos an\u00f3nimos&#8221; que se citan en ese reportaje &#8220;datan al menos de 30 a\u00f1os atr\u00e1s&#8221; y son &#8220;profundamente preocupantes&#8221; e &#8220;inexactas&#8221;.<\/p>\n<p>&#8220;Reconozco que las normas y est\u00e1ndar de la actualidad son muy diferentes hoy de lo que eran en el pasado. Soy un afortunado y privilegiado por tener una carrera de m\u00e1s de 50 a\u00f1os en la \u00f3pera y mantendr\u00e9 los m\u00e1s altos est\u00e1ndar&#8221;, a\u00f1adi\u00f3 el artista, director de la \u00d3pera de los \u00c1ngeles, una instituci\u00f3n que a\u00fan no se ha pronunciado al respecto.<\/p>\n<p><strong>Domingo asegur\u00f3 que le parece &#8220;doloroso&#8221; escuchar que pudo &#8220;trastornar&#8221; o &#8220;incomodar&#8221; a alguna mujer sin que importe cu\u00e1nto tiempo haga de eso y a pesar de sus &#8220;mejores intenciones&#8221;.\u00a0<\/strong><\/p>\n<p>Con Informaci\u00f3n de EFE<\/p>\n<\/div>\n<\/div>\n","protected":false},"excerpt":{"rendered":"<p>Orquesta de Filadelfia cancela actuaci\u00f3n de Pl\u00e1cido Domingo tras acusaciones<br \/>\nPor Redacci\u00f3n QP<\/p>\n","protected":false},"author":2,"featured_media":35010,"comment_status":"open","ping_status":"open","sticky":false,"template":"","format":"standard","meta":{"_monsterinsights_skip_tracking":false,"_monsterinsights_sitenote_active":false,"_monsterinsights_sitenote_note":"","_monsterinsights_sitenote_category":0,"footnotes":""},"categories":[58],"tags":[],"class_list":["post-35011","post","type-post","status-publish","format-standard","has-post-thumbnail","hentry","category-cultura"],"yoast_head":"<!-- This site is optimized with the Yoast SEO plugin v27.3 - https:\/\/yoast.com\/product\/yoast-seo-wordpress\/ -->\n<title>Orquesta de Filadelfia cancela actuaci\u00f3n de Pl\u00e1cido Domingo tras acusaciones -<\/title>\n<meta name=\"robots\" content=\"index, follow, max-snippet:-1, max-image-preview:large, max-video-preview:-1\" \/>\n<link rel=\"canonical\" href=\"https:\/\/quehacerpolitico.mx\/?p=35011\" \/>\n<meta property=\"og:locale\" content=\"es_MX\" \/>\n<meta property=\"og:type\" content=\"article\" \/>\n<meta property=\"og:title\" content=\"Orquesta de Filadelfia cancela actuaci\u00f3n de Pl\u00e1cido Domingo tras acusaciones -\" \/>\n<meta property=\"og:description\" content=\"Orquesta de Filadelfia cancela actuaci\u00f3n de Pl\u00e1cido Domingo tras acusaciones Por Redacci\u00f3n QP\" \/>\n<meta property=\"og:url\" content=\"https:\/\/quehacerpolitico.mx\/?p=35011\" \/>\n<meta property=\"article:published_time\" content=\"2019-08-14T03:29:02+00:00\" \/>\n<meta name=\"author\" content=\"Redacci\u00f3n QP\" \/>\n<meta name=\"twitter:card\" content=\"summary_large_image\" \/>\n<meta name=\"twitter:label1\" content=\"Escrito por\" \/>\n\t<meta name=\"twitter:data1\" content=\"Redacci\u00f3n QP\" \/>\n\t<meta name=\"twitter:label2\" content=\"Tiempo de lectura\" \/>\n\t<meta name=\"twitter:data2\" content=\"2 minutos\" \/>\n<script type=\"application\/ld+json\" class=\"yoast-schema-graph\">{\"@context\":\"https:\\\/\\\/schema.org\",\"@graph\":[{\"@type\":\"Article\",\"@id\":\"https:\\\/\\\/quehacerpolitico.mx\\\/?p=35011#article\",\"isPartOf\":{\"@id\":\"https:\\\/\\\/quehacerpolitico.mx\\\/?p=35011\"},\"author\":{\"name\":\"Redacci\u00f3n QP\",\"@id\":\"https:\\\/\\\/quehacerpolitico.mx\\\/#\\\/schema\\\/person\\\/496d8ad2d1d3f8036101dca7ee39e585\"},\"headline\":\"Orquesta de Filadelfia cancela actuaci\u00f3n de Pl\u00e1cido Domingo tras acusaciones\",\"datePublished\":\"2019-08-14T03:29:02+00:00\",\"mainEntityOfPage\":{\"@id\":\"https:\\\/\\\/quehacerpolitico.mx\\\/?p=35011\"},\"wordCount\":466,\"commentCount\":0,\"image\":{\"@id\":\"https:\\\/\\\/quehacerpolitico.mx\\\/?p=35011#primaryimage\"},\"thumbnailUrl\":\"\",\"articleSection\":[\"Cultura y Entretenimiento\"],\"inLanguage\":\"es\",\"potentialAction\":[{\"@type\":\"CommentAction\",\"name\":\"Comment\",\"target\":[\"https:\\\/\\\/quehacerpolitico.mx\\\/?p=35011#respond\"]}]},{\"@type\":\"WebPage\",\"@id\":\"https:\\\/\\\/quehacerpolitico.mx\\\/?p=35011\",\"url\":\"https:\\\/\\\/quehacerpolitico.mx\\\/?p=35011\",\"name\":\"Orquesta de Filadelfia cancela actuaci\u00f3n de Pl\u00e1cido Domingo tras acusaciones -\",\"isPartOf\":{\"@id\":\"https:\\\/\\\/quehacerpolitico.mx\\\/#website\"},\"primaryImageOfPage\":{\"@id\":\"https:\\\/\\\/quehacerpolitico.mx\\\/?p=35011#primaryimage\"},\"image\":{\"@id\":\"https:\\\/\\\/quehacerpolitico.mx\\\/?p=35011#primaryimage\"},\"thumbnailUrl\":\"\",\"datePublished\":\"2019-08-14T03:29:02+00:00\",\"author\":{\"@id\":\"https:\\\/\\\/quehacerpolitico.mx\\\/#\\\/schema\\\/person\\\/496d8ad2d1d3f8036101dca7ee39e585\"},\"breadcrumb\":{\"@id\":\"https:\\\/\\\/quehacerpolitico.mx\\\/?p=35011#breadcrumb\"},\"inLanguage\":\"es\",\"potentialAction\":[{\"@type\":\"ReadAction\",\"target\":[\"https:\\\/\\\/quehacerpolitico.mx\\\/?p=35011\"]}]},{\"@type\":\"ImageObject\",\"inLanguage\":\"es\",\"@id\":\"https:\\\/\\\/quehacerpolitico.mx\\\/?p=35011#primaryimage\",\"url\":\"\",\"contentUrl\":\"\"},{\"@type\":\"BreadcrumbList\",\"@id\":\"https:\\\/\\\/quehacerpolitico.mx\\\/?p=35011#breadcrumb\",\"itemListElement\":[{\"@type\":\"ListItem\",\"position\":1,\"name\":\"Inicio\",\"item\":\"https:\\\/\\\/quehacerpolitico.mx\\\/\"},{\"@type\":\"ListItem\",\"position\":2,\"name\":\"Orquesta de Filadelfia cancela actuaci\u00f3n de Pl\u00e1cido Domingo tras acusaciones\"}]},{\"@type\":\"WebSite\",\"@id\":\"https:\\\/\\\/quehacerpolitico.mx\\\/#website\",\"url\":\"https:\\\/\\\/quehacerpolitico.mx\\\/\",\"name\":\"\",\"description\":\"\",\"potentialAction\":[{\"@type\":\"SearchAction\",\"target\":{\"@type\":\"EntryPoint\",\"urlTemplate\":\"https:\\\/\\\/quehacerpolitico.mx\\\/?s={search_term_string}\"},\"query-input\":{\"@type\":\"PropertyValueSpecification\",\"valueRequired\":true,\"valueName\":\"search_term_string\"}}],\"inLanguage\":\"es\"},{\"@type\":\"Person\",\"@id\":\"https:\\\/\\\/quehacerpolitico.mx\\\/#\\\/schema\\\/person\\\/496d8ad2d1d3f8036101dca7ee39e585\",\"name\":\"Redacci\u00f3n QP\",\"image\":{\"@type\":\"ImageObject\",\"inLanguage\":\"es\",\"@id\":\"https:\\\/\\\/secure.gravatar.com\\\/avatar\\\/c7164ed6fdec453195284ad24a5ae5b6e1eed2b848477fa2a4787ba9adf39a41?s=96&d=mm&r=g\",\"url\":\"https:\\\/\\\/secure.gravatar.com\\\/avatar\\\/c7164ed6fdec453195284ad24a5ae5b6e1eed2b848477fa2a4787ba9adf39a41?s=96&d=mm&r=g\",\"contentUrl\":\"https:\\\/\\\/secure.gravatar.com\\\/avatar\\\/c7164ed6fdec453195284ad24a5ae5b6e1eed2b848477fa2a4787ba9adf39a41?s=96&d=mm&r=g\",\"caption\":\"Redacci\u00f3n QP\"},\"url\":\"https:\\\/\\\/quehacerpolitico.mx\\\/?author=2\"}]}<\/script>\n<!-- \/ Yoast SEO plugin. -->","yoast_head_json":{"title":"Orquesta de Filadelfia cancela actuaci\u00f3n de Pl\u00e1cido Domingo tras acusaciones -","robots":{"index":"index","follow":"follow","max-snippet":"max-snippet:-1","max-image-preview":"max-image-preview:large","max-video-preview":"max-video-preview:-1"},"canonical":"https:\/\/quehacerpolitico.mx\/?p=35011","og_locale":"es_MX","og_type":"article","og_title":"Orquesta de Filadelfia cancela actuaci\u00f3n de Pl\u00e1cido Domingo tras acusaciones -","og_description":"Orquesta de Filadelfia cancela actuaci\u00f3n de Pl\u00e1cido Domingo tras acusaciones Por Redacci\u00f3n QP","og_url":"https:\/\/quehacerpolitico.mx\/?p=35011","article_published_time":"2019-08-14T03:29:02+00:00","author":"Redacci\u00f3n QP","twitter_card":"summary_large_image","twitter_misc":{"Escrito por":"Redacci\u00f3n QP","Tiempo de lectura":"2 minutos"},"schema":{"@context":"https:\/\/schema.org","@graph":[{"@type":"Article","@id":"https:\/\/quehacerpolitico.mx\/?p=35011#article","isPartOf":{"@id":"https:\/\/quehacerpolitico.mx\/?p=35011"},"author":{"name":"Redacci\u00f3n QP","@id":"https:\/\/quehacerpolitico.mx\/#\/schema\/person\/496d8ad2d1d3f8036101dca7ee39e585"},"headline":"Orquesta de Filadelfia cancela actuaci\u00f3n de Pl\u00e1cido Domingo tras acusaciones","datePublished":"2019-08-14T03:29:02+00:00","mainEntityOfPage":{"@id":"https:\/\/quehacerpolitico.mx\/?p=35011"},"wordCount":466,"commentCount":0,"image":{"@id":"https:\/\/quehacerpolitico.mx\/?p=35011#primaryimage"},"thumbnailUrl":"","articleSection":["Cultura y Entretenimiento"],"inLanguage":"es","potentialAction":[{"@type":"CommentAction","name":"Comment","target":["https:\/\/quehacerpolitico.mx\/?p=35011#respond"]}]},{"@type":"WebPage","@id":"https:\/\/quehacerpolitico.mx\/?p=35011","url":"https:\/\/quehacerpolitico.mx\/?p=35011","name":"Orquesta de Filadelfia cancela actuaci\u00f3n de Pl\u00e1cido Domingo tras acusaciones -","isPartOf":{"@id":"https:\/\/quehacerpolitico.mx\/#website"},"primaryImageOfPage":{"@id":"https:\/\/quehacerpolitico.mx\/?p=35011#primaryimage"},"image":{"@id":"https:\/\/quehacerpolitico.mx\/?p=35011#primaryimage"},"thumbnailUrl":"","datePublished":"2019-08-14T03:29:02+00:00","author":{"@id":"https:\/\/quehacerpolitico.mx\/#\/schema\/person\/496d8ad2d1d3f8036101dca7ee39e585"},"breadcrumb":{"@id":"https:\/\/quehacerpolitico.mx\/?p=35011#breadcrumb"},"inLanguage":"es","potentialAction":[{"@type":"ReadAction","target":["https:\/\/quehacerpolitico.mx\/?p=35011"]}]},{"@type":"ImageObject","inLanguage":"es","@id":"https:\/\/quehacerpolitico.mx\/?p=35011#primaryimage","url":"","contentUrl":""},{"@type":"BreadcrumbList","@id":"https:\/\/quehacerpolitico.mx\/?p=35011#breadcrumb","itemListElement":[{"@type":"ListItem","position":1,"name":"Inicio","item":"https:\/\/quehacerpolitico.mx\/"},{"@type":"ListItem","position":2,"name":"Orquesta de Filadelfia cancela actuaci\u00f3n de Pl\u00e1cido Domingo tras acusaciones"}]},{"@type":"WebSite","@id":"https:\/\/quehacerpolitico.mx\/#website","url":"https:\/\/quehacerpolitico.mx\/","name":"","description":"","potentialAction":[{"@type":"SearchAction","target":{"@type":"EntryPoint","urlTemplate":"https:\/\/quehacerpolitico.mx\/?s={search_term_string}"},"query-input":{"@type":"PropertyValueSpecification","valueRequired":true,"valueName":"search_term_string"}}],"inLanguage":"es"},{"@type":"Person","@id":"https:\/\/quehacerpolitico.mx\/#\/schema\/person\/496d8ad2d1d3f8036101dca7ee39e585","name":"Redacci\u00f3n QP","image":{"@type":"ImageObject","inLanguage":"es","@id":"https:\/\/secure.gravatar.com\/avatar\/c7164ed6fdec453195284ad24a5ae5b6e1eed2b848477fa2a4787ba9adf39a41?s=96&d=mm&r=g","url":"https:\/\/secure.gravatar.com\/avatar\/c7164ed6fdec453195284ad24a5ae5b6e1eed2b848477fa2a4787ba9adf39a41?s=96&d=mm&r=g","contentUrl":"https:\/\/secure.gravatar.com\/avatar\/c7164ed6fdec453195284ad24a5ae5b6e1eed2b848477fa2a4787ba9adf39a41?s=96&d=mm&r=g","caption":"Redacci\u00f3n QP"},"url":"https:\/\/quehacerpolitico.mx\/?author=2"}]}},"featured_image_urls":{"full":"","thumbnail":"","medium":"","medium_large":"","large":"","1536x1536":"","2048x2048":"","covernews-featured":"","covernews-medium":""},"author_info":{"display_name":"Redacci\u00f3n QP","author_link":"https:\/\/quehacerpolitico.mx\/?author=2"},"category_info":"<a href=\"https:\/\/quehacerpolitico.mx\/?cat=58\" rel=\"category\">Cultura y Entretenimiento<\/a>","tag_info":"Cultura y Entretenimiento","comment_count":"0","_links":{"self":[{"href":"https:\/\/quehacerpolitico.mx\/index.php?rest_route=\/wp\/v2\/posts\/35011","targetHints":{"allow":["GET"]}}],"collection":[{"href":"https:\/\/quehacerpolitico.mx\/index.php?rest_route=\/wp\/v2\/posts"}],"about":[{"href":"https:\/\/quehacerpolitico.mx\/index.php?rest_route=\/wp\/v2\/types\/post"}],"author":[{"embeddable":true,"href":"https:\/\/quehacerpolitico.mx\/index.php?rest_route=\/wp\/v2\/users\/2"}],"replies":[{"embeddable":true,"href":"https:\/\/quehacerpolitico.mx\/index.php?rest_route=%2Fwp%2Fv2%2Fcomments&post=35011"}],"version-history":[{"count":0,"href":"https:\/\/quehacerpolitico.mx\/index.php?rest_route=\/wp\/v2\/posts\/35011\/revisions"}],"wp:featuredmedia":[{"embeddable":true,"href":"https:\/\/quehacerpolitico.mx\/index.php?rest_route=\/"}],"wp:attachment":[{"href":"https:\/\/quehacerpolitico.mx\/index.php?rest_route=%2Fwp%2Fv2%2Fmedia&parent=35011"}],"wp:term":[{"taxonomy":"category","embeddable":true,"href":"https:\/\/quehacerpolitico.mx\/index.php?rest_route=%2Fwp%2Fv2%2Fcategories&post=35011"},{"taxonomy":"post_tag","embeddable":true,"href":"https:\/\/quehacerpolitico.mx\/index.php?rest_route=%2Fwp%2Fv2%2Ftags&post=35011"}],"curies":[{"name":"wp","href":"https:\/\/api.w.org\/{rel}","templated":true}]}}