{"id":35002,"date":"2019-08-14T03:05:26","date_gmt":"2019-08-14T03:05:26","guid":{"rendered":"http:\/\/quehacerpolitico.mx\/internacionales-carolina-alonso-romei-coalicion-demanda-al-gobierno-de-trump-por-su-politica-de-carbon\/"},"modified":"2019-08-14T03:05:26","modified_gmt":"2019-08-14T03:05:26","slug":"internacionales-carolina-alonso-romei-coalicion-demanda-al-gobierno-de-trump-por-su-politica-de-carbon","status":"publish","type":"post","link":"https:\/\/quehacerpolitico.mx\/?p=35002","title":{"rendered":"Internacionales\/\/\/Carolina Alonso Romei\/\/\/Coalici\u00f3n demanda al gobierno de Trump por su pol\u00edtica de carb\u00f3n"},"content":{"rendered":"<h1 class=\"news-title\">Coalici\u00f3n demanda al gobierno de Trump por su pol\u00edtica de carb\u00f3n<\/h1>\n<p>Por Carolina Alonso Romei\u00a0<\/p>\n<p>Internacionalista\u00a0<\/p>\n<header class=\"news-header\">\n<div class=\"news-subtitle\">\n<p>El recurso, liderado por los estados de California y Nueva York, quiere impedir la puesta en marcha del programa Energ\u00eda Limpia Asequible<\/p>\n<\/div>\n<\/header>\n<div class=\"news-content\">\n<div class=\"news-body row\">\n<p>Una coalici\u00f3n de 29 estados y ciudades interpusieron este martes una demanda contra la administraci\u00f3n del presidente de EU, Donald Trump,\u00a0para bloquear el desmantelamiento aplicado a una iniciativa de 2015 que restringe las centrales el\u00e9ctricas a base de carb\u00f3n.<\/p>\n<blockquote>\n<p>&#8220;El plan de protecci\u00f3n de combustibles f\u00f3siles falla a todos los que defienden un aire m\u00e1s limpio. Y le falla a nuestra econom\u00eda&#8221;<\/p>\n<\/blockquote>\n<p>La nueva batalla legal liderada por los estados de California y Nueva York <strong>quiere impedir la puesta en marcha del programa Energ\u00eda Limpia Asequible (ACE, en ingl\u00e9s), con el que Donald Trump quiere reemplazar el Plan de Energ\u00eda Limpia que implement\u00f3 su predecesor, Barack Obama (2009-2017).<\/strong><\/p>\n<p>&#8220;Es una tonter\u00eda. Tambi\u00e9n es ilegal &#8220;, dijo el fiscal general de California, Xavier Becerra, sobre la iniciativa de la actual Administraci\u00f3n en una conferencia de prensa convocada para anunciar la demanda, que fue ingresada en una corte federal de apelaciones en el Distrito de Columbia (Washington).<\/p>\n<p>&#8220;El plan de protecci\u00f3n de combustibles f\u00f3siles falla a todos los que defienden un aire m\u00e1s limpio. Y le falla a nuestra econom\u00eda, que depende de la energia limpia\u00a0ahora m\u00e1s que nunca&#8221;, agreg\u00f3 Becerra.<\/p>\n<p>El Plan de Energ\u00eda Limpia, en ingl\u00e9s Clean Power Plan, es considerado uno de los principales logros de Obama en la lucha contra la crisis clim\u00e1tica.<\/p>\n<p><strong>Exig\u00eda reducir las emisiones de las centrales que operan a base de carb\u00f3n en un 32 % para 2030<\/strong>, tomando en cuenta los niveles de 2005, con el fin ulterior de reemplazar estas plantas con fuentes de energ\u00eda renovable.<\/p>\n<p>La norma implantada tambi\u00e9n instaba a las empresas de suministro el\u00e9ctrico a que adopten energ\u00edas m\u00e1s limpias, como el gas natural, la solar o la e\u00f3lica.<\/p>\n<p>La demanda asegura que la nueva regla <strong>no reduce de manera significativa los gases de efecto invernadero de las plantas de energ\u00eda y promueve el aumento de la contaminaci\u00f3n al prolongar la existencia de las plantas de carb\u00f3n<\/strong>.<\/p>\n<p>Con Informaci\u00f3n de EFE<\/p>\n<\/div>\n<\/div>\n","protected":false},"excerpt":{"rendered":"<p>Coalici\u00f3n demanda al gobierno de Trump por su pol\u00edtica de carb\u00f3n<br \/>\nPor Carolina Alonso Romei<br \/>\nInternacionalista<\/p>\n","protected":false},"author":2,"featured_media":35001,"comment_status":"open","ping_status":"open","sticky":false,"template":"","format":"standard","meta":{"_monsterinsights_skip_tracking":false,"_monsterinsights_sitenote_active":false,"_monsterinsights_sitenote_note":"","_monsterinsights_sitenote_category":0,"footnotes":""},"categories":[1],"tags":[],"class_list":["post-35002","post","type-post","status-publish","format-standard","has-post-thumbnail","hentry","category-sin-categoria"],"yoast_head":"<!-- This site is optimized with the Yoast SEO plugin v27.3 - https:\/\/yoast.com\/product\/yoast-seo-wordpress\/ -->\n<title>Internacionales\/\/\/Carolina Alonso Romei\/\/\/Coalici\u00f3n demanda al gobierno de Trump por su pol\u00edtica de carb\u00f3n -<\/title>\n<meta name=\"robots\" content=\"index, follow, max-snippet:-1, max-image-preview:large, max-video-preview:-1\" \/>\n<link rel=\"canonical\" href=\"https:\/\/quehacerpolitico.mx\/?p=35002\" \/>\n<meta property=\"og:locale\" content=\"es_MX\" \/>\n<meta property=\"og:type\" content=\"article\" \/>\n<meta property=\"og:title\" content=\"Internacionales\/\/\/Carolina Alonso Romei\/\/\/Coalici\u00f3n demanda al gobierno de Trump por su pol\u00edtica de carb\u00f3n -\" \/>\n<meta property=\"og:description\" content=\"Coalici\u00f3n demanda al gobierno de Trump por su pol\u00edtica de carb\u00f3n Por Carolina Alonso Romei Internacionalista\" \/>\n<meta property=\"og:url\" content=\"https:\/\/quehacerpolitico.mx\/?p=35002\" \/>\n<meta property=\"article:published_time\" content=\"2019-08-14T03:05:26+00:00\" \/>\n<meta name=\"author\" content=\"Redacci\u00f3n QP\" \/>\n<meta name=\"twitter:card\" content=\"summary_large_image\" \/>\n<meta name=\"twitter:label1\" content=\"Escrito por\" \/>\n\t<meta name=\"twitter:data1\" content=\"Redacci\u00f3n QP\" \/>\n\t<meta name=\"twitter:label2\" content=\"Tiempo de lectura\" \/>\n\t<meta name=\"twitter:data2\" content=\"2 minutos\" \/>\n<script type=\"application\/ld+json\" class=\"yoast-schema-graph\">{\"@context\":\"https:\\\/\\\/schema.org\",\"@graph\":[{\"@type\":\"Article\",\"@id\":\"https:\\\/\\\/quehacerpolitico.mx\\\/?p=35002#article\",\"isPartOf\":{\"@id\":\"https:\\\/\\\/quehacerpolitico.mx\\\/?p=35002\"},\"author\":{\"name\":\"Redacci\u00f3n QP\",\"@id\":\"https:\\\/\\\/quehacerpolitico.mx\\\/#\\\/schema\\\/person\\\/496d8ad2d1d3f8036101dca7ee39e585\"},\"headline\":\"Internacionales\\\/\\\/\\\/Carolina Alonso Romei\\\/\\\/\\\/Coalici\u00f3n demanda al gobierno de Trump por su pol\u00edtica de carb\u00f3n\",\"datePublished\":\"2019-08-14T03:05:26+00:00\",\"mainEntityOfPage\":{\"@id\":\"https:\\\/\\\/quehacerpolitico.mx\\\/?p=35002\"},\"wordCount\":411,\"commentCount\":0,\"image\":{\"@id\":\"https:\\\/\\\/quehacerpolitico.mx\\\/?p=35002#primaryimage\"},\"thumbnailUrl\":\"\",\"articleSection\":[\"Internacionales\"],\"inLanguage\":\"es\",\"potentialAction\":[{\"@type\":\"CommentAction\",\"name\":\"Comment\",\"target\":[\"https:\\\/\\\/quehacerpolitico.mx\\\/?p=35002#respond\"]}]},{\"@type\":\"WebPage\",\"@id\":\"https:\\\/\\\/quehacerpolitico.mx\\\/?p=35002\",\"url\":\"https:\\\/\\\/quehacerpolitico.mx\\\/?p=35002\",\"name\":\"Internacionales\\\/\\\/\\\/Carolina Alonso Romei\\\/\\\/\\\/Coalici\u00f3n demanda al gobierno de Trump por su pol\u00edtica de carb\u00f3n -\",\"isPartOf\":{\"@id\":\"https:\\\/\\\/quehacerpolitico.mx\\\/#website\"},\"primaryImageOfPage\":{\"@id\":\"https:\\\/\\\/quehacerpolitico.mx\\\/?p=35002#primaryimage\"},\"image\":{\"@id\":\"https:\\\/\\\/quehacerpolitico.mx\\\/?p=35002#primaryimage\"},\"thumbnailUrl\":\"\",\"datePublished\":\"2019-08-14T03:05:26+00:00\",\"author\":{\"@id\":\"https:\\\/\\\/quehacerpolitico.mx\\\/#\\\/schema\\\/person\\\/496d8ad2d1d3f8036101dca7ee39e585\"},\"breadcrumb\":{\"@id\":\"https:\\\/\\\/quehacerpolitico.mx\\\/?p=35002#breadcrumb\"},\"inLanguage\":\"es\",\"potentialAction\":[{\"@type\":\"ReadAction\",\"target\":[\"https:\\\/\\\/quehacerpolitico.mx\\\/?p=35002\"]}]},{\"@type\":\"ImageObject\",\"inLanguage\":\"es\",\"@id\":\"https:\\\/\\\/quehacerpolitico.mx\\\/?p=35002#primaryimage\",\"url\":\"\",\"contentUrl\":\"\"},{\"@type\":\"BreadcrumbList\",\"@id\":\"https:\\\/\\\/quehacerpolitico.mx\\\/?p=35002#breadcrumb\",\"itemListElement\":[{\"@type\":\"ListItem\",\"position\":1,\"name\":\"Inicio\",\"item\":\"https:\\\/\\\/quehacerpolitico.mx\\\/\"},{\"@type\":\"ListItem\",\"position\":2,\"name\":\"Internacionales\\\/\\\/\\\/Carolina Alonso Romei\\\/\\\/\\\/Coalici\u00f3n demanda al gobierno de Trump por su pol\u00edtica de carb\u00f3n\"}]},{\"@type\":\"WebSite\",\"@id\":\"https:\\\/\\\/quehacerpolitico.mx\\\/#website\",\"url\":\"https:\\\/\\\/quehacerpolitico.mx\\\/\",\"name\":\"\",\"description\":\"\",\"potentialAction\":[{\"@type\":\"SearchAction\",\"target\":{\"@type\":\"EntryPoint\",\"urlTemplate\":\"https:\\\/\\\/quehacerpolitico.mx\\\/?s={search_term_string}\"},\"query-input\":{\"@type\":\"PropertyValueSpecification\",\"valueRequired\":true,\"valueName\":\"search_term_string\"}}],\"inLanguage\":\"es\"},{\"@type\":\"Person\",\"@id\":\"https:\\\/\\\/quehacerpolitico.mx\\\/#\\\/schema\\\/person\\\/496d8ad2d1d3f8036101dca7ee39e585\",\"name\":\"Redacci\u00f3n QP\",\"image\":{\"@type\":\"ImageObject\",\"inLanguage\":\"es\",\"@id\":\"https:\\\/\\\/secure.gravatar.com\\\/avatar\\\/c7164ed6fdec453195284ad24a5ae5b6e1eed2b848477fa2a4787ba9adf39a41?s=96&d=mm&r=g\",\"url\":\"https:\\\/\\\/secure.gravatar.com\\\/avatar\\\/c7164ed6fdec453195284ad24a5ae5b6e1eed2b848477fa2a4787ba9adf39a41?s=96&d=mm&r=g\",\"contentUrl\":\"https:\\\/\\\/secure.gravatar.com\\\/avatar\\\/c7164ed6fdec453195284ad24a5ae5b6e1eed2b848477fa2a4787ba9adf39a41?s=96&d=mm&r=g\",\"caption\":\"Redacci\u00f3n QP\"},\"url\":\"https:\\\/\\\/quehacerpolitico.mx\\\/?author=2\"}]}<\/script>\n<!-- \/ Yoast SEO plugin. -->","yoast_head_json":{"title":"Internacionales\/\/\/Carolina Alonso Romei\/\/\/Coalici\u00f3n demanda al gobierno de Trump por su pol\u00edtica de carb\u00f3n -","robots":{"index":"index","follow":"follow","max-snippet":"max-snippet:-1","max-image-preview":"max-image-preview:large","max-video-preview":"max-video-preview:-1"},"canonical":"https:\/\/quehacerpolitico.mx\/?p=35002","og_locale":"es_MX","og_type":"article","og_title":"Internacionales\/\/\/Carolina Alonso Romei\/\/\/Coalici\u00f3n demanda al gobierno de Trump por su pol\u00edtica de carb\u00f3n -","og_description":"Coalici\u00f3n demanda al gobierno de Trump por su pol\u00edtica de carb\u00f3n Por Carolina Alonso Romei Internacionalista","og_url":"https:\/\/quehacerpolitico.mx\/?p=35002","article_published_time":"2019-08-14T03:05:26+00:00","author":"Redacci\u00f3n QP","twitter_card":"summary_large_image","twitter_misc":{"Escrito por":"Redacci\u00f3n QP","Tiempo de lectura":"2 minutos"},"schema":{"@context":"https:\/\/schema.org","@graph":[{"@type":"Article","@id":"https:\/\/quehacerpolitico.mx\/?p=35002#article","isPartOf":{"@id":"https:\/\/quehacerpolitico.mx\/?p=35002"},"author":{"name":"Redacci\u00f3n QP","@id":"https:\/\/quehacerpolitico.mx\/#\/schema\/person\/496d8ad2d1d3f8036101dca7ee39e585"},"headline":"Internacionales\/\/\/Carolina Alonso Romei\/\/\/Coalici\u00f3n demanda al gobierno de Trump por su pol\u00edtica de carb\u00f3n","datePublished":"2019-08-14T03:05:26+00:00","mainEntityOfPage":{"@id":"https:\/\/quehacerpolitico.mx\/?p=35002"},"wordCount":411,"commentCount":0,"image":{"@id":"https:\/\/quehacerpolitico.mx\/?p=35002#primaryimage"},"thumbnailUrl":"","articleSection":["Internacionales"],"inLanguage":"es","potentialAction":[{"@type":"CommentAction","name":"Comment","target":["https:\/\/quehacerpolitico.mx\/?p=35002#respond"]}]},{"@type":"WebPage","@id":"https:\/\/quehacerpolitico.mx\/?p=35002","url":"https:\/\/quehacerpolitico.mx\/?p=35002","name":"Internacionales\/\/\/Carolina Alonso Romei\/\/\/Coalici\u00f3n demanda al gobierno de Trump por su pol\u00edtica de carb\u00f3n -","isPartOf":{"@id":"https:\/\/quehacerpolitico.mx\/#website"},"primaryImageOfPage":{"@id":"https:\/\/quehacerpolitico.mx\/?p=35002#primaryimage"},"image":{"@id":"https:\/\/quehacerpolitico.mx\/?p=35002#primaryimage"},"thumbnailUrl":"","datePublished":"2019-08-14T03:05:26+00:00","author":{"@id":"https:\/\/quehacerpolitico.mx\/#\/schema\/person\/496d8ad2d1d3f8036101dca7ee39e585"},"breadcrumb":{"@id":"https:\/\/quehacerpolitico.mx\/?p=35002#breadcrumb"},"inLanguage":"es","potentialAction":[{"@type":"ReadAction","target":["https:\/\/quehacerpolitico.mx\/?p=35002"]}]},{"@type":"ImageObject","inLanguage":"es","@id":"https:\/\/quehacerpolitico.mx\/?p=35002#primaryimage","url":"","contentUrl":""},{"@type":"BreadcrumbList","@id":"https:\/\/quehacerpolitico.mx\/?p=35002#breadcrumb","itemListElement":[{"@type":"ListItem","position":1,"name":"Inicio","item":"https:\/\/quehacerpolitico.mx\/"},{"@type":"ListItem","position":2,"name":"Internacionales\/\/\/Carolina Alonso Romei\/\/\/Coalici\u00f3n demanda al gobierno de Trump por su pol\u00edtica de carb\u00f3n"}]},{"@type":"WebSite","@id":"https:\/\/quehacerpolitico.mx\/#website","url":"https:\/\/quehacerpolitico.mx\/","name":"","description":"","potentialAction":[{"@type":"SearchAction","target":{"@type":"EntryPoint","urlTemplate":"https:\/\/quehacerpolitico.mx\/?s={search_term_string}"},"query-input":{"@type":"PropertyValueSpecification","valueRequired":true,"valueName":"search_term_string"}}],"inLanguage":"es"},{"@type":"Person","@id":"https:\/\/quehacerpolitico.mx\/#\/schema\/person\/496d8ad2d1d3f8036101dca7ee39e585","name":"Redacci\u00f3n QP","image":{"@type":"ImageObject","inLanguage":"es","@id":"https:\/\/secure.gravatar.com\/avatar\/c7164ed6fdec453195284ad24a5ae5b6e1eed2b848477fa2a4787ba9adf39a41?s=96&d=mm&r=g","url":"https:\/\/secure.gravatar.com\/avatar\/c7164ed6fdec453195284ad24a5ae5b6e1eed2b848477fa2a4787ba9adf39a41?s=96&d=mm&r=g","contentUrl":"https:\/\/secure.gravatar.com\/avatar\/c7164ed6fdec453195284ad24a5ae5b6e1eed2b848477fa2a4787ba9adf39a41?s=96&d=mm&r=g","caption":"Redacci\u00f3n QP"},"url":"https:\/\/quehacerpolitico.mx\/?author=2"}]}},"featured_image_urls":{"full":"","thumbnail":"","medium":"","medium_large":"","large":"","1536x1536":"","2048x2048":"","covernews-featured":"","covernews-medium":""},"author_info":{"display_name":"Redacci\u00f3n QP","author_link":"https:\/\/quehacerpolitico.mx\/?author=2"},"category_info":"<a href=\"https:\/\/quehacerpolitico.mx\/?cat=1\" rel=\"category\">Internacionales<\/a>","tag_info":"Internacionales","comment_count":"0","_links":{"self":[{"href":"https:\/\/quehacerpolitico.mx\/index.php?rest_route=\/wp\/v2\/posts\/35002","targetHints":{"allow":["GET"]}}],"collection":[{"href":"https:\/\/quehacerpolitico.mx\/index.php?rest_route=\/wp\/v2\/posts"}],"about":[{"href":"https:\/\/quehacerpolitico.mx\/index.php?rest_route=\/wp\/v2\/types\/post"}],"author":[{"embeddable":true,"href":"https:\/\/quehacerpolitico.mx\/index.php?rest_route=\/wp\/v2\/users\/2"}],"replies":[{"embeddable":true,"href":"https:\/\/quehacerpolitico.mx\/index.php?rest_route=%2Fwp%2Fv2%2Fcomments&post=35002"}],"version-history":[{"count":0,"href":"https:\/\/quehacerpolitico.mx\/index.php?rest_route=\/wp\/v2\/posts\/35002\/revisions"}],"wp:featuredmedia":[{"embeddable":true,"href":"https:\/\/quehacerpolitico.mx\/index.php?rest_route=\/"}],"wp:attachment":[{"href":"https:\/\/quehacerpolitico.mx\/index.php?rest_route=%2Fwp%2Fv2%2Fmedia&parent=35002"}],"wp:term":[{"taxonomy":"category","embeddable":true,"href":"https:\/\/quehacerpolitico.mx\/index.php?rest_route=%2Fwp%2Fv2%2Fcategories&post=35002"},{"taxonomy":"post_tag","embeddable":true,"href":"https:\/\/quehacerpolitico.mx\/index.php?rest_route=%2Fwp%2Fv2%2Ftags&post=35002"}],"curies":[{"name":"wp","href":"https:\/\/api.w.org\/{rel}","templated":true}]}}