{"id":34996,"date":"2019-08-14T02:53:22","date_gmt":"2019-08-14T02:53:22","guid":{"rendered":"http:\/\/quehacerpolitico.mx\/violaciones-en-cdmx-los-2-casos-de-adolescentes-supuestamente-agredidas-sexualmente-por-policias-que-indignan-a-la-capital-de-mexico\/"},"modified":"2019-08-14T02:53:22","modified_gmt":"2019-08-14T02:53:22","slug":"violaciones-en-cdmx-los-2-casos-de-adolescentes-supuestamente-agredidas-sexualmente-por-policias-que-indignan-a-la-capital-de-mexico","status":"publish","type":"post","link":"https:\/\/quehacerpolitico.mx\/?p=34996","title":{"rendered":"Violaciones en CDMX: los 2 casos de adolescentes supuestamente agredidas sexualmente por polic\u00edas que indignan a la capital de M\u00e9xico"},"content":{"rendered":"<h1 class=\"news-title\">Violaciones en CDMX: los 2 casos de adolescentes supuestamente agredidas sexualmente por polic\u00edas que indignan a la capital de M\u00e9xico<\/h1>\n<p>Por Redacci\u00f3n QP<\/p>\n<header class=\"news-header\">\n<div class=\"news-subtitle\">\n<p>Coreando la consigna de &#8220;no me cuidan, me violan&#8221;, cientos de personas salieron a las calles desde el pasado fin de semana para protestar contra las autoridades de la capital mexicana<\/p>\n<\/div>\n<\/header>\n<div class=\"news-content\">\n<div class=\"news-body row\">\n<div>\n<figure class=\"image\"><a title=\"Ir a BBC News\" href=\"https:\/\/www.bbc.com\/mundo\"><img loading=\"lazy\" decoding=\"async\" src=\"https:\/\/www.informador.mx\/export\/sites\/elinformador\/arte\/logo_bbc_news_mundo_770.jpg_220211806.jpg\" alt=\"Logo de BBC News\" width=\"694\" height=\"111\" \/><\/a><\/figure>\n<\/div>\n<p><strong>Coreando la consigna de &#8220;no me cuidan, me violan&#8221;<\/strong>, cientos de personas salieron a las calles de Ciudad de M\u00e9xico desde el pasado fin de semana para protestar contra la polic\u00eda y las autoridades de la capital mexicana.<\/p>\n<p>Los manifestantes, en su mayor\u00eda mujeres, <strong>exigen justicia para dos adolescentes queacusan a polic\u00edas de haberlas violado en dos casos diferentes ocurridos a principios de agosto.<\/strong><\/p>\n<p>Alrededor de 300 personas llegaron este lunes a la oficina de la Procuradur\u00eda General de Justicia (PGJ) de la capital mexicana para manifestarse\u00a0lo que pronto deriv\u00f3 en un ataque contra el edificio.<\/p>\n<p>Algunos manifestantes esparcieron brillantina rosa y pintura en aerosol sobre la fachada de la PGJ, mientras que otros rompieron la puerta de cristal de la entrada y arrojaron la cabeza de un cerdo.<\/p>\n<div>\n<figure class=\"image\"><img decoding=\"async\" title=\"\" src=\"https:\/\/www.informador.mx\/export\/sites\/elinformador\/img\/2019\/08\/13\/v4.jpg_1150884414.jpg\" alt=\"\" hspace=\"5\" vspace=\"5\" data-height=\"394\" data-size=\"w:966,h:544\" data-width=\"700\" \/><figcaption>Algunas de las manifestantes con el rostro cubierto derribaron las puertas en la entrada de la fiscal\u00eda. REUTERS<\/figcaption><\/figure>\n<\/div>\n<div>\n<figure class=\"image\"><img decoding=\"async\" title=\"\" src=\"https:\/\/www.informador.mx\/export\/sites\/elinformador\/img\/2019\/08\/13\/v1.jpg_1150884414.jpg\" alt=\"\" hspace=\"5\" vspace=\"5\" data-height=\"394\" data-size=\"w:966,h:544\" data-width=\"700\" \/><figcaption>El secretario de Seguridad de Ciudad de M\u00e9xico, Jes\u00fas Orta, acab\u00f3 cubierto con brillantina rosa lanzada por las manifestantes. REUTERS<\/figcaption><\/figure>\n<\/div>\n<p>Horas antes, hab\u00edan protestado en la sede de la polic\u00eda de Ciudad de M\u00e9xico.<\/p>\n<p><strong>Cuando el secretario de Seguridad, Jes\u00fas Orta, intentaba dialogar con los manifestantes, una persona le arroj\u00f3 brillantina rosa<\/strong>. El funcionario se retir\u00f3 r\u00e1pidamente del lugar.<\/p>\n<blockquote class=\"twitter-tweet\" data-width=\"550\" data-dnt=\"true\">\n<p lang=\"es\" dir=\"ltr\"><a href=\"https:\/\/twitter.com\/hashtag\/QPMX?src=hash&amp;ref_src=twsrc%5Etfw\">#QPMX<\/a> El Secretario de Seguridad Publica de la CDMX <a href=\"https:\/\/twitter.com\/jesusorta?ref_src=twsrc%5Etfw\">@jesusorta<\/a> recibe ba\u00f1o de pintura en protesta por parte de mujeres que se manifiestan frente a la <a href=\"https:\/\/twitter.com\/ssp_cdmx?ref_src=twsrc%5Etfw\">@SSP_CDMX<\/a> debido a las violaciones echas por parte de polic\u00edas de la CDMX <a href=\"https:\/\/twitter.com\/hashtag\/QuehacerPolitico?src=hash&amp;ref_src=twsrc%5Etfw\">#QuehacerPolitico<\/a> <a href=\"https:\/\/twitter.com\/hashtag\/InquiriendoLaNoticia?src=hash&amp;ref_src=twsrc%5Etfw\">#InquiriendoLaNoticia<\/a> <a href=\"https:\/\/t.co\/vgLHrbfsBa\">pic.twitter.com\/vgLHrbfsBa<\/a><\/p>\n<p>&mdash; Quehacer Pol\u00edtico (@QueHacerPolitic) <a href=\"https:\/\/twitter.com\/QueHacerPolitic\/status\/1160989353763434496?ref_src=twsrc%5Etfw\">August 12, 2019<\/a><\/p><\/blockquote>\n<p><script async src=\"https:\/\/platform.twitter.com\/widgets.js\" charset=\"utf-8\"><\/script><\/p>\n<p>Las protestas fueron provocadas por dos recientes denuncias de violaci\u00f3n y cuyos procesos de investigaci\u00f3n, al igual que la respuesta de las autoridades a las protestas, han generado enojo a parte de la capital mexicana.<\/p>\n<h4>\u00bfQu\u00e9 denuncian las v\u00edctimas?<\/h4>\n<p>El primer caso ocurri\u00f3 el 3 de agosto.<\/p>\n<p>Una adolescente de 17 a\u00f1os, que pidi\u00f3 que su identidad sea reservada dada la naturaleza del caso, regresaba de una fiesta a su casa en Azcapotzalco (norte de Ciudad de M\u00e9xico) en la madrugada.<\/p>\n<p>Seg\u00fan su denuncia, un amigo la hab\u00eda dejado a un par de cuadras de su casa y mientras ella caminaba fue interceptada por agentes a bordo de una patrulla de agentes, los cuales le ofrecieron llevarla a su domicilio por su seguridad.<\/p>\n<p><strong>La joven asegura que fue violada por cuatro polic\u00edas en el interior del veh\u00edculo policial.<\/strong><\/p>\n<div>\n<figure class=\"image\"><img decoding=\"async\" title=\"\" src=\"https:\/\/www.informador.mx\/export\/sites\/elinformador\/img\/2019\/08\/13\/v2.jpg_1018938398.jpg\" alt=\"\" hspace=\"5\" vspace=\"5\" data-height=\"760\" data-size=\"w:565,h:760\" data-width=\"565\" \/><figcaption>Muchas manifestantes j\u00f3venes llevaban carteles con consignas contra la polic\u00eda de Ciudad de M\u00e9xico. AFP<\/figcaption><\/figure>\n<\/div>\n<p>El segundo caso fue denunciado por una adolescente de 16 a\u00f1os identificada como Estefan\u00eda &#8220;N&#8221; y ocurri\u00f3 el 8 de agosto.<\/p>\n<p>La joven sostiene que mientras estaba en el Museo de Archivo de la Fotograf\u00eda, donde realiza una pasant\u00eda, <strong>un agente de vigilancia de la Polic\u00eda Bancaria e Industrial del recinto abus\u00f3 sexualmente de ella en un ba\u00f1o.<\/strong><\/p>\n<p>La v\u00edctima llam\u00f3 al servicio de emergencia y, poco despu\u00e9s, el agente denunciado fue detenido.<\/p>\n<h4>\u00bfPor qu\u00e9 causan indignaci\u00f3n las investigaciones?<\/h4>\n<p>La v\u00edctima del caso de Azcapotzalco acudi\u00f3 ante la Fiscal\u00eda de Delitos Sexuales para denunciar la violaci\u00f3n y colabor\u00f3 con las autoridades en las primeras investigaciones.<\/p>\n<p>Sin embargo, desisti\u00f3 en continuar luego de que informaci\u00f3n de su caso y sus datos personales fueran &#8220;filtrados&#8221; a la prensa, por lo que dijo que <strong>ya no conf\u00eda en las autoridades.<\/strong><\/p>\n<div>\n<figure class=\"image\"><img decoding=\"async\" title=\"\" src=\"https:\/\/www.informador.mx\/export\/sites\/elinformador\/img\/2019\/08\/13\/v3.jpg_347421144.jpg\" alt=\"\" hspace=\"5\" vspace=\"5\" data-height=\"466\" data-size=\"w:760,h:506\" data-width=\"700\" \/><figcaption>Colectivos de feministas encabezaron las protestas en diferentes puntos de Ciudad de M\u00e9xico. EPA<\/figcaption><\/figure>\n<\/div>\n<p>La titular de la PGJ, Ernestina Godoy, explic\u00f3 d\u00edas despu\u00e9s que al no haber una &#8220;imputaci\u00f3n directa&#8221; contra polic\u00edas sospechosos &#8220;no hay posibilidad de integrar la carpeta (de investigaci\u00f3n)&#8221; y los agentes podr\u00edan estar en condiciones de regresar a sus labores.<\/p>\n<p>&#8220;No vamos a fabricar culpables&#8221;, se\u00f1al\u00f3 la funcionaria el jueves pasado, lo que gener\u00f3 las primeras protestas por la posible impunidad de la violaci\u00f3n.<\/p>\n<p>Un d\u00eda despu\u00e9s, el portavoz de la PGJ, Ulises Lara, matiz\u00f3 las declaraciones de Godoy y asegur\u00f3 que buscar\u00edan mantener el contacto con la v\u00edctima, pedir\u00edan la ayuda de la Comisi\u00f3n de Derechos Humanos local, y que la filtraci\u00f3n del caso es un delito a investigar.<\/p>\n<div>\n<figure class=\"image\"><img decoding=\"async\" title=\"\" src=\"https:\/\/www.informador.mx\/export\/sites\/elinformador\/img\/2019\/08\/13\/v6.jpg_2002565790.jpg\" alt=\"\" hspace=\"5\" vspace=\"5\" data-height=\"397\" data-size=\"w:594,h:397\" data-width=\"594\" \/><\/figure>\n<\/div>\n<p>En el segundo caso, el polic\u00eda identificado por las autoridades como Edgar Bert\u00edn (su apellido fue reservado) fue detenido y las investigaciones in\u00edciales indicaron que hay &#8220;flagrancia&#8221; del delito.<\/p>\n<p>Pero hasta las protestas del lunes no se conoc\u00eda si el polic\u00eda enfrentar\u00eda cargos.<\/p>\n<h4>&#8220;Provocaci\u00f3n&#8221;<\/h4>\n<p>Claudia Sheinbaum,\u00a0la jefa de gobierno de Ciudad de M\u00e9xico, <strong>describi\u00f3 las protestas y ataques a las autoridades como una &#8220;provocaci\u00f3n&#8221;. Y esta declaraci\u00f3n tambi\u00e9n le ha tra\u00eddo cr\u00edticas.<\/strong><\/p>\n<p>&#8220;Quiero afirmar categ\u00f3ricamente que fue una provocaci\u00f3n. En realidad lo que esperaban es que nosotros respondi\u00e9ramos con m\u00e1s violencia, y eso no lo vamos a hacer&#8221;, dijo en un video en Facebook.<\/p>\n<p>&#8220;Sobre lo que se demanda, se van a hacer las investigaciones conducentes. Ni va a haber fabricaci\u00f3n de culpables, ni va a haber impunidad. Pero no podemos de antemano definir qui\u00e9nes fueron los culpables. Para eso se hacen las investigaciones&#8221;, dijo.<\/p>\n<p>https:\/\/www.facebook.com\/ClaudiaSheinbaumPardo\/videos\/462770147610803?s=100001366383202&#038;v=e&#038;sfns=mo<\/p>\n<p>Esa respuesta tambi\u00e9n le ha generado cr\u00edticas de la oposici\u00f3n a Sheinbaum.<\/p>\n<p>&#8220;Para la procuradora y la jefa de Gobierno, una protesta feminista que exige justicia porque polic\u00edas han violado mujeres es una provocaci\u00f3n&#8230; Perd\u00f3n, pero \u00bfde qu\u00e9 nos sirven mujeres en el poder si lo ejercen con convicci\u00f3n patriarcal?&#8221;, dijo en Twitter la diputada independiente Luc\u00eda Riojas.<\/p>\n<p>Arne Aus den Ruthen, un pol\u00edtico y exalcalde del barrio Miguel Hidalgo, tambi\u00e9n se pronunci\u00f3 en su cuenta de Twitter.<\/p>\n<blockquote class=\"twitter-tweet\" data-width=\"550\" data-dnt=\"true\">\n<p lang=\"es\" dir=\"ltr\">Todas las marchas son un acto de provocaci\u00f3n <a href=\"https:\/\/twitter.com\/Claudiashein?ref_src=twsrc%5Etfw\">@Claudiashein<\/a>; buscan que los malos gobernantes reaccionen, despierten, atiendan. <\/p>\n<p>Algunas provocan declaraciones torpes, como las suyas, otras correcciones en la pol\u00edtica p\u00fablica.<\/p>\n<p>&mdash; Arne aus den Ruthen (@arnemx) <a href=\"https:\/\/twitter.com\/arnemx\/status\/1161055821767331840?ref_src=twsrc%5Etfw\">August 12, 2019<\/a><\/p><\/blockquote>\n<p><script async src=\"https:\/\/platform.twitter.com\/widgets.js\" charset=\"utf-8\"><\/script><\/p>\n<p><strong>La violencia contra la mujer es uno de los principales problemas de seguridad p\u00fablica en Ciudad de M\u00e9xico y la zona conurbada<\/strong>, hogar de unas 20 millones de personas.<\/p>\n<p>Un informe oficial con datos de enero a junio de este a\u00f1o indica que hubo 284 llamadas de emergencia sobre &#8220;incidentes de abuso sexual&#8221; en Ciudad de M\u00e9xico, la cuarta cifra m\u00e1s alta de todo el pa\u00eds y sexto lugar en cuanto a tasa de incidencia de este delito.<\/p>\n<p>Sin embargo, grupos de v\u00edctimas dicen que <strong>la mayor\u00eda de las v\u00edctimas no denuncian por desconfianza en las autoridades y que puede haber m\u00e1s de medio mill\u00f3n de casos en todo el pa\u00eds cada a\u00f1o<\/strong><\/p>\n<p><em>Con Informaci\u00f3n de BBC News Mundo<\/em><\/p>\n<\/div>\n<\/div>\n","protected":false},"excerpt":{"rendered":"<p>Violaciones en CDMX: los 2 casos de adolescentes supuestamente agredidas sexualmente por polic\u00edas que indignan a la capital de M\u00e9xico<br \/>\nPor Redacci\u00f3n QP<\/p>\n","protected":false},"author":2,"featured_media":34995,"comment_status":"open","ping_status":"open","sticky":false,"template":"","format":"standard","meta":{"_monsterinsights_skip_tracking":false,"_monsterinsights_sitenote_active":false,"_monsterinsights_sitenote_note":"","_monsterinsights_sitenote_category":0,"footnotes":""},"categories":[55],"tags":[],"class_list":["post-34996","post","type-post","status-publish","format-standard","has-post-thumbnail","hentry","category-cdmx"],"yoast_head":"<!-- This site is optimized with the Yoast SEO plugin v27.3 - https:\/\/yoast.com\/product\/yoast-seo-wordpress\/ -->\n<title>Violaciones en CDMX: los 2 casos de adolescentes supuestamente agredidas sexualmente por polic\u00edas que indignan a la capital de M\u00e9xico -<\/title>\n<meta name=\"robots\" content=\"index, follow, max-snippet:-1, max-image-preview:large, max-video-preview:-1\" \/>\n<link rel=\"canonical\" href=\"https:\/\/quehacerpolitico.mx\/?p=34996\" \/>\n<meta property=\"og:locale\" content=\"es_MX\" \/>\n<meta property=\"og:type\" content=\"article\" \/>\n<meta property=\"og:title\" content=\"Violaciones en CDMX: los 2 casos de adolescentes supuestamente agredidas sexualmente por polic\u00edas que indignan a la capital de M\u00e9xico -\" \/>\n<meta property=\"og:description\" content=\"Violaciones en CDMX: los 2 casos de adolescentes supuestamente agredidas sexualmente por polic\u00edas que indignan a la capital de M\u00e9xico Por Redacci\u00f3n QP\" \/>\n<meta property=\"og:url\" content=\"https:\/\/quehacerpolitico.mx\/?p=34996\" \/>\n<meta property=\"article:published_time\" content=\"2019-08-14T02:53:22+00:00\" \/>\n<meta name=\"author\" content=\"Redacci\u00f3n QP\" \/>\n<meta name=\"twitter:card\" content=\"summary_large_image\" \/>\n<meta name=\"twitter:label1\" content=\"Escrito por\" \/>\n\t<meta name=\"twitter:data1\" content=\"Redacci\u00f3n QP\" \/>\n\t<meta name=\"twitter:label2\" content=\"Tiempo de lectura\" \/>\n\t<meta name=\"twitter:data2\" content=\"6 minutos\" \/>\n<script type=\"application\/ld+json\" class=\"yoast-schema-graph\">{\"@context\":\"https:\\\/\\\/schema.org\",\"@graph\":[{\"@type\":\"Article\",\"@id\":\"https:\\\/\\\/quehacerpolitico.mx\\\/?p=34996#article\",\"isPartOf\":{\"@id\":\"https:\\\/\\\/quehacerpolitico.mx\\\/?p=34996\"},\"author\":{\"name\":\"Redacci\u00f3n QP\",\"@id\":\"https:\\\/\\\/quehacerpolitico.mx\\\/#\\\/schema\\\/person\\\/496d8ad2d1d3f8036101dca7ee39e585\"},\"headline\":\"Violaciones en CDMX: los 2 casos de adolescentes supuestamente agredidas sexualmente por polic\u00edas que indignan a la capital de M\u00e9xico\",\"datePublished\":\"2019-08-14T02:53:22+00:00\",\"mainEntityOfPage\":{\"@id\":\"https:\\\/\\\/quehacerpolitico.mx\\\/?p=34996\"},\"wordCount\":1158,\"commentCount\":0,\"image\":{\"@id\":\"https:\\\/\\\/quehacerpolitico.mx\\\/?p=34996#primaryimage\"},\"thumbnailUrl\":\"\",\"articleSection\":[\"CDMX\"],\"inLanguage\":\"es\",\"potentialAction\":[{\"@type\":\"CommentAction\",\"name\":\"Comment\",\"target\":[\"https:\\\/\\\/quehacerpolitico.mx\\\/?p=34996#respond\"]}]},{\"@type\":\"WebPage\",\"@id\":\"https:\\\/\\\/quehacerpolitico.mx\\\/?p=34996\",\"url\":\"https:\\\/\\\/quehacerpolitico.mx\\\/?p=34996\",\"name\":\"Violaciones en CDMX: los 2 casos de adolescentes supuestamente agredidas sexualmente por polic\u00edas que indignan a la capital de M\u00e9xico -\",\"isPartOf\":{\"@id\":\"https:\\\/\\\/quehacerpolitico.mx\\\/#website\"},\"primaryImageOfPage\":{\"@id\":\"https:\\\/\\\/quehacerpolitico.mx\\\/?p=34996#primaryimage\"},\"image\":{\"@id\":\"https:\\\/\\\/quehacerpolitico.mx\\\/?p=34996#primaryimage\"},\"thumbnailUrl\":\"\",\"datePublished\":\"2019-08-14T02:53:22+00:00\",\"author\":{\"@id\":\"https:\\\/\\\/quehacerpolitico.mx\\\/#\\\/schema\\\/person\\\/496d8ad2d1d3f8036101dca7ee39e585\"},\"breadcrumb\":{\"@id\":\"https:\\\/\\\/quehacerpolitico.mx\\\/?p=34996#breadcrumb\"},\"inLanguage\":\"es\",\"potentialAction\":[{\"@type\":\"ReadAction\",\"target\":[\"https:\\\/\\\/quehacerpolitico.mx\\\/?p=34996\"]}]},{\"@type\":\"ImageObject\",\"inLanguage\":\"es\",\"@id\":\"https:\\\/\\\/quehacerpolitico.mx\\\/?p=34996#primaryimage\",\"url\":\"\",\"contentUrl\":\"\"},{\"@type\":\"BreadcrumbList\",\"@id\":\"https:\\\/\\\/quehacerpolitico.mx\\\/?p=34996#breadcrumb\",\"itemListElement\":[{\"@type\":\"ListItem\",\"position\":1,\"name\":\"Inicio\",\"item\":\"https:\\\/\\\/quehacerpolitico.mx\\\/\"},{\"@type\":\"ListItem\",\"position\":2,\"name\":\"Violaciones en CDMX: los 2 casos de adolescentes supuestamente agredidas sexualmente por polic\u00edas que indignan a la capital de M\u00e9xico\"}]},{\"@type\":\"WebSite\",\"@id\":\"https:\\\/\\\/quehacerpolitico.mx\\\/#website\",\"url\":\"https:\\\/\\\/quehacerpolitico.mx\\\/\",\"name\":\"\",\"description\":\"\",\"potentialAction\":[{\"@type\":\"SearchAction\",\"target\":{\"@type\":\"EntryPoint\",\"urlTemplate\":\"https:\\\/\\\/quehacerpolitico.mx\\\/?s={search_term_string}\"},\"query-input\":{\"@type\":\"PropertyValueSpecification\",\"valueRequired\":true,\"valueName\":\"search_term_string\"}}],\"inLanguage\":\"es\"},{\"@type\":\"Person\",\"@id\":\"https:\\\/\\\/quehacerpolitico.mx\\\/#\\\/schema\\\/person\\\/496d8ad2d1d3f8036101dca7ee39e585\",\"name\":\"Redacci\u00f3n QP\",\"image\":{\"@type\":\"ImageObject\",\"inLanguage\":\"es\",\"@id\":\"https:\\\/\\\/secure.gravatar.com\\\/avatar\\\/c7164ed6fdec453195284ad24a5ae5b6e1eed2b848477fa2a4787ba9adf39a41?s=96&d=mm&r=g\",\"url\":\"https:\\\/\\\/secure.gravatar.com\\\/avatar\\\/c7164ed6fdec453195284ad24a5ae5b6e1eed2b848477fa2a4787ba9adf39a41?s=96&d=mm&r=g\",\"contentUrl\":\"https:\\\/\\\/secure.gravatar.com\\\/avatar\\\/c7164ed6fdec453195284ad24a5ae5b6e1eed2b848477fa2a4787ba9adf39a41?s=96&d=mm&r=g\",\"caption\":\"Redacci\u00f3n QP\"},\"url\":\"https:\\\/\\\/quehacerpolitico.mx\\\/?author=2\"}]}<\/script>\n<!-- \/ Yoast SEO plugin. -->","yoast_head_json":{"title":"Violaciones en CDMX: los 2 casos de adolescentes supuestamente agredidas sexualmente por polic\u00edas que indignan a la capital de M\u00e9xico -","robots":{"index":"index","follow":"follow","max-snippet":"max-snippet:-1","max-image-preview":"max-image-preview:large","max-video-preview":"max-video-preview:-1"},"canonical":"https:\/\/quehacerpolitico.mx\/?p=34996","og_locale":"es_MX","og_type":"article","og_title":"Violaciones en CDMX: los 2 casos de adolescentes supuestamente agredidas sexualmente por polic\u00edas que indignan a la capital de M\u00e9xico -","og_description":"Violaciones en CDMX: los 2 casos de adolescentes supuestamente agredidas sexualmente por polic\u00edas que indignan a la capital de M\u00e9xico Por Redacci\u00f3n QP","og_url":"https:\/\/quehacerpolitico.mx\/?p=34996","article_published_time":"2019-08-14T02:53:22+00:00","author":"Redacci\u00f3n QP","twitter_card":"summary_large_image","twitter_misc":{"Escrito por":"Redacci\u00f3n QP","Tiempo de lectura":"6 minutos"},"schema":{"@context":"https:\/\/schema.org","@graph":[{"@type":"Article","@id":"https:\/\/quehacerpolitico.mx\/?p=34996#article","isPartOf":{"@id":"https:\/\/quehacerpolitico.mx\/?p=34996"},"author":{"name":"Redacci\u00f3n QP","@id":"https:\/\/quehacerpolitico.mx\/#\/schema\/person\/496d8ad2d1d3f8036101dca7ee39e585"},"headline":"Violaciones en CDMX: los 2 casos de adolescentes supuestamente agredidas sexualmente por polic\u00edas que indignan a la capital de M\u00e9xico","datePublished":"2019-08-14T02:53:22+00:00","mainEntityOfPage":{"@id":"https:\/\/quehacerpolitico.mx\/?p=34996"},"wordCount":1158,"commentCount":0,"image":{"@id":"https:\/\/quehacerpolitico.mx\/?p=34996#primaryimage"},"thumbnailUrl":"","articleSection":["CDMX"],"inLanguage":"es","potentialAction":[{"@type":"CommentAction","name":"Comment","target":["https:\/\/quehacerpolitico.mx\/?p=34996#respond"]}]},{"@type":"WebPage","@id":"https:\/\/quehacerpolitico.mx\/?p=34996","url":"https:\/\/quehacerpolitico.mx\/?p=34996","name":"Violaciones en CDMX: los 2 casos de adolescentes supuestamente agredidas sexualmente por polic\u00edas que indignan a la capital de M\u00e9xico -","isPartOf":{"@id":"https:\/\/quehacerpolitico.mx\/#website"},"primaryImageOfPage":{"@id":"https:\/\/quehacerpolitico.mx\/?p=34996#primaryimage"},"image":{"@id":"https:\/\/quehacerpolitico.mx\/?p=34996#primaryimage"},"thumbnailUrl":"","datePublished":"2019-08-14T02:53:22+00:00","author":{"@id":"https:\/\/quehacerpolitico.mx\/#\/schema\/person\/496d8ad2d1d3f8036101dca7ee39e585"},"breadcrumb":{"@id":"https:\/\/quehacerpolitico.mx\/?p=34996#breadcrumb"},"inLanguage":"es","potentialAction":[{"@type":"ReadAction","target":["https:\/\/quehacerpolitico.mx\/?p=34996"]}]},{"@type":"ImageObject","inLanguage":"es","@id":"https:\/\/quehacerpolitico.mx\/?p=34996#primaryimage","url":"","contentUrl":""},{"@type":"BreadcrumbList","@id":"https:\/\/quehacerpolitico.mx\/?p=34996#breadcrumb","itemListElement":[{"@type":"ListItem","position":1,"name":"Inicio","item":"https:\/\/quehacerpolitico.mx\/"},{"@type":"ListItem","position":2,"name":"Violaciones en CDMX: los 2 casos de adolescentes supuestamente agredidas sexualmente por polic\u00edas que indignan a la capital de M\u00e9xico"}]},{"@type":"WebSite","@id":"https:\/\/quehacerpolitico.mx\/#website","url":"https:\/\/quehacerpolitico.mx\/","name":"","description":"","potentialAction":[{"@type":"SearchAction","target":{"@type":"EntryPoint","urlTemplate":"https:\/\/quehacerpolitico.mx\/?s={search_term_string}"},"query-input":{"@type":"PropertyValueSpecification","valueRequired":true,"valueName":"search_term_string"}}],"inLanguage":"es"},{"@type":"Person","@id":"https:\/\/quehacerpolitico.mx\/#\/schema\/person\/496d8ad2d1d3f8036101dca7ee39e585","name":"Redacci\u00f3n QP","image":{"@type":"ImageObject","inLanguage":"es","@id":"https:\/\/secure.gravatar.com\/avatar\/c7164ed6fdec453195284ad24a5ae5b6e1eed2b848477fa2a4787ba9adf39a41?s=96&d=mm&r=g","url":"https:\/\/secure.gravatar.com\/avatar\/c7164ed6fdec453195284ad24a5ae5b6e1eed2b848477fa2a4787ba9adf39a41?s=96&d=mm&r=g","contentUrl":"https:\/\/secure.gravatar.com\/avatar\/c7164ed6fdec453195284ad24a5ae5b6e1eed2b848477fa2a4787ba9adf39a41?s=96&d=mm&r=g","caption":"Redacci\u00f3n QP"},"url":"https:\/\/quehacerpolitico.mx\/?author=2"}]}},"featured_image_urls":{"full":"","thumbnail":"","medium":"","medium_large":"","large":"","1536x1536":"","2048x2048":"","covernews-featured":"","covernews-medium":""},"author_info":{"display_name":"Redacci\u00f3n QP","author_link":"https:\/\/quehacerpolitico.mx\/?author=2"},"category_info":"<a href=\"https:\/\/quehacerpolitico.mx\/?cat=55\" rel=\"category\">CDMX<\/a>","tag_info":"CDMX","comment_count":"0","_links":{"self":[{"href":"https:\/\/quehacerpolitico.mx\/index.php?rest_route=\/wp\/v2\/posts\/34996","targetHints":{"allow":["GET"]}}],"collection":[{"href":"https:\/\/quehacerpolitico.mx\/index.php?rest_route=\/wp\/v2\/posts"}],"about":[{"href":"https:\/\/quehacerpolitico.mx\/index.php?rest_route=\/wp\/v2\/types\/post"}],"author":[{"embeddable":true,"href":"https:\/\/quehacerpolitico.mx\/index.php?rest_route=\/wp\/v2\/users\/2"}],"replies":[{"embeddable":true,"href":"https:\/\/quehacerpolitico.mx\/index.php?rest_route=%2Fwp%2Fv2%2Fcomments&post=34996"}],"version-history":[{"count":0,"href":"https:\/\/quehacerpolitico.mx\/index.php?rest_route=\/wp\/v2\/posts\/34996\/revisions"}],"wp:featuredmedia":[{"embeddable":true,"href":"https:\/\/quehacerpolitico.mx\/index.php?rest_route=\/"}],"wp:attachment":[{"href":"https:\/\/quehacerpolitico.mx\/index.php?rest_route=%2Fwp%2Fv2%2Fmedia&parent=34996"}],"wp:term":[{"taxonomy":"category","embeddable":true,"href":"https:\/\/quehacerpolitico.mx\/index.php?rest_route=%2Fwp%2Fv2%2Fcategories&post=34996"},{"taxonomy":"post_tag","embeddable":true,"href":"https:\/\/quehacerpolitico.mx\/index.php?rest_route=%2Fwp%2Fv2%2Ftags&post=34996"}],"curies":[{"name":"wp","href":"https:\/\/api.w.org\/{rel}","templated":true}]}}