{"id":34876,"date":"2019-08-13T02:09:45","date_gmt":"2019-08-13T02:09:45","guid":{"rendered":"http:\/\/quehacerpolitico.mx\/gobernadores-piden-mayor-coordinacion-contra-la-delincuencia\/"},"modified":"2019-08-13T02:09:45","modified_gmt":"2019-08-13T02:09:45","slug":"gobernadores-piden-mayor-coordinacion-contra-la-delincuencia","status":"publish","type":"post","link":"https:\/\/quehacerpolitico.mx\/?p=34876","title":{"rendered":"Gobernadores piden mayor coordinaci\u00f3n contra la delincuencia"},"content":{"rendered":"<h1 class=\"news-title\">Gobernadores piden mayor coordinaci\u00f3n contra la delincuencia<\/h1>\n<p>Por Redacci\u00f3n QP<\/p>\n<header class=\"news-header\">\n<div class=\"news-subtitle\">\n<p>En reuni\u00f3n con Gertz Manero, integrantes de la Conago plantean cambios sobre la actuaci\u00f3n de la Guardia Nacional con autoridades estatales y municipales<\/p>\n<\/div>\n<\/header>\n<div class=\"news-content\">\n<div class=\"news-body row\">\n<p>Gobernadores de los estados de la Rep\u00fablica pidieron al Gobierno federal <strong>mayor &#8220;coordinaci\u00f3n y voluntad pol\u00edtica&#8221;<\/strong> para combatir la incidencia delictiva que azota al pa\u00eds.<\/p>\n<p>En reuni\u00f3n esta tarde con el fiscal general de la Rep\u00fablica, Alejandro Gertz Manero, los mandatarios acordaron trabajar en el combate al homicidio doloso, el tr\u00e1fico de armas y la toma de casetas y el bloqueo de v\u00edas estrat\u00e9gicas.<\/p>\n<p>En conferencia de prensa, el presidente de la Conferencia Nacional de Gobernadores (Conago), Francisco Dom\u00ednguez anunci\u00f3 tambi\u00e9n que se propondr\u00e1n <strong>cambios a ley para definir el marco legal<\/strong> en el que actuar\u00e1 la Guardia Nacional\u00a0con autoridades estatales y municipales.<\/p>\n<p>&#8220;Es necesario que el gobierno federal nos apoye para este proyecto nacional, por ello se requiere la voluntad de todos, por eso la Fiscal\u00eda General de la Rep\u00fablica\u00a0y los gobernadores, debemos colaborar de manera clara, precisa, objetiva, en denuncias que se presenten de cualquier car\u00e1cter ante el ministerio p\u00fablico federal&#8221; indic\u00f3.<\/p>\n<p>Acompa\u00f1ado de los gobernadores de Jalisco, Enrique Alfaro; Tamaulipas, Francisco Javier Garc\u00eda Cabeza de Vaca; Michoac\u00e1n, Silvano Aureoles; Hidalgo, Omar Fayad; Durango, Jos\u00e9 Rosas Aispuro, Dom\u00ednguez Servi\u00e9n, gobernador de Quer\u00e9taro, dijo que adem\u00e1s plantearon el dise\u00f1o de un informe policial homologado para el protocolo de actuaci\u00f3n de la Guardia Nacional.<\/p>\n<p>En tanto, dijo, el fiscal general de la Rep\u00fablica Alejandro Gertz Manero plante\u00f3 crear una nueva Ley de Cultura C\u00edvica de aplicaci\u00f3n local, con la que se frene el 70% de los delitos del fuero com\u00fan.<\/p>\n<p>Silvano Aureoles, gobernador de Michoac\u00e1n, pidi\u00f3 retomar el tema de las competencias de la Guardia Nacional, algo que, se quej\u00f3, se ha quedado al margen.<\/p>\n<p>&#8220;Qu\u00e9 le toca a cada qui\u00e9n y con ello evitar, pr\u00e1ctica com\u00fan, el reparto de culpas y poder precisar en la ley&#8221;, coment\u00f3 el tambi\u00e9n presidente de la Comisi\u00f3n de Seguridad de la Conago.<\/p>\n<p>En su oportunidad, el tamaulipeco Francisco Javier Garc\u00eda Cabeza de Vaca exigi\u00f3 a las autoridades federales poner atenci\u00f3n en el tr\u00e1fico de armas, sobre todos en aeropuertos y aduanas.<\/p>\n<p>&#8220;Si bien es un delito federal, las armas cruzan por nuestras fronteras, aduanas, incluso por algunos aeropuertos y es ah\u00ed donde se tienen que poner mayor \u00e9nfasis&#8221;, expuso el panista.<\/p>\n<p>Esto, dijo, ha permitido que los grupos criminales se diversifiquen e incrementen su poder\u00edo para enfrentar a las autoridades.<br \/>Garc\u00eda Cabeza de Vaca consider\u00f3 que se requiere mayor coordinaci\u00f3n para enfrentar a los grupos criminales.<\/p>\n<p>Por \u00faltimo, el gobernador de Hidalgo, el priista Omar Fayad afirm\u00f3 que se necesita coordinaci\u00f3n estrecha y voluntad pol\u00edtica.<br \/>&#8220;Coordinaci\u00f3n en todas las acciones que estamos emprendiendo para enfrentar de mejor manera el fen\u00f3meno de la violencia y la delincuencia tanto en los delitos del orden federal como el com\u00fan&#8221;, expuso.<\/p>\n<\/div>\n<\/div>\n","protected":false},"excerpt":{"rendered":"<p>Gobernadores piden mayor coordinaci\u00f3n contra la delincuencia<br \/>\nPor Redacci\u00f3n QP<\/p>\n","protected":false},"author":2,"featured_media":34875,"comment_status":"open","ping_status":"open","sticky":false,"template":"","format":"standard","meta":{"_monsterinsights_skip_tracking":false,"_monsterinsights_sitenote_active":false,"_monsterinsights_sitenote_note":"","_monsterinsights_sitenote_category":0,"footnotes":""},"categories":[2],"tags":[],"class_list":["post-34876","post","type-post","status-publish","format-standard","has-post-thumbnail","hentry","category-noticias"],"yoast_head":"<!-- This site is optimized with the Yoast SEO plugin v27.3 - https:\/\/yoast.com\/product\/yoast-seo-wordpress\/ -->\n<title>Gobernadores piden mayor coordinaci\u00f3n contra la delincuencia -<\/title>\n<meta name=\"robots\" content=\"index, follow, max-snippet:-1, max-image-preview:large, max-video-preview:-1\" \/>\n<link rel=\"canonical\" href=\"https:\/\/quehacerpolitico.mx\/?p=34876\" \/>\n<meta property=\"og:locale\" content=\"es_MX\" \/>\n<meta property=\"og:type\" content=\"article\" \/>\n<meta property=\"og:title\" content=\"Gobernadores piden mayor coordinaci\u00f3n contra la delincuencia -\" \/>\n<meta property=\"og:description\" content=\"Gobernadores piden mayor coordinaci\u00f3n contra la delincuencia Por Redacci\u00f3n QP\" \/>\n<meta property=\"og:url\" content=\"https:\/\/quehacerpolitico.mx\/?p=34876\" \/>\n<meta property=\"article:published_time\" content=\"2019-08-13T02:09:45+00:00\" \/>\n<meta name=\"author\" content=\"Redacci\u00f3n QP\" \/>\n<meta name=\"twitter:card\" content=\"summary_large_image\" \/>\n<meta name=\"twitter:label1\" content=\"Escrito por\" \/>\n\t<meta name=\"twitter:data1\" content=\"Redacci\u00f3n QP\" \/>\n\t<meta name=\"twitter:label2\" content=\"Tiempo de lectura\" \/>\n\t<meta name=\"twitter:data2\" content=\"3 minutos\" \/>\n<script type=\"application\/ld+json\" class=\"yoast-schema-graph\">{\"@context\":\"https:\\\/\\\/schema.org\",\"@graph\":[{\"@type\":\"Article\",\"@id\":\"https:\\\/\\\/quehacerpolitico.mx\\\/?p=34876#article\",\"isPartOf\":{\"@id\":\"https:\\\/\\\/quehacerpolitico.mx\\\/?p=34876\"},\"author\":{\"name\":\"Redacci\u00f3n QP\",\"@id\":\"https:\\\/\\\/quehacerpolitico.mx\\\/#\\\/schema\\\/person\\\/496d8ad2d1d3f8036101dca7ee39e585\"},\"headline\":\"Gobernadores piden mayor coordinaci\u00f3n contra la delincuencia\",\"datePublished\":\"2019-08-13T02:09:45+00:00\",\"mainEntityOfPage\":{\"@id\":\"https:\\\/\\\/quehacerpolitico.mx\\\/?p=34876\"},\"wordCount\":536,\"commentCount\":0,\"image\":{\"@id\":\"https:\\\/\\\/quehacerpolitico.mx\\\/?p=34876#primaryimage\"},\"thumbnailUrl\":\"\",\"articleSection\":[\"Noticias\"],\"inLanguage\":\"es\",\"potentialAction\":[{\"@type\":\"CommentAction\",\"name\":\"Comment\",\"target\":[\"https:\\\/\\\/quehacerpolitico.mx\\\/?p=34876#respond\"]}]},{\"@type\":\"WebPage\",\"@id\":\"https:\\\/\\\/quehacerpolitico.mx\\\/?p=34876\",\"url\":\"https:\\\/\\\/quehacerpolitico.mx\\\/?p=34876\",\"name\":\"Gobernadores piden mayor coordinaci\u00f3n contra la delincuencia -\",\"isPartOf\":{\"@id\":\"https:\\\/\\\/quehacerpolitico.mx\\\/#website\"},\"primaryImageOfPage\":{\"@id\":\"https:\\\/\\\/quehacerpolitico.mx\\\/?p=34876#primaryimage\"},\"image\":{\"@id\":\"https:\\\/\\\/quehacerpolitico.mx\\\/?p=34876#primaryimage\"},\"thumbnailUrl\":\"\",\"datePublished\":\"2019-08-13T02:09:45+00:00\",\"author\":{\"@id\":\"https:\\\/\\\/quehacerpolitico.mx\\\/#\\\/schema\\\/person\\\/496d8ad2d1d3f8036101dca7ee39e585\"},\"breadcrumb\":{\"@id\":\"https:\\\/\\\/quehacerpolitico.mx\\\/?p=34876#breadcrumb\"},\"inLanguage\":\"es\",\"potentialAction\":[{\"@type\":\"ReadAction\",\"target\":[\"https:\\\/\\\/quehacerpolitico.mx\\\/?p=34876\"]}]},{\"@type\":\"ImageObject\",\"inLanguage\":\"es\",\"@id\":\"https:\\\/\\\/quehacerpolitico.mx\\\/?p=34876#primaryimage\",\"url\":\"\",\"contentUrl\":\"\"},{\"@type\":\"BreadcrumbList\",\"@id\":\"https:\\\/\\\/quehacerpolitico.mx\\\/?p=34876#breadcrumb\",\"itemListElement\":[{\"@type\":\"ListItem\",\"position\":1,\"name\":\"Inicio\",\"item\":\"https:\\\/\\\/quehacerpolitico.mx\\\/\"},{\"@type\":\"ListItem\",\"position\":2,\"name\":\"Gobernadores piden mayor coordinaci\u00f3n contra la delincuencia\"}]},{\"@type\":\"WebSite\",\"@id\":\"https:\\\/\\\/quehacerpolitico.mx\\\/#website\",\"url\":\"https:\\\/\\\/quehacerpolitico.mx\\\/\",\"name\":\"\",\"description\":\"\",\"potentialAction\":[{\"@type\":\"SearchAction\",\"target\":{\"@type\":\"EntryPoint\",\"urlTemplate\":\"https:\\\/\\\/quehacerpolitico.mx\\\/?s={search_term_string}\"},\"query-input\":{\"@type\":\"PropertyValueSpecification\",\"valueRequired\":true,\"valueName\":\"search_term_string\"}}],\"inLanguage\":\"es\"},{\"@type\":\"Person\",\"@id\":\"https:\\\/\\\/quehacerpolitico.mx\\\/#\\\/schema\\\/person\\\/496d8ad2d1d3f8036101dca7ee39e585\",\"name\":\"Redacci\u00f3n QP\",\"image\":{\"@type\":\"ImageObject\",\"inLanguage\":\"es\",\"@id\":\"https:\\\/\\\/secure.gravatar.com\\\/avatar\\\/c7164ed6fdec453195284ad24a5ae5b6e1eed2b848477fa2a4787ba9adf39a41?s=96&d=mm&r=g\",\"url\":\"https:\\\/\\\/secure.gravatar.com\\\/avatar\\\/c7164ed6fdec453195284ad24a5ae5b6e1eed2b848477fa2a4787ba9adf39a41?s=96&d=mm&r=g\",\"contentUrl\":\"https:\\\/\\\/secure.gravatar.com\\\/avatar\\\/c7164ed6fdec453195284ad24a5ae5b6e1eed2b848477fa2a4787ba9adf39a41?s=96&d=mm&r=g\",\"caption\":\"Redacci\u00f3n QP\"},\"url\":\"https:\\\/\\\/quehacerpolitico.mx\\\/?author=2\"}]}<\/script>\n<!-- \/ Yoast SEO plugin. -->","yoast_head_json":{"title":"Gobernadores piden mayor coordinaci\u00f3n contra la delincuencia -","robots":{"index":"index","follow":"follow","max-snippet":"max-snippet:-1","max-image-preview":"max-image-preview:large","max-video-preview":"max-video-preview:-1"},"canonical":"https:\/\/quehacerpolitico.mx\/?p=34876","og_locale":"es_MX","og_type":"article","og_title":"Gobernadores piden mayor coordinaci\u00f3n contra la delincuencia -","og_description":"Gobernadores piden mayor coordinaci\u00f3n contra la delincuencia Por Redacci\u00f3n QP","og_url":"https:\/\/quehacerpolitico.mx\/?p=34876","article_published_time":"2019-08-13T02:09:45+00:00","author":"Redacci\u00f3n QP","twitter_card":"summary_large_image","twitter_misc":{"Escrito por":"Redacci\u00f3n QP","Tiempo de lectura":"3 minutos"},"schema":{"@context":"https:\/\/schema.org","@graph":[{"@type":"Article","@id":"https:\/\/quehacerpolitico.mx\/?p=34876#article","isPartOf":{"@id":"https:\/\/quehacerpolitico.mx\/?p=34876"},"author":{"name":"Redacci\u00f3n QP","@id":"https:\/\/quehacerpolitico.mx\/#\/schema\/person\/496d8ad2d1d3f8036101dca7ee39e585"},"headline":"Gobernadores piden mayor coordinaci\u00f3n contra la delincuencia","datePublished":"2019-08-13T02:09:45+00:00","mainEntityOfPage":{"@id":"https:\/\/quehacerpolitico.mx\/?p=34876"},"wordCount":536,"commentCount":0,"image":{"@id":"https:\/\/quehacerpolitico.mx\/?p=34876#primaryimage"},"thumbnailUrl":"","articleSection":["Noticias"],"inLanguage":"es","potentialAction":[{"@type":"CommentAction","name":"Comment","target":["https:\/\/quehacerpolitico.mx\/?p=34876#respond"]}]},{"@type":"WebPage","@id":"https:\/\/quehacerpolitico.mx\/?p=34876","url":"https:\/\/quehacerpolitico.mx\/?p=34876","name":"Gobernadores piden mayor coordinaci\u00f3n contra la delincuencia -","isPartOf":{"@id":"https:\/\/quehacerpolitico.mx\/#website"},"primaryImageOfPage":{"@id":"https:\/\/quehacerpolitico.mx\/?p=34876#primaryimage"},"image":{"@id":"https:\/\/quehacerpolitico.mx\/?p=34876#primaryimage"},"thumbnailUrl":"","datePublished":"2019-08-13T02:09:45+00:00","author":{"@id":"https:\/\/quehacerpolitico.mx\/#\/schema\/person\/496d8ad2d1d3f8036101dca7ee39e585"},"breadcrumb":{"@id":"https:\/\/quehacerpolitico.mx\/?p=34876#breadcrumb"},"inLanguage":"es","potentialAction":[{"@type":"ReadAction","target":["https:\/\/quehacerpolitico.mx\/?p=34876"]}]},{"@type":"ImageObject","inLanguage":"es","@id":"https:\/\/quehacerpolitico.mx\/?p=34876#primaryimage","url":"","contentUrl":""},{"@type":"BreadcrumbList","@id":"https:\/\/quehacerpolitico.mx\/?p=34876#breadcrumb","itemListElement":[{"@type":"ListItem","position":1,"name":"Inicio","item":"https:\/\/quehacerpolitico.mx\/"},{"@type":"ListItem","position":2,"name":"Gobernadores piden mayor coordinaci\u00f3n contra la delincuencia"}]},{"@type":"WebSite","@id":"https:\/\/quehacerpolitico.mx\/#website","url":"https:\/\/quehacerpolitico.mx\/","name":"","description":"","potentialAction":[{"@type":"SearchAction","target":{"@type":"EntryPoint","urlTemplate":"https:\/\/quehacerpolitico.mx\/?s={search_term_string}"},"query-input":{"@type":"PropertyValueSpecification","valueRequired":true,"valueName":"search_term_string"}}],"inLanguage":"es"},{"@type":"Person","@id":"https:\/\/quehacerpolitico.mx\/#\/schema\/person\/496d8ad2d1d3f8036101dca7ee39e585","name":"Redacci\u00f3n QP","image":{"@type":"ImageObject","inLanguage":"es","@id":"https:\/\/secure.gravatar.com\/avatar\/c7164ed6fdec453195284ad24a5ae5b6e1eed2b848477fa2a4787ba9adf39a41?s=96&d=mm&r=g","url":"https:\/\/secure.gravatar.com\/avatar\/c7164ed6fdec453195284ad24a5ae5b6e1eed2b848477fa2a4787ba9adf39a41?s=96&d=mm&r=g","contentUrl":"https:\/\/secure.gravatar.com\/avatar\/c7164ed6fdec453195284ad24a5ae5b6e1eed2b848477fa2a4787ba9adf39a41?s=96&d=mm&r=g","caption":"Redacci\u00f3n QP"},"url":"https:\/\/quehacerpolitico.mx\/?author=2"}]}},"featured_image_urls":{"full":"","thumbnail":"","medium":"","medium_large":"","large":"","1536x1536":"","2048x2048":"","covernews-featured":"","covernews-medium":""},"author_info":{"display_name":"Redacci\u00f3n QP","author_link":"https:\/\/quehacerpolitico.mx\/?author=2"},"category_info":"<a href=\"https:\/\/quehacerpolitico.mx\/?cat=2\" rel=\"category\">Noticias<\/a>","tag_info":"Noticias","comment_count":"0","_links":{"self":[{"href":"https:\/\/quehacerpolitico.mx\/index.php?rest_route=\/wp\/v2\/posts\/34876","targetHints":{"allow":["GET"]}}],"collection":[{"href":"https:\/\/quehacerpolitico.mx\/index.php?rest_route=\/wp\/v2\/posts"}],"about":[{"href":"https:\/\/quehacerpolitico.mx\/index.php?rest_route=\/wp\/v2\/types\/post"}],"author":[{"embeddable":true,"href":"https:\/\/quehacerpolitico.mx\/index.php?rest_route=\/wp\/v2\/users\/2"}],"replies":[{"embeddable":true,"href":"https:\/\/quehacerpolitico.mx\/index.php?rest_route=%2Fwp%2Fv2%2Fcomments&post=34876"}],"version-history":[{"count":0,"href":"https:\/\/quehacerpolitico.mx\/index.php?rest_route=\/wp\/v2\/posts\/34876\/revisions"}],"wp:featuredmedia":[{"embeddable":true,"href":"https:\/\/quehacerpolitico.mx\/index.php?rest_route=\/"}],"wp:attachment":[{"href":"https:\/\/quehacerpolitico.mx\/index.php?rest_route=%2Fwp%2Fv2%2Fmedia&parent=34876"}],"wp:term":[{"taxonomy":"category","embeddable":true,"href":"https:\/\/quehacerpolitico.mx\/index.php?rest_route=%2Fwp%2Fv2%2Fcategories&post=34876"},{"taxonomy":"post_tag","embeddable":true,"href":"https:\/\/quehacerpolitico.mx\/index.php?rest_route=%2Fwp%2Fv2%2Ftags&post=34876"}],"curies":[{"name":"wp","href":"https:\/\/api.w.org\/{rel}","templated":true}]}}