{"id":33271,"date":"2019-07-29T16:13:03","date_gmt":"2019-07-29T16:13:03","guid":{"rendered":"http:\/\/quehacerpolitico.mx\/opinion-israel-mendoza-agitacion-en-chiapas\/"},"modified":"2019-07-29T16:13:03","modified_gmt":"2019-07-29T16:13:03","slug":"opinion-israel-mendoza-agitacion-en-chiapas","status":"publish","type":"post","link":"https:\/\/quehacerpolitico.mx\/?p=33271","title":{"rendered":"Opini\u00f3n\/\/\/Israel Mendoza\/\/\/Agitaci\u00f3n en Chiapas"},"content":{"rendered":"<h1 class=\"fSize30\">Agitaci\u00f3n en Chiapas<\/h1>\n<p>Por Israel Mendoza<\/p>\n<p>En el c\u00edrculo cercano del presidente se encuentra un enemigo ac\u00e9rrimo e hist\u00f3rico de la lucha zapatista<\/p>\n<p>El gobierno de Andr\u00e9s Manuel L\u00f3pez Obrador sabe que la pacificaci\u00f3n del pa\u00eds debe alcanzar a Chiapas. La tarea pendiente en esa zona es el acercamiento con el Ej\u00e9rcito Zapatista de Liberaci\u00f3n Nacional (EZLN); sin embargo, este movimiento armado considera, en la actualidad, que el Presidente es un reformista ingenuo, una especie de\u00a0<i>boy scout<\/i>que amanece pensando en realizar la buena obra del d\u00eda.<\/p>\n<p>Pero no s\u00f3lo se trata de la cr\u00edtica que le hacen al modelo pol\u00edtico de gobierno de Andr\u00e9s Manuel L\u00f3pez Obrador, en el c\u00edrculo cercano del presidente se encuentra un enemigo ac\u00e9rrimo e hist\u00f3rico de la lucha zapatista. El Jefe de la Oficina de la Presidencia, Alfonso Romo, es el hombre duro del gabinete que desde a\u00f1os atr\u00e1s tiene un conflicto abierto con el Zapatismo por la afectaci\u00f3n a sus intereses econ\u00f3micos de aquella \u00e9poca.<\/p>\n<p>A mediados de los 90, Alfonso Romo incursionaba en el negocio de la agrobiotecnolog\u00eda, a trav\u00e9s del Centro Internacional de Investigaciones y Capacitaci\u00f3n Agropecuaria (CIICA), en una extensi\u00f3n de 4 mil 500 hect\u00e1reas en Chiapas, muy cerca de las zonas de influencia zapatista.<\/p>\n<p>Tras la irrupci\u00f3n del zapatismo en la regi\u00f3n y su levantamianto armado, el empresario regiomontano no dud\u00f3 en criticar al movimiento armado a trav\u00e9s de declaraciones hechas a <a href=\"https:\/\/expansion.mx\/\"><i>Expansi\u00f3n <\/i><\/a>en enero de 1997: \u201cdesestabiliz\u00f3 e hizo m\u00e1s pobre a la regi\u00f3n. Le ha hecho un enorme da\u00f1o al pa\u00eds y a miles de familias: gran parte de la crisis de 1994 se debi\u00f3 al miedo que foment\u00f3 la guerrilla. La presi\u00f3n social no disminuye con balas, sino promoviendo la riqueza\u201d.<\/p>\n<p>Por ello es que a inicios de julio, el Presidente desempolv\u00f3 una foto hist\u00f3rica de 1994 en la que se encuentra el subcomandante Marcos, Cuaht\u00e9moc C\u00e1rdenas y Rosario Ibarra. Previo a la publicaci\u00f3n de esa foto nost\u00e1lgica, llam\u00f3 al EZLN a la unidad. La convocatoria no es m\u00e1s que una se\u00f1al para el Subcomandante Marcos de que hay cercan\u00eda en el proyecto pol\u00edtico; sin embargo, por los intereses econ\u00f3micos y financieros que representa Romo Garza es que el<\/p>\n<p>EZLN se encuentra alejado de esa ideolog\u00eda capitalista, como suele llamarle.<\/p>\n<p>En estos d\u00edas la Comisi\u00f3n Bicamaral de Concordia y Pacificaci\u00f3n (Cocopa) acord\u00f3 citar a reuni\u00f3n de trabajo a la secretaria de Gobernaci\u00f3n, Olga S\u00e1nchez Cordero, para conocer cu\u00e1l es la postura de esta administraci\u00f3n en torno a la soluci\u00f3n del levantamiento armado en Chiapas y al restablecimiento del di\u00e1logo. Por no hay di\u00e1logo ni menciones a este tema. En el espectro de inseguridad, la guerrilla se encuentra en el aislamiento de la agenda de gobierno.<\/p>\n<p>De existir y darse condiciones de acercamiento con el EZLN no se dar\u00eda con Olga S\u00e1nchez Cordero, sino m\u00e1s bien con el subsecretario Alejandro Encinas ya que es quien puede dar de manera m\u00e1s clara la postura que tiene el gobierno federal con el movimiento zapatista. Pero s\u00f3lo ser\u00eda Encinas Rodr\u00edguez quien puede tener m\u00e1s viabilidad para entablar una posible mesa de di\u00e1logo con el zapatismo, pues ni el gobernador Rutilio Escand\u00f3n goza de simpat\u00edas ya que se ha continuado con la pol\u00edtica represora en la entidad en contra de luchadores sociales. Todo ello documentado por varias Organizaciones No Gubernamentales.<\/p>\n<p>De esta manera la 4-T tiene un tema olvidado y repetir\u00e1 el mismo esquema de sus antecesores ya que desde el sexenio de Vicente Fox, ning\u00fan otro gobierno se ha encargado de retormar el di\u00e1logo con el grupo armado.<\/p>\n","protected":false},"excerpt":{"rendered":"<p>Agitaci\u00f3n en Chiapas<br \/>\nPor Israel Mendoza<\/p>\n","protected":false},"author":2,"featured_media":33270,"comment_status":"open","ping_status":"open","sticky":false,"template":"","format":"standard","meta":{"_monsterinsights_skip_tracking":false,"_monsterinsights_sitenote_active":false,"_monsterinsights_sitenote_note":"","_monsterinsights_sitenote_category":0,"footnotes":""},"categories":[2],"tags":[],"class_list":["post-33271","post","type-post","status-publish","format-standard","has-post-thumbnail","hentry","category-noticias"],"yoast_head":"<!-- This site is optimized with the Yoast SEO plugin v27.3 - https:\/\/yoast.com\/product\/yoast-seo-wordpress\/ -->\n<title>Opini\u00f3n\/\/\/Israel Mendoza\/\/\/Agitaci\u00f3n en Chiapas -<\/title>\n<meta name=\"robots\" content=\"index, follow, max-snippet:-1, max-image-preview:large, max-video-preview:-1\" \/>\n<link rel=\"canonical\" href=\"https:\/\/quehacerpolitico.mx\/?p=33271\" \/>\n<meta property=\"og:locale\" content=\"es_MX\" \/>\n<meta property=\"og:type\" content=\"article\" \/>\n<meta property=\"og:title\" content=\"Opini\u00f3n\/\/\/Israel Mendoza\/\/\/Agitaci\u00f3n en Chiapas -\" \/>\n<meta property=\"og:description\" content=\"Agitaci\u00f3n en Chiapas Por Israel Mendoza\" \/>\n<meta property=\"og:url\" content=\"https:\/\/quehacerpolitico.mx\/?p=33271\" \/>\n<meta property=\"article:published_time\" content=\"2019-07-29T16:13:03+00:00\" \/>\n<meta name=\"author\" content=\"Redacci\u00f3n QP\" \/>\n<meta name=\"twitter:card\" content=\"summary_large_image\" \/>\n<meta name=\"twitter:label1\" content=\"Escrito por\" \/>\n\t<meta name=\"twitter:data1\" content=\"Redacci\u00f3n QP\" \/>\n\t<meta name=\"twitter:label2\" content=\"Tiempo de lectura\" \/>\n\t<meta name=\"twitter:data2\" content=\"3 minutos\" \/>\n<script type=\"application\/ld+json\" class=\"yoast-schema-graph\">{\"@context\":\"https:\\\/\\\/schema.org\",\"@graph\":[{\"@type\":\"Article\",\"@id\":\"https:\\\/\\\/quehacerpolitico.mx\\\/?p=33271#article\",\"isPartOf\":{\"@id\":\"https:\\\/\\\/quehacerpolitico.mx\\\/?p=33271\"},\"author\":{\"name\":\"Redacci\u00f3n QP\",\"@id\":\"https:\\\/\\\/quehacerpolitico.mx\\\/#\\\/schema\\\/person\\\/496d8ad2d1d3f8036101dca7ee39e585\"},\"headline\":\"Opini\u00f3n\\\/\\\/\\\/Israel Mendoza\\\/\\\/\\\/Agitaci\u00f3n en Chiapas\",\"datePublished\":\"2019-07-29T16:13:03+00:00\",\"mainEntityOfPage\":{\"@id\":\"https:\\\/\\\/quehacerpolitico.mx\\\/?p=33271\"},\"wordCount\":663,\"commentCount\":0,\"image\":{\"@id\":\"https:\\\/\\\/quehacerpolitico.mx\\\/?p=33271#primaryimage\"},\"thumbnailUrl\":\"\",\"articleSection\":[\"Noticias\"],\"inLanguage\":\"es\",\"potentialAction\":[{\"@type\":\"CommentAction\",\"name\":\"Comment\",\"target\":[\"https:\\\/\\\/quehacerpolitico.mx\\\/?p=33271#respond\"]}]},{\"@type\":\"WebPage\",\"@id\":\"https:\\\/\\\/quehacerpolitico.mx\\\/?p=33271\",\"url\":\"https:\\\/\\\/quehacerpolitico.mx\\\/?p=33271\",\"name\":\"Opini\u00f3n\\\/\\\/\\\/Israel Mendoza\\\/\\\/\\\/Agitaci\u00f3n en Chiapas -\",\"isPartOf\":{\"@id\":\"https:\\\/\\\/quehacerpolitico.mx\\\/#website\"},\"primaryImageOfPage\":{\"@id\":\"https:\\\/\\\/quehacerpolitico.mx\\\/?p=33271#primaryimage\"},\"image\":{\"@id\":\"https:\\\/\\\/quehacerpolitico.mx\\\/?p=33271#primaryimage\"},\"thumbnailUrl\":\"\",\"datePublished\":\"2019-07-29T16:13:03+00:00\",\"author\":{\"@id\":\"https:\\\/\\\/quehacerpolitico.mx\\\/#\\\/schema\\\/person\\\/496d8ad2d1d3f8036101dca7ee39e585\"},\"breadcrumb\":{\"@id\":\"https:\\\/\\\/quehacerpolitico.mx\\\/?p=33271#breadcrumb\"},\"inLanguage\":\"es\",\"potentialAction\":[{\"@type\":\"ReadAction\",\"target\":[\"https:\\\/\\\/quehacerpolitico.mx\\\/?p=33271\"]}]},{\"@type\":\"ImageObject\",\"inLanguage\":\"es\",\"@id\":\"https:\\\/\\\/quehacerpolitico.mx\\\/?p=33271#primaryimage\",\"url\":\"\",\"contentUrl\":\"\"},{\"@type\":\"BreadcrumbList\",\"@id\":\"https:\\\/\\\/quehacerpolitico.mx\\\/?p=33271#breadcrumb\",\"itemListElement\":[{\"@type\":\"ListItem\",\"position\":1,\"name\":\"Inicio\",\"item\":\"https:\\\/\\\/quehacerpolitico.mx\\\/\"},{\"@type\":\"ListItem\",\"position\":2,\"name\":\"Opini\u00f3n\\\/\\\/\\\/Israel Mendoza\\\/\\\/\\\/Agitaci\u00f3n en Chiapas\"}]},{\"@type\":\"WebSite\",\"@id\":\"https:\\\/\\\/quehacerpolitico.mx\\\/#website\",\"url\":\"https:\\\/\\\/quehacerpolitico.mx\\\/\",\"name\":\"\",\"description\":\"\",\"potentialAction\":[{\"@type\":\"SearchAction\",\"target\":{\"@type\":\"EntryPoint\",\"urlTemplate\":\"https:\\\/\\\/quehacerpolitico.mx\\\/?s={search_term_string}\"},\"query-input\":{\"@type\":\"PropertyValueSpecification\",\"valueRequired\":true,\"valueName\":\"search_term_string\"}}],\"inLanguage\":\"es\"},{\"@type\":\"Person\",\"@id\":\"https:\\\/\\\/quehacerpolitico.mx\\\/#\\\/schema\\\/person\\\/496d8ad2d1d3f8036101dca7ee39e585\",\"name\":\"Redacci\u00f3n QP\",\"image\":{\"@type\":\"ImageObject\",\"inLanguage\":\"es\",\"@id\":\"https:\\\/\\\/secure.gravatar.com\\\/avatar\\\/c7164ed6fdec453195284ad24a5ae5b6e1eed2b848477fa2a4787ba9adf39a41?s=96&d=mm&r=g\",\"url\":\"https:\\\/\\\/secure.gravatar.com\\\/avatar\\\/c7164ed6fdec453195284ad24a5ae5b6e1eed2b848477fa2a4787ba9adf39a41?s=96&d=mm&r=g\",\"contentUrl\":\"https:\\\/\\\/secure.gravatar.com\\\/avatar\\\/c7164ed6fdec453195284ad24a5ae5b6e1eed2b848477fa2a4787ba9adf39a41?s=96&d=mm&r=g\",\"caption\":\"Redacci\u00f3n QP\"},\"url\":\"https:\\\/\\\/quehacerpolitico.mx\\\/?author=2\"}]}<\/script>\n<!-- \/ Yoast SEO plugin. -->","yoast_head_json":{"title":"Opini\u00f3n\/\/\/Israel Mendoza\/\/\/Agitaci\u00f3n en Chiapas -","robots":{"index":"index","follow":"follow","max-snippet":"max-snippet:-1","max-image-preview":"max-image-preview:large","max-video-preview":"max-video-preview:-1"},"canonical":"https:\/\/quehacerpolitico.mx\/?p=33271","og_locale":"es_MX","og_type":"article","og_title":"Opini\u00f3n\/\/\/Israel Mendoza\/\/\/Agitaci\u00f3n en Chiapas -","og_description":"Agitaci\u00f3n en Chiapas Por Israel Mendoza","og_url":"https:\/\/quehacerpolitico.mx\/?p=33271","article_published_time":"2019-07-29T16:13:03+00:00","author":"Redacci\u00f3n QP","twitter_card":"summary_large_image","twitter_misc":{"Escrito por":"Redacci\u00f3n QP","Tiempo de lectura":"3 minutos"},"schema":{"@context":"https:\/\/schema.org","@graph":[{"@type":"Article","@id":"https:\/\/quehacerpolitico.mx\/?p=33271#article","isPartOf":{"@id":"https:\/\/quehacerpolitico.mx\/?p=33271"},"author":{"name":"Redacci\u00f3n QP","@id":"https:\/\/quehacerpolitico.mx\/#\/schema\/person\/496d8ad2d1d3f8036101dca7ee39e585"},"headline":"Opini\u00f3n\/\/\/Israel Mendoza\/\/\/Agitaci\u00f3n en Chiapas","datePublished":"2019-07-29T16:13:03+00:00","mainEntityOfPage":{"@id":"https:\/\/quehacerpolitico.mx\/?p=33271"},"wordCount":663,"commentCount":0,"image":{"@id":"https:\/\/quehacerpolitico.mx\/?p=33271#primaryimage"},"thumbnailUrl":"","articleSection":["Noticias"],"inLanguage":"es","potentialAction":[{"@type":"CommentAction","name":"Comment","target":["https:\/\/quehacerpolitico.mx\/?p=33271#respond"]}]},{"@type":"WebPage","@id":"https:\/\/quehacerpolitico.mx\/?p=33271","url":"https:\/\/quehacerpolitico.mx\/?p=33271","name":"Opini\u00f3n\/\/\/Israel Mendoza\/\/\/Agitaci\u00f3n en Chiapas -","isPartOf":{"@id":"https:\/\/quehacerpolitico.mx\/#website"},"primaryImageOfPage":{"@id":"https:\/\/quehacerpolitico.mx\/?p=33271#primaryimage"},"image":{"@id":"https:\/\/quehacerpolitico.mx\/?p=33271#primaryimage"},"thumbnailUrl":"","datePublished":"2019-07-29T16:13:03+00:00","author":{"@id":"https:\/\/quehacerpolitico.mx\/#\/schema\/person\/496d8ad2d1d3f8036101dca7ee39e585"},"breadcrumb":{"@id":"https:\/\/quehacerpolitico.mx\/?p=33271#breadcrumb"},"inLanguage":"es","potentialAction":[{"@type":"ReadAction","target":["https:\/\/quehacerpolitico.mx\/?p=33271"]}]},{"@type":"ImageObject","inLanguage":"es","@id":"https:\/\/quehacerpolitico.mx\/?p=33271#primaryimage","url":"","contentUrl":""},{"@type":"BreadcrumbList","@id":"https:\/\/quehacerpolitico.mx\/?p=33271#breadcrumb","itemListElement":[{"@type":"ListItem","position":1,"name":"Inicio","item":"https:\/\/quehacerpolitico.mx\/"},{"@type":"ListItem","position":2,"name":"Opini\u00f3n\/\/\/Israel Mendoza\/\/\/Agitaci\u00f3n en Chiapas"}]},{"@type":"WebSite","@id":"https:\/\/quehacerpolitico.mx\/#website","url":"https:\/\/quehacerpolitico.mx\/","name":"","description":"","potentialAction":[{"@type":"SearchAction","target":{"@type":"EntryPoint","urlTemplate":"https:\/\/quehacerpolitico.mx\/?s={search_term_string}"},"query-input":{"@type":"PropertyValueSpecification","valueRequired":true,"valueName":"search_term_string"}}],"inLanguage":"es"},{"@type":"Person","@id":"https:\/\/quehacerpolitico.mx\/#\/schema\/person\/496d8ad2d1d3f8036101dca7ee39e585","name":"Redacci\u00f3n QP","image":{"@type":"ImageObject","inLanguage":"es","@id":"https:\/\/secure.gravatar.com\/avatar\/c7164ed6fdec453195284ad24a5ae5b6e1eed2b848477fa2a4787ba9adf39a41?s=96&d=mm&r=g","url":"https:\/\/secure.gravatar.com\/avatar\/c7164ed6fdec453195284ad24a5ae5b6e1eed2b848477fa2a4787ba9adf39a41?s=96&d=mm&r=g","contentUrl":"https:\/\/secure.gravatar.com\/avatar\/c7164ed6fdec453195284ad24a5ae5b6e1eed2b848477fa2a4787ba9adf39a41?s=96&d=mm&r=g","caption":"Redacci\u00f3n QP"},"url":"https:\/\/quehacerpolitico.mx\/?author=2"}]}},"featured_image_urls":{"full":"","thumbnail":"","medium":"","medium_large":"","large":"","1536x1536":"","2048x2048":"","covernews-featured":"","covernews-medium":""},"author_info":{"display_name":"Redacci\u00f3n QP","author_link":"https:\/\/quehacerpolitico.mx\/?author=2"},"category_info":"<a href=\"https:\/\/quehacerpolitico.mx\/?cat=2\" rel=\"category\">Noticias<\/a>","tag_info":"Noticias","comment_count":"0","_links":{"self":[{"href":"https:\/\/quehacerpolitico.mx\/index.php?rest_route=\/wp\/v2\/posts\/33271","targetHints":{"allow":["GET"]}}],"collection":[{"href":"https:\/\/quehacerpolitico.mx\/index.php?rest_route=\/wp\/v2\/posts"}],"about":[{"href":"https:\/\/quehacerpolitico.mx\/index.php?rest_route=\/wp\/v2\/types\/post"}],"author":[{"embeddable":true,"href":"https:\/\/quehacerpolitico.mx\/index.php?rest_route=\/wp\/v2\/users\/2"}],"replies":[{"embeddable":true,"href":"https:\/\/quehacerpolitico.mx\/index.php?rest_route=%2Fwp%2Fv2%2Fcomments&post=33271"}],"version-history":[{"count":0,"href":"https:\/\/quehacerpolitico.mx\/index.php?rest_route=\/wp\/v2\/posts\/33271\/revisions"}],"wp:featuredmedia":[{"embeddable":true,"href":"https:\/\/quehacerpolitico.mx\/index.php?rest_route=\/"}],"wp:attachment":[{"href":"https:\/\/quehacerpolitico.mx\/index.php?rest_route=%2Fwp%2Fv2%2Fmedia&parent=33271"}],"wp:term":[{"taxonomy":"category","embeddable":true,"href":"https:\/\/quehacerpolitico.mx\/index.php?rest_route=%2Fwp%2Fv2%2Fcategories&post=33271"},{"taxonomy":"post_tag","embeddable":true,"href":"https:\/\/quehacerpolitico.mx\/index.php?rest_route=%2Fwp%2Fv2%2Ftags&post=33271"}],"curies":[{"name":"wp","href":"https:\/\/api.w.org\/{rel}","templated":true}]}}