{"id":33238,"date":"2019-07-29T03:03:10","date_gmt":"2019-07-29T03:03:10","guid":{"rendered":"http:\/\/quehacerpolitico.mx\/dupla-mexicana-gana-plata-en-dobles-mixto-de-squash-en-lima-2019\/"},"modified":"2019-07-29T03:03:10","modified_gmt":"2019-07-29T03:03:10","slug":"dupla-mexicana-gana-plata-en-dobles-mixto-de-squash-en-lima-2019","status":"publish","type":"post","link":"https:\/\/quehacerpolitico.mx\/?p=33238","title":{"rendered":"Dupla mexicana gana plata en dobles mixto de squash en Lima 2019"},"content":{"rendered":"<p>Dupla mexicana gana plata en dobles mixto de squash en Lima 2019<\/p>\n<p>Por Redacci\u00f3n QP<\/p>\n<p>Diana Elisa Garc\u00eda Fierro y Alfredo Manuel \u00c1vila Vergara dieron a M\u00e9xico la medalla de plata en la modalidad de dobles mixto del torneo de squash de los Juegos Panamericanos Lima 2019, que se\u00a0disput\u00f3 en el Centro de Alto Rendimiento de Videna.<\/p>\n<p>El par &#8220;azteca&#8221;\u00a0cay\u00f3 ante la pareja colombiana formada por Miguel \u00c1ngel Rodr\u00edguez y Catalina Pel\u00e1ez Casasfranco, quienes se impusieron en dos sets a cero, 11-10 y 11-4, en apenas 24 minutos de acci\u00f3n.<\/p>\n<blockquote class=\"twitter-tweet\" data-width=\"550\" data-dnt=\"true\">\n<p lang=\"es\" dir=\"ltr\">\u00a1La quinta PLATA\ud83e\udd48 para M\u00e9xico\ud83c\uddf2\ud83c\uddfd!  Diana Garc\u00eda y Alfredo \u00c1vila, en dobles mixtos en squash <a href=\"https:\/\/twitter.com\/hashtag\/TodosJugamos?src=hash&amp;ref_src=twsrc%5Etfw\">#TodosJugamos<\/a>\ud83c\udf89 <a href=\"https:\/\/t.co\/gAiqTJBuVY\">pic.twitter.com\/gAiqTJBuVY<\/a><\/p>\n<p>&mdash; CONADE (@CONADE) <a href=\"https:\/\/twitter.com\/CONADE\/status\/1155624401771139072?ref_src=twsrc%5Etfw\">July 28, 2019<\/a><\/p><\/blockquote>\n<p><script async src=\"https:\/\/platform.twitter.com\/widgets.js\" charset=\"utf-8\"><\/script><\/p>\n<p>Los &#8220;cafeteros&#8221; siempre mostraron superioridad, a pesar del esfuerzo de los tricolores, quienes se sobrepusieron, en el primer set, a una desventaja de 1-5 para igualar a 8-8, pero los sudamericanos ganaron el punto clave para la victoria parcial por 11-10.<\/p>\n<blockquote class=\"twitter-tweet\" data-width=\"550\" data-dnt=\"true\">\n<p lang=\"es\" dir=\"ltr\"><a href=\"https:\/\/twitter.com\/hashtag\/Squash?src=hash&amp;ref_src=twsrc%5Etfw\">#Squash<\/a> \ud83c\uddf2\ud83c\uddfd<br \/>Subcampeones panamericanos <a href=\"https:\/\/twitter.com\/hashtag\/Lima2019?src=hash&amp;ref_src=twsrc%5Etfw\">#Lima2019<\/a> ellos son Diana Garc\u00eda y Alfredo \u00c1vila \u00a1Felicidades!  \ud83c\uddf2\ud83c\uddfd\ud83c\udf89\ud83e\udd48 <a href=\"https:\/\/t.co\/bUUyaNb7ng\">pic.twitter.com\/bUUyaNb7ng<\/a><\/p>\n<p>&mdash; CONADE (@CONADE) <a href=\"https:\/\/twitter.com\/CONADE\/status\/1155631836531515397?ref_src=twsrc%5Etfw\">July 29, 2019<\/a><\/p><\/blockquote>\n<p><script async src=\"https:\/\/platform.twitter.com\/widgets.js\" charset=\"utf-8\"><\/script><\/p>\n<p>Lo dem\u00e1s qued\u00f3 para el anecdotario, porque nuevamente Rodr\u00edguez y Pel\u00e1ez se fueron adelante y con relativa facilidad, en ocho minutos, ganaron por 11-4 a Garc\u00eda y Villa.<\/p>\n<p>De esta forma, la medalla de oro\u00a0se fue a tierras colombianas, la plata fue para\u00a0M\u00e9xico y el bronce para los canadienses Andre Schnell y Hollie Naughton, as\u00ed como para los estadunidenses Andrew Douglas y Olivia Blatchford.<\/p>\n<p>En dobles damas, el oro se lo llevaron las estadunidenses Amanda y Sabrina Sobhy, al derrotar por 11-10 y 11-8 al binomio canadiense de Samantha Cornett y Danielle Letourneau; en tanto el bronce fue para las chilenas Ana Pinto y Giselle Delgado y las colombianas Laura y Mar\u00eda Tovar.<\/p>\n<p>Con Informaci\u00f3n de NTX\u00a0<\/p>\n","protected":false},"excerpt":{"rendered":"<p>Dupla mexicana gana plata en dobles mixto de squash en Lima 2019<br \/>\nPor Redacci\u00f3n QP<\/p>\n","protected":false},"author":2,"featured_media":33237,"comment_status":"open","ping_status":"open","sticky":false,"template":"","format":"standard","meta":{"_monsterinsights_skip_tracking":false,"_monsterinsights_sitenote_active":false,"_monsterinsights_sitenote_note":"","_monsterinsights_sitenote_category":0,"footnotes":""},"categories":[54],"tags":[],"class_list":["post-33238","post","type-post","status-publish","format-standard","has-post-thumbnail","hentry","category-deportes"],"yoast_head":"<!-- This site is optimized with the Yoast SEO plugin v27.3 - https:\/\/yoast.com\/product\/yoast-seo-wordpress\/ -->\n<title>Dupla mexicana gana plata en dobles mixto de squash en Lima 2019 -<\/title>\n<meta name=\"robots\" content=\"index, follow, max-snippet:-1, max-image-preview:large, max-video-preview:-1\" \/>\n<link rel=\"canonical\" href=\"https:\/\/quehacerpolitico.mx\/?p=33238\" \/>\n<meta property=\"og:locale\" content=\"es_MX\" \/>\n<meta property=\"og:type\" content=\"article\" \/>\n<meta property=\"og:title\" content=\"Dupla mexicana gana plata en dobles mixto de squash en Lima 2019 -\" \/>\n<meta property=\"og:description\" content=\"Dupla mexicana gana plata en dobles mixto de squash en Lima 2019 Por Redacci\u00f3n QP\" \/>\n<meta property=\"og:url\" content=\"https:\/\/quehacerpolitico.mx\/?p=33238\" \/>\n<meta property=\"article:published_time\" content=\"2019-07-29T03:03:10+00:00\" \/>\n<meta name=\"author\" content=\"Redacci\u00f3n QP\" \/>\n<meta name=\"twitter:card\" content=\"summary_large_image\" \/>\n<meta name=\"twitter:label1\" content=\"Escrito por\" \/>\n\t<meta name=\"twitter:data1\" content=\"Redacci\u00f3n QP\" \/>\n\t<meta name=\"twitter:label2\" content=\"Tiempo de lectura\" \/>\n\t<meta name=\"twitter:data2\" content=\"1 minuto\" \/>\n<script type=\"application\/ld+json\" class=\"yoast-schema-graph\">{\"@context\":\"https:\\\/\\\/schema.org\",\"@graph\":[{\"@type\":\"Article\",\"@id\":\"https:\\\/\\\/quehacerpolitico.mx\\\/?p=33238#article\",\"isPartOf\":{\"@id\":\"https:\\\/\\\/quehacerpolitico.mx\\\/?p=33238\"},\"author\":{\"name\":\"Redacci\u00f3n QP\",\"@id\":\"https:\\\/\\\/quehacerpolitico.mx\\\/#\\\/schema\\\/person\\\/496d8ad2d1d3f8036101dca7ee39e585\"},\"headline\":\"Dupla mexicana gana plata en dobles mixto de squash en Lima 2019\",\"datePublished\":\"2019-07-29T03:03:10+00:00\",\"mainEntityOfPage\":{\"@id\":\"https:\\\/\\\/quehacerpolitico.mx\\\/?p=33238\"},\"wordCount\":285,\"commentCount\":0,\"image\":{\"@id\":\"https:\\\/\\\/quehacerpolitico.mx\\\/?p=33238#primaryimage\"},\"thumbnailUrl\":\"\",\"articleSection\":[\"Deportes\"],\"inLanguage\":\"es\",\"potentialAction\":[{\"@type\":\"CommentAction\",\"name\":\"Comment\",\"target\":[\"https:\\\/\\\/quehacerpolitico.mx\\\/?p=33238#respond\"]}]},{\"@type\":\"WebPage\",\"@id\":\"https:\\\/\\\/quehacerpolitico.mx\\\/?p=33238\",\"url\":\"https:\\\/\\\/quehacerpolitico.mx\\\/?p=33238\",\"name\":\"Dupla mexicana gana plata en dobles mixto de squash en Lima 2019 -\",\"isPartOf\":{\"@id\":\"https:\\\/\\\/quehacerpolitico.mx\\\/#website\"},\"primaryImageOfPage\":{\"@id\":\"https:\\\/\\\/quehacerpolitico.mx\\\/?p=33238#primaryimage\"},\"image\":{\"@id\":\"https:\\\/\\\/quehacerpolitico.mx\\\/?p=33238#primaryimage\"},\"thumbnailUrl\":\"\",\"datePublished\":\"2019-07-29T03:03:10+00:00\",\"author\":{\"@id\":\"https:\\\/\\\/quehacerpolitico.mx\\\/#\\\/schema\\\/person\\\/496d8ad2d1d3f8036101dca7ee39e585\"},\"breadcrumb\":{\"@id\":\"https:\\\/\\\/quehacerpolitico.mx\\\/?p=33238#breadcrumb\"},\"inLanguage\":\"es\",\"potentialAction\":[{\"@type\":\"ReadAction\",\"target\":[\"https:\\\/\\\/quehacerpolitico.mx\\\/?p=33238\"]}]},{\"@type\":\"ImageObject\",\"inLanguage\":\"es\",\"@id\":\"https:\\\/\\\/quehacerpolitico.mx\\\/?p=33238#primaryimage\",\"url\":\"\",\"contentUrl\":\"\"},{\"@type\":\"BreadcrumbList\",\"@id\":\"https:\\\/\\\/quehacerpolitico.mx\\\/?p=33238#breadcrumb\",\"itemListElement\":[{\"@type\":\"ListItem\",\"position\":1,\"name\":\"Inicio\",\"item\":\"https:\\\/\\\/quehacerpolitico.mx\\\/\"},{\"@type\":\"ListItem\",\"position\":2,\"name\":\"Dupla mexicana gana plata en dobles mixto de squash en Lima 2019\"}]},{\"@type\":\"WebSite\",\"@id\":\"https:\\\/\\\/quehacerpolitico.mx\\\/#website\",\"url\":\"https:\\\/\\\/quehacerpolitico.mx\\\/\",\"name\":\"\",\"description\":\"\",\"potentialAction\":[{\"@type\":\"SearchAction\",\"target\":{\"@type\":\"EntryPoint\",\"urlTemplate\":\"https:\\\/\\\/quehacerpolitico.mx\\\/?s={search_term_string}\"},\"query-input\":{\"@type\":\"PropertyValueSpecification\",\"valueRequired\":true,\"valueName\":\"search_term_string\"}}],\"inLanguage\":\"es\"},{\"@type\":\"Person\",\"@id\":\"https:\\\/\\\/quehacerpolitico.mx\\\/#\\\/schema\\\/person\\\/496d8ad2d1d3f8036101dca7ee39e585\",\"name\":\"Redacci\u00f3n QP\",\"image\":{\"@type\":\"ImageObject\",\"inLanguage\":\"es\",\"@id\":\"https:\\\/\\\/secure.gravatar.com\\\/avatar\\\/c7164ed6fdec453195284ad24a5ae5b6e1eed2b848477fa2a4787ba9adf39a41?s=96&d=mm&r=g\",\"url\":\"https:\\\/\\\/secure.gravatar.com\\\/avatar\\\/c7164ed6fdec453195284ad24a5ae5b6e1eed2b848477fa2a4787ba9adf39a41?s=96&d=mm&r=g\",\"contentUrl\":\"https:\\\/\\\/secure.gravatar.com\\\/avatar\\\/c7164ed6fdec453195284ad24a5ae5b6e1eed2b848477fa2a4787ba9adf39a41?s=96&d=mm&r=g\",\"caption\":\"Redacci\u00f3n QP\"},\"url\":\"https:\\\/\\\/quehacerpolitico.mx\\\/?author=2\"}]}<\/script>\n<!-- \/ Yoast SEO plugin. -->","yoast_head_json":{"title":"Dupla mexicana gana plata en dobles mixto de squash en Lima 2019 -","robots":{"index":"index","follow":"follow","max-snippet":"max-snippet:-1","max-image-preview":"max-image-preview:large","max-video-preview":"max-video-preview:-1"},"canonical":"https:\/\/quehacerpolitico.mx\/?p=33238","og_locale":"es_MX","og_type":"article","og_title":"Dupla mexicana gana plata en dobles mixto de squash en Lima 2019 -","og_description":"Dupla mexicana gana plata en dobles mixto de squash en Lima 2019 Por Redacci\u00f3n QP","og_url":"https:\/\/quehacerpolitico.mx\/?p=33238","article_published_time":"2019-07-29T03:03:10+00:00","author":"Redacci\u00f3n QP","twitter_card":"summary_large_image","twitter_misc":{"Escrito por":"Redacci\u00f3n QP","Tiempo de lectura":"1 minuto"},"schema":{"@context":"https:\/\/schema.org","@graph":[{"@type":"Article","@id":"https:\/\/quehacerpolitico.mx\/?p=33238#article","isPartOf":{"@id":"https:\/\/quehacerpolitico.mx\/?p=33238"},"author":{"name":"Redacci\u00f3n QP","@id":"https:\/\/quehacerpolitico.mx\/#\/schema\/person\/496d8ad2d1d3f8036101dca7ee39e585"},"headline":"Dupla mexicana gana plata en dobles mixto de squash en Lima 2019","datePublished":"2019-07-29T03:03:10+00:00","mainEntityOfPage":{"@id":"https:\/\/quehacerpolitico.mx\/?p=33238"},"wordCount":285,"commentCount":0,"image":{"@id":"https:\/\/quehacerpolitico.mx\/?p=33238#primaryimage"},"thumbnailUrl":"","articleSection":["Deportes"],"inLanguage":"es","potentialAction":[{"@type":"CommentAction","name":"Comment","target":["https:\/\/quehacerpolitico.mx\/?p=33238#respond"]}]},{"@type":"WebPage","@id":"https:\/\/quehacerpolitico.mx\/?p=33238","url":"https:\/\/quehacerpolitico.mx\/?p=33238","name":"Dupla mexicana gana plata en dobles mixto de squash en Lima 2019 -","isPartOf":{"@id":"https:\/\/quehacerpolitico.mx\/#website"},"primaryImageOfPage":{"@id":"https:\/\/quehacerpolitico.mx\/?p=33238#primaryimage"},"image":{"@id":"https:\/\/quehacerpolitico.mx\/?p=33238#primaryimage"},"thumbnailUrl":"","datePublished":"2019-07-29T03:03:10+00:00","author":{"@id":"https:\/\/quehacerpolitico.mx\/#\/schema\/person\/496d8ad2d1d3f8036101dca7ee39e585"},"breadcrumb":{"@id":"https:\/\/quehacerpolitico.mx\/?p=33238#breadcrumb"},"inLanguage":"es","potentialAction":[{"@type":"ReadAction","target":["https:\/\/quehacerpolitico.mx\/?p=33238"]}]},{"@type":"ImageObject","inLanguage":"es","@id":"https:\/\/quehacerpolitico.mx\/?p=33238#primaryimage","url":"","contentUrl":""},{"@type":"BreadcrumbList","@id":"https:\/\/quehacerpolitico.mx\/?p=33238#breadcrumb","itemListElement":[{"@type":"ListItem","position":1,"name":"Inicio","item":"https:\/\/quehacerpolitico.mx\/"},{"@type":"ListItem","position":2,"name":"Dupla mexicana gana plata en dobles mixto de squash en Lima 2019"}]},{"@type":"WebSite","@id":"https:\/\/quehacerpolitico.mx\/#website","url":"https:\/\/quehacerpolitico.mx\/","name":"","description":"","potentialAction":[{"@type":"SearchAction","target":{"@type":"EntryPoint","urlTemplate":"https:\/\/quehacerpolitico.mx\/?s={search_term_string}"},"query-input":{"@type":"PropertyValueSpecification","valueRequired":true,"valueName":"search_term_string"}}],"inLanguage":"es"},{"@type":"Person","@id":"https:\/\/quehacerpolitico.mx\/#\/schema\/person\/496d8ad2d1d3f8036101dca7ee39e585","name":"Redacci\u00f3n QP","image":{"@type":"ImageObject","inLanguage":"es","@id":"https:\/\/secure.gravatar.com\/avatar\/c7164ed6fdec453195284ad24a5ae5b6e1eed2b848477fa2a4787ba9adf39a41?s=96&d=mm&r=g","url":"https:\/\/secure.gravatar.com\/avatar\/c7164ed6fdec453195284ad24a5ae5b6e1eed2b848477fa2a4787ba9adf39a41?s=96&d=mm&r=g","contentUrl":"https:\/\/secure.gravatar.com\/avatar\/c7164ed6fdec453195284ad24a5ae5b6e1eed2b848477fa2a4787ba9adf39a41?s=96&d=mm&r=g","caption":"Redacci\u00f3n QP"},"url":"https:\/\/quehacerpolitico.mx\/?author=2"}]}},"featured_image_urls":{"full":"","thumbnail":"","medium":"","medium_large":"","large":"","1536x1536":"","2048x2048":"","covernews-featured":"","covernews-medium":""},"author_info":{"display_name":"Redacci\u00f3n QP","author_link":"https:\/\/quehacerpolitico.mx\/?author=2"},"category_info":"<a href=\"https:\/\/quehacerpolitico.mx\/?cat=54\" rel=\"category\">Deportes<\/a>","tag_info":"Deportes","comment_count":"0","_links":{"self":[{"href":"https:\/\/quehacerpolitico.mx\/index.php?rest_route=\/wp\/v2\/posts\/33238","targetHints":{"allow":["GET"]}}],"collection":[{"href":"https:\/\/quehacerpolitico.mx\/index.php?rest_route=\/wp\/v2\/posts"}],"about":[{"href":"https:\/\/quehacerpolitico.mx\/index.php?rest_route=\/wp\/v2\/types\/post"}],"author":[{"embeddable":true,"href":"https:\/\/quehacerpolitico.mx\/index.php?rest_route=\/wp\/v2\/users\/2"}],"replies":[{"embeddable":true,"href":"https:\/\/quehacerpolitico.mx\/index.php?rest_route=%2Fwp%2Fv2%2Fcomments&post=33238"}],"version-history":[{"count":0,"href":"https:\/\/quehacerpolitico.mx\/index.php?rest_route=\/wp\/v2\/posts\/33238\/revisions"}],"wp:featuredmedia":[{"embeddable":true,"href":"https:\/\/quehacerpolitico.mx\/index.php?rest_route=\/"}],"wp:attachment":[{"href":"https:\/\/quehacerpolitico.mx\/index.php?rest_route=%2Fwp%2Fv2%2Fmedia&parent=33238"}],"wp:term":[{"taxonomy":"category","embeddable":true,"href":"https:\/\/quehacerpolitico.mx\/index.php?rest_route=%2Fwp%2Fv2%2Fcategories&post=33238"},{"taxonomy":"post_tag","embeddable":true,"href":"https:\/\/quehacerpolitico.mx\/index.php?rest_route=%2Fwp%2Fv2%2Ftags&post=33238"}],"curies":[{"name":"wp","href":"https:\/\/api.w.org\/{rel}","templated":true}]}}