{"id":33232,"date":"2019-07-29T02:45:19","date_gmt":"2019-07-29T02:45:19","guid":{"rendered":"http:\/\/quehacerpolitico.mx\/van-por-reforma-para-sancionar-con-carcel-protestas-en-tabasco\/"},"modified":"2019-07-29T02:45:19","modified_gmt":"2019-07-29T02:45:19","slug":"van-por-reforma-para-sancionar-con-carcel-protestas-en-tabasco","status":"publish","type":"post","link":"https:\/\/quehacerpolitico.mx\/?p=33232","title":{"rendered":"Van por reforma para sancionar con c\u00e1rcel protestas en Tabasco"},"content":{"rendered":"<h1 class=\"news-title\">Van por reforma para sancionar con c\u00e1rcel protestas en Tabasco<\/h1>\n<p>Por Redacci\u00f3n QP<\/p>\n<header class=\"news-header\">\n<div class=\"news-subtitle\">\n<p>La iniciativa ya fue avalada por las comisiones legislativas a propuesta del gobernador del Estado, Ad\u00e1n Augusto L\u00f3pez Hern\u00e1ndez<\/p>\n<\/div>\n<\/header>\n<div class=\"news-content\">\n<div class=\"news-body row\">\n<p>El Congreso de Tabasco pretende aprobar una reforma al C\u00f3digo Penal de esta entidad, en donde se propone castigar hasta con 20 a\u00f1os de prisi\u00f3n a quienes extorsionen y bloqueen empresas p\u00fablicas o privadas, negando el gobierno estatal (Morena) que se trate de una &#8220;Ley Antimarchas&#8221;.<\/p>\n<p>La iniciativa ya fue avalada por las comisiones legislativas a propuesta del gobernador del Estado, Ad\u00e1n Augusto L\u00f3pez Hern\u00e1ndez, quien en su argumentaci\u00f3n se\u00f1al\u00f3 que <strong>lo que se busca es asegurar la inversi\u00f3n privada, fortaleciendo el arraigo de la industria nacional y extranjera, como un mecanismo que permitir\u00e1 recuperar el buen vivir de las personas, mediante el acrecentamiento de mayores y mejores oportunidades de empleo<\/strong>, contribuyendo significativamente al logro de los objetivos trazados por la presente administraci\u00f3n para abatir los altos \u00edndices de rezago, pobreza y marginaci\u00f3n.<\/p>\n<p><strong>La modificaci\u00f3n se\u00f1ala en el Art\u00edculo 196, que &#8220;se impondr\u00e1 prisi\u00f3n de diez a veinte a\u00f1os y multa de mil a dos mil veces el valor diario de la Unidad de Medida y Actualizaci\u00f3n (UMA)<\/strong>, al que para procurarse a s\u00ed mismo o a un tercero un lucro indebido o un beneficio, obligue por cualquier medio a una persona a dar, hacer, tolerar o dejar de hacer algo en perjuicio de su propio patrimonio o el de otra persona&#8221;.<\/p>\n<p>Se advierte que en caso de que el delito sea cometido por un funcionario o exfuncionario, se le aplicar\u00e1 una inhabilitaci\u00f3n de 10 a\u00f1os para desempe\u00f1ar alg\u00fan empleo o actividad en la administraci\u00f3n p\u00fablica.<\/p>\n<p>El art\u00edculo 196 Bis, que es de nueva creaci\u00f3n establece que: &#8220;Al que careciendo de facultad legal, impida o trate de impedir por cualquier medio, la ejecuci\u00f3n de trabajos u obras privadas, se le impondr\u00e1 prisi\u00f3n de seis a\u00f1os a trece a\u00f1os y multa de mil a dos mil veces el valor diario de la UMA&#8221;.<\/p>\n<p>Adem\u00e1s se agrega que las mismas penas se aplicar\u00e1n a quien obstruya el acceso de personal o de maquinaria al lugar destinado para la ejecuci\u00f3n de trabajos u obras.<\/p>\n<p>M\u00e1s adelante en art\u00edculo 299 se protege tambi\u00e9n a las dependencias estatales y presidencias municipales, al quedar establecido que: &#8220;Al que impida o trate de impedir por cualquier medio, la ejecuci\u00f3n de trabajos u obras p\u00fablicas, ordenados o autorizados legalmente por la autoridad competente, se le impondr\u00e1 prisi\u00f3n de seis a\u00f1os a trece a\u00f1os y multa de mil a dos mil veces el valor diario de la UMA&#8221;.<\/p>\n<p>El secretario de gobierno, Marcos Rosendo Medina Filigrana, defendi\u00f3 las modificaciones al C\u00f3digo Penal afirmando que <strong>no se trata de una &#8220;Ley antimarchas&#8221;, sino de una reforma anti extorsionadores<\/strong>, que busca frenar a quienes presuntamente ampar\u00e1ndose en la lucha social extorsionan a las empresas y los particulares.<\/p>\n<p>&#8220;La ley no tiene dedicatoria, la ley nada m\u00e1s prev\u00e9 que haya escenario de armon\u00eda, tranquilidad y respeto al derecho de los particulares y de las empresas a invertir en Tabasco&#8221;, indic\u00f3.<\/p>\n<p>El PRI, a trav\u00e9s de la diputada Ingrid Rosas Pantoja, ya advirti\u00f3 que podr\u00eda votar en contra toda vez que se trata de una modificaci\u00f3n que ser\u00eda usada para impedir la libre manifestaci\u00f3n de los ciudadanos, criticando que en Tabasco quien encabez\u00f3 bloqueos en el pasado fue quien hoy es el presidente de M\u00e9xico, Andr\u00e9s Manuel L\u00f3pez Obrador, y ahora su partido los quieren sancionar.<\/p>\n<p>&#8220;Es sorprendente ver, que quienes antes de ser miembros del gobierno en turno, bloqueaban pozos petroleros, tomaban instalaciones p\u00fablicas, oficinas de gobiernos, cerraban carreteras, calles, pernoctaban en plazas, en parques, en entradas de edificios p\u00fablicos en calles o avenidas; hoy que son gobierno, quieren prohibir esos actos&#8221;, denunci\u00f3.<\/p>\n<p><strong>Esta reforma al C\u00f3digo Penal de Tabasco ser\u00e1 discutida por los legisladores locales ma\u00f1ana en un periodo extraordinario de sesiones<\/strong>, previendo que sea aprobada debido a que solo se necesitan 18 votos y la bancada de Morena tiene 21 integrantes.<\/p>\n<\/div>\n<\/div>\n","protected":false},"excerpt":{"rendered":"<p>Van por reforma para sancionar con c\u00e1rcel protestas en Tabasco<br \/>\nPor Redacci\u00f3n QP<\/p>\n","protected":false},"author":2,"featured_media":33231,"comment_status":"open","ping_status":"open","sticky":false,"template":"","format":"standard","meta":{"_monsterinsights_skip_tracking":false,"_monsterinsights_sitenote_active":false,"_monsterinsights_sitenote_note":"","_monsterinsights_sitenote_category":0,"footnotes":""},"categories":[2],"tags":[],"class_list":["post-33232","post","type-post","status-publish","format-standard","has-post-thumbnail","hentry","category-noticias"],"yoast_head":"<!-- This site is optimized with the Yoast SEO plugin v27.3 - https:\/\/yoast.com\/product\/yoast-seo-wordpress\/ -->\n<title>Van por reforma para sancionar con c\u00e1rcel protestas en Tabasco -<\/title>\n<meta name=\"robots\" content=\"index, follow, max-snippet:-1, max-image-preview:large, max-video-preview:-1\" \/>\n<link rel=\"canonical\" href=\"https:\/\/quehacerpolitico.mx\/?p=33232\" \/>\n<meta property=\"og:locale\" content=\"es_MX\" \/>\n<meta property=\"og:type\" content=\"article\" \/>\n<meta property=\"og:title\" content=\"Van por reforma para sancionar con c\u00e1rcel protestas en Tabasco -\" \/>\n<meta property=\"og:description\" content=\"Van por reforma para sancionar con c\u00e1rcel protestas en Tabasco Por Redacci\u00f3n QP\" \/>\n<meta property=\"og:url\" content=\"https:\/\/quehacerpolitico.mx\/?p=33232\" \/>\n<meta property=\"article:published_time\" content=\"2019-07-29T02:45:19+00:00\" \/>\n<meta name=\"author\" content=\"Redacci\u00f3n QP\" \/>\n<meta name=\"twitter:card\" content=\"summary_large_image\" \/>\n<meta name=\"twitter:label1\" content=\"Escrito por\" \/>\n\t<meta name=\"twitter:data1\" content=\"Redacci\u00f3n QP\" \/>\n\t<meta name=\"twitter:label2\" content=\"Tiempo de lectura\" \/>\n\t<meta name=\"twitter:data2\" content=\"4 minutos\" \/>\n<script type=\"application\/ld+json\" class=\"yoast-schema-graph\">{\"@context\":\"https:\\\/\\\/schema.org\",\"@graph\":[{\"@type\":\"Article\",\"@id\":\"https:\\\/\\\/quehacerpolitico.mx\\\/?p=33232#article\",\"isPartOf\":{\"@id\":\"https:\\\/\\\/quehacerpolitico.mx\\\/?p=33232\"},\"author\":{\"name\":\"Redacci\u00f3n QP\",\"@id\":\"https:\\\/\\\/quehacerpolitico.mx\\\/#\\\/schema\\\/person\\\/496d8ad2d1d3f8036101dca7ee39e585\"},\"headline\":\"Van por reforma para sancionar con c\u00e1rcel protestas en Tabasco\",\"datePublished\":\"2019-07-29T02:45:19+00:00\",\"mainEntityOfPage\":{\"@id\":\"https:\\\/\\\/quehacerpolitico.mx\\\/?p=33232\"},\"wordCount\":729,\"commentCount\":0,\"image\":{\"@id\":\"https:\\\/\\\/quehacerpolitico.mx\\\/?p=33232#primaryimage\"},\"thumbnailUrl\":\"\",\"articleSection\":[\"Noticias\"],\"inLanguage\":\"es\",\"potentialAction\":[{\"@type\":\"CommentAction\",\"name\":\"Comment\",\"target\":[\"https:\\\/\\\/quehacerpolitico.mx\\\/?p=33232#respond\"]}]},{\"@type\":\"WebPage\",\"@id\":\"https:\\\/\\\/quehacerpolitico.mx\\\/?p=33232\",\"url\":\"https:\\\/\\\/quehacerpolitico.mx\\\/?p=33232\",\"name\":\"Van por reforma para sancionar con c\u00e1rcel protestas en Tabasco -\",\"isPartOf\":{\"@id\":\"https:\\\/\\\/quehacerpolitico.mx\\\/#website\"},\"primaryImageOfPage\":{\"@id\":\"https:\\\/\\\/quehacerpolitico.mx\\\/?p=33232#primaryimage\"},\"image\":{\"@id\":\"https:\\\/\\\/quehacerpolitico.mx\\\/?p=33232#primaryimage\"},\"thumbnailUrl\":\"\",\"datePublished\":\"2019-07-29T02:45:19+00:00\",\"author\":{\"@id\":\"https:\\\/\\\/quehacerpolitico.mx\\\/#\\\/schema\\\/person\\\/496d8ad2d1d3f8036101dca7ee39e585\"},\"breadcrumb\":{\"@id\":\"https:\\\/\\\/quehacerpolitico.mx\\\/?p=33232#breadcrumb\"},\"inLanguage\":\"es\",\"potentialAction\":[{\"@type\":\"ReadAction\",\"target\":[\"https:\\\/\\\/quehacerpolitico.mx\\\/?p=33232\"]}]},{\"@type\":\"ImageObject\",\"inLanguage\":\"es\",\"@id\":\"https:\\\/\\\/quehacerpolitico.mx\\\/?p=33232#primaryimage\",\"url\":\"\",\"contentUrl\":\"\"},{\"@type\":\"BreadcrumbList\",\"@id\":\"https:\\\/\\\/quehacerpolitico.mx\\\/?p=33232#breadcrumb\",\"itemListElement\":[{\"@type\":\"ListItem\",\"position\":1,\"name\":\"Inicio\",\"item\":\"https:\\\/\\\/quehacerpolitico.mx\\\/\"},{\"@type\":\"ListItem\",\"position\":2,\"name\":\"Van por reforma para sancionar con c\u00e1rcel protestas en Tabasco\"}]},{\"@type\":\"WebSite\",\"@id\":\"https:\\\/\\\/quehacerpolitico.mx\\\/#website\",\"url\":\"https:\\\/\\\/quehacerpolitico.mx\\\/\",\"name\":\"\",\"description\":\"\",\"potentialAction\":[{\"@type\":\"SearchAction\",\"target\":{\"@type\":\"EntryPoint\",\"urlTemplate\":\"https:\\\/\\\/quehacerpolitico.mx\\\/?s={search_term_string}\"},\"query-input\":{\"@type\":\"PropertyValueSpecification\",\"valueRequired\":true,\"valueName\":\"search_term_string\"}}],\"inLanguage\":\"es\"},{\"@type\":\"Person\",\"@id\":\"https:\\\/\\\/quehacerpolitico.mx\\\/#\\\/schema\\\/person\\\/496d8ad2d1d3f8036101dca7ee39e585\",\"name\":\"Redacci\u00f3n QP\",\"image\":{\"@type\":\"ImageObject\",\"inLanguage\":\"es\",\"@id\":\"https:\\\/\\\/secure.gravatar.com\\\/avatar\\\/c7164ed6fdec453195284ad24a5ae5b6e1eed2b848477fa2a4787ba9adf39a41?s=96&d=mm&r=g\",\"url\":\"https:\\\/\\\/secure.gravatar.com\\\/avatar\\\/c7164ed6fdec453195284ad24a5ae5b6e1eed2b848477fa2a4787ba9adf39a41?s=96&d=mm&r=g\",\"contentUrl\":\"https:\\\/\\\/secure.gravatar.com\\\/avatar\\\/c7164ed6fdec453195284ad24a5ae5b6e1eed2b848477fa2a4787ba9adf39a41?s=96&d=mm&r=g\",\"caption\":\"Redacci\u00f3n QP\"},\"url\":\"https:\\\/\\\/quehacerpolitico.mx\\\/?author=2\"}]}<\/script>\n<!-- \/ Yoast SEO plugin. -->","yoast_head_json":{"title":"Van por reforma para sancionar con c\u00e1rcel protestas en Tabasco -","robots":{"index":"index","follow":"follow","max-snippet":"max-snippet:-1","max-image-preview":"max-image-preview:large","max-video-preview":"max-video-preview:-1"},"canonical":"https:\/\/quehacerpolitico.mx\/?p=33232","og_locale":"es_MX","og_type":"article","og_title":"Van por reforma para sancionar con c\u00e1rcel protestas en Tabasco -","og_description":"Van por reforma para sancionar con c\u00e1rcel protestas en Tabasco Por Redacci\u00f3n QP","og_url":"https:\/\/quehacerpolitico.mx\/?p=33232","article_published_time":"2019-07-29T02:45:19+00:00","author":"Redacci\u00f3n QP","twitter_card":"summary_large_image","twitter_misc":{"Escrito por":"Redacci\u00f3n QP","Tiempo de lectura":"4 minutos"},"schema":{"@context":"https:\/\/schema.org","@graph":[{"@type":"Article","@id":"https:\/\/quehacerpolitico.mx\/?p=33232#article","isPartOf":{"@id":"https:\/\/quehacerpolitico.mx\/?p=33232"},"author":{"name":"Redacci\u00f3n QP","@id":"https:\/\/quehacerpolitico.mx\/#\/schema\/person\/496d8ad2d1d3f8036101dca7ee39e585"},"headline":"Van por reforma para sancionar con c\u00e1rcel protestas en Tabasco","datePublished":"2019-07-29T02:45:19+00:00","mainEntityOfPage":{"@id":"https:\/\/quehacerpolitico.mx\/?p=33232"},"wordCount":729,"commentCount":0,"image":{"@id":"https:\/\/quehacerpolitico.mx\/?p=33232#primaryimage"},"thumbnailUrl":"","articleSection":["Noticias"],"inLanguage":"es","potentialAction":[{"@type":"CommentAction","name":"Comment","target":["https:\/\/quehacerpolitico.mx\/?p=33232#respond"]}]},{"@type":"WebPage","@id":"https:\/\/quehacerpolitico.mx\/?p=33232","url":"https:\/\/quehacerpolitico.mx\/?p=33232","name":"Van por reforma para sancionar con c\u00e1rcel protestas en Tabasco -","isPartOf":{"@id":"https:\/\/quehacerpolitico.mx\/#website"},"primaryImageOfPage":{"@id":"https:\/\/quehacerpolitico.mx\/?p=33232#primaryimage"},"image":{"@id":"https:\/\/quehacerpolitico.mx\/?p=33232#primaryimage"},"thumbnailUrl":"","datePublished":"2019-07-29T02:45:19+00:00","author":{"@id":"https:\/\/quehacerpolitico.mx\/#\/schema\/person\/496d8ad2d1d3f8036101dca7ee39e585"},"breadcrumb":{"@id":"https:\/\/quehacerpolitico.mx\/?p=33232#breadcrumb"},"inLanguage":"es","potentialAction":[{"@type":"ReadAction","target":["https:\/\/quehacerpolitico.mx\/?p=33232"]}]},{"@type":"ImageObject","inLanguage":"es","@id":"https:\/\/quehacerpolitico.mx\/?p=33232#primaryimage","url":"","contentUrl":""},{"@type":"BreadcrumbList","@id":"https:\/\/quehacerpolitico.mx\/?p=33232#breadcrumb","itemListElement":[{"@type":"ListItem","position":1,"name":"Inicio","item":"https:\/\/quehacerpolitico.mx\/"},{"@type":"ListItem","position":2,"name":"Van por reforma para sancionar con c\u00e1rcel protestas en Tabasco"}]},{"@type":"WebSite","@id":"https:\/\/quehacerpolitico.mx\/#website","url":"https:\/\/quehacerpolitico.mx\/","name":"","description":"","potentialAction":[{"@type":"SearchAction","target":{"@type":"EntryPoint","urlTemplate":"https:\/\/quehacerpolitico.mx\/?s={search_term_string}"},"query-input":{"@type":"PropertyValueSpecification","valueRequired":true,"valueName":"search_term_string"}}],"inLanguage":"es"},{"@type":"Person","@id":"https:\/\/quehacerpolitico.mx\/#\/schema\/person\/496d8ad2d1d3f8036101dca7ee39e585","name":"Redacci\u00f3n QP","image":{"@type":"ImageObject","inLanguage":"es","@id":"https:\/\/secure.gravatar.com\/avatar\/c7164ed6fdec453195284ad24a5ae5b6e1eed2b848477fa2a4787ba9adf39a41?s=96&d=mm&r=g","url":"https:\/\/secure.gravatar.com\/avatar\/c7164ed6fdec453195284ad24a5ae5b6e1eed2b848477fa2a4787ba9adf39a41?s=96&d=mm&r=g","contentUrl":"https:\/\/secure.gravatar.com\/avatar\/c7164ed6fdec453195284ad24a5ae5b6e1eed2b848477fa2a4787ba9adf39a41?s=96&d=mm&r=g","caption":"Redacci\u00f3n QP"},"url":"https:\/\/quehacerpolitico.mx\/?author=2"}]}},"featured_image_urls":{"full":"","thumbnail":"","medium":"","medium_large":"","large":"","1536x1536":"","2048x2048":"","covernews-featured":"","covernews-medium":""},"author_info":{"display_name":"Redacci\u00f3n QP","author_link":"https:\/\/quehacerpolitico.mx\/?author=2"},"category_info":"<a href=\"https:\/\/quehacerpolitico.mx\/?cat=2\" rel=\"category\">Noticias<\/a>","tag_info":"Noticias","comment_count":"0","_links":{"self":[{"href":"https:\/\/quehacerpolitico.mx\/index.php?rest_route=\/wp\/v2\/posts\/33232","targetHints":{"allow":["GET"]}}],"collection":[{"href":"https:\/\/quehacerpolitico.mx\/index.php?rest_route=\/wp\/v2\/posts"}],"about":[{"href":"https:\/\/quehacerpolitico.mx\/index.php?rest_route=\/wp\/v2\/types\/post"}],"author":[{"embeddable":true,"href":"https:\/\/quehacerpolitico.mx\/index.php?rest_route=\/wp\/v2\/users\/2"}],"replies":[{"embeddable":true,"href":"https:\/\/quehacerpolitico.mx\/index.php?rest_route=%2Fwp%2Fv2%2Fcomments&post=33232"}],"version-history":[{"count":0,"href":"https:\/\/quehacerpolitico.mx\/index.php?rest_route=\/wp\/v2\/posts\/33232\/revisions"}],"wp:featuredmedia":[{"embeddable":true,"href":"https:\/\/quehacerpolitico.mx\/index.php?rest_route=\/"}],"wp:attachment":[{"href":"https:\/\/quehacerpolitico.mx\/index.php?rest_route=%2Fwp%2Fv2%2Fmedia&parent=33232"}],"wp:term":[{"taxonomy":"category","embeddable":true,"href":"https:\/\/quehacerpolitico.mx\/index.php?rest_route=%2Fwp%2Fv2%2Fcategories&post=33232"},{"taxonomy":"post_tag","embeddable":true,"href":"https:\/\/quehacerpolitico.mx\/index.php?rest_route=%2Fwp%2Fv2%2Ftags&post=33232"}],"curies":[{"name":"wp","href":"https:\/\/api.w.org\/{rel}","templated":true}]}}