{"id":33229,"date":"2019-07-29T02:37:24","date_gmt":"2019-07-29T02:37:24","guid":{"rendered":"http:\/\/quehacerpolitico.mx\/muere-el-artista-venezolano-carlos-cruz-diez\/"},"modified":"2019-07-29T02:37:24","modified_gmt":"2019-07-29T02:37:24","slug":"muere-el-artista-venezolano-carlos-cruz-diez","status":"publish","type":"post","link":"https:\/\/quehacerpolitico.mx\/?p=33229","title":{"rendered":"Muere el artista venezolano Carlos Cruz-D\u00edez"},"content":{"rendered":"<h1 class=\"news-title\">Muere el artista venezolano Carlos Cruz-D\u00edez<\/h1>\n<p>Por Redacci\u00f3n QP<\/p>\n<header class=\"news-header\">\n<div class=\"news-subtitle\">\n<p>Afincado en Par\u00eds desde 1960, era referente mundial en el arte cin\u00e9tico, con el que se define a las obras creadas para producir la impresi\u00f3n o ilusi\u00f3n de movimiento<\/p>\n<\/div>\n<\/header>\n<div class=\"news-content\">\n<div class=\"news-body row\">\n<p><strong>El venezolano Carlos Cruz-D\u00edez, uno de los principales exponentes del llamado arte cin\u00e9tico y \u00f3ptico, ha fallecido en Par\u00eds a los 95 a\u00f1os,<\/strong> inform\u00f3 este domingo su familia a trav\u00e9s de un comunicado en su p\u00e1gina web.<\/p>\n<p>&#8220;Tenemos el inmenso dolor de anunciar el deceso de nuestro amado padre, abuelo y bisabuelo, Carlos Eduardo Cruz-Diez, ocurrido el d\u00eda s\u00e1bado 27 de julio de 2019 en la ciudad de Par\u00eds, Francia&#8221;, se\u00f1ala la nota difundida por sus allegados.<\/p>\n<p>Los actos de homenaje a Cruz-D\u00edez (Caracas, 1923) &#8220;ser\u00e1n realizados en la estricta intimidad de la familia&#8221;, se\u00f1alan su allegados, que tambi\u00e9n alude en la nota al peculiar uso de los colores del venezolano en su obra art\u00edstica: &#8220;Tu amor, tu alegr\u00eda, tus ense\u00f1anzas y tus colores nos acompa\u00f1ar\u00e1n por siempre&#8221;.<\/p>\n<p>Afincado en la capital francesa desde 1960, <strong>pasaba por ser una referencia mundial en el arte cin\u00e9tico, con el que se define a las obras creadas para producir la impresi\u00f3n o ilusi\u00f3n de movimiento<\/strong> y en el que tambi\u00e9n destacaron grandes nombres como los de Alexander Calder, Marcel Duchamp o su compatriota Jes\u00fas Soto.<\/p>\n<div>\n<figure class=\"image\"><img decoding=\"async\" title=\"\" src=\"https:\/\/www.informador.mx\/export\/sites\/elinformador\/img\/2019\/07\/28\/carlos_cruz-diez_x31168927xap_1.jpg_347421144.jpg\" alt=\"\" hspace=\"5\" vspace=\"5\" data-height=\"466\" data-size=\"w:3080,h:2053\" data-width=\"700\" \/><figcaption>Ganador de numerosos galardones, fue distinguido en 2012 con la Legi\u00f3n de Honor francesa. AP \/ ARCHIVO<\/figcaption><\/figure>\n<\/div>\n<p>Las investigaciones de Cruz-D\u00edez se enfocaron principalmente en el fen\u00f3meno crom\u00e1tico, por lo que <strong>es considerado como un gran te\u00f3rico del color, que contribuy\u00f3 a ampliar su percepci\u00f3n.<\/strong><\/p>\n<p>Consigui\u00f3 demostrar que el color, a trav\u00e9s de su interacci\u00f3n con el espectador, adquiere una realidad aut\u00f3noma que existe sin ning\u00fan apoyo de la forma.<\/p>\n<p>Una de las obras m\u00e1s celebradas de este artista, uno de los m\u00e1s cotizados de su pa\u00eds en la actualidad, fue &#8220;Cromosaturaci\u00f3n&#8221; (1965), cuyos espacios de luz artificial sumergen al espectador en un entorno que solo consta de tres colores y permiten a los ojos transformar la idea de color en una experiencia tangible.<\/p>\n<p><strong>Ganador de numerosos galardones, fue distinguido en 2012 con la Legi\u00f3n de Honor francesa,<\/strong> y sus obras forman parte de las colecciones de los principales museos de todo el mundo, como el MOMA de Nueva York, la Tate Modern de Londres, el Centro Pompidou de Par\u00eds o el Museo de Bellas Artes de Houston (EU).<\/p>\n<p>Con Informaci\u00f3n de EFE<\/p>\n<\/div>\n<\/div>\n","protected":false},"excerpt":{"rendered":"<p>Muere el artista venezolano Carlos Cruz-D\u00edez<br \/>\nPor Redacci\u00f3n QP<\/p>\n","protected":false},"author":2,"featured_media":33228,"comment_status":"open","ping_status":"open","sticky":false,"template":"","format":"standard","meta":{"_monsterinsights_skip_tracking":false,"_monsterinsights_sitenote_active":false,"_monsterinsights_sitenote_note":"","_monsterinsights_sitenote_category":0,"footnotes":""},"categories":[58],"tags":[],"class_list":["post-33229","post","type-post","status-publish","format-standard","has-post-thumbnail","hentry","category-cultura"],"yoast_head":"<!-- This site is optimized with the Yoast SEO plugin v27.3 - https:\/\/yoast.com\/product\/yoast-seo-wordpress\/ -->\n<title>Muere el artista venezolano Carlos Cruz-D\u00edez -<\/title>\n<meta name=\"robots\" content=\"index, follow, max-snippet:-1, max-image-preview:large, max-video-preview:-1\" \/>\n<link rel=\"canonical\" href=\"https:\/\/quehacerpolitico.mx\/?p=33229\" \/>\n<meta property=\"og:locale\" content=\"es_MX\" \/>\n<meta property=\"og:type\" content=\"article\" \/>\n<meta property=\"og:title\" content=\"Muere el artista venezolano Carlos Cruz-D\u00edez -\" \/>\n<meta property=\"og:description\" content=\"Muere el artista venezolano Carlos Cruz-D\u00edez Por Redacci\u00f3n QP\" \/>\n<meta property=\"og:url\" content=\"https:\/\/quehacerpolitico.mx\/?p=33229\" \/>\n<meta property=\"article:published_time\" content=\"2019-07-29T02:37:24+00:00\" \/>\n<meta name=\"author\" content=\"Redacci\u00f3n QP\" \/>\n<meta name=\"twitter:card\" content=\"summary_large_image\" \/>\n<meta name=\"twitter:label1\" content=\"Escrito por\" \/>\n\t<meta name=\"twitter:data1\" content=\"Redacci\u00f3n QP\" \/>\n\t<meta name=\"twitter:label2\" content=\"Tiempo de lectura\" \/>\n\t<meta name=\"twitter:data2\" content=\"2 minutos\" \/>\n<script type=\"application\/ld+json\" class=\"yoast-schema-graph\">{\"@context\":\"https:\\\/\\\/schema.org\",\"@graph\":[{\"@type\":\"Article\",\"@id\":\"https:\\\/\\\/quehacerpolitico.mx\\\/?p=33229#article\",\"isPartOf\":{\"@id\":\"https:\\\/\\\/quehacerpolitico.mx\\\/?p=33229\"},\"author\":{\"name\":\"Redacci\u00f3n QP\",\"@id\":\"https:\\\/\\\/quehacerpolitico.mx\\\/#\\\/schema\\\/person\\\/496d8ad2d1d3f8036101dca7ee39e585\"},\"headline\":\"Muere el artista venezolano Carlos Cruz-D\u00edez\",\"datePublished\":\"2019-07-29T02:37:24+00:00\",\"mainEntityOfPage\":{\"@id\":\"https:\\\/\\\/quehacerpolitico.mx\\\/?p=33229\"},\"wordCount\":447,\"commentCount\":0,\"image\":{\"@id\":\"https:\\\/\\\/quehacerpolitico.mx\\\/?p=33229#primaryimage\"},\"thumbnailUrl\":\"\",\"articleSection\":[\"Cultura y Entretenimiento\"],\"inLanguage\":\"es\",\"potentialAction\":[{\"@type\":\"CommentAction\",\"name\":\"Comment\",\"target\":[\"https:\\\/\\\/quehacerpolitico.mx\\\/?p=33229#respond\"]}]},{\"@type\":\"WebPage\",\"@id\":\"https:\\\/\\\/quehacerpolitico.mx\\\/?p=33229\",\"url\":\"https:\\\/\\\/quehacerpolitico.mx\\\/?p=33229\",\"name\":\"Muere el artista venezolano Carlos Cruz-D\u00edez -\",\"isPartOf\":{\"@id\":\"https:\\\/\\\/quehacerpolitico.mx\\\/#website\"},\"primaryImageOfPage\":{\"@id\":\"https:\\\/\\\/quehacerpolitico.mx\\\/?p=33229#primaryimage\"},\"image\":{\"@id\":\"https:\\\/\\\/quehacerpolitico.mx\\\/?p=33229#primaryimage\"},\"thumbnailUrl\":\"\",\"datePublished\":\"2019-07-29T02:37:24+00:00\",\"author\":{\"@id\":\"https:\\\/\\\/quehacerpolitico.mx\\\/#\\\/schema\\\/person\\\/496d8ad2d1d3f8036101dca7ee39e585\"},\"breadcrumb\":{\"@id\":\"https:\\\/\\\/quehacerpolitico.mx\\\/?p=33229#breadcrumb\"},\"inLanguage\":\"es\",\"potentialAction\":[{\"@type\":\"ReadAction\",\"target\":[\"https:\\\/\\\/quehacerpolitico.mx\\\/?p=33229\"]}]},{\"@type\":\"ImageObject\",\"inLanguage\":\"es\",\"@id\":\"https:\\\/\\\/quehacerpolitico.mx\\\/?p=33229#primaryimage\",\"url\":\"\",\"contentUrl\":\"\"},{\"@type\":\"BreadcrumbList\",\"@id\":\"https:\\\/\\\/quehacerpolitico.mx\\\/?p=33229#breadcrumb\",\"itemListElement\":[{\"@type\":\"ListItem\",\"position\":1,\"name\":\"Inicio\",\"item\":\"https:\\\/\\\/quehacerpolitico.mx\\\/\"},{\"@type\":\"ListItem\",\"position\":2,\"name\":\"Muere el artista venezolano Carlos Cruz-D\u00edez\"}]},{\"@type\":\"WebSite\",\"@id\":\"https:\\\/\\\/quehacerpolitico.mx\\\/#website\",\"url\":\"https:\\\/\\\/quehacerpolitico.mx\\\/\",\"name\":\"\",\"description\":\"\",\"potentialAction\":[{\"@type\":\"SearchAction\",\"target\":{\"@type\":\"EntryPoint\",\"urlTemplate\":\"https:\\\/\\\/quehacerpolitico.mx\\\/?s={search_term_string}\"},\"query-input\":{\"@type\":\"PropertyValueSpecification\",\"valueRequired\":true,\"valueName\":\"search_term_string\"}}],\"inLanguage\":\"es\"},{\"@type\":\"Person\",\"@id\":\"https:\\\/\\\/quehacerpolitico.mx\\\/#\\\/schema\\\/person\\\/496d8ad2d1d3f8036101dca7ee39e585\",\"name\":\"Redacci\u00f3n QP\",\"image\":{\"@type\":\"ImageObject\",\"inLanguage\":\"es\",\"@id\":\"https:\\\/\\\/secure.gravatar.com\\\/avatar\\\/c7164ed6fdec453195284ad24a5ae5b6e1eed2b848477fa2a4787ba9adf39a41?s=96&d=mm&r=g\",\"url\":\"https:\\\/\\\/secure.gravatar.com\\\/avatar\\\/c7164ed6fdec453195284ad24a5ae5b6e1eed2b848477fa2a4787ba9adf39a41?s=96&d=mm&r=g\",\"contentUrl\":\"https:\\\/\\\/secure.gravatar.com\\\/avatar\\\/c7164ed6fdec453195284ad24a5ae5b6e1eed2b848477fa2a4787ba9adf39a41?s=96&d=mm&r=g\",\"caption\":\"Redacci\u00f3n QP\"},\"url\":\"https:\\\/\\\/quehacerpolitico.mx\\\/?author=2\"}]}<\/script>\n<!-- \/ Yoast SEO plugin. -->","yoast_head_json":{"title":"Muere el artista venezolano Carlos Cruz-D\u00edez -","robots":{"index":"index","follow":"follow","max-snippet":"max-snippet:-1","max-image-preview":"max-image-preview:large","max-video-preview":"max-video-preview:-1"},"canonical":"https:\/\/quehacerpolitico.mx\/?p=33229","og_locale":"es_MX","og_type":"article","og_title":"Muere el artista venezolano Carlos Cruz-D\u00edez -","og_description":"Muere el artista venezolano Carlos Cruz-D\u00edez Por Redacci\u00f3n QP","og_url":"https:\/\/quehacerpolitico.mx\/?p=33229","article_published_time":"2019-07-29T02:37:24+00:00","author":"Redacci\u00f3n QP","twitter_card":"summary_large_image","twitter_misc":{"Escrito por":"Redacci\u00f3n QP","Tiempo de lectura":"2 minutos"},"schema":{"@context":"https:\/\/schema.org","@graph":[{"@type":"Article","@id":"https:\/\/quehacerpolitico.mx\/?p=33229#article","isPartOf":{"@id":"https:\/\/quehacerpolitico.mx\/?p=33229"},"author":{"name":"Redacci\u00f3n QP","@id":"https:\/\/quehacerpolitico.mx\/#\/schema\/person\/496d8ad2d1d3f8036101dca7ee39e585"},"headline":"Muere el artista venezolano Carlos Cruz-D\u00edez","datePublished":"2019-07-29T02:37:24+00:00","mainEntityOfPage":{"@id":"https:\/\/quehacerpolitico.mx\/?p=33229"},"wordCount":447,"commentCount":0,"image":{"@id":"https:\/\/quehacerpolitico.mx\/?p=33229#primaryimage"},"thumbnailUrl":"","articleSection":["Cultura y Entretenimiento"],"inLanguage":"es","potentialAction":[{"@type":"CommentAction","name":"Comment","target":["https:\/\/quehacerpolitico.mx\/?p=33229#respond"]}]},{"@type":"WebPage","@id":"https:\/\/quehacerpolitico.mx\/?p=33229","url":"https:\/\/quehacerpolitico.mx\/?p=33229","name":"Muere el artista venezolano Carlos Cruz-D\u00edez -","isPartOf":{"@id":"https:\/\/quehacerpolitico.mx\/#website"},"primaryImageOfPage":{"@id":"https:\/\/quehacerpolitico.mx\/?p=33229#primaryimage"},"image":{"@id":"https:\/\/quehacerpolitico.mx\/?p=33229#primaryimage"},"thumbnailUrl":"","datePublished":"2019-07-29T02:37:24+00:00","author":{"@id":"https:\/\/quehacerpolitico.mx\/#\/schema\/person\/496d8ad2d1d3f8036101dca7ee39e585"},"breadcrumb":{"@id":"https:\/\/quehacerpolitico.mx\/?p=33229#breadcrumb"},"inLanguage":"es","potentialAction":[{"@type":"ReadAction","target":["https:\/\/quehacerpolitico.mx\/?p=33229"]}]},{"@type":"ImageObject","inLanguage":"es","@id":"https:\/\/quehacerpolitico.mx\/?p=33229#primaryimage","url":"","contentUrl":""},{"@type":"BreadcrumbList","@id":"https:\/\/quehacerpolitico.mx\/?p=33229#breadcrumb","itemListElement":[{"@type":"ListItem","position":1,"name":"Inicio","item":"https:\/\/quehacerpolitico.mx\/"},{"@type":"ListItem","position":2,"name":"Muere el artista venezolano Carlos Cruz-D\u00edez"}]},{"@type":"WebSite","@id":"https:\/\/quehacerpolitico.mx\/#website","url":"https:\/\/quehacerpolitico.mx\/","name":"","description":"","potentialAction":[{"@type":"SearchAction","target":{"@type":"EntryPoint","urlTemplate":"https:\/\/quehacerpolitico.mx\/?s={search_term_string}"},"query-input":{"@type":"PropertyValueSpecification","valueRequired":true,"valueName":"search_term_string"}}],"inLanguage":"es"},{"@type":"Person","@id":"https:\/\/quehacerpolitico.mx\/#\/schema\/person\/496d8ad2d1d3f8036101dca7ee39e585","name":"Redacci\u00f3n QP","image":{"@type":"ImageObject","inLanguage":"es","@id":"https:\/\/secure.gravatar.com\/avatar\/c7164ed6fdec453195284ad24a5ae5b6e1eed2b848477fa2a4787ba9adf39a41?s=96&d=mm&r=g","url":"https:\/\/secure.gravatar.com\/avatar\/c7164ed6fdec453195284ad24a5ae5b6e1eed2b848477fa2a4787ba9adf39a41?s=96&d=mm&r=g","contentUrl":"https:\/\/secure.gravatar.com\/avatar\/c7164ed6fdec453195284ad24a5ae5b6e1eed2b848477fa2a4787ba9adf39a41?s=96&d=mm&r=g","caption":"Redacci\u00f3n QP"},"url":"https:\/\/quehacerpolitico.mx\/?author=2"}]}},"featured_image_urls":{"full":"","thumbnail":"","medium":"","medium_large":"","large":"","1536x1536":"","2048x2048":"","covernews-featured":"","covernews-medium":""},"author_info":{"display_name":"Redacci\u00f3n QP","author_link":"https:\/\/quehacerpolitico.mx\/?author=2"},"category_info":"<a href=\"https:\/\/quehacerpolitico.mx\/?cat=58\" rel=\"category\">Cultura y Entretenimiento<\/a>","tag_info":"Cultura y Entretenimiento","comment_count":"0","_links":{"self":[{"href":"https:\/\/quehacerpolitico.mx\/index.php?rest_route=\/wp\/v2\/posts\/33229","targetHints":{"allow":["GET"]}}],"collection":[{"href":"https:\/\/quehacerpolitico.mx\/index.php?rest_route=\/wp\/v2\/posts"}],"about":[{"href":"https:\/\/quehacerpolitico.mx\/index.php?rest_route=\/wp\/v2\/types\/post"}],"author":[{"embeddable":true,"href":"https:\/\/quehacerpolitico.mx\/index.php?rest_route=\/wp\/v2\/users\/2"}],"replies":[{"embeddable":true,"href":"https:\/\/quehacerpolitico.mx\/index.php?rest_route=%2Fwp%2Fv2%2Fcomments&post=33229"}],"version-history":[{"count":0,"href":"https:\/\/quehacerpolitico.mx\/index.php?rest_route=\/wp\/v2\/posts\/33229\/revisions"}],"wp:featuredmedia":[{"embeddable":true,"href":"https:\/\/quehacerpolitico.mx\/index.php?rest_route=\/"}],"wp:attachment":[{"href":"https:\/\/quehacerpolitico.mx\/index.php?rest_route=%2Fwp%2Fv2%2Fmedia&parent=33229"}],"wp:term":[{"taxonomy":"category","embeddable":true,"href":"https:\/\/quehacerpolitico.mx\/index.php?rest_route=%2Fwp%2Fv2%2Fcategories&post=33229"},{"taxonomy":"post_tag","embeddable":true,"href":"https:\/\/quehacerpolitico.mx\/index.php?rest_route=%2Fwp%2Fv2%2Ftags&post=33229"}],"curies":[{"name":"wp","href":"https:\/\/api.w.org\/{rel}","templated":true}]}}