{"id":33223,"date":"2019-07-29T02:20:23","date_gmt":"2019-07-29T02:20:23","guid":{"rendered":"http:\/\/quehacerpolitico.mx\/jalisciense-jose-ulloa-gana-oro-para-mexico-en-ciclismo-de-montana\/"},"modified":"2019-07-29T02:20:23","modified_gmt":"2019-07-29T02:20:23","slug":"jalisciense-jose-ulloa-gana-oro-para-mexico-en-ciclismo-de-montana","status":"publish","type":"post","link":"https:\/\/quehacerpolitico.mx\/?p=33223","title":{"rendered":"Jalisciense Jos\u00e9 Ulloa gana oro para M\u00e9xico en ciclismo de monta\u00f1a"},"content":{"rendered":"<h1 class=\"news-title\">Jalisciense Jos\u00e9 Ulloa gana oro para M\u00e9xico en ciclismo de monta\u00f1a<\/h1>\n<p>Por Redacci\u00f3n QP<\/p>\n<header class=\"news-header\">\n<div class=\"news-subtitle\">\n<p>El mexicano marca un tiempo de 1:25:03 dejando atr\u00e1s al brasile\u00f1o Henrique da Silva (1:27:08) y al chileno Mart\u00edn Vidaurre (1:27:31)<\/p>\n<\/div>\n<\/header>\n<div class=\"news-content\">\n<div class=\"news-body row\">\n<p>El jalisciense residente en Guanajuato Jos\u00e9 Gerardo Ulloa Ar\u00e9valo gan\u00f3 oro para M\u00e9xico en la prueba de ciclismo de monta\u00f1a de los Juegos Panamericanos\u00a0que se llevan a cabo en Lima, Per\u00fa.<\/p>\n<blockquote class=\"twitter-tweet\" data-width=\"550\" data-dnt=\"true\">\n<p lang=\"es\" dir=\"ltr\">Medalla de ORO\ud83e\udd47para M\u00e9xico \ud83c\uddf2\ud83c\uddfd lleg\u00f3 la insignia n\u00famero 8 para el pa\u00eds en el ciclismo de monta\u00f1a, cortes\u00eda de Jos\u00e9 Gerardo Ulloa Ar\u00e9valo.<a href=\"https:\/\/twitter.com\/hashtag\/DejaHuella?src=hash&amp;ref_src=twsrc%5Etfw\">#DejaHuella<\/a> <a href=\"https:\/\/t.co\/xAOJxzhTgc\">pic.twitter.com\/xAOJxzhTgc<\/a><\/p>\n<p>&mdash; CONADE (@CONADE) <a href=\"https:\/\/twitter.com\/CONADE\/status\/1155537999196819461?ref_src=twsrc%5Etfw\">July 28, 2019<\/a><\/p><\/blockquote>\n<p><script async src=\"https:\/\/platform.twitter.com\/widgets.js\" charset=\"utf-8\"><\/script><\/p>\n<p>El tapat\u00edo recorri\u00f3 los 4.2 kil\u00f3metros del Circuito Morro Solar en un tiempo de 1:25:03 dejando atr\u00e1s al brasile\u00f1o Henrique da Silva (1:27:08) y al chileno Mart\u00edn Vidaurre (1:27:31).<\/p>\n<p>Previo a su participaci\u00f3n en los Panamericanos Ulloa gan\u00f3 el oro en el Campeonato Nacional de Ciclismo de Monta\u00f1a que se llev\u00f3 a cabo en Ixmiquilpan, Hidalgo.<\/p>\n<p>Se trata de la octava medalla de oro para M\u00e9xico, que al momento contin\u00faa como l\u00edder del medallero con 20 preseas por 15 de Estados Unidos y ocho de Argentina.<\/p>\n<p>\u00a0&#8220;Ojal\u00e1 que sigamos con esta buena racha, trabajando se puede tener todo bien y Tokio es el siguiente reto&#8221;, dijo Ulloa a Notimex al final de la competencia.<\/p>\n<p><strong>Previamente, su compatriota Daniela Campuzano se llev\u00f3 una contundente victoria en una hora, 30 minutos y 45 segundos y por lo general siempre estuvo adelante del grupo de participantes, hasta cruzar la meta.<\/strong><\/p>\n<p>De esta forma mand\u00f3 al segundo lugar a la argentina Sof\u00eda G\u00f3mez, quien registr\u00f3 1:31:06 horas, a 21 segundos de diferencia de la triunfadora, y al tercero a la brasile\u00f1a Jaqueline Mourao, quien marc\u00f3 1:31:12.<\/p>\n<p>La otra mexicana, Adriana Guti\u00e9rrez se qued\u00f3 en la plaza 14 con 1:40:24 horas, a 9:38 minutos de distancia del oro.<\/p>\n<p><em>Con informaci\u00f3n de Notimex<\/em><\/p>\n<\/div>\n<\/div>\n","protected":false},"excerpt":{"rendered":"<p>Jalisciense Jos\u00e9 Ulloa gana oro para M\u00e9xico en ciclismo de monta\u00f1a<br \/>\nPor Redacci\u00f3n QP<\/p>\n","protected":false},"author":2,"featured_media":33222,"comment_status":"open","ping_status":"open","sticky":false,"template":"","format":"standard","meta":{"_monsterinsights_skip_tracking":false,"_monsterinsights_sitenote_active":false,"_monsterinsights_sitenote_note":"","_monsterinsights_sitenote_category":0,"footnotes":""},"categories":[54],"tags":[],"class_list":["post-33223","post","type-post","status-publish","format-standard","has-post-thumbnail","hentry","category-deportes"],"yoast_head":"<!-- This site is optimized with the Yoast SEO plugin v27.3 - https:\/\/yoast.com\/product\/yoast-seo-wordpress\/ -->\n<title>Jalisciense Jos\u00e9 Ulloa gana oro para M\u00e9xico en ciclismo de monta\u00f1a -<\/title>\n<meta name=\"robots\" content=\"index, follow, max-snippet:-1, max-image-preview:large, max-video-preview:-1\" \/>\n<link rel=\"canonical\" href=\"https:\/\/quehacerpolitico.mx\/?p=33223\" \/>\n<meta property=\"og:locale\" content=\"es_MX\" \/>\n<meta property=\"og:type\" content=\"article\" \/>\n<meta property=\"og:title\" content=\"Jalisciense Jos\u00e9 Ulloa gana oro para M\u00e9xico en ciclismo de monta\u00f1a -\" \/>\n<meta property=\"og:description\" content=\"Jalisciense Jos\u00e9 Ulloa gana oro para M\u00e9xico en ciclismo de monta\u00f1a Por Redacci\u00f3n QP\" \/>\n<meta property=\"og:url\" content=\"https:\/\/quehacerpolitico.mx\/?p=33223\" \/>\n<meta property=\"article:published_time\" content=\"2019-07-29T02:20:23+00:00\" \/>\n<meta name=\"author\" content=\"Redacci\u00f3n QP\" \/>\n<meta name=\"twitter:card\" content=\"summary_large_image\" \/>\n<meta name=\"twitter:label1\" content=\"Escrito por\" \/>\n\t<meta name=\"twitter:data1\" content=\"Redacci\u00f3n QP\" \/>\n\t<meta name=\"twitter:label2\" content=\"Tiempo de lectura\" \/>\n\t<meta name=\"twitter:data2\" content=\"1 minuto\" \/>\n<script type=\"application\/ld+json\" class=\"yoast-schema-graph\">{\"@context\":\"https:\\\/\\\/schema.org\",\"@graph\":[{\"@type\":\"Article\",\"@id\":\"https:\\\/\\\/quehacerpolitico.mx\\\/?p=33223#article\",\"isPartOf\":{\"@id\":\"https:\\\/\\\/quehacerpolitico.mx\\\/?p=33223\"},\"author\":{\"name\":\"Redacci\u00f3n QP\",\"@id\":\"https:\\\/\\\/quehacerpolitico.mx\\\/#\\\/schema\\\/person\\\/496d8ad2d1d3f8036101dca7ee39e585\"},\"headline\":\"Jalisciense Jos\u00e9 Ulloa gana oro para M\u00e9xico en ciclismo de monta\u00f1a\",\"datePublished\":\"2019-07-29T02:20:23+00:00\",\"mainEntityOfPage\":{\"@id\":\"https:\\\/\\\/quehacerpolitico.mx\\\/?p=33223\"},\"wordCount\":300,\"commentCount\":0,\"image\":{\"@id\":\"https:\\\/\\\/quehacerpolitico.mx\\\/?p=33223#primaryimage\"},\"thumbnailUrl\":\"\",\"articleSection\":[\"Deportes\"],\"inLanguage\":\"es\",\"potentialAction\":[{\"@type\":\"CommentAction\",\"name\":\"Comment\",\"target\":[\"https:\\\/\\\/quehacerpolitico.mx\\\/?p=33223#respond\"]}]},{\"@type\":\"WebPage\",\"@id\":\"https:\\\/\\\/quehacerpolitico.mx\\\/?p=33223\",\"url\":\"https:\\\/\\\/quehacerpolitico.mx\\\/?p=33223\",\"name\":\"Jalisciense Jos\u00e9 Ulloa gana oro para M\u00e9xico en ciclismo de monta\u00f1a -\",\"isPartOf\":{\"@id\":\"https:\\\/\\\/quehacerpolitico.mx\\\/#website\"},\"primaryImageOfPage\":{\"@id\":\"https:\\\/\\\/quehacerpolitico.mx\\\/?p=33223#primaryimage\"},\"image\":{\"@id\":\"https:\\\/\\\/quehacerpolitico.mx\\\/?p=33223#primaryimage\"},\"thumbnailUrl\":\"\",\"datePublished\":\"2019-07-29T02:20:23+00:00\",\"author\":{\"@id\":\"https:\\\/\\\/quehacerpolitico.mx\\\/#\\\/schema\\\/person\\\/496d8ad2d1d3f8036101dca7ee39e585\"},\"breadcrumb\":{\"@id\":\"https:\\\/\\\/quehacerpolitico.mx\\\/?p=33223#breadcrumb\"},\"inLanguage\":\"es\",\"potentialAction\":[{\"@type\":\"ReadAction\",\"target\":[\"https:\\\/\\\/quehacerpolitico.mx\\\/?p=33223\"]}]},{\"@type\":\"ImageObject\",\"inLanguage\":\"es\",\"@id\":\"https:\\\/\\\/quehacerpolitico.mx\\\/?p=33223#primaryimage\",\"url\":\"\",\"contentUrl\":\"\"},{\"@type\":\"BreadcrumbList\",\"@id\":\"https:\\\/\\\/quehacerpolitico.mx\\\/?p=33223#breadcrumb\",\"itemListElement\":[{\"@type\":\"ListItem\",\"position\":1,\"name\":\"Inicio\",\"item\":\"https:\\\/\\\/quehacerpolitico.mx\\\/\"},{\"@type\":\"ListItem\",\"position\":2,\"name\":\"Jalisciense Jos\u00e9 Ulloa gana oro para M\u00e9xico en ciclismo de monta\u00f1a\"}]},{\"@type\":\"WebSite\",\"@id\":\"https:\\\/\\\/quehacerpolitico.mx\\\/#website\",\"url\":\"https:\\\/\\\/quehacerpolitico.mx\\\/\",\"name\":\"\",\"description\":\"\",\"potentialAction\":[{\"@type\":\"SearchAction\",\"target\":{\"@type\":\"EntryPoint\",\"urlTemplate\":\"https:\\\/\\\/quehacerpolitico.mx\\\/?s={search_term_string}\"},\"query-input\":{\"@type\":\"PropertyValueSpecification\",\"valueRequired\":true,\"valueName\":\"search_term_string\"}}],\"inLanguage\":\"es\"},{\"@type\":\"Person\",\"@id\":\"https:\\\/\\\/quehacerpolitico.mx\\\/#\\\/schema\\\/person\\\/496d8ad2d1d3f8036101dca7ee39e585\",\"name\":\"Redacci\u00f3n QP\",\"image\":{\"@type\":\"ImageObject\",\"inLanguage\":\"es\",\"@id\":\"https:\\\/\\\/secure.gravatar.com\\\/avatar\\\/c7164ed6fdec453195284ad24a5ae5b6e1eed2b848477fa2a4787ba9adf39a41?s=96&d=mm&r=g\",\"url\":\"https:\\\/\\\/secure.gravatar.com\\\/avatar\\\/c7164ed6fdec453195284ad24a5ae5b6e1eed2b848477fa2a4787ba9adf39a41?s=96&d=mm&r=g\",\"contentUrl\":\"https:\\\/\\\/secure.gravatar.com\\\/avatar\\\/c7164ed6fdec453195284ad24a5ae5b6e1eed2b848477fa2a4787ba9adf39a41?s=96&d=mm&r=g\",\"caption\":\"Redacci\u00f3n QP\"},\"url\":\"https:\\\/\\\/quehacerpolitico.mx\\\/?author=2\"}]}<\/script>\n<!-- \/ Yoast SEO plugin. -->","yoast_head_json":{"title":"Jalisciense Jos\u00e9 Ulloa gana oro para M\u00e9xico en ciclismo de monta\u00f1a -","robots":{"index":"index","follow":"follow","max-snippet":"max-snippet:-1","max-image-preview":"max-image-preview:large","max-video-preview":"max-video-preview:-1"},"canonical":"https:\/\/quehacerpolitico.mx\/?p=33223","og_locale":"es_MX","og_type":"article","og_title":"Jalisciense Jos\u00e9 Ulloa gana oro para M\u00e9xico en ciclismo de monta\u00f1a -","og_description":"Jalisciense Jos\u00e9 Ulloa gana oro para M\u00e9xico en ciclismo de monta\u00f1a Por Redacci\u00f3n QP","og_url":"https:\/\/quehacerpolitico.mx\/?p=33223","article_published_time":"2019-07-29T02:20:23+00:00","author":"Redacci\u00f3n QP","twitter_card":"summary_large_image","twitter_misc":{"Escrito por":"Redacci\u00f3n QP","Tiempo de lectura":"1 minuto"},"schema":{"@context":"https:\/\/schema.org","@graph":[{"@type":"Article","@id":"https:\/\/quehacerpolitico.mx\/?p=33223#article","isPartOf":{"@id":"https:\/\/quehacerpolitico.mx\/?p=33223"},"author":{"name":"Redacci\u00f3n QP","@id":"https:\/\/quehacerpolitico.mx\/#\/schema\/person\/496d8ad2d1d3f8036101dca7ee39e585"},"headline":"Jalisciense Jos\u00e9 Ulloa gana oro para M\u00e9xico en ciclismo de monta\u00f1a","datePublished":"2019-07-29T02:20:23+00:00","mainEntityOfPage":{"@id":"https:\/\/quehacerpolitico.mx\/?p=33223"},"wordCount":300,"commentCount":0,"image":{"@id":"https:\/\/quehacerpolitico.mx\/?p=33223#primaryimage"},"thumbnailUrl":"","articleSection":["Deportes"],"inLanguage":"es","potentialAction":[{"@type":"CommentAction","name":"Comment","target":["https:\/\/quehacerpolitico.mx\/?p=33223#respond"]}]},{"@type":"WebPage","@id":"https:\/\/quehacerpolitico.mx\/?p=33223","url":"https:\/\/quehacerpolitico.mx\/?p=33223","name":"Jalisciense Jos\u00e9 Ulloa gana oro para M\u00e9xico en ciclismo de monta\u00f1a -","isPartOf":{"@id":"https:\/\/quehacerpolitico.mx\/#website"},"primaryImageOfPage":{"@id":"https:\/\/quehacerpolitico.mx\/?p=33223#primaryimage"},"image":{"@id":"https:\/\/quehacerpolitico.mx\/?p=33223#primaryimage"},"thumbnailUrl":"","datePublished":"2019-07-29T02:20:23+00:00","author":{"@id":"https:\/\/quehacerpolitico.mx\/#\/schema\/person\/496d8ad2d1d3f8036101dca7ee39e585"},"breadcrumb":{"@id":"https:\/\/quehacerpolitico.mx\/?p=33223#breadcrumb"},"inLanguage":"es","potentialAction":[{"@type":"ReadAction","target":["https:\/\/quehacerpolitico.mx\/?p=33223"]}]},{"@type":"ImageObject","inLanguage":"es","@id":"https:\/\/quehacerpolitico.mx\/?p=33223#primaryimage","url":"","contentUrl":""},{"@type":"BreadcrumbList","@id":"https:\/\/quehacerpolitico.mx\/?p=33223#breadcrumb","itemListElement":[{"@type":"ListItem","position":1,"name":"Inicio","item":"https:\/\/quehacerpolitico.mx\/"},{"@type":"ListItem","position":2,"name":"Jalisciense Jos\u00e9 Ulloa gana oro para M\u00e9xico en ciclismo de monta\u00f1a"}]},{"@type":"WebSite","@id":"https:\/\/quehacerpolitico.mx\/#website","url":"https:\/\/quehacerpolitico.mx\/","name":"","description":"","potentialAction":[{"@type":"SearchAction","target":{"@type":"EntryPoint","urlTemplate":"https:\/\/quehacerpolitico.mx\/?s={search_term_string}"},"query-input":{"@type":"PropertyValueSpecification","valueRequired":true,"valueName":"search_term_string"}}],"inLanguage":"es"},{"@type":"Person","@id":"https:\/\/quehacerpolitico.mx\/#\/schema\/person\/496d8ad2d1d3f8036101dca7ee39e585","name":"Redacci\u00f3n QP","image":{"@type":"ImageObject","inLanguage":"es","@id":"https:\/\/secure.gravatar.com\/avatar\/c7164ed6fdec453195284ad24a5ae5b6e1eed2b848477fa2a4787ba9adf39a41?s=96&d=mm&r=g","url":"https:\/\/secure.gravatar.com\/avatar\/c7164ed6fdec453195284ad24a5ae5b6e1eed2b848477fa2a4787ba9adf39a41?s=96&d=mm&r=g","contentUrl":"https:\/\/secure.gravatar.com\/avatar\/c7164ed6fdec453195284ad24a5ae5b6e1eed2b848477fa2a4787ba9adf39a41?s=96&d=mm&r=g","caption":"Redacci\u00f3n QP"},"url":"https:\/\/quehacerpolitico.mx\/?author=2"}]}},"featured_image_urls":{"full":"","thumbnail":"","medium":"","medium_large":"","large":"","1536x1536":"","2048x2048":"","covernews-featured":"","covernews-medium":""},"author_info":{"display_name":"Redacci\u00f3n QP","author_link":"https:\/\/quehacerpolitico.mx\/?author=2"},"category_info":"<a href=\"https:\/\/quehacerpolitico.mx\/?cat=54\" rel=\"category\">Deportes<\/a>","tag_info":"Deportes","comment_count":"0","_links":{"self":[{"href":"https:\/\/quehacerpolitico.mx\/index.php?rest_route=\/wp\/v2\/posts\/33223","targetHints":{"allow":["GET"]}}],"collection":[{"href":"https:\/\/quehacerpolitico.mx\/index.php?rest_route=\/wp\/v2\/posts"}],"about":[{"href":"https:\/\/quehacerpolitico.mx\/index.php?rest_route=\/wp\/v2\/types\/post"}],"author":[{"embeddable":true,"href":"https:\/\/quehacerpolitico.mx\/index.php?rest_route=\/wp\/v2\/users\/2"}],"replies":[{"embeddable":true,"href":"https:\/\/quehacerpolitico.mx\/index.php?rest_route=%2Fwp%2Fv2%2Fcomments&post=33223"}],"version-history":[{"count":0,"href":"https:\/\/quehacerpolitico.mx\/index.php?rest_route=\/wp\/v2\/posts\/33223\/revisions"}],"wp:featuredmedia":[{"embeddable":true,"href":"https:\/\/quehacerpolitico.mx\/index.php?rest_route=\/"}],"wp:attachment":[{"href":"https:\/\/quehacerpolitico.mx\/index.php?rest_route=%2Fwp%2Fv2%2Fmedia&parent=33223"}],"wp:term":[{"taxonomy":"category","embeddable":true,"href":"https:\/\/quehacerpolitico.mx\/index.php?rest_route=%2Fwp%2Fv2%2Fcategories&post=33223"},{"taxonomy":"post_tag","embeddable":true,"href":"https:\/\/quehacerpolitico.mx\/index.php?rest_route=%2Fwp%2Fv2%2Ftags&post=33223"}],"curies":[{"name":"wp","href":"https:\/\/api.w.org\/{rel}","templated":true}]}}