{"id":33208,"date":"2019-07-29T01:45:59","date_gmt":"2019-07-29T01:45:59","guid":{"rendered":"http:\/\/quehacerpolitico.mx\/sheinbaum-anuncia-que-gn-esta-por-llegar-a-milpa-alta\/"},"modified":"2019-07-29T01:45:59","modified_gmt":"2019-07-29T01:45:59","slug":"sheinbaum-anuncia-que-gn-esta-por-llegar-a-milpa-alta","status":"publish","type":"post","link":"https:\/\/quehacerpolitico.mx\/?p=33208","title":{"rendered":"Sheinbaum anuncia que GN est\u00e1 por llegar a Milpa Alta"},"content":{"rendered":"<h1 class=\"news-title\">Sheinbaum anuncia que GN est\u00e1 por llegar a Milpa Alta<\/h1>\n<p>Por Redacci\u00f3n QP<\/p>\n<header class=\"news-header\">\n<div class=\"news-subtitle\">\n<p>La jefa de Gobierno se\u00f1al\u00f3 que en algunas zonas de la alcald\u00eda habr\u00e1 mayor presencia de la polic\u00eda<\/p>\n<\/div>\n<\/header>\n<div class=\"news-content\">\n<div class=\"news-body row\">\n<p>La jefa de Gobierno, Claudia Sheinbaum, anunci\u00f3 que en los pr\u00f3ximos d\u00edas entrar\u00e1 la Guardia Nacional (GN) en la alcald\u00eda de Milpa Alta para vigilar las zonas lim\u00edtrofes con el Estado de Morelos y el Estado de M\u00e9xico.<\/p>\n<p>&#8220;En algunas semanas tambi\u00e9n vamos a regresar para poder dar la bienvenida aqu\u00ed en Milpa Alta a la Guardia Nacional. As\u00ed que, este es un programa integral, es un programa de apoyo a toda la ciudadan\u00eda porque finalmente la seguridad es para apoyo de todas y todos en la Ciudad de M\u00e9xico&#8221;, dijo.<\/p>\n<p>Abund\u00f3 que <strong>en algunas zonas de la alcald\u00eda habr\u00e1 mayor presencia de la polic\u00eda y cuando lleguen los elementos de la Guardia Nacional se coordinar\u00e1n para cubrir la zona lim\u00edtrofe entre Tl\u00e1huac, Xochimilco y Milpa Alta, y la frontera con el estado de Morelos.<\/strong> No indic\u00f3 el n\u00famero de elementos de la GN que estar\u00e1n en esa alcald\u00eda.\u00a0<\/p>\n<p>Por otro parte, la mandataria capitalina hizo la entrega de 16 nuevas patrullas a Milpa Alta como parte de la Estrategia para Reforzar la Seguridad en la capital; durante la pr\u00f3xima semana se otorgar\u00e1n 14 unidades m\u00e1s para sumar 30 veh\u00edculos.<\/p>\n<blockquote class=\"twitter-tweet\" data-width=\"550\" data-dnt=\"true\">\n<p lang=\"es\" dir=\"ltr\">Hoy entregamos 16 de las 30 patrullas nuevas para <a href=\"https:\/\/twitter.com\/GobMilpaAlta?ref_src=twsrc%5Etfw\">@GobMilpaAlta<\/a>. Mencion\u00e9 que para apoyo al campo este a\u00f1o destinamos 168 millones de pesos directo al productor y a las brigadas forestales. <a href=\"https:\/\/t.co\/YaRiTpDdBU\">pic.twitter.com\/YaRiTpDdBU<\/a><\/p>\n<p>&mdash; Claudia Sheinbaum Pardo (@Claudiashein) <a href=\"https:\/\/twitter.com\/Claudiashein\/status\/1155513261497786368?ref_src=twsrc%5Etfw\">July 28, 2019<\/a><\/p><\/blockquote>\n<p><script async src=\"https:\/\/platform.twitter.com\/widgets.js\" charset=\"utf-8\"><\/script><\/p>\n<p>En tanto el secretario de Seguridad Ciudadana, Jes\u00fas Orta Mart\u00ednez, se\u00f1al\u00f3 que <strong>debido a que la alcald\u00eda de Milpa Alta cuenta con un amplio territorio, es necesario dotarla con m\u00e1s unidades<\/strong>, por lo que cada uno de los nueve cuadrantes de la demarcaci\u00f3n contar\u00e1 con cuatro patrullas para ofrecer una reacci\u00f3n de respuesta no mayor a tres minutos.<\/p>\n<p>&#8220;Es cierto que en la pol\u00edtica de cuadrantes asignamos dos patrullas por cuadrante, reconocemos las caracter\u00edsticas geogr\u00e1ficas de Milpa Alta (&#8230;) y podemos decir que tendr\u00e1n m\u00e1s patrullas para cumplir con la capacidad de reacci\u00f3n a la que la Polic\u00eda se ha comprometido&#8221;, asever\u00f3.<\/p>\n<blockquote class=\"twitter-tweet\" data-width=\"550\" data-dnt=\"true\">\n<p lang=\"es\" dir=\"ltr\">\ud83d\udd34 <a href=\"https:\/\/twitter.com\/hashtag\/EnVivo?src=hash&amp;ref_src=twsrc%5Etfw\">#EnVivo<\/a>: entrega de patrullas en la alcald\u00eda de <a href=\"https:\/\/twitter.com\/GobMilpaAlta?ref_src=twsrc%5Etfw\">@GobMilpaAlta<\/a> <a href=\"https:\/\/t.co\/LVNFWFY5Pw\">https:\/\/t.co\/LVNFWFY5Pw<\/a><\/p>\n<p>&mdash; Claudia Sheinbaum Pardo (@Claudiashein) <a href=\"https:\/\/twitter.com\/Claudiashein\/status\/1155493566531035137?ref_src=twsrc%5Etfw\">July 28, 2019<\/a><\/p><\/blockquote>\n<p><script async src=\"https:\/\/platform.twitter.com\/widgets.js\" charset=\"utf-8\"><\/script><\/p>\n<\/div>\n<\/div>\n","protected":false},"excerpt":{"rendered":"<p>Sheinbaum anuncia que GN est\u00e1 por llegar a Milpa Alta<br \/>\nPor Redacci\u00f3n QP<\/p>\n","protected":false},"author":2,"featured_media":33207,"comment_status":"open","ping_status":"open","sticky":false,"template":"","format":"standard","meta":{"_monsterinsights_skip_tracking":false,"_monsterinsights_sitenote_active":false,"_monsterinsights_sitenote_note":"","_monsterinsights_sitenote_category":0,"footnotes":""},"categories":[55],"tags":[],"class_list":["post-33208","post","type-post","status-publish","format-standard","has-post-thumbnail","hentry","category-cdmx"],"yoast_head":"<!-- This site is optimized with the Yoast SEO plugin v27.3 - https:\/\/yoast.com\/product\/yoast-seo-wordpress\/ -->\n<title>Sheinbaum anuncia que GN est\u00e1 por llegar a Milpa Alta -<\/title>\n<meta name=\"robots\" content=\"index, follow, max-snippet:-1, max-image-preview:large, max-video-preview:-1\" \/>\n<link rel=\"canonical\" href=\"https:\/\/quehacerpolitico.mx\/?p=33208\" \/>\n<meta property=\"og:locale\" content=\"es_MX\" \/>\n<meta property=\"og:type\" content=\"article\" \/>\n<meta property=\"og:title\" content=\"Sheinbaum anuncia que GN est\u00e1 por llegar a Milpa Alta -\" \/>\n<meta property=\"og:description\" content=\"Sheinbaum anuncia que GN est\u00e1 por llegar a Milpa Alta Por Redacci\u00f3n QP\" \/>\n<meta property=\"og:url\" content=\"https:\/\/quehacerpolitico.mx\/?p=33208\" \/>\n<meta property=\"article:published_time\" content=\"2019-07-29T01:45:59+00:00\" \/>\n<meta name=\"author\" content=\"Redacci\u00f3n QP\" \/>\n<meta name=\"twitter:card\" content=\"summary_large_image\" \/>\n<meta name=\"twitter:label1\" content=\"Escrito por\" \/>\n\t<meta name=\"twitter:data1\" content=\"Redacci\u00f3n QP\" \/>\n\t<meta name=\"twitter:label2\" content=\"Tiempo de lectura\" \/>\n\t<meta name=\"twitter:data2\" content=\"2 minutos\" \/>\n<script type=\"application\/ld+json\" class=\"yoast-schema-graph\">{\"@context\":\"https:\\\/\\\/schema.org\",\"@graph\":[{\"@type\":\"Article\",\"@id\":\"https:\\\/\\\/quehacerpolitico.mx\\\/?p=33208#article\",\"isPartOf\":{\"@id\":\"https:\\\/\\\/quehacerpolitico.mx\\\/?p=33208\"},\"author\":{\"name\":\"Redacci\u00f3n QP\",\"@id\":\"https:\\\/\\\/quehacerpolitico.mx\\\/#\\\/schema\\\/person\\\/496d8ad2d1d3f8036101dca7ee39e585\"},\"headline\":\"Sheinbaum anuncia que GN est\u00e1 por llegar a Milpa Alta\",\"datePublished\":\"2019-07-29T01:45:59+00:00\",\"mainEntityOfPage\":{\"@id\":\"https:\\\/\\\/quehacerpolitico.mx\\\/?p=33208\"},\"wordCount\":379,\"commentCount\":0,\"image\":{\"@id\":\"https:\\\/\\\/quehacerpolitico.mx\\\/?p=33208#primaryimage\"},\"thumbnailUrl\":\"\",\"articleSection\":[\"CDMX\"],\"inLanguage\":\"es\",\"potentialAction\":[{\"@type\":\"CommentAction\",\"name\":\"Comment\",\"target\":[\"https:\\\/\\\/quehacerpolitico.mx\\\/?p=33208#respond\"]}]},{\"@type\":\"WebPage\",\"@id\":\"https:\\\/\\\/quehacerpolitico.mx\\\/?p=33208\",\"url\":\"https:\\\/\\\/quehacerpolitico.mx\\\/?p=33208\",\"name\":\"Sheinbaum anuncia que GN est\u00e1 por llegar a Milpa Alta -\",\"isPartOf\":{\"@id\":\"https:\\\/\\\/quehacerpolitico.mx\\\/#website\"},\"primaryImageOfPage\":{\"@id\":\"https:\\\/\\\/quehacerpolitico.mx\\\/?p=33208#primaryimage\"},\"image\":{\"@id\":\"https:\\\/\\\/quehacerpolitico.mx\\\/?p=33208#primaryimage\"},\"thumbnailUrl\":\"\",\"datePublished\":\"2019-07-29T01:45:59+00:00\",\"author\":{\"@id\":\"https:\\\/\\\/quehacerpolitico.mx\\\/#\\\/schema\\\/person\\\/496d8ad2d1d3f8036101dca7ee39e585\"},\"breadcrumb\":{\"@id\":\"https:\\\/\\\/quehacerpolitico.mx\\\/?p=33208#breadcrumb\"},\"inLanguage\":\"es\",\"potentialAction\":[{\"@type\":\"ReadAction\",\"target\":[\"https:\\\/\\\/quehacerpolitico.mx\\\/?p=33208\"]}]},{\"@type\":\"ImageObject\",\"inLanguage\":\"es\",\"@id\":\"https:\\\/\\\/quehacerpolitico.mx\\\/?p=33208#primaryimage\",\"url\":\"\",\"contentUrl\":\"\"},{\"@type\":\"BreadcrumbList\",\"@id\":\"https:\\\/\\\/quehacerpolitico.mx\\\/?p=33208#breadcrumb\",\"itemListElement\":[{\"@type\":\"ListItem\",\"position\":1,\"name\":\"Inicio\",\"item\":\"https:\\\/\\\/quehacerpolitico.mx\\\/\"},{\"@type\":\"ListItem\",\"position\":2,\"name\":\"Sheinbaum anuncia que GN est\u00e1 por llegar a Milpa Alta\"}]},{\"@type\":\"WebSite\",\"@id\":\"https:\\\/\\\/quehacerpolitico.mx\\\/#website\",\"url\":\"https:\\\/\\\/quehacerpolitico.mx\\\/\",\"name\":\"\",\"description\":\"\",\"potentialAction\":[{\"@type\":\"SearchAction\",\"target\":{\"@type\":\"EntryPoint\",\"urlTemplate\":\"https:\\\/\\\/quehacerpolitico.mx\\\/?s={search_term_string}\"},\"query-input\":{\"@type\":\"PropertyValueSpecification\",\"valueRequired\":true,\"valueName\":\"search_term_string\"}}],\"inLanguage\":\"es\"},{\"@type\":\"Person\",\"@id\":\"https:\\\/\\\/quehacerpolitico.mx\\\/#\\\/schema\\\/person\\\/496d8ad2d1d3f8036101dca7ee39e585\",\"name\":\"Redacci\u00f3n QP\",\"image\":{\"@type\":\"ImageObject\",\"inLanguage\":\"es\",\"@id\":\"https:\\\/\\\/secure.gravatar.com\\\/avatar\\\/c7164ed6fdec453195284ad24a5ae5b6e1eed2b848477fa2a4787ba9adf39a41?s=96&d=mm&r=g\",\"url\":\"https:\\\/\\\/secure.gravatar.com\\\/avatar\\\/c7164ed6fdec453195284ad24a5ae5b6e1eed2b848477fa2a4787ba9adf39a41?s=96&d=mm&r=g\",\"contentUrl\":\"https:\\\/\\\/secure.gravatar.com\\\/avatar\\\/c7164ed6fdec453195284ad24a5ae5b6e1eed2b848477fa2a4787ba9adf39a41?s=96&d=mm&r=g\",\"caption\":\"Redacci\u00f3n QP\"},\"url\":\"https:\\\/\\\/quehacerpolitico.mx\\\/?author=2\"}]}<\/script>\n<!-- \/ Yoast SEO plugin. -->","yoast_head_json":{"title":"Sheinbaum anuncia que GN est\u00e1 por llegar a Milpa Alta -","robots":{"index":"index","follow":"follow","max-snippet":"max-snippet:-1","max-image-preview":"max-image-preview:large","max-video-preview":"max-video-preview:-1"},"canonical":"https:\/\/quehacerpolitico.mx\/?p=33208","og_locale":"es_MX","og_type":"article","og_title":"Sheinbaum anuncia que GN est\u00e1 por llegar a Milpa Alta -","og_description":"Sheinbaum anuncia que GN est\u00e1 por llegar a Milpa Alta Por Redacci\u00f3n QP","og_url":"https:\/\/quehacerpolitico.mx\/?p=33208","article_published_time":"2019-07-29T01:45:59+00:00","author":"Redacci\u00f3n QP","twitter_card":"summary_large_image","twitter_misc":{"Escrito por":"Redacci\u00f3n QP","Tiempo de lectura":"2 minutos"},"schema":{"@context":"https:\/\/schema.org","@graph":[{"@type":"Article","@id":"https:\/\/quehacerpolitico.mx\/?p=33208#article","isPartOf":{"@id":"https:\/\/quehacerpolitico.mx\/?p=33208"},"author":{"name":"Redacci\u00f3n QP","@id":"https:\/\/quehacerpolitico.mx\/#\/schema\/person\/496d8ad2d1d3f8036101dca7ee39e585"},"headline":"Sheinbaum anuncia que GN est\u00e1 por llegar a Milpa Alta","datePublished":"2019-07-29T01:45:59+00:00","mainEntityOfPage":{"@id":"https:\/\/quehacerpolitico.mx\/?p=33208"},"wordCount":379,"commentCount":0,"image":{"@id":"https:\/\/quehacerpolitico.mx\/?p=33208#primaryimage"},"thumbnailUrl":"","articleSection":["CDMX"],"inLanguage":"es","potentialAction":[{"@type":"CommentAction","name":"Comment","target":["https:\/\/quehacerpolitico.mx\/?p=33208#respond"]}]},{"@type":"WebPage","@id":"https:\/\/quehacerpolitico.mx\/?p=33208","url":"https:\/\/quehacerpolitico.mx\/?p=33208","name":"Sheinbaum anuncia que GN est\u00e1 por llegar a Milpa Alta -","isPartOf":{"@id":"https:\/\/quehacerpolitico.mx\/#website"},"primaryImageOfPage":{"@id":"https:\/\/quehacerpolitico.mx\/?p=33208#primaryimage"},"image":{"@id":"https:\/\/quehacerpolitico.mx\/?p=33208#primaryimage"},"thumbnailUrl":"","datePublished":"2019-07-29T01:45:59+00:00","author":{"@id":"https:\/\/quehacerpolitico.mx\/#\/schema\/person\/496d8ad2d1d3f8036101dca7ee39e585"},"breadcrumb":{"@id":"https:\/\/quehacerpolitico.mx\/?p=33208#breadcrumb"},"inLanguage":"es","potentialAction":[{"@type":"ReadAction","target":["https:\/\/quehacerpolitico.mx\/?p=33208"]}]},{"@type":"ImageObject","inLanguage":"es","@id":"https:\/\/quehacerpolitico.mx\/?p=33208#primaryimage","url":"","contentUrl":""},{"@type":"BreadcrumbList","@id":"https:\/\/quehacerpolitico.mx\/?p=33208#breadcrumb","itemListElement":[{"@type":"ListItem","position":1,"name":"Inicio","item":"https:\/\/quehacerpolitico.mx\/"},{"@type":"ListItem","position":2,"name":"Sheinbaum anuncia que GN est\u00e1 por llegar a Milpa Alta"}]},{"@type":"WebSite","@id":"https:\/\/quehacerpolitico.mx\/#website","url":"https:\/\/quehacerpolitico.mx\/","name":"","description":"","potentialAction":[{"@type":"SearchAction","target":{"@type":"EntryPoint","urlTemplate":"https:\/\/quehacerpolitico.mx\/?s={search_term_string}"},"query-input":{"@type":"PropertyValueSpecification","valueRequired":true,"valueName":"search_term_string"}}],"inLanguage":"es"},{"@type":"Person","@id":"https:\/\/quehacerpolitico.mx\/#\/schema\/person\/496d8ad2d1d3f8036101dca7ee39e585","name":"Redacci\u00f3n QP","image":{"@type":"ImageObject","inLanguage":"es","@id":"https:\/\/secure.gravatar.com\/avatar\/c7164ed6fdec453195284ad24a5ae5b6e1eed2b848477fa2a4787ba9adf39a41?s=96&d=mm&r=g","url":"https:\/\/secure.gravatar.com\/avatar\/c7164ed6fdec453195284ad24a5ae5b6e1eed2b848477fa2a4787ba9adf39a41?s=96&d=mm&r=g","contentUrl":"https:\/\/secure.gravatar.com\/avatar\/c7164ed6fdec453195284ad24a5ae5b6e1eed2b848477fa2a4787ba9adf39a41?s=96&d=mm&r=g","caption":"Redacci\u00f3n QP"},"url":"https:\/\/quehacerpolitico.mx\/?author=2"}]}},"featured_image_urls":{"full":"","thumbnail":"","medium":"","medium_large":"","large":"","1536x1536":"","2048x2048":"","covernews-featured":"","covernews-medium":""},"author_info":{"display_name":"Redacci\u00f3n QP","author_link":"https:\/\/quehacerpolitico.mx\/?author=2"},"category_info":"<a href=\"https:\/\/quehacerpolitico.mx\/?cat=55\" rel=\"category\">CDMX<\/a>","tag_info":"CDMX","comment_count":"0","_links":{"self":[{"href":"https:\/\/quehacerpolitico.mx\/index.php?rest_route=\/wp\/v2\/posts\/33208","targetHints":{"allow":["GET"]}}],"collection":[{"href":"https:\/\/quehacerpolitico.mx\/index.php?rest_route=\/wp\/v2\/posts"}],"about":[{"href":"https:\/\/quehacerpolitico.mx\/index.php?rest_route=\/wp\/v2\/types\/post"}],"author":[{"embeddable":true,"href":"https:\/\/quehacerpolitico.mx\/index.php?rest_route=\/wp\/v2\/users\/2"}],"replies":[{"embeddable":true,"href":"https:\/\/quehacerpolitico.mx\/index.php?rest_route=%2Fwp%2Fv2%2Fcomments&post=33208"}],"version-history":[{"count":0,"href":"https:\/\/quehacerpolitico.mx\/index.php?rest_route=\/wp\/v2\/posts\/33208\/revisions"}],"wp:featuredmedia":[{"embeddable":true,"href":"https:\/\/quehacerpolitico.mx\/index.php?rest_route=\/"}],"wp:attachment":[{"href":"https:\/\/quehacerpolitico.mx\/index.php?rest_route=%2Fwp%2Fv2%2Fmedia&parent=33208"}],"wp:term":[{"taxonomy":"category","embeddable":true,"href":"https:\/\/quehacerpolitico.mx\/index.php?rest_route=%2Fwp%2Fv2%2Fcategories&post=33208"},{"taxonomy":"post_tag","embeddable":true,"href":"https:\/\/quehacerpolitico.mx\/index.php?rest_route=%2Fwp%2Fv2%2Ftags&post=33208"}],"curies":[{"name":"wp","href":"https:\/\/api.w.org\/{rel}","templated":true}]}}