{"id":33205,"date":"2019-07-29T01:39:40","date_gmt":"2019-07-29T01:39:40","guid":{"rendered":"http:\/\/quehacerpolitico.mx\/asesinan-a-tiros-a-grupo-de-jovenes-en-santo-domingo-petapa-oaxaca\/"},"modified":"2019-07-29T01:39:40","modified_gmt":"2019-07-29T01:39:40","slug":"asesinan-a-tiros-a-grupo-de-jovenes-en-santo-domingo-petapa-oaxaca","status":"publish","type":"post","link":"https:\/\/quehacerpolitico.mx\/?p=33205","title":{"rendered":"Asesinan a tiros a grupo de j\u00f3venes en Santo Domingo Petapa, Oaxaca"},"content":{"rendered":"<h1 class=\"news-title\">Asesinan a tiros a grupo de j\u00f3venes en Santo Domingo Petapa, Oaxaca<\/h1>\n<p>Por Redacci\u00f3n QP<\/p>\n<header class=\"news-header\">\n<div class=\"news-subtitle\">\n<p>Siete personas murieron luego de la agresi\u00f3n a balazos; la Fiscal\u00eda estatal s\u00f3lo confirma seis muertos<\/p>\n<\/div>\n<\/header>\n<div class=\"news-content\">\n<div class=\"news-body row\">\n<p>Siete personas asesinadas a balazos en el transcurso de la media noche y la madrugada de este domingo fueron localizadas en la comunidad zapoteca de Santo Domingo Petapa, en la zona norte del Istmo de Tehuantepec, informaron a El Universal fuentes al interior de la comunidad que pidieron el anonimato.<\/p>\n<p><strong>Los hechos fueron confirmados por Fiscal\u00eda General de Oaxaca (FGEO), pero seg\u00fan informaci\u00f3n de la dependencia<\/strong>, a trav\u00e9s de su vicefiscal\u00eda en el Istmo, los fallecidos a consecuencia de los impactos de arma de fuego <strong>s\u00f3lo fueron seis: cinco hombres y una mujer.<\/strong><\/p>\n<p>De acuerdo con las primeras versiones de los pobladores, poco despu\u00e9s de las 23:00 horas se escucharon varias r\u00e1fagas de armas de fuego.<\/p>\n<p><strong>La gente se escondi\u00f3 en sus hogares y fue alrededor de las cinco de la ma\u00f1ana cuando llegaron las autoridades ministeriales<\/strong> a levantar los cuerpos.<\/p>\n<p>Los j\u00f3venes asesinados eran originarios de Santo Domingo Petapa, con edades de entre 20 y 30 a\u00f1os y la mayor\u00eda trabajaba en la misma comunidad, se\u00f1alaron pobladores, quienes expresaron su temor &#8220;porque nunca hab\u00eda ocurrido algo as\u00ed en el pueblo&#8221;.<\/p>\n<p><strong>Cinco de los ejecutados quedaron en el cruce de las calles Ignacio Zaragoza y Benito Ju\u00e1rez, cerca del centro de la poblaci\u00f3n y dos cuerpos m\u00e1s quedaron tendidos en un punto cercano conocido como El Calvario.<\/strong><\/p>\n<p>Los pobladores se\u00f1alaron que s\u00f3lo escucharon las r\u00e1fagas y nadie vio qu\u00e9 fue lo que ocurri\u00f3, sino hasta despu\u00e9s de la media noche.<\/p>\n<p>Este hecho, dijeron los habitantes, preocupa a la comunidad porque del 31 de julio al seis de agosto, se llevar\u00e1 a cabo la fiesta patronal en honor a Santo Domingo de Guzm\u00e1n, por lo que expresaron que se necesita la vigilancia de la Guardia Nacional. La FGEO inform\u00f3 que desde la vicefiscal\u00eda regional ya se investigan estos hechos.<\/p>\n<p>Sobre este ataque, <strong>se trata del tercer multihomicidio registrado en la regi\u00f3n s\u00f3lo en la segunda quincena de julio<\/strong>, pues el d\u00eda 15 tres personas fueron acribilladas en un bar de Juchit\u00e1n y horas despu\u00e9s ese mismo d\u00eda, cuatro hombres fueron asesinados al interior de un taller mec\u00e1nico en el puerto de Salina Cruz.<\/p>\n<p>Adem\u00e1s, el de esta madrugada se tratar\u00eda del multihomicidio con mayor cantidad de v\u00edctimas del que se tenga registro en el Istmo, precedido por el ataque del 20 de mayo, que dej\u00f3 seis muertos en La Venta, en Juchit\u00e1n.<\/p>\n<p>Seg\u00fan cifras oficiales complementadas con recuentos period\u00edsticos, el Istmo de Tehuantepec suma al menos 144 asesinatos violentos en lo que va del a\u00f1o, de los cuales 28 se han cometido en julio.<\/p>\n<\/div>\n<\/div>\n","protected":false},"excerpt":{"rendered":"<p>Asesinan a tiros a grupo de j\u00f3venes en Santo Domingo Petapa, Oaxaca<br \/>\nPor Redacci\u00f3n QP<\/p>\n","protected":false},"author":2,"featured_media":33204,"comment_status":"open","ping_status":"open","sticky":false,"template":"","format":"standard","meta":{"_monsterinsights_skip_tracking":false,"_monsterinsights_sitenote_active":false,"_monsterinsights_sitenote_note":"","_monsterinsights_sitenote_category":0,"footnotes":""},"categories":[2],"tags":[],"class_list":["post-33205","post","type-post","status-publish","format-standard","has-post-thumbnail","hentry","category-noticias"],"yoast_head":"<!-- This site is optimized with the Yoast SEO plugin v27.3 - https:\/\/yoast.com\/product\/yoast-seo-wordpress\/ -->\n<title>Asesinan a tiros a grupo de j\u00f3venes en Santo Domingo Petapa, Oaxaca -<\/title>\n<meta name=\"robots\" content=\"index, follow, max-snippet:-1, max-image-preview:large, max-video-preview:-1\" \/>\n<link rel=\"canonical\" href=\"https:\/\/quehacerpolitico.mx\/?p=33205\" \/>\n<meta property=\"og:locale\" content=\"es_MX\" \/>\n<meta property=\"og:type\" content=\"article\" \/>\n<meta property=\"og:title\" content=\"Asesinan a tiros a grupo de j\u00f3venes en Santo Domingo Petapa, Oaxaca -\" \/>\n<meta property=\"og:description\" content=\"Asesinan a tiros a grupo de j\u00f3venes en Santo Domingo Petapa, Oaxaca Por Redacci\u00f3n QP\" \/>\n<meta property=\"og:url\" content=\"https:\/\/quehacerpolitico.mx\/?p=33205\" \/>\n<meta property=\"article:published_time\" content=\"2019-07-29T01:39:40+00:00\" \/>\n<meta name=\"author\" content=\"Redacci\u00f3n QP\" \/>\n<meta name=\"twitter:card\" content=\"summary_large_image\" \/>\n<meta name=\"twitter:label1\" content=\"Escrito por\" \/>\n\t<meta name=\"twitter:data1\" content=\"Redacci\u00f3n QP\" \/>\n\t<meta name=\"twitter:label2\" content=\"Tiempo de lectura\" \/>\n\t<meta name=\"twitter:data2\" content=\"2 minutos\" \/>\n<script type=\"application\/ld+json\" class=\"yoast-schema-graph\">{\"@context\":\"https:\\\/\\\/schema.org\",\"@graph\":[{\"@type\":\"Article\",\"@id\":\"https:\\\/\\\/quehacerpolitico.mx\\\/?p=33205#article\",\"isPartOf\":{\"@id\":\"https:\\\/\\\/quehacerpolitico.mx\\\/?p=33205\"},\"author\":{\"name\":\"Redacci\u00f3n QP\",\"@id\":\"https:\\\/\\\/quehacerpolitico.mx\\\/#\\\/schema\\\/person\\\/496d8ad2d1d3f8036101dca7ee39e585\"},\"headline\":\"Asesinan a tiros a grupo de j\u00f3venes en Santo Domingo Petapa, Oaxaca\",\"datePublished\":\"2019-07-29T01:39:40+00:00\",\"mainEntityOfPage\":{\"@id\":\"https:\\\/\\\/quehacerpolitico.mx\\\/?p=33205\"},\"wordCount\":501,\"commentCount\":0,\"image\":{\"@id\":\"https:\\\/\\\/quehacerpolitico.mx\\\/?p=33205#primaryimage\"},\"thumbnailUrl\":\"\",\"articleSection\":[\"Noticias\"],\"inLanguage\":\"es\",\"potentialAction\":[{\"@type\":\"CommentAction\",\"name\":\"Comment\",\"target\":[\"https:\\\/\\\/quehacerpolitico.mx\\\/?p=33205#respond\"]}]},{\"@type\":\"WebPage\",\"@id\":\"https:\\\/\\\/quehacerpolitico.mx\\\/?p=33205\",\"url\":\"https:\\\/\\\/quehacerpolitico.mx\\\/?p=33205\",\"name\":\"Asesinan a tiros a grupo de j\u00f3venes en Santo Domingo Petapa, Oaxaca -\",\"isPartOf\":{\"@id\":\"https:\\\/\\\/quehacerpolitico.mx\\\/#website\"},\"primaryImageOfPage\":{\"@id\":\"https:\\\/\\\/quehacerpolitico.mx\\\/?p=33205#primaryimage\"},\"image\":{\"@id\":\"https:\\\/\\\/quehacerpolitico.mx\\\/?p=33205#primaryimage\"},\"thumbnailUrl\":\"\",\"datePublished\":\"2019-07-29T01:39:40+00:00\",\"author\":{\"@id\":\"https:\\\/\\\/quehacerpolitico.mx\\\/#\\\/schema\\\/person\\\/496d8ad2d1d3f8036101dca7ee39e585\"},\"breadcrumb\":{\"@id\":\"https:\\\/\\\/quehacerpolitico.mx\\\/?p=33205#breadcrumb\"},\"inLanguage\":\"es\",\"potentialAction\":[{\"@type\":\"ReadAction\",\"target\":[\"https:\\\/\\\/quehacerpolitico.mx\\\/?p=33205\"]}]},{\"@type\":\"ImageObject\",\"inLanguage\":\"es\",\"@id\":\"https:\\\/\\\/quehacerpolitico.mx\\\/?p=33205#primaryimage\",\"url\":\"\",\"contentUrl\":\"\"},{\"@type\":\"BreadcrumbList\",\"@id\":\"https:\\\/\\\/quehacerpolitico.mx\\\/?p=33205#breadcrumb\",\"itemListElement\":[{\"@type\":\"ListItem\",\"position\":1,\"name\":\"Inicio\",\"item\":\"https:\\\/\\\/quehacerpolitico.mx\\\/\"},{\"@type\":\"ListItem\",\"position\":2,\"name\":\"Asesinan a tiros a grupo de j\u00f3venes en Santo Domingo Petapa, Oaxaca\"}]},{\"@type\":\"WebSite\",\"@id\":\"https:\\\/\\\/quehacerpolitico.mx\\\/#website\",\"url\":\"https:\\\/\\\/quehacerpolitico.mx\\\/\",\"name\":\"\",\"description\":\"\",\"potentialAction\":[{\"@type\":\"SearchAction\",\"target\":{\"@type\":\"EntryPoint\",\"urlTemplate\":\"https:\\\/\\\/quehacerpolitico.mx\\\/?s={search_term_string}\"},\"query-input\":{\"@type\":\"PropertyValueSpecification\",\"valueRequired\":true,\"valueName\":\"search_term_string\"}}],\"inLanguage\":\"es\"},{\"@type\":\"Person\",\"@id\":\"https:\\\/\\\/quehacerpolitico.mx\\\/#\\\/schema\\\/person\\\/496d8ad2d1d3f8036101dca7ee39e585\",\"name\":\"Redacci\u00f3n QP\",\"image\":{\"@type\":\"ImageObject\",\"inLanguage\":\"es\",\"@id\":\"https:\\\/\\\/secure.gravatar.com\\\/avatar\\\/c7164ed6fdec453195284ad24a5ae5b6e1eed2b848477fa2a4787ba9adf39a41?s=96&d=mm&r=g\",\"url\":\"https:\\\/\\\/secure.gravatar.com\\\/avatar\\\/c7164ed6fdec453195284ad24a5ae5b6e1eed2b848477fa2a4787ba9adf39a41?s=96&d=mm&r=g\",\"contentUrl\":\"https:\\\/\\\/secure.gravatar.com\\\/avatar\\\/c7164ed6fdec453195284ad24a5ae5b6e1eed2b848477fa2a4787ba9adf39a41?s=96&d=mm&r=g\",\"caption\":\"Redacci\u00f3n QP\"},\"url\":\"https:\\\/\\\/quehacerpolitico.mx\\\/?author=2\"}]}<\/script>\n<!-- \/ Yoast SEO plugin. -->","yoast_head_json":{"title":"Asesinan a tiros a grupo de j\u00f3venes en Santo Domingo Petapa, Oaxaca -","robots":{"index":"index","follow":"follow","max-snippet":"max-snippet:-1","max-image-preview":"max-image-preview:large","max-video-preview":"max-video-preview:-1"},"canonical":"https:\/\/quehacerpolitico.mx\/?p=33205","og_locale":"es_MX","og_type":"article","og_title":"Asesinan a tiros a grupo de j\u00f3venes en Santo Domingo Petapa, Oaxaca -","og_description":"Asesinan a tiros a grupo de j\u00f3venes en Santo Domingo Petapa, Oaxaca Por Redacci\u00f3n QP","og_url":"https:\/\/quehacerpolitico.mx\/?p=33205","article_published_time":"2019-07-29T01:39:40+00:00","author":"Redacci\u00f3n QP","twitter_card":"summary_large_image","twitter_misc":{"Escrito por":"Redacci\u00f3n QP","Tiempo de lectura":"2 minutos"},"schema":{"@context":"https:\/\/schema.org","@graph":[{"@type":"Article","@id":"https:\/\/quehacerpolitico.mx\/?p=33205#article","isPartOf":{"@id":"https:\/\/quehacerpolitico.mx\/?p=33205"},"author":{"name":"Redacci\u00f3n QP","@id":"https:\/\/quehacerpolitico.mx\/#\/schema\/person\/496d8ad2d1d3f8036101dca7ee39e585"},"headline":"Asesinan a tiros a grupo de j\u00f3venes en Santo Domingo Petapa, Oaxaca","datePublished":"2019-07-29T01:39:40+00:00","mainEntityOfPage":{"@id":"https:\/\/quehacerpolitico.mx\/?p=33205"},"wordCount":501,"commentCount":0,"image":{"@id":"https:\/\/quehacerpolitico.mx\/?p=33205#primaryimage"},"thumbnailUrl":"","articleSection":["Noticias"],"inLanguage":"es","potentialAction":[{"@type":"CommentAction","name":"Comment","target":["https:\/\/quehacerpolitico.mx\/?p=33205#respond"]}]},{"@type":"WebPage","@id":"https:\/\/quehacerpolitico.mx\/?p=33205","url":"https:\/\/quehacerpolitico.mx\/?p=33205","name":"Asesinan a tiros a grupo de j\u00f3venes en Santo Domingo Petapa, Oaxaca -","isPartOf":{"@id":"https:\/\/quehacerpolitico.mx\/#website"},"primaryImageOfPage":{"@id":"https:\/\/quehacerpolitico.mx\/?p=33205#primaryimage"},"image":{"@id":"https:\/\/quehacerpolitico.mx\/?p=33205#primaryimage"},"thumbnailUrl":"","datePublished":"2019-07-29T01:39:40+00:00","author":{"@id":"https:\/\/quehacerpolitico.mx\/#\/schema\/person\/496d8ad2d1d3f8036101dca7ee39e585"},"breadcrumb":{"@id":"https:\/\/quehacerpolitico.mx\/?p=33205#breadcrumb"},"inLanguage":"es","potentialAction":[{"@type":"ReadAction","target":["https:\/\/quehacerpolitico.mx\/?p=33205"]}]},{"@type":"ImageObject","inLanguage":"es","@id":"https:\/\/quehacerpolitico.mx\/?p=33205#primaryimage","url":"","contentUrl":""},{"@type":"BreadcrumbList","@id":"https:\/\/quehacerpolitico.mx\/?p=33205#breadcrumb","itemListElement":[{"@type":"ListItem","position":1,"name":"Inicio","item":"https:\/\/quehacerpolitico.mx\/"},{"@type":"ListItem","position":2,"name":"Asesinan a tiros a grupo de j\u00f3venes en Santo Domingo Petapa, Oaxaca"}]},{"@type":"WebSite","@id":"https:\/\/quehacerpolitico.mx\/#website","url":"https:\/\/quehacerpolitico.mx\/","name":"","description":"","potentialAction":[{"@type":"SearchAction","target":{"@type":"EntryPoint","urlTemplate":"https:\/\/quehacerpolitico.mx\/?s={search_term_string}"},"query-input":{"@type":"PropertyValueSpecification","valueRequired":true,"valueName":"search_term_string"}}],"inLanguage":"es"},{"@type":"Person","@id":"https:\/\/quehacerpolitico.mx\/#\/schema\/person\/496d8ad2d1d3f8036101dca7ee39e585","name":"Redacci\u00f3n QP","image":{"@type":"ImageObject","inLanguage":"es","@id":"https:\/\/secure.gravatar.com\/avatar\/c7164ed6fdec453195284ad24a5ae5b6e1eed2b848477fa2a4787ba9adf39a41?s=96&d=mm&r=g","url":"https:\/\/secure.gravatar.com\/avatar\/c7164ed6fdec453195284ad24a5ae5b6e1eed2b848477fa2a4787ba9adf39a41?s=96&d=mm&r=g","contentUrl":"https:\/\/secure.gravatar.com\/avatar\/c7164ed6fdec453195284ad24a5ae5b6e1eed2b848477fa2a4787ba9adf39a41?s=96&d=mm&r=g","caption":"Redacci\u00f3n QP"},"url":"https:\/\/quehacerpolitico.mx\/?author=2"}]}},"featured_image_urls":{"full":"","thumbnail":"","medium":"","medium_large":"","large":"","1536x1536":"","2048x2048":"","covernews-featured":"","covernews-medium":""},"author_info":{"display_name":"Redacci\u00f3n QP","author_link":"https:\/\/quehacerpolitico.mx\/?author=2"},"category_info":"<a href=\"https:\/\/quehacerpolitico.mx\/?cat=2\" rel=\"category\">Noticias<\/a>","tag_info":"Noticias","comment_count":"0","_links":{"self":[{"href":"https:\/\/quehacerpolitico.mx\/index.php?rest_route=\/wp\/v2\/posts\/33205","targetHints":{"allow":["GET"]}}],"collection":[{"href":"https:\/\/quehacerpolitico.mx\/index.php?rest_route=\/wp\/v2\/posts"}],"about":[{"href":"https:\/\/quehacerpolitico.mx\/index.php?rest_route=\/wp\/v2\/types\/post"}],"author":[{"embeddable":true,"href":"https:\/\/quehacerpolitico.mx\/index.php?rest_route=\/wp\/v2\/users\/2"}],"replies":[{"embeddable":true,"href":"https:\/\/quehacerpolitico.mx\/index.php?rest_route=%2Fwp%2Fv2%2Fcomments&post=33205"}],"version-history":[{"count":0,"href":"https:\/\/quehacerpolitico.mx\/index.php?rest_route=\/wp\/v2\/posts\/33205\/revisions"}],"wp:featuredmedia":[{"embeddable":true,"href":"https:\/\/quehacerpolitico.mx\/index.php?rest_route=\/"}],"wp:attachment":[{"href":"https:\/\/quehacerpolitico.mx\/index.php?rest_route=%2Fwp%2Fv2%2Fmedia&parent=33205"}],"wp:term":[{"taxonomy":"category","embeddable":true,"href":"https:\/\/quehacerpolitico.mx\/index.php?rest_route=%2Fwp%2Fv2%2Fcategories&post=33205"},{"taxonomy":"post_tag","embeddable":true,"href":"https:\/\/quehacerpolitico.mx\/index.php?rest_route=%2Fwp%2Fv2%2Ftags&post=33205"}],"curies":[{"name":"wp","href":"https:\/\/api.w.org\/{rel}","templated":true}]}}