{"id":33196,"date":"2019-07-28T18:27:39","date_gmt":"2019-07-28T18:27:39","guid":{"rendered":"http:\/\/quehacerpolitico.mx\/presunta-asesina-de-israelies-fue-mesera-en-bar-de-hijos-de-el-ojos\/"},"modified":"2019-07-28T18:27:39","modified_gmt":"2019-07-28T18:27:39","slug":"presunta-asesina-de-israelies-fue-mesera-en-bar-de-hijos-de-el-ojos","status":"publish","type":"post","link":"https:\/\/quehacerpolitico.mx\/?p=33196","title":{"rendered":"Presunta asesina de israel\u00edes fue mesera en bar de hijos de &#8220;El Ojos&#8221;"},"content":{"rendered":"<h1 class=\"news-title\">Presunta asesina de israel\u00edes fue mesera en bar de hijos de &#8220;El Ojos&#8221;<\/h1>\n<p>Por Redacci\u00f3n QP<\/p>\n<header class=\"news-header\">\n<div class=\"news-subtitle\">\n<p>Autoridades de Ciudad de M\u00e9xico no descartan v\u00ednculo de Esperanza &#8220;N&#8221; con la delincuencia organizada<\/p>\n<\/div>\n<\/header>\n<div class=\"news-content\">\n<div class=\"news-body row\">\n<p>Esperanza &#8220;N&#8221;, vinculada a proceso\u00a0por el doble homicidio de los israel\u00edes en la Plaza Artz Pedregal<strong>,<\/strong>\u00a0en Ciudad de M\u00e9xico, trabaj\u00f3 como mesera en el <strong>Bar MK<\/strong>, propiedad de los hijos de Felipe de Jes\u00fas P\u00e9rez Luna,<strong> &#8220;El Ojos&#8221;, extinto l\u00edder del C\u00e1rtel de Tl\u00e1huac<\/strong>.<\/p>\n<p>El local se ubica a unos metros de la estaci\u00f3n Nopalera de la L\u00ednea 12 del Sistema de Transporte Colectivo Metro de la Ciudad de M\u00e9xico\u00a0<\/p>\n<p>Fuentes consultadas dieron a conocer esta relaci\u00f3n de la imputada por las <strong>muertes de Benjam\u00edn Yeshurun Sutchi y Alon Azulay <\/strong>con uno de los centros de operaci\u00f3n del C\u00e1rtel de Tl\u00e1huac, asentado en el sur de la Ciudad de M\u00e9xico y quienes mantienen una <strong>disputa por el control del territorio con &#8220;Los Rodolfos<\/strong>&#8220;.<\/p>\n<p>Sin embargo, a\u00fan la Procuradur\u00eda General de Justicia (PGJ) <strong>no tiene identificado si Esperanza &#8220;N&#8221; es integrante del C\u00e1rtel de Tl\u00e1huac<\/strong>, en tanto las investigaciones siguen sin descartar la l\u00ednea ligada a la delincuencia organizada.<\/p>\n<p>Este negocio o cheler\u00eda, hasta el 30 de julio de 2017 era conocido como MK Club, administrado por Miguel \u00c1ngel P\u00e9rez Ram\u00edrez, &#8220;El Mickey&#8221; o &#8220;El MK&#8221;, quien est\u00e1 preso en el la zona conocida como el Diamante, del Reclusorio Oriente, luego de ser vinculado con el homicidio de un comandante de la Polic\u00eda de Investigaci\u00f3n del Estado de M\u00e9xico\u00a0<\/p>\n<p>Dos semanas despu\u00e9s de que fuera abatido &#8220;El Ojos&#8221;, el 20 de julio de 2017 en un operativo de la Marina y la Agencia de Investigaci\u00f3n Criminal (AIC), el Bar MK fue cerrado.<\/p>\n<p>https:\/\/twitter.com\/c4jimenez\/status\/1154879063418425344?s=21<\/p>\n<p>El entonces jefe de Gobierno, Miguel \u00c1ngel Mancera, encabez\u00f3 este operativo luego de ser identificado por agentes de la AIC y de la PGJ como parte de la organizaci\u00f3n criminal. Pero el bar volvi\u00f3 a abrir con el nombre de KM Snack &amp; Beer y bajo la administraci\u00f3n de Samantha &#8220;N&#8221;, &#8220;La Sam&#8221;, operadora financiera e hija del extinto l\u00edder del C\u00e1rtel de Tl\u00e1huac, pero fue clausurado el 8 de marzo pasado. Tres d\u00edas despu\u00e9s, el 11 de marzo, la Fiscal\u00eda General de la Rep\u00fablica anunciar\u00eda su detenci\u00f3n\u00a0<\/p>\n<p>Un juez de Control vincul\u00f3 ayer a proceso a Esperanza &#8220;N&#8221; por el delito de homicidio calificado y le determin\u00f3 la medida cautelar de prisi\u00f3n preventiva oficiosa, la cual deber\u00e1 cumplir al interior del penal femenil de Santa Martha Acatitla.<\/p>\n<\/div>\n<\/div>\n","protected":false},"excerpt":{"rendered":"<p>Presunta asesina de israel\u00edes fue mesera en bar de hijos de &#8220;El Ojos&#8221;<br \/>\nPor Redacci\u00f3n QP<\/p>\n","protected":false},"author":2,"featured_media":33195,"comment_status":"open","ping_status":"open","sticky":false,"template":"","format":"standard","meta":{"_monsterinsights_skip_tracking":false,"_monsterinsights_sitenote_active":false,"_monsterinsights_sitenote_note":"","_monsterinsights_sitenote_category":0,"footnotes":""},"categories":[55],"tags":[],"class_list":["post-33196","post","type-post","status-publish","format-standard","has-post-thumbnail","hentry","category-cdmx"],"yoast_head":"<!-- This site is optimized with the Yoast SEO plugin v27.3 - https:\/\/yoast.com\/product\/yoast-seo-wordpress\/ -->\n<title>Presunta asesina de israel\u00edes fue mesera en bar de hijos de &quot;El Ojos&quot; -<\/title>\n<meta name=\"robots\" content=\"index, follow, max-snippet:-1, max-image-preview:large, max-video-preview:-1\" \/>\n<link rel=\"canonical\" href=\"https:\/\/quehacerpolitico.mx\/?p=33196\" \/>\n<meta property=\"og:locale\" content=\"es_MX\" \/>\n<meta property=\"og:type\" content=\"article\" \/>\n<meta property=\"og:title\" content=\"Presunta asesina de israel\u00edes fue mesera en bar de hijos de &quot;El Ojos&quot; -\" \/>\n<meta property=\"og:description\" content=\"Presunta asesina de israel\u00edes fue mesera en bar de hijos de &quot;El Ojos&quot; Por Redacci\u00f3n QP\" \/>\n<meta property=\"og:url\" content=\"https:\/\/quehacerpolitico.mx\/?p=33196\" \/>\n<meta property=\"article:published_time\" content=\"2019-07-28T18:27:39+00:00\" \/>\n<meta name=\"author\" content=\"Redacci\u00f3n QP\" \/>\n<meta name=\"twitter:card\" content=\"summary_large_image\" \/>\n<meta name=\"twitter:label1\" content=\"Escrito por\" \/>\n\t<meta name=\"twitter:data1\" content=\"Redacci\u00f3n QP\" \/>\n\t<meta name=\"twitter:label2\" content=\"Tiempo de lectura\" \/>\n\t<meta name=\"twitter:data2\" content=\"2 minutos\" \/>\n<script type=\"application\/ld+json\" class=\"yoast-schema-graph\">{\"@context\":\"https:\\\/\\\/schema.org\",\"@graph\":[{\"@type\":\"Article\",\"@id\":\"https:\\\/\\\/quehacerpolitico.mx\\\/?p=33196#article\",\"isPartOf\":{\"@id\":\"https:\\\/\\\/quehacerpolitico.mx\\\/?p=33196\"},\"author\":{\"name\":\"Redacci\u00f3n QP\",\"@id\":\"https:\\\/\\\/quehacerpolitico.mx\\\/#\\\/schema\\\/person\\\/496d8ad2d1d3f8036101dca7ee39e585\"},\"headline\":\"Presunta asesina de israel\u00edes fue mesera en bar de hijos de &#8220;El Ojos&#8221;\",\"datePublished\":\"2019-07-28T18:27:39+00:00\",\"mainEntityOfPage\":{\"@id\":\"https:\\\/\\\/quehacerpolitico.mx\\\/?p=33196\"},\"wordCount\":471,\"commentCount\":0,\"image\":{\"@id\":\"https:\\\/\\\/quehacerpolitico.mx\\\/?p=33196#primaryimage\"},\"thumbnailUrl\":\"\",\"articleSection\":[\"CDMX\"],\"inLanguage\":\"es\",\"potentialAction\":[{\"@type\":\"CommentAction\",\"name\":\"Comment\",\"target\":[\"https:\\\/\\\/quehacerpolitico.mx\\\/?p=33196#respond\"]}]},{\"@type\":\"WebPage\",\"@id\":\"https:\\\/\\\/quehacerpolitico.mx\\\/?p=33196\",\"url\":\"https:\\\/\\\/quehacerpolitico.mx\\\/?p=33196\",\"name\":\"Presunta asesina de israel\u00edes fue mesera en bar de hijos de \\\"El Ojos\\\" -\",\"isPartOf\":{\"@id\":\"https:\\\/\\\/quehacerpolitico.mx\\\/#website\"},\"primaryImageOfPage\":{\"@id\":\"https:\\\/\\\/quehacerpolitico.mx\\\/?p=33196#primaryimage\"},\"image\":{\"@id\":\"https:\\\/\\\/quehacerpolitico.mx\\\/?p=33196#primaryimage\"},\"thumbnailUrl\":\"\",\"datePublished\":\"2019-07-28T18:27:39+00:00\",\"author\":{\"@id\":\"https:\\\/\\\/quehacerpolitico.mx\\\/#\\\/schema\\\/person\\\/496d8ad2d1d3f8036101dca7ee39e585\"},\"breadcrumb\":{\"@id\":\"https:\\\/\\\/quehacerpolitico.mx\\\/?p=33196#breadcrumb\"},\"inLanguage\":\"es\",\"potentialAction\":[{\"@type\":\"ReadAction\",\"target\":[\"https:\\\/\\\/quehacerpolitico.mx\\\/?p=33196\"]}]},{\"@type\":\"ImageObject\",\"inLanguage\":\"es\",\"@id\":\"https:\\\/\\\/quehacerpolitico.mx\\\/?p=33196#primaryimage\",\"url\":\"\",\"contentUrl\":\"\"},{\"@type\":\"BreadcrumbList\",\"@id\":\"https:\\\/\\\/quehacerpolitico.mx\\\/?p=33196#breadcrumb\",\"itemListElement\":[{\"@type\":\"ListItem\",\"position\":1,\"name\":\"Inicio\",\"item\":\"https:\\\/\\\/quehacerpolitico.mx\\\/\"},{\"@type\":\"ListItem\",\"position\":2,\"name\":\"Presunta asesina de israel\u00edes fue mesera en bar de hijos de &#8220;El Ojos&#8221;\"}]},{\"@type\":\"WebSite\",\"@id\":\"https:\\\/\\\/quehacerpolitico.mx\\\/#website\",\"url\":\"https:\\\/\\\/quehacerpolitico.mx\\\/\",\"name\":\"\",\"description\":\"\",\"potentialAction\":[{\"@type\":\"SearchAction\",\"target\":{\"@type\":\"EntryPoint\",\"urlTemplate\":\"https:\\\/\\\/quehacerpolitico.mx\\\/?s={search_term_string}\"},\"query-input\":{\"@type\":\"PropertyValueSpecification\",\"valueRequired\":true,\"valueName\":\"search_term_string\"}}],\"inLanguage\":\"es\"},{\"@type\":\"Person\",\"@id\":\"https:\\\/\\\/quehacerpolitico.mx\\\/#\\\/schema\\\/person\\\/496d8ad2d1d3f8036101dca7ee39e585\",\"name\":\"Redacci\u00f3n QP\",\"image\":{\"@type\":\"ImageObject\",\"inLanguage\":\"es\",\"@id\":\"https:\\\/\\\/secure.gravatar.com\\\/avatar\\\/c7164ed6fdec453195284ad24a5ae5b6e1eed2b848477fa2a4787ba9adf39a41?s=96&d=mm&r=g\",\"url\":\"https:\\\/\\\/secure.gravatar.com\\\/avatar\\\/c7164ed6fdec453195284ad24a5ae5b6e1eed2b848477fa2a4787ba9adf39a41?s=96&d=mm&r=g\",\"contentUrl\":\"https:\\\/\\\/secure.gravatar.com\\\/avatar\\\/c7164ed6fdec453195284ad24a5ae5b6e1eed2b848477fa2a4787ba9adf39a41?s=96&d=mm&r=g\",\"caption\":\"Redacci\u00f3n QP\"},\"url\":\"https:\\\/\\\/quehacerpolitico.mx\\\/?author=2\"}]}<\/script>\n<!-- \/ Yoast SEO plugin. -->","yoast_head_json":{"title":"Presunta asesina de israel\u00edes fue mesera en bar de hijos de \"El Ojos\" -","robots":{"index":"index","follow":"follow","max-snippet":"max-snippet:-1","max-image-preview":"max-image-preview:large","max-video-preview":"max-video-preview:-1"},"canonical":"https:\/\/quehacerpolitico.mx\/?p=33196","og_locale":"es_MX","og_type":"article","og_title":"Presunta asesina de israel\u00edes fue mesera en bar de hijos de \"El Ojos\" -","og_description":"Presunta asesina de israel\u00edes fue mesera en bar de hijos de \"El Ojos\" Por Redacci\u00f3n QP","og_url":"https:\/\/quehacerpolitico.mx\/?p=33196","article_published_time":"2019-07-28T18:27:39+00:00","author":"Redacci\u00f3n QP","twitter_card":"summary_large_image","twitter_misc":{"Escrito por":"Redacci\u00f3n QP","Tiempo de lectura":"2 minutos"},"schema":{"@context":"https:\/\/schema.org","@graph":[{"@type":"Article","@id":"https:\/\/quehacerpolitico.mx\/?p=33196#article","isPartOf":{"@id":"https:\/\/quehacerpolitico.mx\/?p=33196"},"author":{"name":"Redacci\u00f3n QP","@id":"https:\/\/quehacerpolitico.mx\/#\/schema\/person\/496d8ad2d1d3f8036101dca7ee39e585"},"headline":"Presunta asesina de israel\u00edes fue mesera en bar de hijos de &#8220;El Ojos&#8221;","datePublished":"2019-07-28T18:27:39+00:00","mainEntityOfPage":{"@id":"https:\/\/quehacerpolitico.mx\/?p=33196"},"wordCount":471,"commentCount":0,"image":{"@id":"https:\/\/quehacerpolitico.mx\/?p=33196#primaryimage"},"thumbnailUrl":"","articleSection":["CDMX"],"inLanguage":"es","potentialAction":[{"@type":"CommentAction","name":"Comment","target":["https:\/\/quehacerpolitico.mx\/?p=33196#respond"]}]},{"@type":"WebPage","@id":"https:\/\/quehacerpolitico.mx\/?p=33196","url":"https:\/\/quehacerpolitico.mx\/?p=33196","name":"Presunta asesina de israel\u00edes fue mesera en bar de hijos de \"El Ojos\" -","isPartOf":{"@id":"https:\/\/quehacerpolitico.mx\/#website"},"primaryImageOfPage":{"@id":"https:\/\/quehacerpolitico.mx\/?p=33196#primaryimage"},"image":{"@id":"https:\/\/quehacerpolitico.mx\/?p=33196#primaryimage"},"thumbnailUrl":"","datePublished":"2019-07-28T18:27:39+00:00","author":{"@id":"https:\/\/quehacerpolitico.mx\/#\/schema\/person\/496d8ad2d1d3f8036101dca7ee39e585"},"breadcrumb":{"@id":"https:\/\/quehacerpolitico.mx\/?p=33196#breadcrumb"},"inLanguage":"es","potentialAction":[{"@type":"ReadAction","target":["https:\/\/quehacerpolitico.mx\/?p=33196"]}]},{"@type":"ImageObject","inLanguage":"es","@id":"https:\/\/quehacerpolitico.mx\/?p=33196#primaryimage","url":"","contentUrl":""},{"@type":"BreadcrumbList","@id":"https:\/\/quehacerpolitico.mx\/?p=33196#breadcrumb","itemListElement":[{"@type":"ListItem","position":1,"name":"Inicio","item":"https:\/\/quehacerpolitico.mx\/"},{"@type":"ListItem","position":2,"name":"Presunta asesina de israel\u00edes fue mesera en bar de hijos de &#8220;El Ojos&#8221;"}]},{"@type":"WebSite","@id":"https:\/\/quehacerpolitico.mx\/#website","url":"https:\/\/quehacerpolitico.mx\/","name":"","description":"","potentialAction":[{"@type":"SearchAction","target":{"@type":"EntryPoint","urlTemplate":"https:\/\/quehacerpolitico.mx\/?s={search_term_string}"},"query-input":{"@type":"PropertyValueSpecification","valueRequired":true,"valueName":"search_term_string"}}],"inLanguage":"es"},{"@type":"Person","@id":"https:\/\/quehacerpolitico.mx\/#\/schema\/person\/496d8ad2d1d3f8036101dca7ee39e585","name":"Redacci\u00f3n QP","image":{"@type":"ImageObject","inLanguage":"es","@id":"https:\/\/secure.gravatar.com\/avatar\/c7164ed6fdec453195284ad24a5ae5b6e1eed2b848477fa2a4787ba9adf39a41?s=96&d=mm&r=g","url":"https:\/\/secure.gravatar.com\/avatar\/c7164ed6fdec453195284ad24a5ae5b6e1eed2b848477fa2a4787ba9adf39a41?s=96&d=mm&r=g","contentUrl":"https:\/\/secure.gravatar.com\/avatar\/c7164ed6fdec453195284ad24a5ae5b6e1eed2b848477fa2a4787ba9adf39a41?s=96&d=mm&r=g","caption":"Redacci\u00f3n QP"},"url":"https:\/\/quehacerpolitico.mx\/?author=2"}]}},"featured_image_urls":{"full":"","thumbnail":"","medium":"","medium_large":"","large":"","1536x1536":"","2048x2048":"","covernews-featured":"","covernews-medium":""},"author_info":{"display_name":"Redacci\u00f3n QP","author_link":"https:\/\/quehacerpolitico.mx\/?author=2"},"category_info":"<a href=\"https:\/\/quehacerpolitico.mx\/?cat=55\" rel=\"category\">CDMX<\/a>","tag_info":"CDMX","comment_count":"0","_links":{"self":[{"href":"https:\/\/quehacerpolitico.mx\/index.php?rest_route=\/wp\/v2\/posts\/33196","targetHints":{"allow":["GET"]}}],"collection":[{"href":"https:\/\/quehacerpolitico.mx\/index.php?rest_route=\/wp\/v2\/posts"}],"about":[{"href":"https:\/\/quehacerpolitico.mx\/index.php?rest_route=\/wp\/v2\/types\/post"}],"author":[{"embeddable":true,"href":"https:\/\/quehacerpolitico.mx\/index.php?rest_route=\/wp\/v2\/users\/2"}],"replies":[{"embeddable":true,"href":"https:\/\/quehacerpolitico.mx\/index.php?rest_route=%2Fwp%2Fv2%2Fcomments&post=33196"}],"version-history":[{"count":0,"href":"https:\/\/quehacerpolitico.mx\/index.php?rest_route=\/wp\/v2\/posts\/33196\/revisions"}],"wp:featuredmedia":[{"embeddable":true,"href":"https:\/\/quehacerpolitico.mx\/index.php?rest_route=\/"}],"wp:attachment":[{"href":"https:\/\/quehacerpolitico.mx\/index.php?rest_route=%2Fwp%2Fv2%2Fmedia&parent=33196"}],"wp:term":[{"taxonomy":"category","embeddable":true,"href":"https:\/\/quehacerpolitico.mx\/index.php?rest_route=%2Fwp%2Fv2%2Fcategories&post=33196"},{"taxonomy":"post_tag","embeddable":true,"href":"https:\/\/quehacerpolitico.mx\/index.php?rest_route=%2Fwp%2Fv2%2Ftags&post=33196"}],"curies":[{"name":"wp","href":"https:\/\/api.w.org\/{rel}","templated":true}]}}