{"id":33163,"date":"2019-07-28T14:55:30","date_gmt":"2019-07-28T14:55:30","guid":{"rendered":"http:\/\/quehacerpolitico.mx\/lluvias-dejan-inundaciones-cierre-del-puerto-y-un-fallecido-en-mazatlan\/"},"modified":"2019-07-28T14:55:30","modified_gmt":"2019-07-28T14:55:30","slug":"lluvias-dejan-inundaciones-cierre-del-puerto-y-un-fallecido-en-mazatlan","status":"publish","type":"post","link":"https:\/\/quehacerpolitico.mx\/?p=33163","title":{"rendered":"Lluvias dejan inundaciones, cierre del puerto y un fallecido en Mazatl\u00e1n"},"content":{"rendered":"<div class=\"titulo\">Lluvias dejan inundaciones, cierre del puerto y un fallecido en Mazatl\u00e1n<\/div>\n<div class=\"desarrollo\">Por Redacci\u00f3n QP<\/div>\n<div>\n<p>Las fuertes lluvias registradas este s\u00e1bado en Mazatl\u00e1n causaron inundaciones en vialidades, veh\u00edculos varados, \u00e1rboles ca\u00eddos, la muerte de un pescador por un rayo y el cierre del puerto a la navegaci\u00f3n menor, por lo que el Ej\u00e9rcito aplic\u00f3 el Plan DN-III-E.<\/p>\n<p>En su cuenta de Twitter, el Instituto de Protecci\u00f3n Civil de Sinaloa, se\u00f1al\u00f3 que las precipitaciones provocaron encharcamientos y otras afectaciones en algunas zonas, por lo que cuerpos de auxilio local y de la Polic\u00eda Municipal brindaron apoyo a pobladores y turistas.<\/p>\n<p>En tanto, la Capitan\u00eda de Puerto de Mazatl\u00e1n inform\u00f3 que fue cerrado este destino del Pac\u00edfico mexicano a la navegaci\u00f3n de embarcaciones menores, como yates y barcos de paseos tur\u00edsticos, entre otros, por la tormenta.<\/p>\n<p>Se\u00f1al\u00f3, adem\u00e1s, que pobladores y turistas no pudieron realizar visitas a los buques japoneses Kashima e Inazuma por las fuertes lluvias de la ma\u00f1ana en el puerto, pero hacia la tarde las puertas de los mismos fueron reabiertas.<\/p>\n<p>La v\u00edspera, tropas del Octavo Batall\u00f3n de Infanter\u00eda, en coordinaci\u00f3n con autoridades estatales, aplicaron el Plan DN-IIIE, en su Fase de Auxilio, luego de las precipitaciones.<\/p>\n<p>En su cuenta de Twitter, la Secretar\u00eda de la Defensa Nacional (Sedena) se\u00f1al\u00f3 que los elementos militares auxiliaron a personas afectadas y recorrieron las avenidas de la ciudad.<\/p>\n<p>Las fuertes lluvias dejaron inundaciones en fraccionamientos, encharcamientos en calles, as\u00ed como personas varadas en sus veh\u00edculos y la muerte de un pescador luego de ser alcanzado por un rayo.<\/p>\n<p>La Coordinaci\u00f3n Municipal de Protecci\u00f3n Civil inform\u00f3 que fueron rescatados 16 boy scouts en la zona del faro de Mazatl\u00e1n, uno de ellos con afectaciones por hipotermia, quien fue canalizado a Cruz Roja para su revisi\u00f3n y atenci\u00f3n m\u00e9dica.<\/p>\n<p>Adem\u00e1s, se brind\u00f3 apoyo para el rescate de 13 personas atrapadas en sus veh\u00edculos, varados en los diversos puntos de afectaci\u00f3n por los encharcamientos e inundaciones.<\/p>\n<p>Las autoridades dieron a conocer que los cuerpos de auxilio y rescate se mantienen alertas, porque los pron\u00f3sticos indican que podr\u00edan registrarse m\u00e1s precipitaciones.<\/p>\n<p>Con Informaci\u00f3n de NTX\u00a0<\/p>\n<\/div>\n","protected":false},"excerpt":{"rendered":"<p>Lluvias dejan inundaciones, cierre del puerto y un fallecido en Mazatl\u00e1n<br \/>\nPor Redacci\u00f3n QP<\/p>\n","protected":false},"author":2,"featured_media":33162,"comment_status":"open","ping_status":"open","sticky":false,"template":"","format":"standard","meta":{"_monsterinsights_skip_tracking":false,"_monsterinsights_sitenote_active":false,"_monsterinsights_sitenote_note":"","_monsterinsights_sitenote_category":0,"footnotes":""},"categories":[2],"tags":[],"class_list":["post-33163","post","type-post","status-publish","format-standard","has-post-thumbnail","hentry","category-noticias"],"yoast_head":"<!-- This site is optimized with the Yoast SEO plugin v27.3 - https:\/\/yoast.com\/product\/yoast-seo-wordpress\/ -->\n<title>Lluvias dejan inundaciones, cierre del puerto y un fallecido en Mazatl\u00e1n -<\/title>\n<meta name=\"robots\" content=\"index, follow, max-snippet:-1, max-image-preview:large, max-video-preview:-1\" \/>\n<link rel=\"canonical\" href=\"https:\/\/quehacerpolitico.mx\/?p=33163\" \/>\n<meta property=\"og:locale\" content=\"es_MX\" \/>\n<meta property=\"og:type\" content=\"article\" \/>\n<meta property=\"og:title\" content=\"Lluvias dejan inundaciones, cierre del puerto y un fallecido en Mazatl\u00e1n -\" \/>\n<meta property=\"og:description\" content=\"Lluvias dejan inundaciones, cierre del puerto y un fallecido en Mazatl\u00e1n Por Redacci\u00f3n QP\" \/>\n<meta property=\"og:url\" content=\"https:\/\/quehacerpolitico.mx\/?p=33163\" \/>\n<meta property=\"article:published_time\" content=\"2019-07-28T14:55:30+00:00\" \/>\n<meta name=\"author\" content=\"Redacci\u00f3n QP\" \/>\n<meta name=\"twitter:card\" content=\"summary_large_image\" \/>\n<meta name=\"twitter:label1\" content=\"Escrito por\" \/>\n\t<meta name=\"twitter:data1\" content=\"Redacci\u00f3n QP\" \/>\n\t<meta name=\"twitter:label2\" content=\"Tiempo de lectura\" \/>\n\t<meta name=\"twitter:data2\" content=\"2 minutos\" \/>\n<script type=\"application\/ld+json\" class=\"yoast-schema-graph\">{\"@context\":\"https:\\\/\\\/schema.org\",\"@graph\":[{\"@type\":\"Article\",\"@id\":\"https:\\\/\\\/quehacerpolitico.mx\\\/?p=33163#article\",\"isPartOf\":{\"@id\":\"https:\\\/\\\/quehacerpolitico.mx\\\/?p=33163\"},\"author\":{\"name\":\"Redacci\u00f3n QP\",\"@id\":\"https:\\\/\\\/quehacerpolitico.mx\\\/#\\\/schema\\\/person\\\/496d8ad2d1d3f8036101dca7ee39e585\"},\"headline\":\"Lluvias dejan inundaciones, cierre del puerto y un fallecido en Mazatl\u00e1n\",\"datePublished\":\"2019-07-28T14:55:30+00:00\",\"mainEntityOfPage\":{\"@id\":\"https:\\\/\\\/quehacerpolitico.mx\\\/?p=33163\"},\"wordCount\":397,\"commentCount\":0,\"image\":{\"@id\":\"https:\\\/\\\/quehacerpolitico.mx\\\/?p=33163#primaryimage\"},\"thumbnailUrl\":\"\",\"articleSection\":[\"Noticias\"],\"inLanguage\":\"es\",\"potentialAction\":[{\"@type\":\"CommentAction\",\"name\":\"Comment\",\"target\":[\"https:\\\/\\\/quehacerpolitico.mx\\\/?p=33163#respond\"]}]},{\"@type\":\"WebPage\",\"@id\":\"https:\\\/\\\/quehacerpolitico.mx\\\/?p=33163\",\"url\":\"https:\\\/\\\/quehacerpolitico.mx\\\/?p=33163\",\"name\":\"Lluvias dejan inundaciones, cierre del puerto y un fallecido en Mazatl\u00e1n -\",\"isPartOf\":{\"@id\":\"https:\\\/\\\/quehacerpolitico.mx\\\/#website\"},\"primaryImageOfPage\":{\"@id\":\"https:\\\/\\\/quehacerpolitico.mx\\\/?p=33163#primaryimage\"},\"image\":{\"@id\":\"https:\\\/\\\/quehacerpolitico.mx\\\/?p=33163#primaryimage\"},\"thumbnailUrl\":\"\",\"datePublished\":\"2019-07-28T14:55:30+00:00\",\"author\":{\"@id\":\"https:\\\/\\\/quehacerpolitico.mx\\\/#\\\/schema\\\/person\\\/496d8ad2d1d3f8036101dca7ee39e585\"},\"breadcrumb\":{\"@id\":\"https:\\\/\\\/quehacerpolitico.mx\\\/?p=33163#breadcrumb\"},\"inLanguage\":\"es\",\"potentialAction\":[{\"@type\":\"ReadAction\",\"target\":[\"https:\\\/\\\/quehacerpolitico.mx\\\/?p=33163\"]}]},{\"@type\":\"ImageObject\",\"inLanguage\":\"es\",\"@id\":\"https:\\\/\\\/quehacerpolitico.mx\\\/?p=33163#primaryimage\",\"url\":\"\",\"contentUrl\":\"\"},{\"@type\":\"BreadcrumbList\",\"@id\":\"https:\\\/\\\/quehacerpolitico.mx\\\/?p=33163#breadcrumb\",\"itemListElement\":[{\"@type\":\"ListItem\",\"position\":1,\"name\":\"Inicio\",\"item\":\"https:\\\/\\\/quehacerpolitico.mx\\\/\"},{\"@type\":\"ListItem\",\"position\":2,\"name\":\"Lluvias dejan inundaciones, cierre del puerto y un fallecido en Mazatl\u00e1n\"}]},{\"@type\":\"WebSite\",\"@id\":\"https:\\\/\\\/quehacerpolitico.mx\\\/#website\",\"url\":\"https:\\\/\\\/quehacerpolitico.mx\\\/\",\"name\":\"\",\"description\":\"\",\"potentialAction\":[{\"@type\":\"SearchAction\",\"target\":{\"@type\":\"EntryPoint\",\"urlTemplate\":\"https:\\\/\\\/quehacerpolitico.mx\\\/?s={search_term_string}\"},\"query-input\":{\"@type\":\"PropertyValueSpecification\",\"valueRequired\":true,\"valueName\":\"search_term_string\"}}],\"inLanguage\":\"es\"},{\"@type\":\"Person\",\"@id\":\"https:\\\/\\\/quehacerpolitico.mx\\\/#\\\/schema\\\/person\\\/496d8ad2d1d3f8036101dca7ee39e585\",\"name\":\"Redacci\u00f3n QP\",\"image\":{\"@type\":\"ImageObject\",\"inLanguage\":\"es\",\"@id\":\"https:\\\/\\\/secure.gravatar.com\\\/avatar\\\/c7164ed6fdec453195284ad24a5ae5b6e1eed2b848477fa2a4787ba9adf39a41?s=96&d=mm&r=g\",\"url\":\"https:\\\/\\\/secure.gravatar.com\\\/avatar\\\/c7164ed6fdec453195284ad24a5ae5b6e1eed2b848477fa2a4787ba9adf39a41?s=96&d=mm&r=g\",\"contentUrl\":\"https:\\\/\\\/secure.gravatar.com\\\/avatar\\\/c7164ed6fdec453195284ad24a5ae5b6e1eed2b848477fa2a4787ba9adf39a41?s=96&d=mm&r=g\",\"caption\":\"Redacci\u00f3n QP\"},\"url\":\"https:\\\/\\\/quehacerpolitico.mx\\\/?author=2\"}]}<\/script>\n<!-- \/ Yoast SEO plugin. -->","yoast_head_json":{"title":"Lluvias dejan inundaciones, cierre del puerto y un fallecido en Mazatl\u00e1n -","robots":{"index":"index","follow":"follow","max-snippet":"max-snippet:-1","max-image-preview":"max-image-preview:large","max-video-preview":"max-video-preview:-1"},"canonical":"https:\/\/quehacerpolitico.mx\/?p=33163","og_locale":"es_MX","og_type":"article","og_title":"Lluvias dejan inundaciones, cierre del puerto y un fallecido en Mazatl\u00e1n -","og_description":"Lluvias dejan inundaciones, cierre del puerto y un fallecido en Mazatl\u00e1n Por Redacci\u00f3n QP","og_url":"https:\/\/quehacerpolitico.mx\/?p=33163","article_published_time":"2019-07-28T14:55:30+00:00","author":"Redacci\u00f3n QP","twitter_card":"summary_large_image","twitter_misc":{"Escrito por":"Redacci\u00f3n QP","Tiempo de lectura":"2 minutos"},"schema":{"@context":"https:\/\/schema.org","@graph":[{"@type":"Article","@id":"https:\/\/quehacerpolitico.mx\/?p=33163#article","isPartOf":{"@id":"https:\/\/quehacerpolitico.mx\/?p=33163"},"author":{"name":"Redacci\u00f3n QP","@id":"https:\/\/quehacerpolitico.mx\/#\/schema\/person\/496d8ad2d1d3f8036101dca7ee39e585"},"headline":"Lluvias dejan inundaciones, cierre del puerto y un fallecido en Mazatl\u00e1n","datePublished":"2019-07-28T14:55:30+00:00","mainEntityOfPage":{"@id":"https:\/\/quehacerpolitico.mx\/?p=33163"},"wordCount":397,"commentCount":0,"image":{"@id":"https:\/\/quehacerpolitico.mx\/?p=33163#primaryimage"},"thumbnailUrl":"","articleSection":["Noticias"],"inLanguage":"es","potentialAction":[{"@type":"CommentAction","name":"Comment","target":["https:\/\/quehacerpolitico.mx\/?p=33163#respond"]}]},{"@type":"WebPage","@id":"https:\/\/quehacerpolitico.mx\/?p=33163","url":"https:\/\/quehacerpolitico.mx\/?p=33163","name":"Lluvias dejan inundaciones, cierre del puerto y un fallecido en Mazatl\u00e1n -","isPartOf":{"@id":"https:\/\/quehacerpolitico.mx\/#website"},"primaryImageOfPage":{"@id":"https:\/\/quehacerpolitico.mx\/?p=33163#primaryimage"},"image":{"@id":"https:\/\/quehacerpolitico.mx\/?p=33163#primaryimage"},"thumbnailUrl":"","datePublished":"2019-07-28T14:55:30+00:00","author":{"@id":"https:\/\/quehacerpolitico.mx\/#\/schema\/person\/496d8ad2d1d3f8036101dca7ee39e585"},"breadcrumb":{"@id":"https:\/\/quehacerpolitico.mx\/?p=33163#breadcrumb"},"inLanguage":"es","potentialAction":[{"@type":"ReadAction","target":["https:\/\/quehacerpolitico.mx\/?p=33163"]}]},{"@type":"ImageObject","inLanguage":"es","@id":"https:\/\/quehacerpolitico.mx\/?p=33163#primaryimage","url":"","contentUrl":""},{"@type":"BreadcrumbList","@id":"https:\/\/quehacerpolitico.mx\/?p=33163#breadcrumb","itemListElement":[{"@type":"ListItem","position":1,"name":"Inicio","item":"https:\/\/quehacerpolitico.mx\/"},{"@type":"ListItem","position":2,"name":"Lluvias dejan inundaciones, cierre del puerto y un fallecido en Mazatl\u00e1n"}]},{"@type":"WebSite","@id":"https:\/\/quehacerpolitico.mx\/#website","url":"https:\/\/quehacerpolitico.mx\/","name":"","description":"","potentialAction":[{"@type":"SearchAction","target":{"@type":"EntryPoint","urlTemplate":"https:\/\/quehacerpolitico.mx\/?s={search_term_string}"},"query-input":{"@type":"PropertyValueSpecification","valueRequired":true,"valueName":"search_term_string"}}],"inLanguage":"es"},{"@type":"Person","@id":"https:\/\/quehacerpolitico.mx\/#\/schema\/person\/496d8ad2d1d3f8036101dca7ee39e585","name":"Redacci\u00f3n QP","image":{"@type":"ImageObject","inLanguage":"es","@id":"https:\/\/secure.gravatar.com\/avatar\/c7164ed6fdec453195284ad24a5ae5b6e1eed2b848477fa2a4787ba9adf39a41?s=96&d=mm&r=g","url":"https:\/\/secure.gravatar.com\/avatar\/c7164ed6fdec453195284ad24a5ae5b6e1eed2b848477fa2a4787ba9adf39a41?s=96&d=mm&r=g","contentUrl":"https:\/\/secure.gravatar.com\/avatar\/c7164ed6fdec453195284ad24a5ae5b6e1eed2b848477fa2a4787ba9adf39a41?s=96&d=mm&r=g","caption":"Redacci\u00f3n QP"},"url":"https:\/\/quehacerpolitico.mx\/?author=2"}]}},"featured_image_urls":{"full":"","thumbnail":"","medium":"","medium_large":"","large":"","1536x1536":"","2048x2048":"","covernews-featured":"","covernews-medium":""},"author_info":{"display_name":"Redacci\u00f3n QP","author_link":"https:\/\/quehacerpolitico.mx\/?author=2"},"category_info":"<a href=\"https:\/\/quehacerpolitico.mx\/?cat=2\" rel=\"category\">Noticias<\/a>","tag_info":"Noticias","comment_count":"0","_links":{"self":[{"href":"https:\/\/quehacerpolitico.mx\/index.php?rest_route=\/wp\/v2\/posts\/33163","targetHints":{"allow":["GET"]}}],"collection":[{"href":"https:\/\/quehacerpolitico.mx\/index.php?rest_route=\/wp\/v2\/posts"}],"about":[{"href":"https:\/\/quehacerpolitico.mx\/index.php?rest_route=\/wp\/v2\/types\/post"}],"author":[{"embeddable":true,"href":"https:\/\/quehacerpolitico.mx\/index.php?rest_route=\/wp\/v2\/users\/2"}],"replies":[{"embeddable":true,"href":"https:\/\/quehacerpolitico.mx\/index.php?rest_route=%2Fwp%2Fv2%2Fcomments&post=33163"}],"version-history":[{"count":0,"href":"https:\/\/quehacerpolitico.mx\/index.php?rest_route=\/wp\/v2\/posts\/33163\/revisions"}],"wp:featuredmedia":[{"embeddable":true,"href":"https:\/\/quehacerpolitico.mx\/index.php?rest_route=\/"}],"wp:attachment":[{"href":"https:\/\/quehacerpolitico.mx\/index.php?rest_route=%2Fwp%2Fv2%2Fmedia&parent=33163"}],"wp:term":[{"taxonomy":"category","embeddable":true,"href":"https:\/\/quehacerpolitico.mx\/index.php?rest_route=%2Fwp%2Fv2%2Fcategories&post=33163"},{"taxonomy":"post_tag","embeddable":true,"href":"https:\/\/quehacerpolitico.mx\/index.php?rest_route=%2Fwp%2Fv2%2Ftags&post=33163"}],"curies":[{"name":"wp","href":"https:\/\/api.w.org\/{rel}","templated":true}]}}