{"id":3312,"date":"2018-08-28T14:24:30","date_gmt":"2018-08-28T14:24:30","guid":{"rendered":"http:\/\/quehacerpolitico.mx\/lopez-obrador-iniciara-procedimiento-para-liberar-presos-politicos-de-cnte\/"},"modified":"2018-08-28T14:24:30","modified_gmt":"2018-08-28T14:24:30","slug":"lopez-obrador-iniciara-procedimiento-para-liberar-presos-politicos-de-cnte","status":"publish","type":"post","link":"https:\/\/quehacerpolitico.mx\/?p=3312","title":{"rendered":"L\u00f3pez Obrador iniciar\u00e1 procedimiento para liberar &#8220;presos pol\u00edticos&#8221; de CNTE"},"content":{"rendered":"<p>Al arrancar los foros para una nueva reforma educativa el presidente electo, Andr\u00e9s Manuel L\u00f3pez Obrador, instruy\u00f3 a que se inicie ya un procedimiento para liberar a todos los presos pol\u00edticos de la Coordinadora Nacional de Trabajadores de la Educaci\u00f3n (CNTE).<\/p>\n<div id=\"div-gpt-ad-1524682842930-0\" data-google-query-id=\"CIuGqvr4j90CFYvawAod0pMLTA\">\n<div id=\"google_ads_iframe_\/40135427\/informador_mx_Video_Outstream_0__container__\">Durante el foro realizado en la Universidad Aut\u00f3noma de Chiapas, Pedro G\u00f3mez Bahamaca, secretario general de la secci\u00f3n 7 de la CNTE entreg\u00f3 a L\u00f3pez Obrador un pliego petitorio en el que exigen al pr\u00f3ximo gobierno la reinstalaci\u00f3n de la mesa de di\u00e1logo y la liberaci\u00f3n de los presos pol\u00edticos Sara Altamirano Ramos, Leonel Manzano Sosa, Lauro Atilano Grijalva, Dami\u00e1n Gallardo y \u00d3scar Hern\u00e1ndez Neri.<\/div>\n<div>\u00a0<\/div>\n<div>En respuesta, en su mensaje, <strong>el presidente electo instruy\u00f3 al pr\u00f3ximo secretario de Educaci\u00f3n, Esteban Moctezuma, para que inicie ya el procedimiento para liberar a los presos pol\u00edticos<\/strong> y que se haga todo lo que est\u00e9 de parte del pr\u00f3ximo gobierno para esa labor.<\/div>\n<div>\n<p>&#8220;Respetuosos de todos los poderes. Sobre todo en este caso del poder judicial, pero que el Poder Ejecutivo, muestre su voluntad de que se liberen a los presos pol\u00edticos que injustamente est\u00e1n encarcelados para conseguir la reconciliaci\u00f3n nacional, la paz y tranquilidad que todos necesitamos&#8221;, enfatiz\u00f3.<\/p>\n<p>Tambi\u00e9n pido a Moctezuma que se ponga de acuerdo con dirigentes del CNTE y SNTE para que se dialogue de manera permanente.<\/p>\n<p>&#8220;Di\u00e1logo, di\u00e1logo, di\u00e1logo. S\u00ed se interrumpe el di\u00e1logo, continuar dialogando y si se cansan de di\u00e1logo, seguir en di\u00e1logo, siempre en di\u00e1logo. Nada de cerraz\u00f3n, atender todo lo que se est\u00e9 demandando y sea justo&#8221;, expres\u00f3.<\/p>\n<p><strong>L\u00f3pez Obrador tambi\u00e9n se comprometi\u00f3 con el magisterio a que tendr\u00e1n independencia sindical para elegir a sus l\u00edderes<\/strong>, adem\u00e1s en lo relacionado a los incrementos salariales -en caso de maestros-, van a estar por encima de la inflaci\u00f3n y se mejorar\u00e1 el sueldo de los que menos ganan.<\/p>\n<p>&#8220;Cero autoritarismos y cero represi\u00f3n. El Gobierno democr\u00e1tico va a respetar a los maestros, nunca se va a desprestigiar al maestro. No se va a implementar una campa\u00f1a en contra de los maestros.&#8221;, ofreci\u00f3.<\/p>\n<p>A cambio, L\u00f3pez Obrador pidi\u00f3 a los maestros de todo el pa\u00eds que se haga el compromiso de cumplir con su deber y su responsabilidad: &#8220;cero ausentismo&#8221;. Y les reproch\u00f3: &#8220;acabo de estar en una comunidad de Palenque, en Arroyo Jerusal\u00e9n, hablando con la gente me presentaron la demanda y queja de que se ausentaban mucho los maestros, que cuando llegaban a ese clases llegaban los martes y se retiraban el jueves. Ya no queremos esa semana escolar&#8221;.<\/p>\n<p>AMLO pidi\u00f3 a todos hacer el compromiso para mejorar la educaci\u00f3n, y comenz\u00f3 los foros para elaborar una nueva reforma educativa para abrogar y cancelar la impulsada por el actual gobierno federal.<\/p>\n<p>&#8220;Lo mucho o poco que sabemos se lo debemos a las maestras y maestros, pero que todos actuemos de manera responsable para que de esta forma los conservadores que est\u00e1n en contra de la educaci\u00f3n p\u00fablica no tengan ning\u00fan argumento, quitarles todas las banderas y demostrar que el maestro act\u00faa con responsabilidad social y est\u00e1 trabajando por la educaci\u00f3n, ese es el compromiso que quiero que hagamos todos&#8221;, exhort\u00f3.<\/p>\n<\/div>\n<\/div>\n","protected":false},"excerpt":{"rendered":"<p>El presidente electo pidi\u00f3 al pr\u00f3ximo secretario de Educaci\u00f3n iniciar con el procedimiento para liberar a estas personas \u201cque injustamente est\u00e1n encarcelados\u201d<br \/>\nPor Redacci\u00f3n QP<\/p>\n","protected":false},"author":2,"featured_media":3308,"comment_status":"open","ping_status":"open","sticky":false,"template":"","format":"standard","meta":{"_monsterinsights_skip_tracking":false,"_monsterinsights_sitenote_active":false,"_monsterinsights_sitenote_note":"","_monsterinsights_sitenote_category":0,"footnotes":""},"categories":[2],"tags":[],"class_list":["post-3312","post","type-post","status-publish","format-standard","has-post-thumbnail","hentry","category-noticias"],"yoast_head":"<!-- This site is optimized with the Yoast SEO plugin v27.3 - https:\/\/yoast.com\/product\/yoast-seo-wordpress\/ -->\n<title>L\u00f3pez Obrador iniciar\u00e1 procedimiento para liberar &quot;presos pol\u00edticos&quot; de CNTE -<\/title>\n<meta name=\"robots\" content=\"index, follow, max-snippet:-1, max-image-preview:large, max-video-preview:-1\" \/>\n<link rel=\"canonical\" href=\"https:\/\/quehacerpolitico.mx\/?p=3312\" \/>\n<meta property=\"og:locale\" content=\"es_MX\" \/>\n<meta property=\"og:type\" content=\"article\" \/>\n<meta property=\"og:title\" content=\"L\u00f3pez Obrador iniciar\u00e1 procedimiento para liberar &quot;presos pol\u00edticos&quot; de CNTE -\" \/>\n<meta property=\"og:description\" content=\"El presidente electo pidi\u00f3 al pr\u00f3ximo secretario de Educaci\u00f3n iniciar con el procedimiento para liberar a estas personas \u201cque injustamente est\u00e1n encarcelados\u201d Por Redacci\u00f3n QP\" \/>\n<meta property=\"og:url\" content=\"https:\/\/quehacerpolitico.mx\/?p=3312\" \/>\n<meta property=\"article:published_time\" content=\"2018-08-28T14:24:30+00:00\" \/>\n<meta name=\"author\" content=\"Redacci\u00f3n QP\" \/>\n<meta name=\"twitter:card\" content=\"summary_large_image\" \/>\n<meta name=\"twitter:label1\" content=\"Escrito por\" \/>\n\t<meta name=\"twitter:data1\" content=\"Redacci\u00f3n QP\" \/>\n\t<meta name=\"twitter:label2\" content=\"Tiempo de lectura\" \/>\n\t<meta name=\"twitter:data2\" content=\"3 minutos\" \/>\n<script type=\"application\/ld+json\" class=\"yoast-schema-graph\">{\"@context\":\"https:\\\/\\\/schema.org\",\"@graph\":[{\"@type\":\"Article\",\"@id\":\"https:\\\/\\\/quehacerpolitico.mx\\\/?p=3312#article\",\"isPartOf\":{\"@id\":\"https:\\\/\\\/quehacerpolitico.mx\\\/?p=3312\"},\"author\":{\"name\":\"Redacci\u00f3n QP\",\"@id\":\"https:\\\/\\\/quehacerpolitico.mx\\\/#\\\/schema\\\/person\\\/496d8ad2d1d3f8036101dca7ee39e585\"},\"headline\":\"L\u00f3pez Obrador iniciar\u00e1 procedimiento para liberar &#8220;presos pol\u00edticos&#8221; de CNTE\",\"datePublished\":\"2018-08-28T14:24:30+00:00\",\"mainEntityOfPage\":{\"@id\":\"https:\\\/\\\/quehacerpolitico.mx\\\/?p=3312\"},\"wordCount\":576,\"commentCount\":0,\"image\":{\"@id\":\"https:\\\/\\\/quehacerpolitico.mx\\\/?p=3312#primaryimage\"},\"thumbnailUrl\":\"\",\"articleSection\":[\"Noticias\"],\"inLanguage\":\"es\",\"potentialAction\":[{\"@type\":\"CommentAction\",\"name\":\"Comment\",\"target\":[\"https:\\\/\\\/quehacerpolitico.mx\\\/?p=3312#respond\"]}]},{\"@type\":\"WebPage\",\"@id\":\"https:\\\/\\\/quehacerpolitico.mx\\\/?p=3312\",\"url\":\"https:\\\/\\\/quehacerpolitico.mx\\\/?p=3312\",\"name\":\"L\u00f3pez Obrador iniciar\u00e1 procedimiento para liberar \\\"presos pol\u00edticos\\\" de CNTE -\",\"isPartOf\":{\"@id\":\"https:\\\/\\\/quehacerpolitico.mx\\\/#website\"},\"primaryImageOfPage\":{\"@id\":\"https:\\\/\\\/quehacerpolitico.mx\\\/?p=3312#primaryimage\"},\"image\":{\"@id\":\"https:\\\/\\\/quehacerpolitico.mx\\\/?p=3312#primaryimage\"},\"thumbnailUrl\":\"\",\"datePublished\":\"2018-08-28T14:24:30+00:00\",\"author\":{\"@id\":\"https:\\\/\\\/quehacerpolitico.mx\\\/#\\\/schema\\\/person\\\/496d8ad2d1d3f8036101dca7ee39e585\"},\"breadcrumb\":{\"@id\":\"https:\\\/\\\/quehacerpolitico.mx\\\/?p=3312#breadcrumb\"},\"inLanguage\":\"es\",\"potentialAction\":[{\"@type\":\"ReadAction\",\"target\":[\"https:\\\/\\\/quehacerpolitico.mx\\\/?p=3312\"]}]},{\"@type\":\"ImageObject\",\"inLanguage\":\"es\",\"@id\":\"https:\\\/\\\/quehacerpolitico.mx\\\/?p=3312#primaryimage\",\"url\":\"\",\"contentUrl\":\"\"},{\"@type\":\"BreadcrumbList\",\"@id\":\"https:\\\/\\\/quehacerpolitico.mx\\\/?p=3312#breadcrumb\",\"itemListElement\":[{\"@type\":\"ListItem\",\"position\":1,\"name\":\"Inicio\",\"item\":\"https:\\\/\\\/quehacerpolitico.mx\\\/\"},{\"@type\":\"ListItem\",\"position\":2,\"name\":\"L\u00f3pez Obrador iniciar\u00e1 procedimiento para liberar &#8220;presos pol\u00edticos&#8221; de CNTE\"}]},{\"@type\":\"WebSite\",\"@id\":\"https:\\\/\\\/quehacerpolitico.mx\\\/#website\",\"url\":\"https:\\\/\\\/quehacerpolitico.mx\\\/\",\"name\":\"\",\"description\":\"\",\"potentialAction\":[{\"@type\":\"SearchAction\",\"target\":{\"@type\":\"EntryPoint\",\"urlTemplate\":\"https:\\\/\\\/quehacerpolitico.mx\\\/?s={search_term_string}\"},\"query-input\":{\"@type\":\"PropertyValueSpecification\",\"valueRequired\":true,\"valueName\":\"search_term_string\"}}],\"inLanguage\":\"es\"},{\"@type\":\"Person\",\"@id\":\"https:\\\/\\\/quehacerpolitico.mx\\\/#\\\/schema\\\/person\\\/496d8ad2d1d3f8036101dca7ee39e585\",\"name\":\"Redacci\u00f3n QP\",\"image\":{\"@type\":\"ImageObject\",\"inLanguage\":\"es\",\"@id\":\"https:\\\/\\\/secure.gravatar.com\\\/avatar\\\/c7164ed6fdec453195284ad24a5ae5b6e1eed2b848477fa2a4787ba9adf39a41?s=96&d=mm&r=g\",\"url\":\"https:\\\/\\\/secure.gravatar.com\\\/avatar\\\/c7164ed6fdec453195284ad24a5ae5b6e1eed2b848477fa2a4787ba9adf39a41?s=96&d=mm&r=g\",\"contentUrl\":\"https:\\\/\\\/secure.gravatar.com\\\/avatar\\\/c7164ed6fdec453195284ad24a5ae5b6e1eed2b848477fa2a4787ba9adf39a41?s=96&d=mm&r=g\",\"caption\":\"Redacci\u00f3n QP\"},\"url\":\"https:\\\/\\\/quehacerpolitico.mx\\\/?author=2\"}]}<\/script>\n<!-- \/ Yoast SEO plugin. -->","yoast_head_json":{"title":"L\u00f3pez Obrador iniciar\u00e1 procedimiento para liberar \"presos pol\u00edticos\" de CNTE -","robots":{"index":"index","follow":"follow","max-snippet":"max-snippet:-1","max-image-preview":"max-image-preview:large","max-video-preview":"max-video-preview:-1"},"canonical":"https:\/\/quehacerpolitico.mx\/?p=3312","og_locale":"es_MX","og_type":"article","og_title":"L\u00f3pez Obrador iniciar\u00e1 procedimiento para liberar \"presos pol\u00edticos\" de CNTE -","og_description":"El presidente electo pidi\u00f3 al pr\u00f3ximo secretario de Educaci\u00f3n iniciar con el procedimiento para liberar a estas personas \u201cque injustamente est\u00e1n encarcelados\u201d Por Redacci\u00f3n QP","og_url":"https:\/\/quehacerpolitico.mx\/?p=3312","article_published_time":"2018-08-28T14:24:30+00:00","author":"Redacci\u00f3n QP","twitter_card":"summary_large_image","twitter_misc":{"Escrito por":"Redacci\u00f3n QP","Tiempo de lectura":"3 minutos"},"schema":{"@context":"https:\/\/schema.org","@graph":[{"@type":"Article","@id":"https:\/\/quehacerpolitico.mx\/?p=3312#article","isPartOf":{"@id":"https:\/\/quehacerpolitico.mx\/?p=3312"},"author":{"name":"Redacci\u00f3n QP","@id":"https:\/\/quehacerpolitico.mx\/#\/schema\/person\/496d8ad2d1d3f8036101dca7ee39e585"},"headline":"L\u00f3pez Obrador iniciar\u00e1 procedimiento para liberar &#8220;presos pol\u00edticos&#8221; de CNTE","datePublished":"2018-08-28T14:24:30+00:00","mainEntityOfPage":{"@id":"https:\/\/quehacerpolitico.mx\/?p=3312"},"wordCount":576,"commentCount":0,"image":{"@id":"https:\/\/quehacerpolitico.mx\/?p=3312#primaryimage"},"thumbnailUrl":"","articleSection":["Noticias"],"inLanguage":"es","potentialAction":[{"@type":"CommentAction","name":"Comment","target":["https:\/\/quehacerpolitico.mx\/?p=3312#respond"]}]},{"@type":"WebPage","@id":"https:\/\/quehacerpolitico.mx\/?p=3312","url":"https:\/\/quehacerpolitico.mx\/?p=3312","name":"L\u00f3pez Obrador iniciar\u00e1 procedimiento para liberar \"presos pol\u00edticos\" de CNTE -","isPartOf":{"@id":"https:\/\/quehacerpolitico.mx\/#website"},"primaryImageOfPage":{"@id":"https:\/\/quehacerpolitico.mx\/?p=3312#primaryimage"},"image":{"@id":"https:\/\/quehacerpolitico.mx\/?p=3312#primaryimage"},"thumbnailUrl":"","datePublished":"2018-08-28T14:24:30+00:00","author":{"@id":"https:\/\/quehacerpolitico.mx\/#\/schema\/person\/496d8ad2d1d3f8036101dca7ee39e585"},"breadcrumb":{"@id":"https:\/\/quehacerpolitico.mx\/?p=3312#breadcrumb"},"inLanguage":"es","potentialAction":[{"@type":"ReadAction","target":["https:\/\/quehacerpolitico.mx\/?p=3312"]}]},{"@type":"ImageObject","inLanguage":"es","@id":"https:\/\/quehacerpolitico.mx\/?p=3312#primaryimage","url":"","contentUrl":""},{"@type":"BreadcrumbList","@id":"https:\/\/quehacerpolitico.mx\/?p=3312#breadcrumb","itemListElement":[{"@type":"ListItem","position":1,"name":"Inicio","item":"https:\/\/quehacerpolitico.mx\/"},{"@type":"ListItem","position":2,"name":"L\u00f3pez Obrador iniciar\u00e1 procedimiento para liberar &#8220;presos pol\u00edticos&#8221; de CNTE"}]},{"@type":"WebSite","@id":"https:\/\/quehacerpolitico.mx\/#website","url":"https:\/\/quehacerpolitico.mx\/","name":"","description":"","potentialAction":[{"@type":"SearchAction","target":{"@type":"EntryPoint","urlTemplate":"https:\/\/quehacerpolitico.mx\/?s={search_term_string}"},"query-input":{"@type":"PropertyValueSpecification","valueRequired":true,"valueName":"search_term_string"}}],"inLanguage":"es"},{"@type":"Person","@id":"https:\/\/quehacerpolitico.mx\/#\/schema\/person\/496d8ad2d1d3f8036101dca7ee39e585","name":"Redacci\u00f3n QP","image":{"@type":"ImageObject","inLanguage":"es","@id":"https:\/\/secure.gravatar.com\/avatar\/c7164ed6fdec453195284ad24a5ae5b6e1eed2b848477fa2a4787ba9adf39a41?s=96&d=mm&r=g","url":"https:\/\/secure.gravatar.com\/avatar\/c7164ed6fdec453195284ad24a5ae5b6e1eed2b848477fa2a4787ba9adf39a41?s=96&d=mm&r=g","contentUrl":"https:\/\/secure.gravatar.com\/avatar\/c7164ed6fdec453195284ad24a5ae5b6e1eed2b848477fa2a4787ba9adf39a41?s=96&d=mm&r=g","caption":"Redacci\u00f3n QP"},"url":"https:\/\/quehacerpolitico.mx\/?author=2"}]}},"featured_image_urls":{"full":"","thumbnail":"","medium":"","medium_large":"","large":"","1536x1536":"","2048x2048":"","covernews-featured":"","covernews-medium":""},"author_info":{"display_name":"Redacci\u00f3n QP","author_link":"https:\/\/quehacerpolitico.mx\/?author=2"},"category_info":"<a href=\"https:\/\/quehacerpolitico.mx\/?cat=2\" rel=\"category\">Noticias<\/a>","tag_info":"Noticias","comment_count":"0","_links":{"self":[{"href":"https:\/\/quehacerpolitico.mx\/index.php?rest_route=\/wp\/v2\/posts\/3312","targetHints":{"allow":["GET"]}}],"collection":[{"href":"https:\/\/quehacerpolitico.mx\/index.php?rest_route=\/wp\/v2\/posts"}],"about":[{"href":"https:\/\/quehacerpolitico.mx\/index.php?rest_route=\/wp\/v2\/types\/post"}],"author":[{"embeddable":true,"href":"https:\/\/quehacerpolitico.mx\/index.php?rest_route=\/wp\/v2\/users\/2"}],"replies":[{"embeddable":true,"href":"https:\/\/quehacerpolitico.mx\/index.php?rest_route=%2Fwp%2Fv2%2Fcomments&post=3312"}],"version-history":[{"count":0,"href":"https:\/\/quehacerpolitico.mx\/index.php?rest_route=\/wp\/v2\/posts\/3312\/revisions"}],"wp:featuredmedia":[{"embeddable":true,"href":"https:\/\/quehacerpolitico.mx\/index.php?rest_route=\/"}],"wp:attachment":[{"href":"https:\/\/quehacerpolitico.mx\/index.php?rest_route=%2Fwp%2Fv2%2Fmedia&parent=3312"}],"wp:term":[{"taxonomy":"category","embeddable":true,"href":"https:\/\/quehacerpolitico.mx\/index.php?rest_route=%2Fwp%2Fv2%2Fcategories&post=3312"},{"taxonomy":"post_tag","embeddable":true,"href":"https:\/\/quehacerpolitico.mx\/index.php?rest_route=%2Fwp%2Fv2%2Ftags&post=3312"}],"curies":[{"name":"wp","href":"https:\/\/api.w.org\/{rel}","templated":true}]}}