{"id":33075,"date":"2019-07-27T02:41:44","date_gmt":"2019-07-27T02:41:44","guid":{"rendered":"http:\/\/quehacerpolitico.mx\/no-crean-que-soy-tonto-soy-colmilludo-lopez-obrador-a-manifestantes\/"},"modified":"2019-07-27T02:41:44","modified_gmt":"2019-07-27T02:41:44","slug":"no-crean-que-soy-tonto-soy-colmilludo-lopez-obrador-a-manifestantes","status":"publish","type":"post","link":"https:\/\/quehacerpolitico.mx\/?p=33075","title":{"rendered":"No crean que soy tonto, soy colmilludo: L\u00f3pez Obrador a manifestantes"},"content":{"rendered":"<h1 class=\"news-title\">No crean que soy tonto, soy colmilludo: L\u00f3pez Obrador a manifestantes<\/h1>\n<p>Por Redacci\u00f3n QP<\/p>\n<header class=\"news-header\">\n<div class=\"news-subtitle\">\n<p>Durante un evento p\u00fablico en Bochil, pobladores gritaron por la falta de medicamentos y tambi\u00e9n de algunas becas para ni\u00f1os de escuelas primarias<\/p>\n<\/div>\n<\/header>\n<div class=\"news-content\">\n<div class=\"news-body row\">\n<p>Al iniciar una gira por el sureste, el Presidente Andres Manuel L\u00f3pez Obrador\u00a0respondi\u00f3, ante protestas de ciudadanos por falta de medicinas y becas, que no es tonto, es &#8220;colmilludo&#8221; y se da cuenta de todo.<\/p>\n<blockquote>\n<p>&#8220;Tampoco crean que soy tonto, ya soy &#8216;colmilludo&#8217;&#8230; Ya lo s\u00e9, ya les dije que no me estoy chupando el dedo&#8221;<\/p>\n<\/blockquote>\n<p>Al iniciar su discurso, <strong>pobladores de Bochilgritaron por la falta de medicamentos y tambi\u00e9n de algunas becas para ni\u00f1os de escuelas primarias<\/strong>. &#8220;Tampoco crean que soy tonto, ya soy &#8216;colmilludo&#8217;&#8230; Ya lo s\u00e9, ya les dije que no me estoy chupando el dedo&#8221;, respondi\u00f3 el Presidente.<\/p>\n<p>Las protestas cesaron y L\u00f3pez Obrador sostuvo que el ausentismo est\u00e1 mal y que <strong>los maestros que tienen semanas de martes a jueves no son democr\u00e1ticos, sino irresponsables.<\/strong><\/p>\n<p>&#8220;Si hay ausentismo que est\u00e1 mal, no debe de haber ausentismo, nada de semana de martes a jueves. Si se es democr\u00e1tico, se tiene que ser honesto, nada de decir &#8216;soy del movimiento democr\u00e1tico magisterial pero no voy a dar clases&#8217;, t\u00fa no eres democr\u00e1tico, eres un irresponsable&#8221;, expres\u00f3.<\/p>\n<p>El Mandatario tambi\u00e9n habl\u00f3 de la amenaza que significa no bajar el flujo migratorio y que el gobierno de Estados Unidos imponga aranceles a productos mexicanos. &#8220;Nos amenazan que si no baja el flujo migratorio, que la mayor\u00eda no son mexicanos, pero la amenaza es sobre M\u00e9xico y que no baja el flujo migratorio habr\u00e1 impuestos a las mercanc\u00edas&#8221;, expres\u00f3.<\/p>\n<blockquote>\n<p>&#8220;Si hay ausentismo que est\u00e1 mal, no debe de haber ausentismo, nada de semana de martes a jueves&#8221;<\/p>\n<\/blockquote>\n<p>Sin embargo, L\u00f3pez Obrador sostuvo que est\u00e1n haciendo ver al gobierno de Estados Unidos que <strong>la mejor forma de resolver el fen\u00f3meno migratorio es que haya empleo en los pueblos<\/strong>. El Presidente L\u00f3pez Obrador afirm\u00f3 que en los dos sexenios anteriores, el gobierno condon\u00f3 400 mil millones de empresas y bancos que conformaban una \u00e9lite que ten\u00eda privilegios fiscales.<\/p>\n<p>Al hacer un recorrido por el hospital rural de Bochil, el Presidente sostuvo que &#8220;los machuchones&#8221; (jefes o dirigentes) no pagaban impuestos.<\/p>\n<p>&#8220;Imaginen una empresa y un banco grande, famosos, pues esa que est\u00e1n imaginando, esa empresa y bancos no pagaban impuestos. Pagan impuestos los campesinos, enfermeras, obreros, m\u00e9dicos pero hab\u00eda una \u00e9lite que ten\u00eda privilegios fiscales, se les condonaban los impuestos. En los dos \u00faltimos sexenios 400 mil millones de pesos, en condonaciones&#8221;, afirm\u00f3.<\/p>\n<p>Por tal, reiter\u00f3 que emiti\u00f3 un decreto para abolir la condonaci\u00f3n de impuestos a todos, &#8220;se acabaron los privilegios&#8221;. Ante esto, el Presidente sostuvo que la justicia, cuando hay una transformaci\u00f3n, tarda pero llega.<\/p>\n<blockquote class=\"twitter-tweet\" data-width=\"550\" data-dnt=\"true\">\n<p lang=\"es\" dir=\"ltr\">Arranca la gira <a href=\"https:\/\/twitter.com\/hashtag\/IMSSBienestar?src=hash&amp;ref_src=twsrc%5Etfw\">#IMSSBienestar<\/a> de este fin de semana. Iniciamos di\u00e1logo con la comunidad del Hospital Rural Bochil, Chiapas. <a href=\"https:\/\/t.co\/SpSnkasAHH\">https:\/\/t.co\/SpSnkasAHH<\/a><\/p>\n<p>&mdash; Gobierno de M\u00e9xico (@GobiernoMX) <a href=\"https:\/\/twitter.com\/GobiernoMX\/status\/1154839829919592448?ref_src=twsrc%5Etfw\">July 26, 2019<\/a><\/p><\/blockquote>\n<p><script async src=\"https:\/\/platform.twitter.com\/widgets.js\" charset=\"utf-8\"><\/script><\/p>\n<\/div>\n<\/div>\n","protected":false},"excerpt":{"rendered":"<p>No crean que soy tonto, soy colmilludo: L\u00f3pez Obrador a manifestantes<br \/>\nPor Redacci\u00f3n QP<\/p>\n","protected":false},"author":2,"featured_media":33074,"comment_status":"open","ping_status":"open","sticky":false,"template":"","format":"standard","meta":{"_monsterinsights_skip_tracking":false,"_monsterinsights_sitenote_active":false,"_monsterinsights_sitenote_note":"","_monsterinsights_sitenote_category":0,"footnotes":""},"categories":[2],"tags":[],"class_list":["post-33075","post","type-post","status-publish","format-standard","has-post-thumbnail","hentry","category-noticias"],"yoast_head":"<!-- This site is optimized with the Yoast SEO plugin v27.3 - https:\/\/yoast.com\/product\/yoast-seo-wordpress\/ -->\n<title>No crean que soy tonto, soy colmilludo: L\u00f3pez Obrador a manifestantes -<\/title>\n<meta name=\"robots\" content=\"index, follow, max-snippet:-1, max-image-preview:large, max-video-preview:-1\" \/>\n<link rel=\"canonical\" href=\"https:\/\/quehacerpolitico.mx\/?p=33075\" \/>\n<meta property=\"og:locale\" content=\"es_MX\" \/>\n<meta property=\"og:type\" content=\"article\" \/>\n<meta property=\"og:title\" content=\"No crean que soy tonto, soy colmilludo: L\u00f3pez Obrador a manifestantes -\" \/>\n<meta property=\"og:description\" content=\"No crean que soy tonto, soy colmilludo: L\u00f3pez Obrador a manifestantes Por Redacci\u00f3n QP\" \/>\n<meta property=\"og:url\" content=\"https:\/\/quehacerpolitico.mx\/?p=33075\" \/>\n<meta property=\"article:published_time\" content=\"2019-07-27T02:41:44+00:00\" \/>\n<meta name=\"author\" content=\"Redacci\u00f3n QP\" \/>\n<meta name=\"twitter:card\" content=\"summary_large_image\" \/>\n<meta name=\"twitter:label1\" content=\"Escrito por\" \/>\n\t<meta name=\"twitter:data1\" content=\"Redacci\u00f3n QP\" \/>\n\t<meta name=\"twitter:label2\" content=\"Tiempo de lectura\" \/>\n\t<meta name=\"twitter:data2\" content=\"2 minutos\" \/>\n<script type=\"application\/ld+json\" class=\"yoast-schema-graph\">{\"@context\":\"https:\\\/\\\/schema.org\",\"@graph\":[{\"@type\":\"Article\",\"@id\":\"https:\\\/\\\/quehacerpolitico.mx\\\/?p=33075#article\",\"isPartOf\":{\"@id\":\"https:\\\/\\\/quehacerpolitico.mx\\\/?p=33075\"},\"author\":{\"name\":\"Redacci\u00f3n QP\",\"@id\":\"https:\\\/\\\/quehacerpolitico.mx\\\/#\\\/schema\\\/person\\\/496d8ad2d1d3f8036101dca7ee39e585\"},\"headline\":\"No crean que soy tonto, soy colmilludo: L\u00f3pez Obrador a manifestantes\",\"datePublished\":\"2019-07-27T02:41:44+00:00\",\"mainEntityOfPage\":{\"@id\":\"https:\\\/\\\/quehacerpolitico.mx\\\/?p=33075\"},\"wordCount\":507,\"commentCount\":0,\"image\":{\"@id\":\"https:\\\/\\\/quehacerpolitico.mx\\\/?p=33075#primaryimage\"},\"thumbnailUrl\":\"\",\"articleSection\":[\"Noticias\"],\"inLanguage\":\"es\",\"potentialAction\":[{\"@type\":\"CommentAction\",\"name\":\"Comment\",\"target\":[\"https:\\\/\\\/quehacerpolitico.mx\\\/?p=33075#respond\"]}]},{\"@type\":\"WebPage\",\"@id\":\"https:\\\/\\\/quehacerpolitico.mx\\\/?p=33075\",\"url\":\"https:\\\/\\\/quehacerpolitico.mx\\\/?p=33075\",\"name\":\"No crean que soy tonto, soy colmilludo: L\u00f3pez Obrador a manifestantes -\",\"isPartOf\":{\"@id\":\"https:\\\/\\\/quehacerpolitico.mx\\\/#website\"},\"primaryImageOfPage\":{\"@id\":\"https:\\\/\\\/quehacerpolitico.mx\\\/?p=33075#primaryimage\"},\"image\":{\"@id\":\"https:\\\/\\\/quehacerpolitico.mx\\\/?p=33075#primaryimage\"},\"thumbnailUrl\":\"\",\"datePublished\":\"2019-07-27T02:41:44+00:00\",\"author\":{\"@id\":\"https:\\\/\\\/quehacerpolitico.mx\\\/#\\\/schema\\\/person\\\/496d8ad2d1d3f8036101dca7ee39e585\"},\"breadcrumb\":{\"@id\":\"https:\\\/\\\/quehacerpolitico.mx\\\/?p=33075#breadcrumb\"},\"inLanguage\":\"es\",\"potentialAction\":[{\"@type\":\"ReadAction\",\"target\":[\"https:\\\/\\\/quehacerpolitico.mx\\\/?p=33075\"]}]},{\"@type\":\"ImageObject\",\"inLanguage\":\"es\",\"@id\":\"https:\\\/\\\/quehacerpolitico.mx\\\/?p=33075#primaryimage\",\"url\":\"\",\"contentUrl\":\"\"},{\"@type\":\"BreadcrumbList\",\"@id\":\"https:\\\/\\\/quehacerpolitico.mx\\\/?p=33075#breadcrumb\",\"itemListElement\":[{\"@type\":\"ListItem\",\"position\":1,\"name\":\"Inicio\",\"item\":\"https:\\\/\\\/quehacerpolitico.mx\\\/\"},{\"@type\":\"ListItem\",\"position\":2,\"name\":\"No crean que soy tonto, soy colmilludo: L\u00f3pez Obrador a manifestantes\"}]},{\"@type\":\"WebSite\",\"@id\":\"https:\\\/\\\/quehacerpolitico.mx\\\/#website\",\"url\":\"https:\\\/\\\/quehacerpolitico.mx\\\/\",\"name\":\"\",\"description\":\"\",\"potentialAction\":[{\"@type\":\"SearchAction\",\"target\":{\"@type\":\"EntryPoint\",\"urlTemplate\":\"https:\\\/\\\/quehacerpolitico.mx\\\/?s={search_term_string}\"},\"query-input\":{\"@type\":\"PropertyValueSpecification\",\"valueRequired\":true,\"valueName\":\"search_term_string\"}}],\"inLanguage\":\"es\"},{\"@type\":\"Person\",\"@id\":\"https:\\\/\\\/quehacerpolitico.mx\\\/#\\\/schema\\\/person\\\/496d8ad2d1d3f8036101dca7ee39e585\",\"name\":\"Redacci\u00f3n QP\",\"image\":{\"@type\":\"ImageObject\",\"inLanguage\":\"es\",\"@id\":\"https:\\\/\\\/secure.gravatar.com\\\/avatar\\\/c7164ed6fdec453195284ad24a5ae5b6e1eed2b848477fa2a4787ba9adf39a41?s=96&d=mm&r=g\",\"url\":\"https:\\\/\\\/secure.gravatar.com\\\/avatar\\\/c7164ed6fdec453195284ad24a5ae5b6e1eed2b848477fa2a4787ba9adf39a41?s=96&d=mm&r=g\",\"contentUrl\":\"https:\\\/\\\/secure.gravatar.com\\\/avatar\\\/c7164ed6fdec453195284ad24a5ae5b6e1eed2b848477fa2a4787ba9adf39a41?s=96&d=mm&r=g\",\"caption\":\"Redacci\u00f3n QP\"},\"url\":\"https:\\\/\\\/quehacerpolitico.mx\\\/?author=2\"}]}<\/script>\n<!-- \/ Yoast SEO plugin. -->","yoast_head_json":{"title":"No crean que soy tonto, soy colmilludo: L\u00f3pez Obrador a manifestantes -","robots":{"index":"index","follow":"follow","max-snippet":"max-snippet:-1","max-image-preview":"max-image-preview:large","max-video-preview":"max-video-preview:-1"},"canonical":"https:\/\/quehacerpolitico.mx\/?p=33075","og_locale":"es_MX","og_type":"article","og_title":"No crean que soy tonto, soy colmilludo: L\u00f3pez Obrador a manifestantes -","og_description":"No crean que soy tonto, soy colmilludo: L\u00f3pez Obrador a manifestantes Por Redacci\u00f3n QP","og_url":"https:\/\/quehacerpolitico.mx\/?p=33075","article_published_time":"2019-07-27T02:41:44+00:00","author":"Redacci\u00f3n QP","twitter_card":"summary_large_image","twitter_misc":{"Escrito por":"Redacci\u00f3n QP","Tiempo de lectura":"2 minutos"},"schema":{"@context":"https:\/\/schema.org","@graph":[{"@type":"Article","@id":"https:\/\/quehacerpolitico.mx\/?p=33075#article","isPartOf":{"@id":"https:\/\/quehacerpolitico.mx\/?p=33075"},"author":{"name":"Redacci\u00f3n QP","@id":"https:\/\/quehacerpolitico.mx\/#\/schema\/person\/496d8ad2d1d3f8036101dca7ee39e585"},"headline":"No crean que soy tonto, soy colmilludo: L\u00f3pez Obrador a manifestantes","datePublished":"2019-07-27T02:41:44+00:00","mainEntityOfPage":{"@id":"https:\/\/quehacerpolitico.mx\/?p=33075"},"wordCount":507,"commentCount":0,"image":{"@id":"https:\/\/quehacerpolitico.mx\/?p=33075#primaryimage"},"thumbnailUrl":"","articleSection":["Noticias"],"inLanguage":"es","potentialAction":[{"@type":"CommentAction","name":"Comment","target":["https:\/\/quehacerpolitico.mx\/?p=33075#respond"]}]},{"@type":"WebPage","@id":"https:\/\/quehacerpolitico.mx\/?p=33075","url":"https:\/\/quehacerpolitico.mx\/?p=33075","name":"No crean que soy tonto, soy colmilludo: L\u00f3pez Obrador a manifestantes -","isPartOf":{"@id":"https:\/\/quehacerpolitico.mx\/#website"},"primaryImageOfPage":{"@id":"https:\/\/quehacerpolitico.mx\/?p=33075#primaryimage"},"image":{"@id":"https:\/\/quehacerpolitico.mx\/?p=33075#primaryimage"},"thumbnailUrl":"","datePublished":"2019-07-27T02:41:44+00:00","author":{"@id":"https:\/\/quehacerpolitico.mx\/#\/schema\/person\/496d8ad2d1d3f8036101dca7ee39e585"},"breadcrumb":{"@id":"https:\/\/quehacerpolitico.mx\/?p=33075#breadcrumb"},"inLanguage":"es","potentialAction":[{"@type":"ReadAction","target":["https:\/\/quehacerpolitico.mx\/?p=33075"]}]},{"@type":"ImageObject","inLanguage":"es","@id":"https:\/\/quehacerpolitico.mx\/?p=33075#primaryimage","url":"","contentUrl":""},{"@type":"BreadcrumbList","@id":"https:\/\/quehacerpolitico.mx\/?p=33075#breadcrumb","itemListElement":[{"@type":"ListItem","position":1,"name":"Inicio","item":"https:\/\/quehacerpolitico.mx\/"},{"@type":"ListItem","position":2,"name":"No crean que soy tonto, soy colmilludo: L\u00f3pez Obrador a manifestantes"}]},{"@type":"WebSite","@id":"https:\/\/quehacerpolitico.mx\/#website","url":"https:\/\/quehacerpolitico.mx\/","name":"","description":"","potentialAction":[{"@type":"SearchAction","target":{"@type":"EntryPoint","urlTemplate":"https:\/\/quehacerpolitico.mx\/?s={search_term_string}"},"query-input":{"@type":"PropertyValueSpecification","valueRequired":true,"valueName":"search_term_string"}}],"inLanguage":"es"},{"@type":"Person","@id":"https:\/\/quehacerpolitico.mx\/#\/schema\/person\/496d8ad2d1d3f8036101dca7ee39e585","name":"Redacci\u00f3n QP","image":{"@type":"ImageObject","inLanguage":"es","@id":"https:\/\/secure.gravatar.com\/avatar\/c7164ed6fdec453195284ad24a5ae5b6e1eed2b848477fa2a4787ba9adf39a41?s=96&d=mm&r=g","url":"https:\/\/secure.gravatar.com\/avatar\/c7164ed6fdec453195284ad24a5ae5b6e1eed2b848477fa2a4787ba9adf39a41?s=96&d=mm&r=g","contentUrl":"https:\/\/secure.gravatar.com\/avatar\/c7164ed6fdec453195284ad24a5ae5b6e1eed2b848477fa2a4787ba9adf39a41?s=96&d=mm&r=g","caption":"Redacci\u00f3n QP"},"url":"https:\/\/quehacerpolitico.mx\/?author=2"}]}},"featured_image_urls":{"full":"","thumbnail":"","medium":"","medium_large":"","large":"","1536x1536":"","2048x2048":"","covernews-featured":"","covernews-medium":""},"author_info":{"display_name":"Redacci\u00f3n QP","author_link":"https:\/\/quehacerpolitico.mx\/?author=2"},"category_info":"<a href=\"https:\/\/quehacerpolitico.mx\/?cat=2\" rel=\"category\">Noticias<\/a>","tag_info":"Noticias","comment_count":"0","_links":{"self":[{"href":"https:\/\/quehacerpolitico.mx\/index.php?rest_route=\/wp\/v2\/posts\/33075","targetHints":{"allow":["GET"]}}],"collection":[{"href":"https:\/\/quehacerpolitico.mx\/index.php?rest_route=\/wp\/v2\/posts"}],"about":[{"href":"https:\/\/quehacerpolitico.mx\/index.php?rest_route=\/wp\/v2\/types\/post"}],"author":[{"embeddable":true,"href":"https:\/\/quehacerpolitico.mx\/index.php?rest_route=\/wp\/v2\/users\/2"}],"replies":[{"embeddable":true,"href":"https:\/\/quehacerpolitico.mx\/index.php?rest_route=%2Fwp%2Fv2%2Fcomments&post=33075"}],"version-history":[{"count":0,"href":"https:\/\/quehacerpolitico.mx\/index.php?rest_route=\/wp\/v2\/posts\/33075\/revisions"}],"wp:featuredmedia":[{"embeddable":true,"href":"https:\/\/quehacerpolitico.mx\/index.php?rest_route=\/"}],"wp:attachment":[{"href":"https:\/\/quehacerpolitico.mx\/index.php?rest_route=%2Fwp%2Fv2%2Fmedia&parent=33075"}],"wp:term":[{"taxonomy":"category","embeddable":true,"href":"https:\/\/quehacerpolitico.mx\/index.php?rest_route=%2Fwp%2Fv2%2Fcategories&post=33075"},{"taxonomy":"post_tag","embeddable":true,"href":"https:\/\/quehacerpolitico.mx\/index.php?rest_route=%2Fwp%2Fv2%2Ftags&post=33075"}],"curies":[{"name":"wp","href":"https:\/\/api.w.org\/{rel}","templated":true}]}}