{"id":3307,"date":"2018-08-28T14:18:24","date_gmt":"2018-08-28T14:18:24","guid":{"rendered":"http:\/\/quehacerpolitico.mx\/insensato-quitar-fuerzas-armadas-de-las-calles-cndh\/"},"modified":"2018-08-28T14:18:24","modified_gmt":"2018-08-28T14:18:24","slug":"insensato-quitar-fuerzas-armadas-de-las-calles-cndh","status":"publish","type":"post","link":"https:\/\/quehacerpolitico.mx\/?p=3307","title":{"rendered":"Insensato quitar fuerzas armadas de las calles: CNDH"},"content":{"rendered":"<p>Aunque la participaci\u00f3n de las Fuerzas Armadas en labores de seguridad debe ser acotada y transitoria, \u201cen estos momentos ser\u00eda insensato que se les regresara a los cuarteles\u201d, dijo el presidente de la Comisi\u00f3n Nacional de los Derechos Humanos (CNDH), Luis Ra\u00fal Gonz\u00e1lez P\u00e9rez. <\/p>\n<p>\u00a0Durante la ceremonia de inauguraci\u00f3n del seminario \u201cLos Derechos Humanos de los Pueblos y Comunidades Ind\u00edgenas frente a los proyectos de Desarrollo\u201d, se\u00f1al\u00f3 que el retiro de las fuerzas militares debe ir aparejado de la profesionalizaci\u00f3n de los cuerpos de seguridad. <\/p>\n<p>\u201cHemos dicho que ser\u00eda insensato que ahorita se regresara a las fuerzas militares a los cuarteles, pero tiene que haber un plan, una hoja ruta de retorno verificable, puntual y, en paralelo, la profesionalizaci\u00f3n de las fuerzas de seguridad, que no ha ocurrido en m\u00e1s de 12 a\u00f1os, y que es lo que mantiene a las fuerzas armadas en las calles\u201d, expres\u00f3. <\/p>\n<p>Adem\u00e1s, consider\u00f3 que debe haber una definici\u00f3n clara sobre la Ley de Seguridad Interna, misma que impugn\u00f3 la CNDH en la Suprema Corte de Justicia de la Naci\u00f3n (SCJN), porque tiene aspectos de inconstitucionalidad, ya que el federalismo invade atribuciones que son propias de las entidades federativas. <\/p>\n<p>Sobre la construcci\u00f3n del Tren Maya para el sureste, Gonz\u00e1lez P\u00e9rez resalt\u00f3 que es necesario consultar a los pueblos ind\u00edgenas. \u201cTiene que consultarse y creo que as\u00ed se anunci\u00f3 el pasado fin de semana; nos alienta que haya consultas previas libres, sin presi\u00f3n, informadas, es decir, que se d\u00e9 todo el conocimiento de las implicaciones que tengan los diferentes proyectos\u201d, se\u00f1al\u00f3. <\/p>\n<p>\u201cCreemos que es un aliciente saber que cualquier proyecto y megaproyecto se llevar\u00e1 a cabo, previa consulta de los pueblos y las \u00a0comunidades ind\u00edgenas. La Constituci\u00f3n de M\u00e9xico prev\u00e9 consultar a los pueblos ind\u00edgenas en la elaboraci\u00f3n del Plan Nacional de Desarrollo y de los planes de las entidades federativas y de los municipios\u201d, as\u00ed como \u201cincorporar las recomendaciones y propuestas que realicen\u201d, dijo.\u00a0<\/p>\n","protected":false},"excerpt":{"rendered":"<p>Luis Ra\u00fal Gonz\u00e1lez P\u00e9rez, presidente de la CNDH, se\u00f1ala que la desmilitarizaci\u00f3n de las calles debe ser progresiva y depende de la profesionalizaci\u00f3n de las fuerzas de seguridad<br \/>\nPor Redaccion QP<\/p>\n","protected":false},"author":2,"featured_media":3306,"comment_status":"open","ping_status":"open","sticky":false,"template":"","format":"standard","meta":{"_monsterinsights_skip_tracking":false,"_monsterinsights_sitenote_active":false,"_monsterinsights_sitenote_note":"","_monsterinsights_sitenote_category":0,"footnotes":""},"categories":[2],"tags":[],"class_list":["post-3307","post","type-post","status-publish","format-standard","has-post-thumbnail","hentry","category-noticias"],"yoast_head":"<!-- This site is optimized with the Yoast SEO plugin v27.3 - https:\/\/yoast.com\/product\/yoast-seo-wordpress\/ -->\n<title>Insensato quitar fuerzas armadas de las calles: CNDH -<\/title>\n<meta name=\"robots\" content=\"index, follow, max-snippet:-1, max-image-preview:large, max-video-preview:-1\" \/>\n<link rel=\"canonical\" href=\"https:\/\/quehacerpolitico.mx\/?p=3307\" \/>\n<meta property=\"og:locale\" content=\"es_MX\" \/>\n<meta property=\"og:type\" content=\"article\" \/>\n<meta property=\"og:title\" content=\"Insensato quitar fuerzas armadas de las calles: CNDH -\" \/>\n<meta property=\"og:description\" content=\"Luis Ra\u00fal Gonz\u00e1lez P\u00e9rez, presidente de la CNDH, se\u00f1ala que la desmilitarizaci\u00f3n de las calles debe ser progresiva y depende de la profesionalizaci\u00f3n de las fuerzas de seguridad Por Redaccion QP\" \/>\n<meta property=\"og:url\" content=\"https:\/\/quehacerpolitico.mx\/?p=3307\" \/>\n<meta property=\"article:published_time\" content=\"2018-08-28T14:18:24+00:00\" \/>\n<meta name=\"author\" content=\"Redacci\u00f3n QP\" \/>\n<meta name=\"twitter:card\" content=\"summary_large_image\" \/>\n<meta name=\"twitter:label1\" content=\"Escrito por\" \/>\n\t<meta name=\"twitter:data1\" content=\"Redacci\u00f3n QP\" \/>\n\t<meta name=\"twitter:label2\" content=\"Tiempo de lectura\" \/>\n\t<meta name=\"twitter:data2\" content=\"2 minutos\" \/>\n<script type=\"application\/ld+json\" class=\"yoast-schema-graph\">{\"@context\":\"https:\\\/\\\/schema.org\",\"@graph\":[{\"@type\":\"Article\",\"@id\":\"https:\\\/\\\/quehacerpolitico.mx\\\/?p=3307#article\",\"isPartOf\":{\"@id\":\"https:\\\/\\\/quehacerpolitico.mx\\\/?p=3307\"},\"author\":{\"name\":\"Redacci\u00f3n QP\",\"@id\":\"https:\\\/\\\/quehacerpolitico.mx\\\/#\\\/schema\\\/person\\\/496d8ad2d1d3f8036101dca7ee39e585\"},\"headline\":\"Insensato quitar fuerzas armadas de las calles: CNDH\",\"datePublished\":\"2018-08-28T14:18:24+00:00\",\"mainEntityOfPage\":{\"@id\":\"https:\\\/\\\/quehacerpolitico.mx\\\/?p=3307\"},\"wordCount\":354,\"commentCount\":0,\"image\":{\"@id\":\"https:\\\/\\\/quehacerpolitico.mx\\\/?p=3307#primaryimage\"},\"thumbnailUrl\":\"\",\"articleSection\":[\"Noticias\"],\"inLanguage\":\"es\",\"potentialAction\":[{\"@type\":\"CommentAction\",\"name\":\"Comment\",\"target\":[\"https:\\\/\\\/quehacerpolitico.mx\\\/?p=3307#respond\"]}]},{\"@type\":\"WebPage\",\"@id\":\"https:\\\/\\\/quehacerpolitico.mx\\\/?p=3307\",\"url\":\"https:\\\/\\\/quehacerpolitico.mx\\\/?p=3307\",\"name\":\"Insensato quitar fuerzas armadas de las calles: CNDH -\",\"isPartOf\":{\"@id\":\"https:\\\/\\\/quehacerpolitico.mx\\\/#website\"},\"primaryImageOfPage\":{\"@id\":\"https:\\\/\\\/quehacerpolitico.mx\\\/?p=3307#primaryimage\"},\"image\":{\"@id\":\"https:\\\/\\\/quehacerpolitico.mx\\\/?p=3307#primaryimage\"},\"thumbnailUrl\":\"\",\"datePublished\":\"2018-08-28T14:18:24+00:00\",\"author\":{\"@id\":\"https:\\\/\\\/quehacerpolitico.mx\\\/#\\\/schema\\\/person\\\/496d8ad2d1d3f8036101dca7ee39e585\"},\"breadcrumb\":{\"@id\":\"https:\\\/\\\/quehacerpolitico.mx\\\/?p=3307#breadcrumb\"},\"inLanguage\":\"es\",\"potentialAction\":[{\"@type\":\"ReadAction\",\"target\":[\"https:\\\/\\\/quehacerpolitico.mx\\\/?p=3307\"]}]},{\"@type\":\"ImageObject\",\"inLanguage\":\"es\",\"@id\":\"https:\\\/\\\/quehacerpolitico.mx\\\/?p=3307#primaryimage\",\"url\":\"\",\"contentUrl\":\"\"},{\"@type\":\"BreadcrumbList\",\"@id\":\"https:\\\/\\\/quehacerpolitico.mx\\\/?p=3307#breadcrumb\",\"itemListElement\":[{\"@type\":\"ListItem\",\"position\":1,\"name\":\"Inicio\",\"item\":\"https:\\\/\\\/quehacerpolitico.mx\\\/\"},{\"@type\":\"ListItem\",\"position\":2,\"name\":\"Insensato quitar fuerzas armadas de las calles: CNDH\"}]},{\"@type\":\"WebSite\",\"@id\":\"https:\\\/\\\/quehacerpolitico.mx\\\/#website\",\"url\":\"https:\\\/\\\/quehacerpolitico.mx\\\/\",\"name\":\"\",\"description\":\"\",\"potentialAction\":[{\"@type\":\"SearchAction\",\"target\":{\"@type\":\"EntryPoint\",\"urlTemplate\":\"https:\\\/\\\/quehacerpolitico.mx\\\/?s={search_term_string}\"},\"query-input\":{\"@type\":\"PropertyValueSpecification\",\"valueRequired\":true,\"valueName\":\"search_term_string\"}}],\"inLanguage\":\"es\"},{\"@type\":\"Person\",\"@id\":\"https:\\\/\\\/quehacerpolitico.mx\\\/#\\\/schema\\\/person\\\/496d8ad2d1d3f8036101dca7ee39e585\",\"name\":\"Redacci\u00f3n QP\",\"image\":{\"@type\":\"ImageObject\",\"inLanguage\":\"es\",\"@id\":\"https:\\\/\\\/secure.gravatar.com\\\/avatar\\\/c7164ed6fdec453195284ad24a5ae5b6e1eed2b848477fa2a4787ba9adf39a41?s=96&d=mm&r=g\",\"url\":\"https:\\\/\\\/secure.gravatar.com\\\/avatar\\\/c7164ed6fdec453195284ad24a5ae5b6e1eed2b848477fa2a4787ba9adf39a41?s=96&d=mm&r=g\",\"contentUrl\":\"https:\\\/\\\/secure.gravatar.com\\\/avatar\\\/c7164ed6fdec453195284ad24a5ae5b6e1eed2b848477fa2a4787ba9adf39a41?s=96&d=mm&r=g\",\"caption\":\"Redacci\u00f3n QP\"},\"url\":\"https:\\\/\\\/quehacerpolitico.mx\\\/?author=2\"}]}<\/script>\n<!-- \/ Yoast SEO plugin. -->","yoast_head_json":{"title":"Insensato quitar fuerzas armadas de las calles: CNDH -","robots":{"index":"index","follow":"follow","max-snippet":"max-snippet:-1","max-image-preview":"max-image-preview:large","max-video-preview":"max-video-preview:-1"},"canonical":"https:\/\/quehacerpolitico.mx\/?p=3307","og_locale":"es_MX","og_type":"article","og_title":"Insensato quitar fuerzas armadas de las calles: CNDH -","og_description":"Luis Ra\u00fal Gonz\u00e1lez P\u00e9rez, presidente de la CNDH, se\u00f1ala que la desmilitarizaci\u00f3n de las calles debe ser progresiva y depende de la profesionalizaci\u00f3n de las fuerzas de seguridad Por Redaccion QP","og_url":"https:\/\/quehacerpolitico.mx\/?p=3307","article_published_time":"2018-08-28T14:18:24+00:00","author":"Redacci\u00f3n QP","twitter_card":"summary_large_image","twitter_misc":{"Escrito por":"Redacci\u00f3n QP","Tiempo de lectura":"2 minutos"},"schema":{"@context":"https:\/\/schema.org","@graph":[{"@type":"Article","@id":"https:\/\/quehacerpolitico.mx\/?p=3307#article","isPartOf":{"@id":"https:\/\/quehacerpolitico.mx\/?p=3307"},"author":{"name":"Redacci\u00f3n QP","@id":"https:\/\/quehacerpolitico.mx\/#\/schema\/person\/496d8ad2d1d3f8036101dca7ee39e585"},"headline":"Insensato quitar fuerzas armadas de las calles: CNDH","datePublished":"2018-08-28T14:18:24+00:00","mainEntityOfPage":{"@id":"https:\/\/quehacerpolitico.mx\/?p=3307"},"wordCount":354,"commentCount":0,"image":{"@id":"https:\/\/quehacerpolitico.mx\/?p=3307#primaryimage"},"thumbnailUrl":"","articleSection":["Noticias"],"inLanguage":"es","potentialAction":[{"@type":"CommentAction","name":"Comment","target":["https:\/\/quehacerpolitico.mx\/?p=3307#respond"]}]},{"@type":"WebPage","@id":"https:\/\/quehacerpolitico.mx\/?p=3307","url":"https:\/\/quehacerpolitico.mx\/?p=3307","name":"Insensato quitar fuerzas armadas de las calles: CNDH -","isPartOf":{"@id":"https:\/\/quehacerpolitico.mx\/#website"},"primaryImageOfPage":{"@id":"https:\/\/quehacerpolitico.mx\/?p=3307#primaryimage"},"image":{"@id":"https:\/\/quehacerpolitico.mx\/?p=3307#primaryimage"},"thumbnailUrl":"","datePublished":"2018-08-28T14:18:24+00:00","author":{"@id":"https:\/\/quehacerpolitico.mx\/#\/schema\/person\/496d8ad2d1d3f8036101dca7ee39e585"},"breadcrumb":{"@id":"https:\/\/quehacerpolitico.mx\/?p=3307#breadcrumb"},"inLanguage":"es","potentialAction":[{"@type":"ReadAction","target":["https:\/\/quehacerpolitico.mx\/?p=3307"]}]},{"@type":"ImageObject","inLanguage":"es","@id":"https:\/\/quehacerpolitico.mx\/?p=3307#primaryimage","url":"","contentUrl":""},{"@type":"BreadcrumbList","@id":"https:\/\/quehacerpolitico.mx\/?p=3307#breadcrumb","itemListElement":[{"@type":"ListItem","position":1,"name":"Inicio","item":"https:\/\/quehacerpolitico.mx\/"},{"@type":"ListItem","position":2,"name":"Insensato quitar fuerzas armadas de las calles: CNDH"}]},{"@type":"WebSite","@id":"https:\/\/quehacerpolitico.mx\/#website","url":"https:\/\/quehacerpolitico.mx\/","name":"","description":"","potentialAction":[{"@type":"SearchAction","target":{"@type":"EntryPoint","urlTemplate":"https:\/\/quehacerpolitico.mx\/?s={search_term_string}"},"query-input":{"@type":"PropertyValueSpecification","valueRequired":true,"valueName":"search_term_string"}}],"inLanguage":"es"},{"@type":"Person","@id":"https:\/\/quehacerpolitico.mx\/#\/schema\/person\/496d8ad2d1d3f8036101dca7ee39e585","name":"Redacci\u00f3n QP","image":{"@type":"ImageObject","inLanguage":"es","@id":"https:\/\/secure.gravatar.com\/avatar\/c7164ed6fdec453195284ad24a5ae5b6e1eed2b848477fa2a4787ba9adf39a41?s=96&d=mm&r=g","url":"https:\/\/secure.gravatar.com\/avatar\/c7164ed6fdec453195284ad24a5ae5b6e1eed2b848477fa2a4787ba9adf39a41?s=96&d=mm&r=g","contentUrl":"https:\/\/secure.gravatar.com\/avatar\/c7164ed6fdec453195284ad24a5ae5b6e1eed2b848477fa2a4787ba9adf39a41?s=96&d=mm&r=g","caption":"Redacci\u00f3n QP"},"url":"https:\/\/quehacerpolitico.mx\/?author=2"}]}},"featured_image_urls":{"full":"","thumbnail":"","medium":"","medium_large":"","large":"","1536x1536":"","2048x2048":"","covernews-featured":"","covernews-medium":""},"author_info":{"display_name":"Redacci\u00f3n QP","author_link":"https:\/\/quehacerpolitico.mx\/?author=2"},"category_info":"<a href=\"https:\/\/quehacerpolitico.mx\/?cat=2\" rel=\"category\">Noticias<\/a>","tag_info":"Noticias","comment_count":"0","_links":{"self":[{"href":"https:\/\/quehacerpolitico.mx\/index.php?rest_route=\/wp\/v2\/posts\/3307","targetHints":{"allow":["GET"]}}],"collection":[{"href":"https:\/\/quehacerpolitico.mx\/index.php?rest_route=\/wp\/v2\/posts"}],"about":[{"href":"https:\/\/quehacerpolitico.mx\/index.php?rest_route=\/wp\/v2\/types\/post"}],"author":[{"embeddable":true,"href":"https:\/\/quehacerpolitico.mx\/index.php?rest_route=\/wp\/v2\/users\/2"}],"replies":[{"embeddable":true,"href":"https:\/\/quehacerpolitico.mx\/index.php?rest_route=%2Fwp%2Fv2%2Fcomments&post=3307"}],"version-history":[{"count":0,"href":"https:\/\/quehacerpolitico.mx\/index.php?rest_route=\/wp\/v2\/posts\/3307\/revisions"}],"wp:featuredmedia":[{"embeddable":true,"href":"https:\/\/quehacerpolitico.mx\/index.php?rest_route=\/"}],"wp:attachment":[{"href":"https:\/\/quehacerpolitico.mx\/index.php?rest_route=%2Fwp%2Fv2%2Fmedia&parent=3307"}],"wp:term":[{"taxonomy":"category","embeddable":true,"href":"https:\/\/quehacerpolitico.mx\/index.php?rest_route=%2Fwp%2Fv2%2Fcategories&post=3307"},{"taxonomy":"post_tag","embeddable":true,"href":"https:\/\/quehacerpolitico.mx\/index.php?rest_route=%2Fwp%2Fv2%2Ftags&post=3307"}],"curies":[{"name":"wp","href":"https:\/\/api.w.org\/{rel}","templated":true}]}}