{"id":33051,"date":"2019-07-26T15:17:42","date_gmt":"2019-07-26T15:17:42","guid":{"rendered":"http:\/\/quehacerpolitico.mx\/descarta-lopez-obrador-intervencionismo-en-el-pais\/"},"modified":"2019-07-26T15:17:42","modified_gmt":"2019-07-26T15:17:42","slug":"descarta-lopez-obrador-intervencionismo-en-el-pais","status":"publish","type":"post","link":"https:\/\/quehacerpolitico.mx\/?p=33051","title":{"rendered":"Descarta L\u00f3pez Obrador intervencionismo en el pa\u00eds"},"content":{"rendered":"<p>Descarta L\u00f3pez Obrador intervencionismo en el pa\u00eds<\/p>\n<p>Por Redacci\u00f3n QP<\/p>\n<p>Luego de los hechos ocurridos en Plaza Artz donde murieron dos presuntos criminales israel\u00edes, el presidente Andr\u00e9s Manuel L\u00f3pez Obrador descart\u00f3 cualquier tipo de intervencionismo en el pa\u00eds o riesgo de seguridad interior.<\/p>\n<p>Por el contrario, asegur\u00f3, hay un trabajo conjunto de cooperaci\u00f3n de secretar\u00edas como Defensa Nacional, Marina, Seguridad Ciudadana y Gobernaci\u00f3n, incluso de la embajada de Israel en M\u00e9xico, para proteger la seguridad nacional.<\/p>\n<p>En su conferencia de prensa matutina, afirm\u00f3 que no hay riesgo de que M\u00e9xico se convierta en centro de operaciones de la delincuencia, \u201cse toman medidas las que se aconsejan en estos casos, pero no es algo alarmante\u201d.<\/p>\n<p>En Palacio Nacional, reiter\u00f3 que las personas que perdieron la vida el pasado mi\u00e9rcoles en Plaza Artz ten\u00edan antecedentes de participar en actos il\u00edcitos, de acuerdo a los reportes que incluso present\u00f3 la embajada de Israel en M\u00e9xico.<\/p>\n<p>Aunque dijo que el gobierno de la Ciudad de M\u00e9xico ha actuado, no descart\u00f3 que la Fiscal\u00eda General de la Rep\u00fablica (FGR) atraiga el asunto porque tiene que ver con delincuencia organizada. \u201cTenemos informaci\u00f3n de todo lo que pasa en el pa\u00eds, pero hay cosas que no podemos decir (\u2026) no quiero adelantar nada\u201d.<\/p>\n<p>Por otra parte, el Ejecutivo federal sostuvo que no existe ning\u00fan riesgo en su gobierno pues aunque existen cr\u00edticas y cuestionamientos, son leg\u00edtimos en una democracia, donde la regla es la transparencia, sobre todo cuando se llevan a cabo cambios y hay una transformaci\u00f3n.<\/p>\n<p>Subray\u00f3 que con argumentos s\u00f3lidos, quien al final decide es la gente, porque en su gobierno no hay imposiciones, ahora \u201chasta los m\u00e1s humildes opinan y participan, ese fue el cambio; bienvenidas las discrepancias, qu\u00e9 bien que hay cuestionamientos y cr\u00edticas\u201d.<\/p>\n<p>\u201cAhora debemos felicitarnos porque es una sociedad viva, hay cuestionamientos y debate, y eso significa que estamos avanzando como pa\u00eds, que hay m\u00e1s desarrollo pol\u00edtico y m\u00e1s desarrollo democr\u00e1tico\u201d, asent\u00f3.<\/p>\n<p>En el caso de su pr\u00f3xima estancia en Palacio Nacional como vivienda, se\u00f1al\u00f3 que en breve dar\u00e1 a conocer las dimensiones del departamento que ocupar\u00e1, el cual, asegur\u00f3, fue construido por Felipe Calder\u00f3n Hinojosa y conservado por Enrique Pe\u00f1a Nieto, y no se sab\u00eda pero ahora est\u00e1 midiendo e inventariando.<\/p>\n<p>L\u00f3pez Obrador aclar\u00f3 sin embargo el resto de los salones de Palacio se quedan como est\u00e1n porque son parte del patrimonio hist\u00f3rico cultural del pa\u00eds que no se usan, excepto el despacho presidencial y el sal\u00f3n y balc\u00f3n principales, para del Grito de Independencia.<\/p>\n<p>Con Informaci\u00f3n de NTX\u00a0<\/p>\n<blockquote class=\"twitter-tweet\" data-width=\"550\" data-dnt=\"true\">\n<p lang=\"es\" dir=\"ltr\">La Cuarta Transformaci\u00f3n significa debate, an\u00e1lisis cr\u00edtico y di\u00e1logo horizontal. Conferencia matutina. <a href=\"https:\/\/t.co\/EWDQWhBmkT\">https:\/\/t.co\/EWDQWhBmkT<\/a><\/p>\n<p>&mdash; Andr\u00e9s Manuel (@lopezobrador_) <a href=\"https:\/\/twitter.com\/lopezobrador_\/status\/1154720807697842176?ref_src=twsrc%5Etfw\">July 26, 2019<\/a><\/p><\/blockquote>\n<p><script async src=\"https:\/\/platform.twitter.com\/widgets.js\" charset=\"utf-8\"><\/script><\/p>\n","protected":false},"excerpt":{"rendered":"<p>Descarta L\u00f3pez Obrador intervencionismo en el pa\u00eds<br \/>\nPor Redacci\u00f3n QP<\/p>\n","protected":false},"author":2,"featured_media":33050,"comment_status":"open","ping_status":"open","sticky":false,"template":"","format":"standard","meta":{"_monsterinsights_skip_tracking":false,"_monsterinsights_sitenote_active":false,"_monsterinsights_sitenote_note":"","_monsterinsights_sitenote_category":0,"footnotes":""},"categories":[2],"tags":[],"class_list":["post-33051","post","type-post","status-publish","format-standard","has-post-thumbnail","hentry","category-noticias"],"yoast_head":"<!-- This site is optimized with the Yoast SEO plugin v27.3 - https:\/\/yoast.com\/product\/yoast-seo-wordpress\/ -->\n<title>Descarta L\u00f3pez Obrador intervencionismo en el pa\u00eds -<\/title>\n<meta name=\"robots\" content=\"index, follow, max-snippet:-1, max-image-preview:large, max-video-preview:-1\" \/>\n<link rel=\"canonical\" href=\"https:\/\/quehacerpolitico.mx\/?p=33051\" \/>\n<meta property=\"og:locale\" content=\"es_MX\" \/>\n<meta property=\"og:type\" content=\"article\" \/>\n<meta property=\"og:title\" content=\"Descarta L\u00f3pez Obrador intervencionismo en el pa\u00eds -\" \/>\n<meta property=\"og:description\" content=\"Descarta L\u00f3pez Obrador intervencionismo en el pa\u00eds Por Redacci\u00f3n QP\" \/>\n<meta property=\"og:url\" content=\"https:\/\/quehacerpolitico.mx\/?p=33051\" \/>\n<meta property=\"article:published_time\" content=\"2019-07-26T15:17:42+00:00\" \/>\n<meta name=\"author\" content=\"Redacci\u00f3n QP\" \/>\n<meta name=\"twitter:card\" content=\"summary_large_image\" \/>\n<meta name=\"twitter:label1\" content=\"Escrito por\" \/>\n\t<meta name=\"twitter:data1\" content=\"Redacci\u00f3n QP\" \/>\n\t<meta name=\"twitter:label2\" content=\"Tiempo de lectura\" \/>\n\t<meta name=\"twitter:data2\" content=\"2 minutos\" \/>\n<script type=\"application\/ld+json\" class=\"yoast-schema-graph\">{\"@context\":\"https:\\\/\\\/schema.org\",\"@graph\":[{\"@type\":\"Article\",\"@id\":\"https:\\\/\\\/quehacerpolitico.mx\\\/?p=33051#article\",\"isPartOf\":{\"@id\":\"https:\\\/\\\/quehacerpolitico.mx\\\/?p=33051\"},\"author\":{\"name\":\"Redacci\u00f3n QP\",\"@id\":\"https:\\\/\\\/quehacerpolitico.mx\\\/#\\\/schema\\\/person\\\/496d8ad2d1d3f8036101dca7ee39e585\"},\"headline\":\"Descarta L\u00f3pez Obrador intervencionismo en el pa\u00eds\",\"datePublished\":\"2019-07-26T15:17:42+00:00\",\"mainEntityOfPage\":{\"@id\":\"https:\\\/\\\/quehacerpolitico.mx\\\/?p=33051\"},\"wordCount\":478,\"commentCount\":0,\"image\":{\"@id\":\"https:\\\/\\\/quehacerpolitico.mx\\\/?p=33051#primaryimage\"},\"thumbnailUrl\":\"\",\"articleSection\":[\"Noticias\"],\"inLanguage\":\"es\",\"potentialAction\":[{\"@type\":\"CommentAction\",\"name\":\"Comment\",\"target\":[\"https:\\\/\\\/quehacerpolitico.mx\\\/?p=33051#respond\"]}]},{\"@type\":\"WebPage\",\"@id\":\"https:\\\/\\\/quehacerpolitico.mx\\\/?p=33051\",\"url\":\"https:\\\/\\\/quehacerpolitico.mx\\\/?p=33051\",\"name\":\"Descarta L\u00f3pez Obrador intervencionismo en el pa\u00eds -\",\"isPartOf\":{\"@id\":\"https:\\\/\\\/quehacerpolitico.mx\\\/#website\"},\"primaryImageOfPage\":{\"@id\":\"https:\\\/\\\/quehacerpolitico.mx\\\/?p=33051#primaryimage\"},\"image\":{\"@id\":\"https:\\\/\\\/quehacerpolitico.mx\\\/?p=33051#primaryimage\"},\"thumbnailUrl\":\"\",\"datePublished\":\"2019-07-26T15:17:42+00:00\",\"author\":{\"@id\":\"https:\\\/\\\/quehacerpolitico.mx\\\/#\\\/schema\\\/person\\\/496d8ad2d1d3f8036101dca7ee39e585\"},\"breadcrumb\":{\"@id\":\"https:\\\/\\\/quehacerpolitico.mx\\\/?p=33051#breadcrumb\"},\"inLanguage\":\"es\",\"potentialAction\":[{\"@type\":\"ReadAction\",\"target\":[\"https:\\\/\\\/quehacerpolitico.mx\\\/?p=33051\"]}]},{\"@type\":\"ImageObject\",\"inLanguage\":\"es\",\"@id\":\"https:\\\/\\\/quehacerpolitico.mx\\\/?p=33051#primaryimage\",\"url\":\"\",\"contentUrl\":\"\"},{\"@type\":\"BreadcrumbList\",\"@id\":\"https:\\\/\\\/quehacerpolitico.mx\\\/?p=33051#breadcrumb\",\"itemListElement\":[{\"@type\":\"ListItem\",\"position\":1,\"name\":\"Inicio\",\"item\":\"https:\\\/\\\/quehacerpolitico.mx\\\/\"},{\"@type\":\"ListItem\",\"position\":2,\"name\":\"Descarta L\u00f3pez Obrador intervencionismo en el pa\u00eds\"}]},{\"@type\":\"WebSite\",\"@id\":\"https:\\\/\\\/quehacerpolitico.mx\\\/#website\",\"url\":\"https:\\\/\\\/quehacerpolitico.mx\\\/\",\"name\":\"\",\"description\":\"\",\"potentialAction\":[{\"@type\":\"SearchAction\",\"target\":{\"@type\":\"EntryPoint\",\"urlTemplate\":\"https:\\\/\\\/quehacerpolitico.mx\\\/?s={search_term_string}\"},\"query-input\":{\"@type\":\"PropertyValueSpecification\",\"valueRequired\":true,\"valueName\":\"search_term_string\"}}],\"inLanguage\":\"es\"},{\"@type\":\"Person\",\"@id\":\"https:\\\/\\\/quehacerpolitico.mx\\\/#\\\/schema\\\/person\\\/496d8ad2d1d3f8036101dca7ee39e585\",\"name\":\"Redacci\u00f3n QP\",\"image\":{\"@type\":\"ImageObject\",\"inLanguage\":\"es\",\"@id\":\"https:\\\/\\\/secure.gravatar.com\\\/avatar\\\/c7164ed6fdec453195284ad24a5ae5b6e1eed2b848477fa2a4787ba9adf39a41?s=96&d=mm&r=g\",\"url\":\"https:\\\/\\\/secure.gravatar.com\\\/avatar\\\/c7164ed6fdec453195284ad24a5ae5b6e1eed2b848477fa2a4787ba9adf39a41?s=96&d=mm&r=g\",\"contentUrl\":\"https:\\\/\\\/secure.gravatar.com\\\/avatar\\\/c7164ed6fdec453195284ad24a5ae5b6e1eed2b848477fa2a4787ba9adf39a41?s=96&d=mm&r=g\",\"caption\":\"Redacci\u00f3n QP\"},\"url\":\"https:\\\/\\\/quehacerpolitico.mx\\\/?author=2\"}]}<\/script>\n<!-- \/ Yoast SEO plugin. -->","yoast_head_json":{"title":"Descarta L\u00f3pez Obrador intervencionismo en el pa\u00eds -","robots":{"index":"index","follow":"follow","max-snippet":"max-snippet:-1","max-image-preview":"max-image-preview:large","max-video-preview":"max-video-preview:-1"},"canonical":"https:\/\/quehacerpolitico.mx\/?p=33051","og_locale":"es_MX","og_type":"article","og_title":"Descarta L\u00f3pez Obrador intervencionismo en el pa\u00eds -","og_description":"Descarta L\u00f3pez Obrador intervencionismo en el pa\u00eds Por Redacci\u00f3n QP","og_url":"https:\/\/quehacerpolitico.mx\/?p=33051","article_published_time":"2019-07-26T15:17:42+00:00","author":"Redacci\u00f3n QP","twitter_card":"summary_large_image","twitter_misc":{"Escrito por":"Redacci\u00f3n QP","Tiempo de lectura":"2 minutos"},"schema":{"@context":"https:\/\/schema.org","@graph":[{"@type":"Article","@id":"https:\/\/quehacerpolitico.mx\/?p=33051#article","isPartOf":{"@id":"https:\/\/quehacerpolitico.mx\/?p=33051"},"author":{"name":"Redacci\u00f3n QP","@id":"https:\/\/quehacerpolitico.mx\/#\/schema\/person\/496d8ad2d1d3f8036101dca7ee39e585"},"headline":"Descarta L\u00f3pez Obrador intervencionismo en el pa\u00eds","datePublished":"2019-07-26T15:17:42+00:00","mainEntityOfPage":{"@id":"https:\/\/quehacerpolitico.mx\/?p=33051"},"wordCount":478,"commentCount":0,"image":{"@id":"https:\/\/quehacerpolitico.mx\/?p=33051#primaryimage"},"thumbnailUrl":"","articleSection":["Noticias"],"inLanguage":"es","potentialAction":[{"@type":"CommentAction","name":"Comment","target":["https:\/\/quehacerpolitico.mx\/?p=33051#respond"]}]},{"@type":"WebPage","@id":"https:\/\/quehacerpolitico.mx\/?p=33051","url":"https:\/\/quehacerpolitico.mx\/?p=33051","name":"Descarta L\u00f3pez Obrador intervencionismo en el pa\u00eds -","isPartOf":{"@id":"https:\/\/quehacerpolitico.mx\/#website"},"primaryImageOfPage":{"@id":"https:\/\/quehacerpolitico.mx\/?p=33051#primaryimage"},"image":{"@id":"https:\/\/quehacerpolitico.mx\/?p=33051#primaryimage"},"thumbnailUrl":"","datePublished":"2019-07-26T15:17:42+00:00","author":{"@id":"https:\/\/quehacerpolitico.mx\/#\/schema\/person\/496d8ad2d1d3f8036101dca7ee39e585"},"breadcrumb":{"@id":"https:\/\/quehacerpolitico.mx\/?p=33051#breadcrumb"},"inLanguage":"es","potentialAction":[{"@type":"ReadAction","target":["https:\/\/quehacerpolitico.mx\/?p=33051"]}]},{"@type":"ImageObject","inLanguage":"es","@id":"https:\/\/quehacerpolitico.mx\/?p=33051#primaryimage","url":"","contentUrl":""},{"@type":"BreadcrumbList","@id":"https:\/\/quehacerpolitico.mx\/?p=33051#breadcrumb","itemListElement":[{"@type":"ListItem","position":1,"name":"Inicio","item":"https:\/\/quehacerpolitico.mx\/"},{"@type":"ListItem","position":2,"name":"Descarta L\u00f3pez Obrador intervencionismo en el pa\u00eds"}]},{"@type":"WebSite","@id":"https:\/\/quehacerpolitico.mx\/#website","url":"https:\/\/quehacerpolitico.mx\/","name":"","description":"","potentialAction":[{"@type":"SearchAction","target":{"@type":"EntryPoint","urlTemplate":"https:\/\/quehacerpolitico.mx\/?s={search_term_string}"},"query-input":{"@type":"PropertyValueSpecification","valueRequired":true,"valueName":"search_term_string"}}],"inLanguage":"es"},{"@type":"Person","@id":"https:\/\/quehacerpolitico.mx\/#\/schema\/person\/496d8ad2d1d3f8036101dca7ee39e585","name":"Redacci\u00f3n QP","image":{"@type":"ImageObject","inLanguage":"es","@id":"https:\/\/secure.gravatar.com\/avatar\/c7164ed6fdec453195284ad24a5ae5b6e1eed2b848477fa2a4787ba9adf39a41?s=96&d=mm&r=g","url":"https:\/\/secure.gravatar.com\/avatar\/c7164ed6fdec453195284ad24a5ae5b6e1eed2b848477fa2a4787ba9adf39a41?s=96&d=mm&r=g","contentUrl":"https:\/\/secure.gravatar.com\/avatar\/c7164ed6fdec453195284ad24a5ae5b6e1eed2b848477fa2a4787ba9adf39a41?s=96&d=mm&r=g","caption":"Redacci\u00f3n QP"},"url":"https:\/\/quehacerpolitico.mx\/?author=2"}]}},"featured_image_urls":{"full":"","thumbnail":"","medium":"","medium_large":"","large":"","1536x1536":"","2048x2048":"","covernews-featured":"","covernews-medium":""},"author_info":{"display_name":"Redacci\u00f3n QP","author_link":"https:\/\/quehacerpolitico.mx\/?author=2"},"category_info":"<a href=\"https:\/\/quehacerpolitico.mx\/?cat=2\" rel=\"category\">Noticias<\/a>","tag_info":"Noticias","comment_count":"0","_links":{"self":[{"href":"https:\/\/quehacerpolitico.mx\/index.php?rest_route=\/wp\/v2\/posts\/33051","targetHints":{"allow":["GET"]}}],"collection":[{"href":"https:\/\/quehacerpolitico.mx\/index.php?rest_route=\/wp\/v2\/posts"}],"about":[{"href":"https:\/\/quehacerpolitico.mx\/index.php?rest_route=\/wp\/v2\/types\/post"}],"author":[{"embeddable":true,"href":"https:\/\/quehacerpolitico.mx\/index.php?rest_route=\/wp\/v2\/users\/2"}],"replies":[{"embeddable":true,"href":"https:\/\/quehacerpolitico.mx\/index.php?rest_route=%2Fwp%2Fv2%2Fcomments&post=33051"}],"version-history":[{"count":0,"href":"https:\/\/quehacerpolitico.mx\/index.php?rest_route=\/wp\/v2\/posts\/33051\/revisions"}],"wp:featuredmedia":[{"embeddable":true,"href":"https:\/\/quehacerpolitico.mx\/index.php?rest_route=\/"}],"wp:attachment":[{"href":"https:\/\/quehacerpolitico.mx\/index.php?rest_route=%2Fwp%2Fv2%2Fmedia&parent=33051"}],"wp:term":[{"taxonomy":"category","embeddable":true,"href":"https:\/\/quehacerpolitico.mx\/index.php?rest_route=%2Fwp%2Fv2%2Fcategories&post=33051"},{"taxonomy":"post_tag","embeddable":true,"href":"https:\/\/quehacerpolitico.mx\/index.php?rest_route=%2Fwp%2Fv2%2Ftags&post=33051"}],"curies":[{"name":"wp","href":"https:\/\/api.w.org\/{rel}","templated":true}]}}