{"id":33045,"date":"2019-07-26T13:33:34","date_gmt":"2019-07-26T13:33:34","guid":{"rendered":"http:\/\/quehacerpolitico.mx\/lima-2019-abre-el-telon\/"},"modified":"2019-07-26T13:33:34","modified_gmt":"2019-07-26T13:33:34","slug":"lima-2019-abre-el-telon","status":"publish","type":"post","link":"https:\/\/quehacerpolitico.mx\/?p=33045","title":{"rendered":"Lima 2019 abre el tel\u00f3n"},"content":{"rendered":"<h1 class=\"news-title\">Lima 2019 abre el tel\u00f3n<\/h1>\n<p>Por Redacci\u00f3n QP<\/p>\n<header class=\"news-header\">\n<div class=\"news-subtitle\">\n<p>La decimoctava edici\u00f3n de los Juegos Panamericanos arranca hoy de manera oficial<\/p>\n<\/div>\n<\/header>\n<div class=\"news-content\">\n<div class=\"news-body row\">\n<p>La espera fue larga, tuvieron que pasar cuatro a\u00f1os para llegar a este momento, pero hoy por fin se inaugurar\u00e1 la fiesta continental que significan los Juegos Panamericanos de Lima 2019.<\/p>\n<p><strong>Ser\u00e1 desde hoy y hasta el pr\u00f3ximo 11 de agosto cuando la capital peruana vibre al organizar la edici\u00f3n n\u00famero 18 de esta justa deportiva,<\/strong> misma que por primera ocasi\u00f3n se realizar\u00e1 en este pa\u00eds sudamericano.<\/p>\n<p>M\u00e9xico, vali\u00e9ndose de una nutrida delegaci\u00f3n de m\u00e1s de 500 atletas, buscar\u00e1 hacer historia en esta competencia, a la cual llega con un objetivo muy claro: posicionarse de nueva cuenta entre los cinco mejores pa\u00edses del medallero general.<\/p>\n<p>Hace cuatro a\u00f1os, en Toronto 2015, Colombia releg\u00f3 a M\u00e9xico hasta el sexto puesto, una situaci\u00f3n que no hab\u00eda sucedido desde los Juegos Panamericanos de Winnipeg en el ya lejano 1999.<\/p>\n<p>De la misma forma, <strong>a la par de buscar ubicarse de nuevo entre los cinco mejores del continente, los atletas mexicanos tambi\u00e9n tratar\u00e1n de superar su mejor cuota hist\u00f3rica de oros en Juegos Panamericanos realizados en el extranjero, misma que se implant\u00f3 en Mar del Plata 1995,<\/strong> en la que el pa\u00eds consigui\u00f3 23 preseas \u00e1ureas.<\/p>\n<p>En lo correspondiente a los atletas locales, el Code Jalisco ha se\u00f1alado que espera marcar un precedente en estos Juegos Panamericanos, pues su pron\u00f3stico para esta justa es conseguir un total de 36 medallas.<\/p>\n<p>Una suma de <strong>nueve oros, nueve platas y 18 bronces son los que Jalisco espera conseguir para abonar a la causa de la delegaci\u00f3n mexicana,<\/strong> cifras que, de cumplirse, le ayudar\u00edan al Estado para superar lo hecho hace cuatro a\u00f1os, pues en Toronto 2015 consiguieron 22 metales.<\/p>\n<p>El mi\u00e9rcoles pasado se llev\u00f3 la ceremonia de izamiento de la bandera mexicana\u00a0en la zona internacional de la Villa Panamericana, a la cual asistieron algunos de los deportistas tricolores que ya se encuentran en la sede de los Juegos.<\/p>\n<p><strong>La inauguraci\u00f3n oficial de Lima 2019 se llevar\u00e1 a cabo hoy a las 18:00 horas<\/strong> (del Centro de M\u00e9xico), y ser\u00e1 transmitida por la cadena ESPN 2, en el estadio Nacional de Per\u00fa, inmueble por el cual desfilar\u00e1n las delegaciones de los 41 pa\u00edses participantes.<\/p>\n<div>\n<figure class=\"image\"><img decoding=\"async\" title=\"\" src=\"https:\/\/www.informador.mx\/export\/sites\/elinformador\/img\/2019\/07\/26\/90725082__x31147508x.jpg_347421144.jpg\" alt=\"\" hspace=\"5\" vspace=\"5\" data-height=\"466\" data-size=\"w:2401,h:1601\" data-width=\"700\" \/><figcaption>Zaira Orellana consigui\u00f3 ayer su primer triunfo al lado de Martha Revuelta. NOTIMEX<\/figcaption><\/figure>\n<\/div>\n<p><strong>Voleibol de playa<\/strong><\/p>\n<p>Recomponen el camino<\/p>\n<p>Tras caer en su debut panamericano, ayer las mexicanas Martha Revuelta y la jalisciense Zaira Orellana se impusieron 2-0 a la dupla de Islas Virgenes, mientras Juan Virgen y Rodolfo Ontiveros tambi\u00e9n se repusieron para vencer a la pareja canadiense.<\/p>\n<p><strong>Squash<\/strong><\/p>\n<p>Aseguran presea de bronce<\/p>\n<p>Los mexicanos <strong>Diana Garc\u00eda y Alfredo \u00c1vila aseguraron la medalla de bronce en el squash<\/strong>de los Juegos Panamericanos, tras vencer ayer en dobles mixtos a los argentinos de Mar\u00eda Antonella Falcione y Manuel Miranda.<\/p>\n<h4>Jaliscienses en acci\u00f3n<\/h4>\n<p>La jornada de hoy, adem\u00e1s de contar con la ceremonia de inauguraci\u00f3n, tambi\u00e9n atestiguar\u00e1 la actividad de nueve atletas jaliscienses que competir\u00e1n dentro de cuatro disciplinas distintas: pentatl\u00f3n, rugby, squash y voleibol de playa.<\/p>\n<p><strong>En pentatl\u00f3n competir\u00e1n Mariana Arceo, DuilioCarrillo y Melchor Silva; Karina Landeros, Fernanda Tovar, Michelle Farah y Daniela\u00c1vila har\u00e1n lo propio en rugby; Dina Anguianocompetir\u00e1 en squash y Zaira Orellanacontinuar\u00e1 con la actividad en el voleibol de playa.<\/strong><\/p>\n<p>Previo a que se realizara la inauguraci\u00f3n de Lima, M\u00e9xico ya vio actividad dentro de las disciplinas de boliche, voleibol de playa y squash.<\/p>\n<\/div>\n<\/div>\n","protected":false},"excerpt":{"rendered":"<p>Lima 2019 abre el tel\u00f3n<br \/>\nPor Redacci\u00f3n QP<\/p>\n","protected":false},"author":2,"featured_media":33044,"comment_status":"open","ping_status":"open","sticky":false,"template":"","format":"standard","meta":{"_monsterinsights_skip_tracking":false,"_monsterinsights_sitenote_active":false,"_monsterinsights_sitenote_note":"","_monsterinsights_sitenote_category":0,"footnotes":""},"categories":[54],"tags":[],"class_list":["post-33045","post","type-post","status-publish","format-standard","has-post-thumbnail","hentry","category-deportes"],"yoast_head":"<!-- This site is optimized with the Yoast SEO plugin v27.3 - https:\/\/yoast.com\/product\/yoast-seo-wordpress\/ -->\n<title>Lima 2019 abre el tel\u00f3n -<\/title>\n<meta name=\"robots\" content=\"index, follow, max-snippet:-1, max-image-preview:large, max-video-preview:-1\" \/>\n<link rel=\"canonical\" href=\"https:\/\/quehacerpolitico.mx\/?p=33045\" \/>\n<meta property=\"og:locale\" content=\"es_MX\" \/>\n<meta property=\"og:type\" content=\"article\" \/>\n<meta property=\"og:title\" content=\"Lima 2019 abre el tel\u00f3n -\" \/>\n<meta property=\"og:description\" content=\"Lima 2019 abre el tel\u00f3n Por Redacci\u00f3n QP\" \/>\n<meta property=\"og:url\" content=\"https:\/\/quehacerpolitico.mx\/?p=33045\" \/>\n<meta property=\"article:published_time\" content=\"2019-07-26T13:33:34+00:00\" \/>\n<meta name=\"author\" content=\"Redacci\u00f3n QP\" \/>\n<meta name=\"twitter:card\" content=\"summary_large_image\" \/>\n<meta name=\"twitter:label1\" content=\"Escrito por\" \/>\n\t<meta name=\"twitter:data1\" content=\"Redacci\u00f3n QP\" \/>\n\t<meta name=\"twitter:label2\" content=\"Tiempo de lectura\" \/>\n\t<meta name=\"twitter:data2\" content=\"3 minutos\" \/>\n<script type=\"application\/ld+json\" class=\"yoast-schema-graph\">{\"@context\":\"https:\\\/\\\/schema.org\",\"@graph\":[{\"@type\":\"Article\",\"@id\":\"https:\\\/\\\/quehacerpolitico.mx\\\/?p=33045#article\",\"isPartOf\":{\"@id\":\"https:\\\/\\\/quehacerpolitico.mx\\\/?p=33045\"},\"author\":{\"name\":\"Redacci\u00f3n QP\",\"@id\":\"https:\\\/\\\/quehacerpolitico.mx\\\/#\\\/schema\\\/person\\\/496d8ad2d1d3f8036101dca7ee39e585\"},\"headline\":\"Lima 2019 abre el tel\u00f3n\",\"datePublished\":\"2019-07-26T13:33:34+00:00\",\"mainEntityOfPage\":{\"@id\":\"https:\\\/\\\/quehacerpolitico.mx\\\/?p=33045\"},\"wordCount\":609,\"commentCount\":0,\"image\":{\"@id\":\"https:\\\/\\\/quehacerpolitico.mx\\\/?p=33045#primaryimage\"},\"thumbnailUrl\":\"\",\"articleSection\":[\"Deportes\"],\"inLanguage\":\"es\",\"potentialAction\":[{\"@type\":\"CommentAction\",\"name\":\"Comment\",\"target\":[\"https:\\\/\\\/quehacerpolitico.mx\\\/?p=33045#respond\"]}]},{\"@type\":\"WebPage\",\"@id\":\"https:\\\/\\\/quehacerpolitico.mx\\\/?p=33045\",\"url\":\"https:\\\/\\\/quehacerpolitico.mx\\\/?p=33045\",\"name\":\"Lima 2019 abre el tel\u00f3n -\",\"isPartOf\":{\"@id\":\"https:\\\/\\\/quehacerpolitico.mx\\\/#website\"},\"primaryImageOfPage\":{\"@id\":\"https:\\\/\\\/quehacerpolitico.mx\\\/?p=33045#primaryimage\"},\"image\":{\"@id\":\"https:\\\/\\\/quehacerpolitico.mx\\\/?p=33045#primaryimage\"},\"thumbnailUrl\":\"\",\"datePublished\":\"2019-07-26T13:33:34+00:00\",\"author\":{\"@id\":\"https:\\\/\\\/quehacerpolitico.mx\\\/#\\\/schema\\\/person\\\/496d8ad2d1d3f8036101dca7ee39e585\"},\"breadcrumb\":{\"@id\":\"https:\\\/\\\/quehacerpolitico.mx\\\/?p=33045#breadcrumb\"},\"inLanguage\":\"es\",\"potentialAction\":[{\"@type\":\"ReadAction\",\"target\":[\"https:\\\/\\\/quehacerpolitico.mx\\\/?p=33045\"]}]},{\"@type\":\"ImageObject\",\"inLanguage\":\"es\",\"@id\":\"https:\\\/\\\/quehacerpolitico.mx\\\/?p=33045#primaryimage\",\"url\":\"\",\"contentUrl\":\"\"},{\"@type\":\"BreadcrumbList\",\"@id\":\"https:\\\/\\\/quehacerpolitico.mx\\\/?p=33045#breadcrumb\",\"itemListElement\":[{\"@type\":\"ListItem\",\"position\":1,\"name\":\"Inicio\",\"item\":\"https:\\\/\\\/quehacerpolitico.mx\\\/\"},{\"@type\":\"ListItem\",\"position\":2,\"name\":\"Lima 2019 abre el tel\u00f3n\"}]},{\"@type\":\"WebSite\",\"@id\":\"https:\\\/\\\/quehacerpolitico.mx\\\/#website\",\"url\":\"https:\\\/\\\/quehacerpolitico.mx\\\/\",\"name\":\"\",\"description\":\"\",\"potentialAction\":[{\"@type\":\"SearchAction\",\"target\":{\"@type\":\"EntryPoint\",\"urlTemplate\":\"https:\\\/\\\/quehacerpolitico.mx\\\/?s={search_term_string}\"},\"query-input\":{\"@type\":\"PropertyValueSpecification\",\"valueRequired\":true,\"valueName\":\"search_term_string\"}}],\"inLanguage\":\"es\"},{\"@type\":\"Person\",\"@id\":\"https:\\\/\\\/quehacerpolitico.mx\\\/#\\\/schema\\\/person\\\/496d8ad2d1d3f8036101dca7ee39e585\",\"name\":\"Redacci\u00f3n QP\",\"image\":{\"@type\":\"ImageObject\",\"inLanguage\":\"es\",\"@id\":\"https:\\\/\\\/secure.gravatar.com\\\/avatar\\\/c7164ed6fdec453195284ad24a5ae5b6e1eed2b848477fa2a4787ba9adf39a41?s=96&d=mm&r=g\",\"url\":\"https:\\\/\\\/secure.gravatar.com\\\/avatar\\\/c7164ed6fdec453195284ad24a5ae5b6e1eed2b848477fa2a4787ba9adf39a41?s=96&d=mm&r=g\",\"contentUrl\":\"https:\\\/\\\/secure.gravatar.com\\\/avatar\\\/c7164ed6fdec453195284ad24a5ae5b6e1eed2b848477fa2a4787ba9adf39a41?s=96&d=mm&r=g\",\"caption\":\"Redacci\u00f3n QP\"},\"url\":\"https:\\\/\\\/quehacerpolitico.mx\\\/?author=2\"}]}<\/script>\n<!-- \/ Yoast SEO plugin. -->","yoast_head_json":{"title":"Lima 2019 abre el tel\u00f3n -","robots":{"index":"index","follow":"follow","max-snippet":"max-snippet:-1","max-image-preview":"max-image-preview:large","max-video-preview":"max-video-preview:-1"},"canonical":"https:\/\/quehacerpolitico.mx\/?p=33045","og_locale":"es_MX","og_type":"article","og_title":"Lima 2019 abre el tel\u00f3n -","og_description":"Lima 2019 abre el tel\u00f3n Por Redacci\u00f3n QP","og_url":"https:\/\/quehacerpolitico.mx\/?p=33045","article_published_time":"2019-07-26T13:33:34+00:00","author":"Redacci\u00f3n QP","twitter_card":"summary_large_image","twitter_misc":{"Escrito por":"Redacci\u00f3n QP","Tiempo de lectura":"3 minutos"},"schema":{"@context":"https:\/\/schema.org","@graph":[{"@type":"Article","@id":"https:\/\/quehacerpolitico.mx\/?p=33045#article","isPartOf":{"@id":"https:\/\/quehacerpolitico.mx\/?p=33045"},"author":{"name":"Redacci\u00f3n QP","@id":"https:\/\/quehacerpolitico.mx\/#\/schema\/person\/496d8ad2d1d3f8036101dca7ee39e585"},"headline":"Lima 2019 abre el tel\u00f3n","datePublished":"2019-07-26T13:33:34+00:00","mainEntityOfPage":{"@id":"https:\/\/quehacerpolitico.mx\/?p=33045"},"wordCount":609,"commentCount":0,"image":{"@id":"https:\/\/quehacerpolitico.mx\/?p=33045#primaryimage"},"thumbnailUrl":"","articleSection":["Deportes"],"inLanguage":"es","potentialAction":[{"@type":"CommentAction","name":"Comment","target":["https:\/\/quehacerpolitico.mx\/?p=33045#respond"]}]},{"@type":"WebPage","@id":"https:\/\/quehacerpolitico.mx\/?p=33045","url":"https:\/\/quehacerpolitico.mx\/?p=33045","name":"Lima 2019 abre el tel\u00f3n -","isPartOf":{"@id":"https:\/\/quehacerpolitico.mx\/#website"},"primaryImageOfPage":{"@id":"https:\/\/quehacerpolitico.mx\/?p=33045#primaryimage"},"image":{"@id":"https:\/\/quehacerpolitico.mx\/?p=33045#primaryimage"},"thumbnailUrl":"","datePublished":"2019-07-26T13:33:34+00:00","author":{"@id":"https:\/\/quehacerpolitico.mx\/#\/schema\/person\/496d8ad2d1d3f8036101dca7ee39e585"},"breadcrumb":{"@id":"https:\/\/quehacerpolitico.mx\/?p=33045#breadcrumb"},"inLanguage":"es","potentialAction":[{"@type":"ReadAction","target":["https:\/\/quehacerpolitico.mx\/?p=33045"]}]},{"@type":"ImageObject","inLanguage":"es","@id":"https:\/\/quehacerpolitico.mx\/?p=33045#primaryimage","url":"","contentUrl":""},{"@type":"BreadcrumbList","@id":"https:\/\/quehacerpolitico.mx\/?p=33045#breadcrumb","itemListElement":[{"@type":"ListItem","position":1,"name":"Inicio","item":"https:\/\/quehacerpolitico.mx\/"},{"@type":"ListItem","position":2,"name":"Lima 2019 abre el tel\u00f3n"}]},{"@type":"WebSite","@id":"https:\/\/quehacerpolitico.mx\/#website","url":"https:\/\/quehacerpolitico.mx\/","name":"","description":"","potentialAction":[{"@type":"SearchAction","target":{"@type":"EntryPoint","urlTemplate":"https:\/\/quehacerpolitico.mx\/?s={search_term_string}"},"query-input":{"@type":"PropertyValueSpecification","valueRequired":true,"valueName":"search_term_string"}}],"inLanguage":"es"},{"@type":"Person","@id":"https:\/\/quehacerpolitico.mx\/#\/schema\/person\/496d8ad2d1d3f8036101dca7ee39e585","name":"Redacci\u00f3n QP","image":{"@type":"ImageObject","inLanguage":"es","@id":"https:\/\/secure.gravatar.com\/avatar\/c7164ed6fdec453195284ad24a5ae5b6e1eed2b848477fa2a4787ba9adf39a41?s=96&d=mm&r=g","url":"https:\/\/secure.gravatar.com\/avatar\/c7164ed6fdec453195284ad24a5ae5b6e1eed2b848477fa2a4787ba9adf39a41?s=96&d=mm&r=g","contentUrl":"https:\/\/secure.gravatar.com\/avatar\/c7164ed6fdec453195284ad24a5ae5b6e1eed2b848477fa2a4787ba9adf39a41?s=96&d=mm&r=g","caption":"Redacci\u00f3n QP"},"url":"https:\/\/quehacerpolitico.mx\/?author=2"}]}},"featured_image_urls":{"full":"","thumbnail":"","medium":"","medium_large":"","large":"","1536x1536":"","2048x2048":"","covernews-featured":"","covernews-medium":""},"author_info":{"display_name":"Redacci\u00f3n QP","author_link":"https:\/\/quehacerpolitico.mx\/?author=2"},"category_info":"<a href=\"https:\/\/quehacerpolitico.mx\/?cat=54\" rel=\"category\">Deportes<\/a>","tag_info":"Deportes","comment_count":"0","_links":{"self":[{"href":"https:\/\/quehacerpolitico.mx\/index.php?rest_route=\/wp\/v2\/posts\/33045","targetHints":{"allow":["GET"]}}],"collection":[{"href":"https:\/\/quehacerpolitico.mx\/index.php?rest_route=\/wp\/v2\/posts"}],"about":[{"href":"https:\/\/quehacerpolitico.mx\/index.php?rest_route=\/wp\/v2\/types\/post"}],"author":[{"embeddable":true,"href":"https:\/\/quehacerpolitico.mx\/index.php?rest_route=\/wp\/v2\/users\/2"}],"replies":[{"embeddable":true,"href":"https:\/\/quehacerpolitico.mx\/index.php?rest_route=%2Fwp%2Fv2%2Fcomments&post=33045"}],"version-history":[{"count":0,"href":"https:\/\/quehacerpolitico.mx\/index.php?rest_route=\/wp\/v2\/posts\/33045\/revisions"}],"wp:featuredmedia":[{"embeddable":true,"href":"https:\/\/quehacerpolitico.mx\/index.php?rest_route=\/"}],"wp:attachment":[{"href":"https:\/\/quehacerpolitico.mx\/index.php?rest_route=%2Fwp%2Fv2%2Fmedia&parent=33045"}],"wp:term":[{"taxonomy":"category","embeddable":true,"href":"https:\/\/quehacerpolitico.mx\/index.php?rest_route=%2Fwp%2Fv2%2Fcategories&post=33045"},{"taxonomy":"post_tag","embeddable":true,"href":"https:\/\/quehacerpolitico.mx\/index.php?rest_route=%2Fwp%2Fv2%2Ftags&post=33045"}],"curies":[{"name":"wp","href":"https:\/\/api.w.org\/{rel}","templated":true}]}}