{"id":3303,"date":"2018-08-28T14:06:25","date_gmt":"2018-08-28T14:06:25","guid":{"rendered":"http:\/\/quehacerpolitico.mx\/ante-la-conago-amlo-promete-que-super-delegados-respetaran-soberania-de-estados\/"},"modified":"2018-08-28T14:06:25","modified_gmt":"2018-08-28T14:06:25","slug":"ante-la-conago-amlo-promete-que-super-delegados-respetaran-soberania-de-estados","status":"publish","type":"post","link":"https:\/\/quehacerpolitico.mx\/?p=3303","title":{"rendered":"Ante la Conago, AMLO promete que s\u00faper delegados respetar\u00e1n soberan\u00eda de estados"},"content":{"rendered":"<p>El actual mandatario de Jalisco, Arist\u00f3teles Sandoval, y el pr\u00f3ximo, Enrique Alfaro, participaron en la reuni\u00f3n que los miembros de la Conferencia Nacional de Gobernadores (Conago) sostuvieron con el Presidente electo, Andr\u00e9s Manuel L\u00f3pez Obrador (AMLO).\u00a0<\/p>\n<div id=\"div-gpt-ad-1524682842930-0\" data-google-query-id=\"CIzpk-v0j90CFUm-TwodFHAHoA\">\n<div id=\"google_ads_iframe_\/40135427\/informador_mx_Video_Outstream_0__container__\">Luego del encuentro que se llev\u00f3 a cabo en el Colegio de Ingenieros Civiles de M\u00e9xico A.C., Sandoval resalt\u00f3 que el tabasque\u00f1o asegur\u00f3 que los coordinadores estatales de Programas para el Desarrollo de la Presidencia de la Rep\u00fablica trabajar\u00e1n con respeto a la soberan\u00eda.\u00a0<\/div>\n<div>\n<p>\u201cSe comprometi\u00f3 a que no se interfiera y a que no haya prepotencia por parte de las autoridades que va a nombrar en los estados, que fue pr\u00e1cticamente una de las situaciones que, por parte del Partido Revolucionario Institucional (PRI), todos decidimos que hablara el gobernador de Guerrero, H\u00e9ctor Astudillo\u201d, dijo Sandoval.\u00a0<\/p>\n<p>En el mismo sentido, Alfaro subray\u00f3 que L\u00f3pez Obrador aclar\u00f3 que los s\u00faper delegados estar\u00e1n concentrados en que los programas sociales del Gobierno federal funcionen.<\/p>\n<p>\u201cNinguna de las dem\u00e1s supuestas atribuciones anunciadas por algunos delegados est\u00e1n avaladas por el Presidente electo. Es decir: ni definir\u00e1n presupuestos ni proyectos, ni mucho menos tendr\u00e1n atribuciones en t\u00e9rminos de seguridad p\u00fablica. Ese fue su compromiso y yo conf\u00edo en su palabra\u201d.\u00a0<\/p>\n<p>El pasado 21 de julio, este medio public\u00f3 que Carlos Lomel\u00ed, propuesto por el pr\u00f3ximo Presidente para ser el delegado en la Entidad, confirm\u00f3 que uno de los ajustes ser\u00eda que los recursos ya no llegar\u00edan a la Secretar\u00eda de Planeaci\u00f3n, Administraci\u00f3n y Finanzas (Sepaf), sino que se canalizar\u00edan a trav\u00e9s de las dependencias federales.\u00a0<\/p>\n<p>Por otra parte, el gobernador de Chiapas y presidente de la Conago, Manuel Velasco, destac\u00f3 que ning\u00fan mandatario se manifest\u00f3 en contra de esta figura, pero s\u00ed en contra de sus funciones.<\/p>\n<p>Agreg\u00f3 que AMLO instruy\u00f3 a su pr\u00f3ximo secretario de Hacienda, Carlos Urz\u00faa, para que realice mesas de trabajo que permitan identificar las prioridades de los estados en el pr\u00f3ximo presupuesto.<\/p>\n<p><strong>En mes y medio, plan de seguridad de L\u00f3pez Obrador<\/strong><\/p>\n<p>Durante la reuni\u00f3n que sostuvo con los integrantes de la Conferencia Nacional de Gobernadores (Conago), el Presidente electo de M\u00e9xico, Andr\u00e9s Manuel L\u00f3pez Obrador, se comprometi\u00f3 a que a \u00a0m\u00e1s tardar en mes y medio se d\u00e9 a conocer el plan de seguridad que habr\u00e1 de implementarse en el pa\u00eds.<\/p>\n<p>\u201cEn mes y medio se comprometi\u00f3 a darnos ya el plan de seguridad, la iniciativa que tiene que ver con la nueva Secretar\u00eda de Seguridad, y el nombramiento del secretario de Defensa y de Marina\u201d.\u00a0<\/p>\n<p>Por su parte, el gobernador electo de Jalisco, se\u00f1al\u00f3 que en la reuni\u00f3n de la Conago fue el \u00fanico mandatario entrante que expuso sus preocupaciones. \u201cEstuvimos los 32 titulares de las distintas entidades federativas y los nuevos gobernadores electos. Me permitieron ser el \u00fanico gobernador electo en tomar la palabra. Puse en la mesa la inquietud de c\u00f3mo procesar los proyectos estrat\u00e9gicos estatales con el nuevo Gobierno federal\u201d.<\/p>\n<p>En el encuentro con gobernadores, tambi\u00e9n se trataron temas presupuestales para el siguiente ejercicio fiscal. \u00a0En entrevista telef\u00f3nica, Sandoval D\u00edaz mencion\u00f3 que se estableci\u00f3 el compromiso de abrir mesas de trabajo para integrar en el pr\u00f3ximo presupuesto las necesidades de cada uno de los estados. \u201cPrincipalmente se nos dio a conocer cu\u00e1l ser\u00eda el planteamiento para el an\u00e1lisis del presupuesto, sobre todo en el trabajo que tiene que ver con obras que ya iniciamos, se comprometi\u00f3 a darle seguimiento, dar lo que corresponde a cada uno de los estados, y abrir una mesa de trabajo con la Secretar\u00eda de Hacienda y una mesa pol\u00edtica con la Secretar\u00eda de Gobernaci\u00f3n\u201d.<\/p>\n<p>\u00a0Mientras que Alfaro Ram\u00edrez se\u00f1al\u00f3 que considera \u201cde primer\u00edsima importancia que la discusi\u00f3n del pr\u00f3ximo presupuesto incorpore criterios y proyectos estrat\u00e9gicos a nivel local. Para tal efecto el Presidente electo decidi\u00f3 que adem\u00e1s del secretario de Hacienda, en la discusi\u00f3n y la b\u00fasqueda de acuerdos, sea incluida la pr\u00f3xima secretaria de Gobernaci\u00f3n\u201d.\u00a0<\/p>\n<p>Adem\u00e1s, Manuel Velasco Coello, gobernador de Chiapas, \u00a0explic\u00f3 que como parte de los acuerdos, se \u00a0respaldar\u00e1 a L\u00f3pez Obrador en la etapa de transici\u00f3n y establecer una agenda de comunicaci\u00f3n con respecto a los 25 proyectos prioritarios de infraestructura propuestos por el futuro Gobierno federal.<\/p>\n<blockquote>\n<p>\u201cEn mes y medio se comprometi\u00f3 a darnos ya el plan de seguridad, la iniciativa que tiene que ver con la nueva Secretar\u00eda de Seguridad, y el nombramiento del secretario de Defensa y de Marina\u201d.\u00a0<\/p>\n<\/blockquote>\n<p>Tambi\u00e9n coincidieron en impulsar al nuevo Gobierno en su planteamiento de una estrategia de seguridad p\u00fablica; respaldar el tema de la austeridad republicana, y apoyar a la administraci\u00f3n federal tras la firma del Tratado de Libre Comercio de Am\u00e9rica del Norte (TLCAN).<\/p>\n<\/div>\n<\/div>\n","protected":false},"excerpt":{"rendered":"<p>La Conferencia Nacional de Gobernadores a su vez a respaldado el proyecto del Presidente Electo Andr\u00e9s Manuel L\u00f3pez Obrador de designar un delegado por entidad federativa<br \/>\nPor Redacci\u00f3n QP<\/p>\n","protected":false},"author":2,"featured_media":3302,"comment_status":"open","ping_status":"open","sticky":false,"template":"","format":"standard","meta":{"_monsterinsights_skip_tracking":false,"_monsterinsights_sitenote_active":false,"_monsterinsights_sitenote_note":"","_monsterinsights_sitenote_category":0,"footnotes":""},"categories":[2],"tags":[],"class_list":["post-3303","post","type-post","status-publish","format-standard","has-post-thumbnail","hentry","category-noticias"],"yoast_head":"<!-- This site is optimized with the Yoast SEO plugin v27.3 - https:\/\/yoast.com\/product\/yoast-seo-wordpress\/ -->\n<title>Ante la Conago, AMLO promete que s\u00faper delegados respetar\u00e1n soberan\u00eda de estados -<\/title>\n<meta name=\"robots\" content=\"index, follow, max-snippet:-1, max-image-preview:large, max-video-preview:-1\" \/>\n<link rel=\"canonical\" href=\"https:\/\/quehacerpolitico.mx\/?p=3303\" \/>\n<meta property=\"og:locale\" content=\"es_MX\" \/>\n<meta property=\"og:type\" content=\"article\" \/>\n<meta property=\"og:title\" content=\"Ante la Conago, AMLO promete que s\u00faper delegados respetar\u00e1n soberan\u00eda de estados -\" \/>\n<meta property=\"og:description\" content=\"La Conferencia Nacional de Gobernadores a su vez a respaldado el proyecto del Presidente Electo Andr\u00e9s Manuel L\u00f3pez Obrador de designar un delegado por entidad federativa Por Redacci\u00f3n QP\" \/>\n<meta property=\"og:url\" content=\"https:\/\/quehacerpolitico.mx\/?p=3303\" \/>\n<meta property=\"article:published_time\" content=\"2018-08-28T14:06:25+00:00\" \/>\n<meta name=\"author\" content=\"Redacci\u00f3n QP\" \/>\n<meta name=\"twitter:card\" content=\"summary_large_image\" \/>\n<meta name=\"twitter:label1\" content=\"Escrito por\" \/>\n\t<meta name=\"twitter:data1\" content=\"Redacci\u00f3n QP\" \/>\n\t<meta name=\"twitter:label2\" content=\"Tiempo de lectura\" \/>\n\t<meta name=\"twitter:data2\" content=\"4 minutos\" \/>\n<script type=\"application\/ld+json\" class=\"yoast-schema-graph\">{\"@context\":\"https:\\\/\\\/schema.org\",\"@graph\":[{\"@type\":\"Article\",\"@id\":\"https:\\\/\\\/quehacerpolitico.mx\\\/?p=3303#article\",\"isPartOf\":{\"@id\":\"https:\\\/\\\/quehacerpolitico.mx\\\/?p=3303\"},\"author\":{\"name\":\"Redacci\u00f3n QP\",\"@id\":\"https:\\\/\\\/quehacerpolitico.mx\\\/#\\\/schema\\\/person\\\/496d8ad2d1d3f8036101dca7ee39e585\"},\"headline\":\"Ante la Conago, AMLO promete que s\u00faper delegados respetar\u00e1n soberan\u00eda de estados\",\"datePublished\":\"2018-08-28T14:06:25+00:00\",\"mainEntityOfPage\":{\"@id\":\"https:\\\/\\\/quehacerpolitico.mx\\\/?p=3303\"},\"wordCount\":853,\"commentCount\":0,\"image\":{\"@id\":\"https:\\\/\\\/quehacerpolitico.mx\\\/?p=3303#primaryimage\"},\"thumbnailUrl\":\"\",\"articleSection\":[\"Noticias\"],\"inLanguage\":\"es\",\"potentialAction\":[{\"@type\":\"CommentAction\",\"name\":\"Comment\",\"target\":[\"https:\\\/\\\/quehacerpolitico.mx\\\/?p=3303#respond\"]}]},{\"@type\":\"WebPage\",\"@id\":\"https:\\\/\\\/quehacerpolitico.mx\\\/?p=3303\",\"url\":\"https:\\\/\\\/quehacerpolitico.mx\\\/?p=3303\",\"name\":\"Ante la Conago, AMLO promete que s\u00faper delegados respetar\u00e1n soberan\u00eda de estados -\",\"isPartOf\":{\"@id\":\"https:\\\/\\\/quehacerpolitico.mx\\\/#website\"},\"primaryImageOfPage\":{\"@id\":\"https:\\\/\\\/quehacerpolitico.mx\\\/?p=3303#primaryimage\"},\"image\":{\"@id\":\"https:\\\/\\\/quehacerpolitico.mx\\\/?p=3303#primaryimage\"},\"thumbnailUrl\":\"\",\"datePublished\":\"2018-08-28T14:06:25+00:00\",\"author\":{\"@id\":\"https:\\\/\\\/quehacerpolitico.mx\\\/#\\\/schema\\\/person\\\/496d8ad2d1d3f8036101dca7ee39e585\"},\"breadcrumb\":{\"@id\":\"https:\\\/\\\/quehacerpolitico.mx\\\/?p=3303#breadcrumb\"},\"inLanguage\":\"es\",\"potentialAction\":[{\"@type\":\"ReadAction\",\"target\":[\"https:\\\/\\\/quehacerpolitico.mx\\\/?p=3303\"]}]},{\"@type\":\"ImageObject\",\"inLanguage\":\"es\",\"@id\":\"https:\\\/\\\/quehacerpolitico.mx\\\/?p=3303#primaryimage\",\"url\":\"\",\"contentUrl\":\"\"},{\"@type\":\"BreadcrumbList\",\"@id\":\"https:\\\/\\\/quehacerpolitico.mx\\\/?p=3303#breadcrumb\",\"itemListElement\":[{\"@type\":\"ListItem\",\"position\":1,\"name\":\"Inicio\",\"item\":\"https:\\\/\\\/quehacerpolitico.mx\\\/\"},{\"@type\":\"ListItem\",\"position\":2,\"name\":\"Ante la Conago, AMLO promete que s\u00faper delegados respetar\u00e1n soberan\u00eda de estados\"}]},{\"@type\":\"WebSite\",\"@id\":\"https:\\\/\\\/quehacerpolitico.mx\\\/#website\",\"url\":\"https:\\\/\\\/quehacerpolitico.mx\\\/\",\"name\":\"\",\"description\":\"\",\"potentialAction\":[{\"@type\":\"SearchAction\",\"target\":{\"@type\":\"EntryPoint\",\"urlTemplate\":\"https:\\\/\\\/quehacerpolitico.mx\\\/?s={search_term_string}\"},\"query-input\":{\"@type\":\"PropertyValueSpecification\",\"valueRequired\":true,\"valueName\":\"search_term_string\"}}],\"inLanguage\":\"es\"},{\"@type\":\"Person\",\"@id\":\"https:\\\/\\\/quehacerpolitico.mx\\\/#\\\/schema\\\/person\\\/496d8ad2d1d3f8036101dca7ee39e585\",\"name\":\"Redacci\u00f3n QP\",\"image\":{\"@type\":\"ImageObject\",\"inLanguage\":\"es\",\"@id\":\"https:\\\/\\\/secure.gravatar.com\\\/avatar\\\/c7164ed6fdec453195284ad24a5ae5b6e1eed2b848477fa2a4787ba9adf39a41?s=96&d=mm&r=g\",\"url\":\"https:\\\/\\\/secure.gravatar.com\\\/avatar\\\/c7164ed6fdec453195284ad24a5ae5b6e1eed2b848477fa2a4787ba9adf39a41?s=96&d=mm&r=g\",\"contentUrl\":\"https:\\\/\\\/secure.gravatar.com\\\/avatar\\\/c7164ed6fdec453195284ad24a5ae5b6e1eed2b848477fa2a4787ba9adf39a41?s=96&d=mm&r=g\",\"caption\":\"Redacci\u00f3n QP\"},\"url\":\"https:\\\/\\\/quehacerpolitico.mx\\\/?author=2\"}]}<\/script>\n<!-- \/ Yoast SEO plugin. -->","yoast_head_json":{"title":"Ante la Conago, AMLO promete que s\u00faper delegados respetar\u00e1n soberan\u00eda de estados -","robots":{"index":"index","follow":"follow","max-snippet":"max-snippet:-1","max-image-preview":"max-image-preview:large","max-video-preview":"max-video-preview:-1"},"canonical":"https:\/\/quehacerpolitico.mx\/?p=3303","og_locale":"es_MX","og_type":"article","og_title":"Ante la Conago, AMLO promete que s\u00faper delegados respetar\u00e1n soberan\u00eda de estados -","og_description":"La Conferencia Nacional de Gobernadores a su vez a respaldado el proyecto del Presidente Electo Andr\u00e9s Manuel L\u00f3pez Obrador de designar un delegado por entidad federativa Por Redacci\u00f3n QP","og_url":"https:\/\/quehacerpolitico.mx\/?p=3303","article_published_time":"2018-08-28T14:06:25+00:00","author":"Redacci\u00f3n QP","twitter_card":"summary_large_image","twitter_misc":{"Escrito por":"Redacci\u00f3n QP","Tiempo de lectura":"4 minutos"},"schema":{"@context":"https:\/\/schema.org","@graph":[{"@type":"Article","@id":"https:\/\/quehacerpolitico.mx\/?p=3303#article","isPartOf":{"@id":"https:\/\/quehacerpolitico.mx\/?p=3303"},"author":{"name":"Redacci\u00f3n QP","@id":"https:\/\/quehacerpolitico.mx\/#\/schema\/person\/496d8ad2d1d3f8036101dca7ee39e585"},"headline":"Ante la Conago, AMLO promete que s\u00faper delegados respetar\u00e1n soberan\u00eda de estados","datePublished":"2018-08-28T14:06:25+00:00","mainEntityOfPage":{"@id":"https:\/\/quehacerpolitico.mx\/?p=3303"},"wordCount":853,"commentCount":0,"image":{"@id":"https:\/\/quehacerpolitico.mx\/?p=3303#primaryimage"},"thumbnailUrl":"","articleSection":["Noticias"],"inLanguage":"es","potentialAction":[{"@type":"CommentAction","name":"Comment","target":["https:\/\/quehacerpolitico.mx\/?p=3303#respond"]}]},{"@type":"WebPage","@id":"https:\/\/quehacerpolitico.mx\/?p=3303","url":"https:\/\/quehacerpolitico.mx\/?p=3303","name":"Ante la Conago, AMLO promete que s\u00faper delegados respetar\u00e1n soberan\u00eda de estados -","isPartOf":{"@id":"https:\/\/quehacerpolitico.mx\/#website"},"primaryImageOfPage":{"@id":"https:\/\/quehacerpolitico.mx\/?p=3303#primaryimage"},"image":{"@id":"https:\/\/quehacerpolitico.mx\/?p=3303#primaryimage"},"thumbnailUrl":"","datePublished":"2018-08-28T14:06:25+00:00","author":{"@id":"https:\/\/quehacerpolitico.mx\/#\/schema\/person\/496d8ad2d1d3f8036101dca7ee39e585"},"breadcrumb":{"@id":"https:\/\/quehacerpolitico.mx\/?p=3303#breadcrumb"},"inLanguage":"es","potentialAction":[{"@type":"ReadAction","target":["https:\/\/quehacerpolitico.mx\/?p=3303"]}]},{"@type":"ImageObject","inLanguage":"es","@id":"https:\/\/quehacerpolitico.mx\/?p=3303#primaryimage","url":"","contentUrl":""},{"@type":"BreadcrumbList","@id":"https:\/\/quehacerpolitico.mx\/?p=3303#breadcrumb","itemListElement":[{"@type":"ListItem","position":1,"name":"Inicio","item":"https:\/\/quehacerpolitico.mx\/"},{"@type":"ListItem","position":2,"name":"Ante la Conago, AMLO promete que s\u00faper delegados respetar\u00e1n soberan\u00eda de estados"}]},{"@type":"WebSite","@id":"https:\/\/quehacerpolitico.mx\/#website","url":"https:\/\/quehacerpolitico.mx\/","name":"","description":"","potentialAction":[{"@type":"SearchAction","target":{"@type":"EntryPoint","urlTemplate":"https:\/\/quehacerpolitico.mx\/?s={search_term_string}"},"query-input":{"@type":"PropertyValueSpecification","valueRequired":true,"valueName":"search_term_string"}}],"inLanguage":"es"},{"@type":"Person","@id":"https:\/\/quehacerpolitico.mx\/#\/schema\/person\/496d8ad2d1d3f8036101dca7ee39e585","name":"Redacci\u00f3n QP","image":{"@type":"ImageObject","inLanguage":"es","@id":"https:\/\/secure.gravatar.com\/avatar\/c7164ed6fdec453195284ad24a5ae5b6e1eed2b848477fa2a4787ba9adf39a41?s=96&d=mm&r=g","url":"https:\/\/secure.gravatar.com\/avatar\/c7164ed6fdec453195284ad24a5ae5b6e1eed2b848477fa2a4787ba9adf39a41?s=96&d=mm&r=g","contentUrl":"https:\/\/secure.gravatar.com\/avatar\/c7164ed6fdec453195284ad24a5ae5b6e1eed2b848477fa2a4787ba9adf39a41?s=96&d=mm&r=g","caption":"Redacci\u00f3n QP"},"url":"https:\/\/quehacerpolitico.mx\/?author=2"}]}},"featured_image_urls":{"full":"","thumbnail":"","medium":"","medium_large":"","large":"","1536x1536":"","2048x2048":"","covernews-featured":"","covernews-medium":""},"author_info":{"display_name":"Redacci\u00f3n QP","author_link":"https:\/\/quehacerpolitico.mx\/?author=2"},"category_info":"<a href=\"https:\/\/quehacerpolitico.mx\/?cat=2\" rel=\"category\">Noticias<\/a>","tag_info":"Noticias","comment_count":"0","_links":{"self":[{"href":"https:\/\/quehacerpolitico.mx\/index.php?rest_route=\/wp\/v2\/posts\/3303","targetHints":{"allow":["GET"]}}],"collection":[{"href":"https:\/\/quehacerpolitico.mx\/index.php?rest_route=\/wp\/v2\/posts"}],"about":[{"href":"https:\/\/quehacerpolitico.mx\/index.php?rest_route=\/wp\/v2\/types\/post"}],"author":[{"embeddable":true,"href":"https:\/\/quehacerpolitico.mx\/index.php?rest_route=\/wp\/v2\/users\/2"}],"replies":[{"embeddable":true,"href":"https:\/\/quehacerpolitico.mx\/index.php?rest_route=%2Fwp%2Fv2%2Fcomments&post=3303"}],"version-history":[{"count":0,"href":"https:\/\/quehacerpolitico.mx\/index.php?rest_route=\/wp\/v2\/posts\/3303\/revisions"}],"wp:featuredmedia":[{"embeddable":true,"href":"https:\/\/quehacerpolitico.mx\/index.php?rest_route=\/"}],"wp:attachment":[{"href":"https:\/\/quehacerpolitico.mx\/index.php?rest_route=%2Fwp%2Fv2%2Fmedia&parent=3303"}],"wp:term":[{"taxonomy":"category","embeddable":true,"href":"https:\/\/quehacerpolitico.mx\/index.php?rest_route=%2Fwp%2Fv2%2Fcategories&post=3303"},{"taxonomy":"post_tag","embeddable":true,"href":"https:\/\/quehacerpolitico.mx\/index.php?rest_route=%2Fwp%2Fv2%2Ftags&post=3303"}],"curies":[{"name":"wp","href":"https:\/\/api.w.org\/{rel}","templated":true}]}}