{"id":33023,"date":"2019-07-26T02:40:55","date_gmt":"2019-07-26T02:40:55","guid":{"rendered":"http:\/\/quehacerpolitico.mx\/benjamin-sutji-asesinado-en-plaza-artz-ligado-al-criminal-ben-cohen\/"},"modified":"2019-07-26T02:40:55","modified_gmt":"2019-07-26T02:40:55","slug":"benjamin-sutji-asesinado-en-plaza-artz-ligado-al-criminal-ben-cohen","status":"publish","type":"post","link":"https:\/\/quehacerpolitico.mx\/?p=33023","title":{"rendered":"Benjamin Sutji, asesinado en Plaza Artz, ligado al criminal Ben Cohen"},"content":{"rendered":"<h1 class=\"news-title\">Benjamin Sutji, asesinado en Plaza Artz, ligado al criminal Ben Cohen<\/h1>\n<p>Por Redacci\u00f3n QP<\/p>\n<header class=\"news-header\">\n<div class=\"news-subtitle\">\n<p>El diario &#8220;Jerusalem Post&#8221; da cuenta de los cr\u00edmenes perpetrados por este sujeto en Israel, lo que resulta de importancia para esclarecer los hechos ocurridos este mi\u00e9rcoles<\/p>\n<\/div>\n<\/header>\n<div class=\"news-content\">\n<div class=\"news-body row\">\n<p>Ben Cohen, con quien ha sido asociado Benjamin Sutji, uno de los israel\u00edes asesinados el mi\u00e9rcoles en Plaza Artz, es un &#8220;peso pesado&#8221; en el bajo mundo en Israel,\u00a0de acuerdo con el diario &#8220;Jerusalem Post&#8221;.<\/p>\n<p><iframe loading=\"lazy\" title=\"Israel\u00edes asesinados en Plaza Artz ten\u00edan antecedentes criminales: prensa\" width=\"640\" height=\"360\" src=\"https:\/\/www.youtube.com\/embed\/QNzjmrID65o?feature=oembed\" frameborder=\"0\" allow=\"accelerometer; autoplay; clipboard-write; encrypted-media; gyroscope; picture-in-picture; web-share\" referrerpolicy=\"strict-origin-when-cross-origin\" allowfullscreen><\/iframe><\/p>\n<p>Creci\u00f3, seg\u00fan el rotativo, en el barrio israel\u00ed de Ramat Amidar, en Ramat Gan, y se uni\u00f3 a la banda Ramat Amidar, encabezada por los hermanos Rico y Roni Harari, quienes estaban en guerra abierta con otro clan, el de Pardes Katz, al que el Post describi\u00f3 como una de las mayores organizaciones criminales\u00a0de las d\u00e9cadas de los 80 y 90 en Israel.<\/p>\n<p>https:\/\/twitter.com\/c4jimenez\/status\/1154543461963653120?s=21<\/p>\n<p>Ben Cohen pas\u00f3 siete a\u00f1os en prisi\u00f3n en Estados Unidos por el asesinato, en Los \u00c1ngeles, de otro l\u00edder criminal israel\u00ed, Alon Giladi en 1991, <strong>al que golpe\u00f3 hasta matarlo, para luego envolver el cuerpo en un tapete y abandonarlo cerca del Aeropuerto Internacional de Los \u00c1ngeles<\/strong>. Eso s\u00f3lo acrecent\u00f3 su fama en el mundo criminal. Ten\u00eda apenas 25 a\u00f1os, seg\u00fan el diario &#8220;Haaretz&#8221;.<\/p>\n<p>https:\/\/twitter.com\/c4jimenez\/status\/1154457215744393216?s=21<\/p>\n<p>https:\/\/twitter.com\/c4jimenez\/status\/1154437840006254592?s=21<\/p>\n<p>Los reportes de la polic\u00eda angelina lo ligaban tambi\u00e9n con lavado de dinero\u00a0<\/p>\n<p>En marzo de 2009, revel\u00f3 el Post, <strong>fue detenido por lanzar una granada contra una concesionaria de Subaru en Tel Aviv, como parte de una campa\u00f1a de extorsi\u00f3n.<\/strong><\/p>\n<p>En diciembre de 2013 volvi\u00f3 a ser detenido por un caso de lavado de dinero, pero fue liberado.<\/p>\n<p>En abril de 2015, su t\u00edo Itzik result\u00f3 herido de gravedad cuando estaba en su auto en la calle HaPalmach, en Givatayim.<\/p>\n<p>En enero de 2016, en la misma zona, fue Ben quien result\u00f3 herido de gravedad en un atentado en su contra.<\/p>\n<p>En un art\u00edculo de 2009, el diario Haaretz mencionaba que Cohen era, adem\u00e1s, fan del futbol soccer y de un equipo en particular, el Hapoel Ramat Gan, de cuyo due\u00f1o, Yaron Kuris, era amigo.<\/p>\n<p><iframe loading=\"lazy\" title=\"\u00bfQui\u00e9n era Johny Ben o Ben Sutji, el israel\u00ed asesinado en Plaza Artz?\" width=\"640\" height=\"360\" src=\"https:\/\/www.youtube.com\/embed\/uB28kDSrOLY?feature=oembed\" frameborder=\"0\" allow=\"accelerometer; autoplay; clipboard-write; encrypted-media; gyroscope; picture-in-picture; web-share\" referrerpolicy=\"strict-origin-when-cross-origin\" allowfullscreen><\/iframe><\/p>\n<h4>Los hermanos Mosley Organzaci\u00f3n Mosli<\/h4>\n<p>En febrero pasado, la revista en l\u00ednea Tablet, fundada en 2009, difundi\u00f3 un art\u00edculo titulado &#8220;Gu\u00eda de Campo del Crimen Organizado Israel\u00ed&#8221;. <strong>En ella aparece la Organizaci\u00f3n Mosli, encabezada por Yossi Mosli, con sede en Tel Aviv y enemistada, seg\u00fan medios israel\u00edes, con Benjamin Sutji, asesinado en Plaza Artz el mi\u00e9rcoles.<\/strong><\/p>\n<p>De acuerdo con el art\u00edculo de la revista, que ha sido nominada a cinco National Magazine Awards, los Mosli comenzaron en el negocio de la venta de verdura en el sur de Tel Aviv, para luego convertirse en una de las organizaciones criminales m\u00e1s ricas de Israel, dedicados al negocio de apuestas.<\/p>\n<p>Yossi, Eli y Shai, hermanos, hicieron crecer el negocio familiar hasta convertirlo en una organizaci\u00f3n criminal internacional que, siempre seg\u00fan Tablet, tambi\u00e9n ten\u00eda negocios leg\u00edtimos de distribuci\u00f3n de verduras.<\/p>\n<p>Durante a\u00f1os se les consider\u00f3 miembros de otra organizaci\u00f3n, Abergil, pero luego se habr\u00edan rebelado.<\/p>\n<p>Se cree que Yossi es el l\u00edder del grupo y Eli el director financiero, responsable del manejo de casinos en Europa. De Shai se dice que vive en Johannesburgo desde hace muchos a\u00f1os.<\/p>\n<p>En 2015, seg\u00fan el reporte de la revista, la polic\u00eda arrest\u00f3 a miembros de la organizaci\u00f3n, acus\u00e1ndolos del asesinato de ex colegas, pero el caso se cay\u00f3.<\/p>\n<\/div>\n<\/div>\n","protected":false},"excerpt":{"rendered":"<p>Benjamin Sutji, asesinado en Plaza Artz, ligado al criminal Ben Cohen<br \/>\nPor Redacci\u00f3n QP<\/p>\n","protected":false},"author":2,"featured_media":33022,"comment_status":"open","ping_status":"open","sticky":false,"template":"","format":"standard","meta":{"_monsterinsights_skip_tracking":false,"_monsterinsights_sitenote_active":false,"_monsterinsights_sitenote_note":"","_monsterinsights_sitenote_category":0,"footnotes":""},"categories":[55],"tags":[],"class_list":["post-33023","post","type-post","status-publish","format-standard","has-post-thumbnail","hentry","category-cdmx"],"yoast_head":"<!-- This site is optimized with the Yoast SEO plugin v27.3 - https:\/\/yoast.com\/product\/yoast-seo-wordpress\/ -->\n<title>Benjamin Sutji, asesinado en Plaza Artz, ligado al criminal Ben Cohen -<\/title>\n<meta name=\"robots\" content=\"index, follow, max-snippet:-1, max-image-preview:large, max-video-preview:-1\" \/>\n<link rel=\"canonical\" href=\"https:\/\/quehacerpolitico.mx\/?p=33023\" \/>\n<meta property=\"og:locale\" content=\"es_MX\" \/>\n<meta property=\"og:type\" content=\"article\" \/>\n<meta property=\"og:title\" content=\"Benjamin Sutji, asesinado en Plaza Artz, ligado al criminal Ben Cohen -\" \/>\n<meta property=\"og:description\" content=\"Benjamin Sutji, asesinado en Plaza Artz, ligado al criminal Ben Cohen Por Redacci\u00f3n QP\" \/>\n<meta property=\"og:url\" content=\"https:\/\/quehacerpolitico.mx\/?p=33023\" \/>\n<meta property=\"article:published_time\" content=\"2019-07-26T02:40:55+00:00\" \/>\n<meta name=\"author\" content=\"Redacci\u00f3n QP\" \/>\n<meta name=\"twitter:card\" content=\"summary_large_image\" \/>\n<meta name=\"twitter:label1\" content=\"Escrito por\" \/>\n\t<meta name=\"twitter:data1\" content=\"Redacci\u00f3n QP\" \/>\n\t<meta name=\"twitter:label2\" content=\"Tiempo de lectura\" \/>\n\t<meta name=\"twitter:data2\" content=\"3 minutos\" \/>\n<script type=\"application\/ld+json\" class=\"yoast-schema-graph\">{\"@context\":\"https:\\\/\\\/schema.org\",\"@graph\":[{\"@type\":\"Article\",\"@id\":\"https:\\\/\\\/quehacerpolitico.mx\\\/?p=33023#article\",\"isPartOf\":{\"@id\":\"https:\\\/\\\/quehacerpolitico.mx\\\/?p=33023\"},\"author\":{\"name\":\"Redacci\u00f3n QP\",\"@id\":\"https:\\\/\\\/quehacerpolitico.mx\\\/#\\\/schema\\\/person\\\/496d8ad2d1d3f8036101dca7ee39e585\"},\"headline\":\"Benjamin Sutji, asesinado en Plaza Artz, ligado al criminal Ben Cohen\",\"datePublished\":\"2019-07-26T02:40:55+00:00\",\"mainEntityOfPage\":{\"@id\":\"https:\\\/\\\/quehacerpolitico.mx\\\/?p=33023\"},\"wordCount\":631,\"commentCount\":0,\"image\":{\"@id\":\"https:\\\/\\\/quehacerpolitico.mx\\\/?p=33023#primaryimage\"},\"thumbnailUrl\":\"\",\"articleSection\":[\"CDMX\"],\"inLanguage\":\"es\",\"potentialAction\":[{\"@type\":\"CommentAction\",\"name\":\"Comment\",\"target\":[\"https:\\\/\\\/quehacerpolitico.mx\\\/?p=33023#respond\"]}]},{\"@type\":\"WebPage\",\"@id\":\"https:\\\/\\\/quehacerpolitico.mx\\\/?p=33023\",\"url\":\"https:\\\/\\\/quehacerpolitico.mx\\\/?p=33023\",\"name\":\"Benjamin Sutji, asesinado en Plaza Artz, ligado al criminal Ben Cohen -\",\"isPartOf\":{\"@id\":\"https:\\\/\\\/quehacerpolitico.mx\\\/#website\"},\"primaryImageOfPage\":{\"@id\":\"https:\\\/\\\/quehacerpolitico.mx\\\/?p=33023#primaryimage\"},\"image\":{\"@id\":\"https:\\\/\\\/quehacerpolitico.mx\\\/?p=33023#primaryimage\"},\"thumbnailUrl\":\"\",\"datePublished\":\"2019-07-26T02:40:55+00:00\",\"author\":{\"@id\":\"https:\\\/\\\/quehacerpolitico.mx\\\/#\\\/schema\\\/person\\\/496d8ad2d1d3f8036101dca7ee39e585\"},\"breadcrumb\":{\"@id\":\"https:\\\/\\\/quehacerpolitico.mx\\\/?p=33023#breadcrumb\"},\"inLanguage\":\"es\",\"potentialAction\":[{\"@type\":\"ReadAction\",\"target\":[\"https:\\\/\\\/quehacerpolitico.mx\\\/?p=33023\"]}]},{\"@type\":\"ImageObject\",\"inLanguage\":\"es\",\"@id\":\"https:\\\/\\\/quehacerpolitico.mx\\\/?p=33023#primaryimage\",\"url\":\"\",\"contentUrl\":\"\"},{\"@type\":\"BreadcrumbList\",\"@id\":\"https:\\\/\\\/quehacerpolitico.mx\\\/?p=33023#breadcrumb\",\"itemListElement\":[{\"@type\":\"ListItem\",\"position\":1,\"name\":\"Inicio\",\"item\":\"https:\\\/\\\/quehacerpolitico.mx\\\/\"},{\"@type\":\"ListItem\",\"position\":2,\"name\":\"Benjamin Sutji, asesinado en Plaza Artz, ligado al criminal Ben Cohen\"}]},{\"@type\":\"WebSite\",\"@id\":\"https:\\\/\\\/quehacerpolitico.mx\\\/#website\",\"url\":\"https:\\\/\\\/quehacerpolitico.mx\\\/\",\"name\":\"\",\"description\":\"\",\"potentialAction\":[{\"@type\":\"SearchAction\",\"target\":{\"@type\":\"EntryPoint\",\"urlTemplate\":\"https:\\\/\\\/quehacerpolitico.mx\\\/?s={search_term_string}\"},\"query-input\":{\"@type\":\"PropertyValueSpecification\",\"valueRequired\":true,\"valueName\":\"search_term_string\"}}],\"inLanguage\":\"es\"},{\"@type\":\"Person\",\"@id\":\"https:\\\/\\\/quehacerpolitico.mx\\\/#\\\/schema\\\/person\\\/496d8ad2d1d3f8036101dca7ee39e585\",\"name\":\"Redacci\u00f3n QP\",\"image\":{\"@type\":\"ImageObject\",\"inLanguage\":\"es\",\"@id\":\"https:\\\/\\\/secure.gravatar.com\\\/avatar\\\/c7164ed6fdec453195284ad24a5ae5b6e1eed2b848477fa2a4787ba9adf39a41?s=96&d=mm&r=g\",\"url\":\"https:\\\/\\\/secure.gravatar.com\\\/avatar\\\/c7164ed6fdec453195284ad24a5ae5b6e1eed2b848477fa2a4787ba9adf39a41?s=96&d=mm&r=g\",\"contentUrl\":\"https:\\\/\\\/secure.gravatar.com\\\/avatar\\\/c7164ed6fdec453195284ad24a5ae5b6e1eed2b848477fa2a4787ba9adf39a41?s=96&d=mm&r=g\",\"caption\":\"Redacci\u00f3n QP\"},\"url\":\"https:\\\/\\\/quehacerpolitico.mx\\\/?author=2\"}]}<\/script>\n<!-- \/ Yoast SEO plugin. -->","yoast_head_json":{"title":"Benjamin Sutji, asesinado en Plaza Artz, ligado al criminal Ben Cohen -","robots":{"index":"index","follow":"follow","max-snippet":"max-snippet:-1","max-image-preview":"max-image-preview:large","max-video-preview":"max-video-preview:-1"},"canonical":"https:\/\/quehacerpolitico.mx\/?p=33023","og_locale":"es_MX","og_type":"article","og_title":"Benjamin Sutji, asesinado en Plaza Artz, ligado al criminal Ben Cohen -","og_description":"Benjamin Sutji, asesinado en Plaza Artz, ligado al criminal Ben Cohen Por Redacci\u00f3n QP","og_url":"https:\/\/quehacerpolitico.mx\/?p=33023","article_published_time":"2019-07-26T02:40:55+00:00","author":"Redacci\u00f3n QP","twitter_card":"summary_large_image","twitter_misc":{"Escrito por":"Redacci\u00f3n QP","Tiempo de lectura":"3 minutos"},"schema":{"@context":"https:\/\/schema.org","@graph":[{"@type":"Article","@id":"https:\/\/quehacerpolitico.mx\/?p=33023#article","isPartOf":{"@id":"https:\/\/quehacerpolitico.mx\/?p=33023"},"author":{"name":"Redacci\u00f3n QP","@id":"https:\/\/quehacerpolitico.mx\/#\/schema\/person\/496d8ad2d1d3f8036101dca7ee39e585"},"headline":"Benjamin Sutji, asesinado en Plaza Artz, ligado al criminal Ben Cohen","datePublished":"2019-07-26T02:40:55+00:00","mainEntityOfPage":{"@id":"https:\/\/quehacerpolitico.mx\/?p=33023"},"wordCount":631,"commentCount":0,"image":{"@id":"https:\/\/quehacerpolitico.mx\/?p=33023#primaryimage"},"thumbnailUrl":"","articleSection":["CDMX"],"inLanguage":"es","potentialAction":[{"@type":"CommentAction","name":"Comment","target":["https:\/\/quehacerpolitico.mx\/?p=33023#respond"]}]},{"@type":"WebPage","@id":"https:\/\/quehacerpolitico.mx\/?p=33023","url":"https:\/\/quehacerpolitico.mx\/?p=33023","name":"Benjamin Sutji, asesinado en Plaza Artz, ligado al criminal Ben Cohen -","isPartOf":{"@id":"https:\/\/quehacerpolitico.mx\/#website"},"primaryImageOfPage":{"@id":"https:\/\/quehacerpolitico.mx\/?p=33023#primaryimage"},"image":{"@id":"https:\/\/quehacerpolitico.mx\/?p=33023#primaryimage"},"thumbnailUrl":"","datePublished":"2019-07-26T02:40:55+00:00","author":{"@id":"https:\/\/quehacerpolitico.mx\/#\/schema\/person\/496d8ad2d1d3f8036101dca7ee39e585"},"breadcrumb":{"@id":"https:\/\/quehacerpolitico.mx\/?p=33023#breadcrumb"},"inLanguage":"es","potentialAction":[{"@type":"ReadAction","target":["https:\/\/quehacerpolitico.mx\/?p=33023"]}]},{"@type":"ImageObject","inLanguage":"es","@id":"https:\/\/quehacerpolitico.mx\/?p=33023#primaryimage","url":"","contentUrl":""},{"@type":"BreadcrumbList","@id":"https:\/\/quehacerpolitico.mx\/?p=33023#breadcrumb","itemListElement":[{"@type":"ListItem","position":1,"name":"Inicio","item":"https:\/\/quehacerpolitico.mx\/"},{"@type":"ListItem","position":2,"name":"Benjamin Sutji, asesinado en Plaza Artz, ligado al criminal Ben Cohen"}]},{"@type":"WebSite","@id":"https:\/\/quehacerpolitico.mx\/#website","url":"https:\/\/quehacerpolitico.mx\/","name":"","description":"","potentialAction":[{"@type":"SearchAction","target":{"@type":"EntryPoint","urlTemplate":"https:\/\/quehacerpolitico.mx\/?s={search_term_string}"},"query-input":{"@type":"PropertyValueSpecification","valueRequired":true,"valueName":"search_term_string"}}],"inLanguage":"es"},{"@type":"Person","@id":"https:\/\/quehacerpolitico.mx\/#\/schema\/person\/496d8ad2d1d3f8036101dca7ee39e585","name":"Redacci\u00f3n QP","image":{"@type":"ImageObject","inLanguage":"es","@id":"https:\/\/secure.gravatar.com\/avatar\/c7164ed6fdec453195284ad24a5ae5b6e1eed2b848477fa2a4787ba9adf39a41?s=96&d=mm&r=g","url":"https:\/\/secure.gravatar.com\/avatar\/c7164ed6fdec453195284ad24a5ae5b6e1eed2b848477fa2a4787ba9adf39a41?s=96&d=mm&r=g","contentUrl":"https:\/\/secure.gravatar.com\/avatar\/c7164ed6fdec453195284ad24a5ae5b6e1eed2b848477fa2a4787ba9adf39a41?s=96&d=mm&r=g","caption":"Redacci\u00f3n QP"},"url":"https:\/\/quehacerpolitico.mx\/?author=2"}]}},"featured_image_urls":{"full":"","thumbnail":"","medium":"","medium_large":"","large":"","1536x1536":"","2048x2048":"","covernews-featured":"","covernews-medium":""},"author_info":{"display_name":"Redacci\u00f3n QP","author_link":"https:\/\/quehacerpolitico.mx\/?author=2"},"category_info":"<a href=\"https:\/\/quehacerpolitico.mx\/?cat=55\" rel=\"category\">CDMX<\/a>","tag_info":"CDMX","comment_count":"0","_links":{"self":[{"href":"https:\/\/quehacerpolitico.mx\/index.php?rest_route=\/wp\/v2\/posts\/33023","targetHints":{"allow":["GET"]}}],"collection":[{"href":"https:\/\/quehacerpolitico.mx\/index.php?rest_route=\/wp\/v2\/posts"}],"about":[{"href":"https:\/\/quehacerpolitico.mx\/index.php?rest_route=\/wp\/v2\/types\/post"}],"author":[{"embeddable":true,"href":"https:\/\/quehacerpolitico.mx\/index.php?rest_route=\/wp\/v2\/users\/2"}],"replies":[{"embeddable":true,"href":"https:\/\/quehacerpolitico.mx\/index.php?rest_route=%2Fwp%2Fv2%2Fcomments&post=33023"}],"version-history":[{"count":0,"href":"https:\/\/quehacerpolitico.mx\/index.php?rest_route=\/wp\/v2\/posts\/33023\/revisions"}],"wp:featuredmedia":[{"embeddable":true,"href":"https:\/\/quehacerpolitico.mx\/index.php?rest_route=\/"}],"wp:attachment":[{"href":"https:\/\/quehacerpolitico.mx\/index.php?rest_route=%2Fwp%2Fv2%2Fmedia&parent=33023"}],"wp:term":[{"taxonomy":"category","embeddable":true,"href":"https:\/\/quehacerpolitico.mx\/index.php?rest_route=%2Fwp%2Fv2%2Fcategories&post=33023"},{"taxonomy":"post_tag","embeddable":true,"href":"https:\/\/quehacerpolitico.mx\/index.php?rest_route=%2Fwp%2Fv2%2Ftags&post=33023"}],"curies":[{"name":"wp","href":"https:\/\/api.w.org\/{rel}","templated":true}]}}