{"id":33017,"date":"2019-07-26T01:57:51","date_gmt":"2019-07-26T01:57:51","guid":{"rendered":"http:\/\/quehacerpolitico.mx\/finaliza-ejercicio-de-parlamento-abierto-sobre-la-reforma-laboral\/"},"modified":"2019-07-26T01:57:51","modified_gmt":"2019-07-26T01:57:51","slug":"finaliza-ejercicio-de-parlamento-abierto-sobre-la-reforma-laboral","status":"publish","type":"post","link":"https:\/\/quehacerpolitico.mx\/?p=33017","title":{"rendered":"Finaliza ejercicio de Parlamento Abierto sobre la Reforma Laboral"},"content":{"rendered":"<h1 class=\"news-title\">Finaliza ejercicio de Parlamento Abierto sobre la Reforma Laboral<\/h1>\n<p>Por Redacci\u00f3n QP<\/p>\n<header class=\"news-header\">\n<div class=\"news-subtitle\">\n<p>Clemente Casta\u00f1eda asegura que las propuestas que se presentaron en este ejercicio ciudadano ser\u00e1n llevadas al Pleno del Senado de la Rep\u00fablica<\/p>\n<\/div>\n<\/header>\n<div class=\"news-content\">\n<div class=\"news-body row\">\n<p>Durante la clausura del Parlamento Abierto sobre la Reforma Laboral, el senador Clemente Casta\u00f1eda\u00a0se comprometi\u00f3 a que las propuestas, observaciones e ideas que se presentaron en las audiencias p\u00fablicas ser\u00e1n traducidas en una acci\u00f3n legislativa para discutirse en el pr\u00f3ximo periodo que inicia en septiembre.<\/p>\n<blockquote>\n<p>\u201cTenemos una gran tarea enfrente y de lo que se trata es justamente lo que se ha dicho aqu\u00ed por propios y extra\u00f1os, que no quede nada m\u00e1s en una discusi\u00f3n&#8221;<\/p>\n<\/blockquote>\n<p>El Parlamento Abierto que se desarroll\u00f3 en el Senado de la Rep\u00fablica para fortalecer la Reforma Laboral <strong>reuni\u00f3 las opiniones de 85 especialistas durante m\u00e1s 25 horas de trabajo y discusi\u00f3n<\/strong>; sobre esto, Casta\u00f1eda declar\u00f3 que &#8220;ahora toca traducirlas en una acci\u00f3n legislativa para llevarlas al Pleno en el siguiente periodo que inicia en septiembre&#8221;.<\/p>\n<p>&#8220;\u00bfQu\u00e9 sigue ahora despu\u00e9s de este ejercicio? La tarea que tiene la Comisi\u00f3n de Trabajo y la Comisi\u00f3n de Anticorrupci\u00f3n es hacer una relator\u00eda de todo lo que se ha dicho aqu\u00ed, sacar todas las conclusiones correspondientes y transmitirle todo esto a la Junta de Coordinaci\u00f3n Pol\u00edtica y al grupo de trabajo especial que se ha formado para atender el tema de la Reforma Laboral\u201d, dijo el senador jalisciense.<\/p>\n<p>\u201cTenemos una gran tarea enfrente y de lo que se trata es justamente lo que se ha dicho aqu\u00ed por propios y extra\u00f1os, que <strong>no quede nada m\u00e1s en una discusi\u00f3n, en una muy sensata contraposici\u00f3n de ideas, sino que se traduzca en una acci\u00f3n legislativa concreta<\/strong>\u201d, continu\u00f3 el vicecoordinador del Grupo Parlamentario de Movimiento Ciudadano en el Senado.<\/p>\n<p><iframe loading=\"lazy\" title=\"Clausura Parlamento Abierto - Clemente Casta\u00f1eda Hoeflich\" width=\"640\" height=\"360\" src=\"https:\/\/www.youtube.com\/embed\/IqTmbW_qyes?feature=oembed\" frameborder=\"0\" allow=\"accelerometer; autoplay; clipboard-write; encrypted-media; gyroscope; picture-in-picture; web-share\" referrerpolicy=\"strict-origin-when-cross-origin\" allowfullscreen><\/iframe><\/p>\n<p><strong>Las Comisiones Unidas de Trabajo y de Anticorrupci\u00f3n, Transparencia y Participaci\u00f3n Ciudadana coordinaron el ejercicio de Parlamento Abierto, que inici\u00f3 el martes pasado y termin\u00f3 hoy<\/strong>. Se reunieron las voces de especialistas, acad\u00e9micos, representantes del sector\u00a0\u00a0 laboral\u00a0 y\u00a0 empresarial, as\u00ed\u00a0 como\u00a0 de funcionarios\u00a0 p\u00fablicos, en mesas\u00a0 como \u201cMecanismos\u00a0\u00a0 de\u00a0\u00a0 vigilancia\u00a0\u00a0 y\u00a0\u00a0 sanci\u00f3n\u00a0\u00a0 para\u00a0\u00a0 erradicar\u00a0\u00a0 las\u00a0\u00a0 malas\u00a0\u00a0 pr\u00e1cticas\u00a0 de la subcontrataci\u00f3n\u201d, \u201cIgualdad laboral para hombres y mujeres\u201d y \u201cLos derechos de las personas trabajadoras del hogar\u201d.<\/p>\n<p>\u201cEl plazo que nos hemos dado para hacer esta relator\u00eda es justamente la del mes de agosto para que, en septiembre, de la mano del inicio del periodo de sesiones podamos tener un paquete legislativo que se pueda discutir, como lo hemos hecho en esta legislatura, de frente a las mexicanas y mexicanos\u201d, dijo Casta\u00f1eda, al cerrar las mesas del Parlamento Abierto.<\/p>\n<p>Clemente Casta\u00f1eda subray\u00f3 la importancia que tienen este tipo de ejercicios de participaci\u00f3n ciudadana y rendici\u00f3n de cuentas.<\/p>\n<\/div>\n<\/div>\n","protected":false},"excerpt":{"rendered":"<p>Finaliza ejercicio de Parlamento Abierto sobre la Reforma Laboral<br \/>\nPor Redacci\u00f3n QP<\/p>\n","protected":false},"author":2,"featured_media":33016,"comment_status":"open","ping_status":"open","sticky":false,"template":"","format":"standard","meta":{"_monsterinsights_skip_tracking":false,"_monsterinsights_sitenote_active":false,"_monsterinsights_sitenote_note":"","_monsterinsights_sitenote_category":0,"footnotes":""},"categories":[2],"tags":[],"class_list":["post-33017","post","type-post","status-publish","format-standard","has-post-thumbnail","hentry","category-noticias"],"yoast_head":"<!-- This site is optimized with the Yoast SEO plugin v27.3 - https:\/\/yoast.com\/product\/yoast-seo-wordpress\/ -->\n<title>Finaliza ejercicio de Parlamento Abierto sobre la Reforma Laboral -<\/title>\n<meta name=\"robots\" content=\"index, follow, max-snippet:-1, max-image-preview:large, max-video-preview:-1\" \/>\n<link rel=\"canonical\" href=\"https:\/\/quehacerpolitico.mx\/?p=33017\" \/>\n<meta property=\"og:locale\" content=\"es_MX\" \/>\n<meta property=\"og:type\" content=\"article\" \/>\n<meta property=\"og:title\" content=\"Finaliza ejercicio de Parlamento Abierto sobre la Reforma Laboral -\" \/>\n<meta property=\"og:description\" content=\"Finaliza ejercicio de Parlamento Abierto sobre la Reforma Laboral Por Redacci\u00f3n QP\" \/>\n<meta property=\"og:url\" content=\"https:\/\/quehacerpolitico.mx\/?p=33017\" \/>\n<meta property=\"article:published_time\" content=\"2019-07-26T01:57:51+00:00\" \/>\n<meta name=\"author\" content=\"Redacci\u00f3n QP\" \/>\n<meta name=\"twitter:card\" content=\"summary_large_image\" \/>\n<meta name=\"twitter:label1\" content=\"Escrito por\" \/>\n\t<meta name=\"twitter:data1\" content=\"Redacci\u00f3n QP\" \/>\n\t<meta name=\"twitter:label2\" content=\"Tiempo de lectura\" \/>\n\t<meta name=\"twitter:data2\" content=\"2 minutos\" \/>\n<script type=\"application\/ld+json\" class=\"yoast-schema-graph\">{\"@context\":\"https:\\\/\\\/schema.org\",\"@graph\":[{\"@type\":\"Article\",\"@id\":\"https:\\\/\\\/quehacerpolitico.mx\\\/?p=33017#article\",\"isPartOf\":{\"@id\":\"https:\\\/\\\/quehacerpolitico.mx\\\/?p=33017\"},\"author\":{\"name\":\"Redacci\u00f3n QP\",\"@id\":\"https:\\\/\\\/quehacerpolitico.mx\\\/#\\\/schema\\\/person\\\/496d8ad2d1d3f8036101dca7ee39e585\"},\"headline\":\"Finaliza ejercicio de Parlamento Abierto sobre la Reforma Laboral\",\"datePublished\":\"2019-07-26T01:57:51+00:00\",\"mainEntityOfPage\":{\"@id\":\"https:\\\/\\\/quehacerpolitico.mx\\\/?p=33017\"},\"wordCount\":502,\"commentCount\":0,\"image\":{\"@id\":\"https:\\\/\\\/quehacerpolitico.mx\\\/?p=33017#primaryimage\"},\"thumbnailUrl\":\"\",\"articleSection\":[\"Noticias\"],\"inLanguage\":\"es\",\"potentialAction\":[{\"@type\":\"CommentAction\",\"name\":\"Comment\",\"target\":[\"https:\\\/\\\/quehacerpolitico.mx\\\/?p=33017#respond\"]}]},{\"@type\":\"WebPage\",\"@id\":\"https:\\\/\\\/quehacerpolitico.mx\\\/?p=33017\",\"url\":\"https:\\\/\\\/quehacerpolitico.mx\\\/?p=33017\",\"name\":\"Finaliza ejercicio de Parlamento Abierto sobre la Reforma Laboral -\",\"isPartOf\":{\"@id\":\"https:\\\/\\\/quehacerpolitico.mx\\\/#website\"},\"primaryImageOfPage\":{\"@id\":\"https:\\\/\\\/quehacerpolitico.mx\\\/?p=33017#primaryimage\"},\"image\":{\"@id\":\"https:\\\/\\\/quehacerpolitico.mx\\\/?p=33017#primaryimage\"},\"thumbnailUrl\":\"\",\"datePublished\":\"2019-07-26T01:57:51+00:00\",\"author\":{\"@id\":\"https:\\\/\\\/quehacerpolitico.mx\\\/#\\\/schema\\\/person\\\/496d8ad2d1d3f8036101dca7ee39e585\"},\"breadcrumb\":{\"@id\":\"https:\\\/\\\/quehacerpolitico.mx\\\/?p=33017#breadcrumb\"},\"inLanguage\":\"es\",\"potentialAction\":[{\"@type\":\"ReadAction\",\"target\":[\"https:\\\/\\\/quehacerpolitico.mx\\\/?p=33017\"]}]},{\"@type\":\"ImageObject\",\"inLanguage\":\"es\",\"@id\":\"https:\\\/\\\/quehacerpolitico.mx\\\/?p=33017#primaryimage\",\"url\":\"\",\"contentUrl\":\"\"},{\"@type\":\"BreadcrumbList\",\"@id\":\"https:\\\/\\\/quehacerpolitico.mx\\\/?p=33017#breadcrumb\",\"itemListElement\":[{\"@type\":\"ListItem\",\"position\":1,\"name\":\"Inicio\",\"item\":\"https:\\\/\\\/quehacerpolitico.mx\\\/\"},{\"@type\":\"ListItem\",\"position\":2,\"name\":\"Finaliza ejercicio de Parlamento Abierto sobre la Reforma Laboral\"}]},{\"@type\":\"WebSite\",\"@id\":\"https:\\\/\\\/quehacerpolitico.mx\\\/#website\",\"url\":\"https:\\\/\\\/quehacerpolitico.mx\\\/\",\"name\":\"\",\"description\":\"\",\"potentialAction\":[{\"@type\":\"SearchAction\",\"target\":{\"@type\":\"EntryPoint\",\"urlTemplate\":\"https:\\\/\\\/quehacerpolitico.mx\\\/?s={search_term_string}\"},\"query-input\":{\"@type\":\"PropertyValueSpecification\",\"valueRequired\":true,\"valueName\":\"search_term_string\"}}],\"inLanguage\":\"es\"},{\"@type\":\"Person\",\"@id\":\"https:\\\/\\\/quehacerpolitico.mx\\\/#\\\/schema\\\/person\\\/496d8ad2d1d3f8036101dca7ee39e585\",\"name\":\"Redacci\u00f3n QP\",\"image\":{\"@type\":\"ImageObject\",\"inLanguage\":\"es\",\"@id\":\"https:\\\/\\\/secure.gravatar.com\\\/avatar\\\/c7164ed6fdec453195284ad24a5ae5b6e1eed2b848477fa2a4787ba9adf39a41?s=96&d=mm&r=g\",\"url\":\"https:\\\/\\\/secure.gravatar.com\\\/avatar\\\/c7164ed6fdec453195284ad24a5ae5b6e1eed2b848477fa2a4787ba9adf39a41?s=96&d=mm&r=g\",\"contentUrl\":\"https:\\\/\\\/secure.gravatar.com\\\/avatar\\\/c7164ed6fdec453195284ad24a5ae5b6e1eed2b848477fa2a4787ba9adf39a41?s=96&d=mm&r=g\",\"caption\":\"Redacci\u00f3n QP\"},\"url\":\"https:\\\/\\\/quehacerpolitico.mx\\\/?author=2\"}]}<\/script>\n<!-- \/ Yoast SEO plugin. -->","yoast_head_json":{"title":"Finaliza ejercicio de Parlamento Abierto sobre la Reforma Laboral -","robots":{"index":"index","follow":"follow","max-snippet":"max-snippet:-1","max-image-preview":"max-image-preview:large","max-video-preview":"max-video-preview:-1"},"canonical":"https:\/\/quehacerpolitico.mx\/?p=33017","og_locale":"es_MX","og_type":"article","og_title":"Finaliza ejercicio de Parlamento Abierto sobre la Reforma Laboral -","og_description":"Finaliza ejercicio de Parlamento Abierto sobre la Reforma Laboral Por Redacci\u00f3n QP","og_url":"https:\/\/quehacerpolitico.mx\/?p=33017","article_published_time":"2019-07-26T01:57:51+00:00","author":"Redacci\u00f3n QP","twitter_card":"summary_large_image","twitter_misc":{"Escrito por":"Redacci\u00f3n QP","Tiempo de lectura":"2 minutos"},"schema":{"@context":"https:\/\/schema.org","@graph":[{"@type":"Article","@id":"https:\/\/quehacerpolitico.mx\/?p=33017#article","isPartOf":{"@id":"https:\/\/quehacerpolitico.mx\/?p=33017"},"author":{"name":"Redacci\u00f3n QP","@id":"https:\/\/quehacerpolitico.mx\/#\/schema\/person\/496d8ad2d1d3f8036101dca7ee39e585"},"headline":"Finaliza ejercicio de Parlamento Abierto sobre la Reforma Laboral","datePublished":"2019-07-26T01:57:51+00:00","mainEntityOfPage":{"@id":"https:\/\/quehacerpolitico.mx\/?p=33017"},"wordCount":502,"commentCount":0,"image":{"@id":"https:\/\/quehacerpolitico.mx\/?p=33017#primaryimage"},"thumbnailUrl":"","articleSection":["Noticias"],"inLanguage":"es","potentialAction":[{"@type":"CommentAction","name":"Comment","target":["https:\/\/quehacerpolitico.mx\/?p=33017#respond"]}]},{"@type":"WebPage","@id":"https:\/\/quehacerpolitico.mx\/?p=33017","url":"https:\/\/quehacerpolitico.mx\/?p=33017","name":"Finaliza ejercicio de Parlamento Abierto sobre la Reforma Laboral -","isPartOf":{"@id":"https:\/\/quehacerpolitico.mx\/#website"},"primaryImageOfPage":{"@id":"https:\/\/quehacerpolitico.mx\/?p=33017#primaryimage"},"image":{"@id":"https:\/\/quehacerpolitico.mx\/?p=33017#primaryimage"},"thumbnailUrl":"","datePublished":"2019-07-26T01:57:51+00:00","author":{"@id":"https:\/\/quehacerpolitico.mx\/#\/schema\/person\/496d8ad2d1d3f8036101dca7ee39e585"},"breadcrumb":{"@id":"https:\/\/quehacerpolitico.mx\/?p=33017#breadcrumb"},"inLanguage":"es","potentialAction":[{"@type":"ReadAction","target":["https:\/\/quehacerpolitico.mx\/?p=33017"]}]},{"@type":"ImageObject","inLanguage":"es","@id":"https:\/\/quehacerpolitico.mx\/?p=33017#primaryimage","url":"","contentUrl":""},{"@type":"BreadcrumbList","@id":"https:\/\/quehacerpolitico.mx\/?p=33017#breadcrumb","itemListElement":[{"@type":"ListItem","position":1,"name":"Inicio","item":"https:\/\/quehacerpolitico.mx\/"},{"@type":"ListItem","position":2,"name":"Finaliza ejercicio de Parlamento Abierto sobre la Reforma Laboral"}]},{"@type":"WebSite","@id":"https:\/\/quehacerpolitico.mx\/#website","url":"https:\/\/quehacerpolitico.mx\/","name":"","description":"","potentialAction":[{"@type":"SearchAction","target":{"@type":"EntryPoint","urlTemplate":"https:\/\/quehacerpolitico.mx\/?s={search_term_string}"},"query-input":{"@type":"PropertyValueSpecification","valueRequired":true,"valueName":"search_term_string"}}],"inLanguage":"es"},{"@type":"Person","@id":"https:\/\/quehacerpolitico.mx\/#\/schema\/person\/496d8ad2d1d3f8036101dca7ee39e585","name":"Redacci\u00f3n QP","image":{"@type":"ImageObject","inLanguage":"es","@id":"https:\/\/secure.gravatar.com\/avatar\/c7164ed6fdec453195284ad24a5ae5b6e1eed2b848477fa2a4787ba9adf39a41?s=96&d=mm&r=g","url":"https:\/\/secure.gravatar.com\/avatar\/c7164ed6fdec453195284ad24a5ae5b6e1eed2b848477fa2a4787ba9adf39a41?s=96&d=mm&r=g","contentUrl":"https:\/\/secure.gravatar.com\/avatar\/c7164ed6fdec453195284ad24a5ae5b6e1eed2b848477fa2a4787ba9adf39a41?s=96&d=mm&r=g","caption":"Redacci\u00f3n QP"},"url":"https:\/\/quehacerpolitico.mx\/?author=2"}]}},"featured_image_urls":{"full":"","thumbnail":"","medium":"","medium_large":"","large":"","1536x1536":"","2048x2048":"","covernews-featured":"","covernews-medium":""},"author_info":{"display_name":"Redacci\u00f3n QP","author_link":"https:\/\/quehacerpolitico.mx\/?author=2"},"category_info":"<a href=\"https:\/\/quehacerpolitico.mx\/?cat=2\" rel=\"category\">Noticias<\/a>","tag_info":"Noticias","comment_count":"0","_links":{"self":[{"href":"https:\/\/quehacerpolitico.mx\/index.php?rest_route=\/wp\/v2\/posts\/33017","targetHints":{"allow":["GET"]}}],"collection":[{"href":"https:\/\/quehacerpolitico.mx\/index.php?rest_route=\/wp\/v2\/posts"}],"about":[{"href":"https:\/\/quehacerpolitico.mx\/index.php?rest_route=\/wp\/v2\/types\/post"}],"author":[{"embeddable":true,"href":"https:\/\/quehacerpolitico.mx\/index.php?rest_route=\/wp\/v2\/users\/2"}],"replies":[{"embeddable":true,"href":"https:\/\/quehacerpolitico.mx\/index.php?rest_route=%2Fwp%2Fv2%2Fcomments&post=33017"}],"version-history":[{"count":0,"href":"https:\/\/quehacerpolitico.mx\/index.php?rest_route=\/wp\/v2\/posts\/33017\/revisions"}],"wp:featuredmedia":[{"embeddable":true,"href":"https:\/\/quehacerpolitico.mx\/index.php?rest_route=\/"}],"wp:attachment":[{"href":"https:\/\/quehacerpolitico.mx\/index.php?rest_route=%2Fwp%2Fv2%2Fmedia&parent=33017"}],"wp:term":[{"taxonomy":"category","embeddable":true,"href":"https:\/\/quehacerpolitico.mx\/index.php?rest_route=%2Fwp%2Fv2%2Fcategories&post=33017"},{"taxonomy":"post_tag","embeddable":true,"href":"https:\/\/quehacerpolitico.mx\/index.php?rest_route=%2Fwp%2Fv2%2Ftags&post=33017"}],"curies":[{"name":"wp","href":"https:\/\/api.w.org\/{rel}","templated":true}]}}