{"id":33011,"date":"2019-07-26T01:34:06","date_gmt":"2019-07-26T01:34:06","guid":{"rendered":"http:\/\/quehacerpolitico.mx\/da-semarnat-autorizacion-condicionada-a-aeropuerto-de-santa-lucia\/"},"modified":"2019-07-26T01:34:06","modified_gmt":"2019-07-26T01:34:06","slug":"da-semarnat-autorizacion-condicionada-a-aeropuerto-de-santa-lucia","status":"publish","type":"post","link":"https:\/\/quehacerpolitico.mx\/?p=33011","title":{"rendered":"Da Semarnat autorizaci\u00f3n condicionada a Aeropuerto de Santa Luc\u00eda"},"content":{"rendered":"<p>Da Semarnat autorizaci\u00f3n condicionada a Aeropuerto de Santa Luc\u00eda<\/p>\n<p>Por Redacci\u00f3n QP<\/p>\n<p>La Secretar\u00eda de Medio Ambiente y Recursos Naturales (Semarnat) consider\u00f3 que el proyecto del Aeropuerto de Santa Luc\u00eda es &#8220;ambientalmente viable&#8221;, por lo que determin\u00f3 autorizarlo aunque &#8220;de manera condicionada&#8221;.<\/p>\n<p>La autorizaci\u00f3n tendr\u00e1 una vigencia de 50 a\u00f1os para la operaci\u00f3n y el mantenimiento, prorrogables conforme a la revaloraci\u00f3n del Plan Maestro vigente, seg\u00fan la resoluci\u00f3n de la dependencia federal.<\/p>\n<p>El documento establece 16 condicionantes, entre las cuales destaca que se deber\u00e1 garantizar, al inicio de cualquier obra o actividad del proyecto, la forma en que se respaldar\u00e1 la realizaci\u00f3n de estrategias de control, mitigaci\u00f3n y compensaci\u00f3n ambiental.<\/p>\n<p>Adem\u00e1s se deber\u00e1n presentar las propuestas sobre los Programas de Rescate y Reubicaci\u00f3n de Flora y de Conservaci\u00f3n y Manejo de Fauna Silvestre.<\/p>\n<p>Tambi\u00e9n se deber\u00e1 implementar un Programa de Restauraci\u00f3n Ambiental, que incluya el Programa de Reforestaci\u00f3n y el de Manejo y Restauraci\u00f3n de Suelo propuestos por la Secretar\u00eda de la Defensa Nacional (Sedena), en su calidad de &#8220;promovente&#8221;, en la Manifestaci\u00f3n de Impacto Ambiental Regional (MIA-R).<\/p>\n<p>Asimismo se deber\u00e1 elaborar la propuesta del Programa de Monitoreo Anual de Aves, incluyendo murci\u00e9lagos, durante las diferentes etapas del proyecto, abarcando los periodos de lluvia y estiaje, \u201chaciendo especial \u00e9nfasis en la especie Athene cunicularia (tecolote llanero)\u201d, ya que se encontr\u00f3 una zona que es utilizada como refugio.<\/p>\n<p>Sobre el saneamiento de la Laguna de Zumpango se establecer\u00e1n mecanismos de coordinaci\u00f3n necesarios con las autoridades competentes para coadyuvar en las acciones para la eliminaci\u00f3n de contaminantes y disminuir las condiciones de preferencia para las aves, como los patos.<\/p>\n<p>Entre otras medidas, se deber\u00e1n establecer programas diversos para Atenuaci\u00f3n de Niveles de Ruido, de Manejo de Residuos, y de Prevenci\u00f3n y Respuesta a Contingencias Ambientales Derivadas de Eventos Meteorol\u00f3gicos Extraordinarios y de Riesgo.<\/p>\n<p>De la misma manera deber\u00e1 implementarse un Programa de Uso Sustentable del Agua, de Monitoreo Ambiental, adem\u00e1s de que deber\u00e1 integrarse un Comit\u00e9 de Vigilancia Ambiental, cuya estructura estar\u00e1 integrada por instituciones acad\u00e9micas, gobierno del estado, gobiernos municipales y la Direcci\u00f3n General de Impacto y Riesgo Ambiental (DGIRA) de la Semarnat.<\/p>\n<p>Con Informaci\u00f3n de NTX\u00a0<\/p>\n","protected":false},"excerpt":{"rendered":"<p>Da Semarnat autorizaci\u00f3n condicionada a Aeropuerto de Santa Luc\u00eda<br \/>\nPor Redacci\u00f3n QP<\/p>\n","protected":false},"author":2,"featured_media":33010,"comment_status":"open","ping_status":"open","sticky":false,"template":"","format":"standard","meta":{"_monsterinsights_skip_tracking":false,"_monsterinsights_sitenote_active":false,"_monsterinsights_sitenote_note":"","_monsterinsights_sitenote_category":0,"footnotes":""},"categories":[2],"tags":[],"class_list":["post-33011","post","type-post","status-publish","format-standard","has-post-thumbnail","hentry","category-noticias"],"yoast_head":"<!-- This site is optimized with the Yoast SEO plugin v27.3 - https:\/\/yoast.com\/product\/yoast-seo-wordpress\/ -->\n<title>Da Semarnat autorizaci\u00f3n condicionada a Aeropuerto de Santa Luc\u00eda -<\/title>\n<meta name=\"robots\" content=\"index, follow, max-snippet:-1, max-image-preview:large, max-video-preview:-1\" \/>\n<link rel=\"canonical\" href=\"https:\/\/quehacerpolitico.mx\/?p=33011\" \/>\n<meta property=\"og:locale\" content=\"es_MX\" \/>\n<meta property=\"og:type\" content=\"article\" \/>\n<meta property=\"og:title\" content=\"Da Semarnat autorizaci\u00f3n condicionada a Aeropuerto de Santa Luc\u00eda -\" \/>\n<meta property=\"og:description\" content=\"Da Semarnat autorizaci\u00f3n condicionada a Aeropuerto de Santa Luc\u00eda Por Redacci\u00f3n QP\" \/>\n<meta property=\"og:url\" content=\"https:\/\/quehacerpolitico.mx\/?p=33011\" \/>\n<meta property=\"article:published_time\" content=\"2019-07-26T01:34:06+00:00\" \/>\n<meta name=\"author\" content=\"Redacci\u00f3n QP\" \/>\n<meta name=\"twitter:card\" content=\"summary_large_image\" \/>\n<meta name=\"twitter:label1\" content=\"Escrito por\" \/>\n\t<meta name=\"twitter:data1\" content=\"Redacci\u00f3n QP\" \/>\n\t<meta name=\"twitter:label2\" content=\"Tiempo de lectura\" \/>\n\t<meta name=\"twitter:data2\" content=\"2 minutos\" \/>\n<script type=\"application\/ld+json\" class=\"yoast-schema-graph\">{\"@context\":\"https:\\\/\\\/schema.org\",\"@graph\":[{\"@type\":\"Article\",\"@id\":\"https:\\\/\\\/quehacerpolitico.mx\\\/?p=33011#article\",\"isPartOf\":{\"@id\":\"https:\\\/\\\/quehacerpolitico.mx\\\/?p=33011\"},\"author\":{\"name\":\"Redacci\u00f3n QP\",\"@id\":\"https:\\\/\\\/quehacerpolitico.mx\\\/#\\\/schema\\\/person\\\/496d8ad2d1d3f8036101dca7ee39e585\"},\"headline\":\"Da Semarnat autorizaci\u00f3n condicionada a Aeropuerto de Santa Luc\u00eda\",\"datePublished\":\"2019-07-26T01:34:06+00:00\",\"mainEntityOfPage\":{\"@id\":\"https:\\\/\\\/quehacerpolitico.mx\\\/?p=33011\"},\"wordCount\":401,\"commentCount\":0,\"image\":{\"@id\":\"https:\\\/\\\/quehacerpolitico.mx\\\/?p=33011#primaryimage\"},\"thumbnailUrl\":\"\",\"articleSection\":[\"Noticias\"],\"inLanguage\":\"es\",\"potentialAction\":[{\"@type\":\"CommentAction\",\"name\":\"Comment\",\"target\":[\"https:\\\/\\\/quehacerpolitico.mx\\\/?p=33011#respond\"]}]},{\"@type\":\"WebPage\",\"@id\":\"https:\\\/\\\/quehacerpolitico.mx\\\/?p=33011\",\"url\":\"https:\\\/\\\/quehacerpolitico.mx\\\/?p=33011\",\"name\":\"Da Semarnat autorizaci\u00f3n condicionada a Aeropuerto de Santa Luc\u00eda -\",\"isPartOf\":{\"@id\":\"https:\\\/\\\/quehacerpolitico.mx\\\/#website\"},\"primaryImageOfPage\":{\"@id\":\"https:\\\/\\\/quehacerpolitico.mx\\\/?p=33011#primaryimage\"},\"image\":{\"@id\":\"https:\\\/\\\/quehacerpolitico.mx\\\/?p=33011#primaryimage\"},\"thumbnailUrl\":\"\",\"datePublished\":\"2019-07-26T01:34:06+00:00\",\"author\":{\"@id\":\"https:\\\/\\\/quehacerpolitico.mx\\\/#\\\/schema\\\/person\\\/496d8ad2d1d3f8036101dca7ee39e585\"},\"breadcrumb\":{\"@id\":\"https:\\\/\\\/quehacerpolitico.mx\\\/?p=33011#breadcrumb\"},\"inLanguage\":\"es\",\"potentialAction\":[{\"@type\":\"ReadAction\",\"target\":[\"https:\\\/\\\/quehacerpolitico.mx\\\/?p=33011\"]}]},{\"@type\":\"ImageObject\",\"inLanguage\":\"es\",\"@id\":\"https:\\\/\\\/quehacerpolitico.mx\\\/?p=33011#primaryimage\",\"url\":\"\",\"contentUrl\":\"\"},{\"@type\":\"BreadcrumbList\",\"@id\":\"https:\\\/\\\/quehacerpolitico.mx\\\/?p=33011#breadcrumb\",\"itemListElement\":[{\"@type\":\"ListItem\",\"position\":1,\"name\":\"Inicio\",\"item\":\"https:\\\/\\\/quehacerpolitico.mx\\\/\"},{\"@type\":\"ListItem\",\"position\":2,\"name\":\"Da Semarnat autorizaci\u00f3n condicionada a Aeropuerto de Santa Luc\u00eda\"}]},{\"@type\":\"WebSite\",\"@id\":\"https:\\\/\\\/quehacerpolitico.mx\\\/#website\",\"url\":\"https:\\\/\\\/quehacerpolitico.mx\\\/\",\"name\":\"\",\"description\":\"\",\"potentialAction\":[{\"@type\":\"SearchAction\",\"target\":{\"@type\":\"EntryPoint\",\"urlTemplate\":\"https:\\\/\\\/quehacerpolitico.mx\\\/?s={search_term_string}\"},\"query-input\":{\"@type\":\"PropertyValueSpecification\",\"valueRequired\":true,\"valueName\":\"search_term_string\"}}],\"inLanguage\":\"es\"},{\"@type\":\"Person\",\"@id\":\"https:\\\/\\\/quehacerpolitico.mx\\\/#\\\/schema\\\/person\\\/496d8ad2d1d3f8036101dca7ee39e585\",\"name\":\"Redacci\u00f3n QP\",\"image\":{\"@type\":\"ImageObject\",\"inLanguage\":\"es\",\"@id\":\"https:\\\/\\\/secure.gravatar.com\\\/avatar\\\/c7164ed6fdec453195284ad24a5ae5b6e1eed2b848477fa2a4787ba9adf39a41?s=96&d=mm&r=g\",\"url\":\"https:\\\/\\\/secure.gravatar.com\\\/avatar\\\/c7164ed6fdec453195284ad24a5ae5b6e1eed2b848477fa2a4787ba9adf39a41?s=96&d=mm&r=g\",\"contentUrl\":\"https:\\\/\\\/secure.gravatar.com\\\/avatar\\\/c7164ed6fdec453195284ad24a5ae5b6e1eed2b848477fa2a4787ba9adf39a41?s=96&d=mm&r=g\",\"caption\":\"Redacci\u00f3n QP\"},\"url\":\"https:\\\/\\\/quehacerpolitico.mx\\\/?author=2\"}]}<\/script>\n<!-- \/ Yoast SEO plugin. -->","yoast_head_json":{"title":"Da Semarnat autorizaci\u00f3n condicionada a Aeropuerto de Santa Luc\u00eda -","robots":{"index":"index","follow":"follow","max-snippet":"max-snippet:-1","max-image-preview":"max-image-preview:large","max-video-preview":"max-video-preview:-1"},"canonical":"https:\/\/quehacerpolitico.mx\/?p=33011","og_locale":"es_MX","og_type":"article","og_title":"Da Semarnat autorizaci\u00f3n condicionada a Aeropuerto de Santa Luc\u00eda -","og_description":"Da Semarnat autorizaci\u00f3n condicionada a Aeropuerto de Santa Luc\u00eda Por Redacci\u00f3n QP","og_url":"https:\/\/quehacerpolitico.mx\/?p=33011","article_published_time":"2019-07-26T01:34:06+00:00","author":"Redacci\u00f3n QP","twitter_card":"summary_large_image","twitter_misc":{"Escrito por":"Redacci\u00f3n QP","Tiempo de lectura":"2 minutos"},"schema":{"@context":"https:\/\/schema.org","@graph":[{"@type":"Article","@id":"https:\/\/quehacerpolitico.mx\/?p=33011#article","isPartOf":{"@id":"https:\/\/quehacerpolitico.mx\/?p=33011"},"author":{"name":"Redacci\u00f3n QP","@id":"https:\/\/quehacerpolitico.mx\/#\/schema\/person\/496d8ad2d1d3f8036101dca7ee39e585"},"headline":"Da Semarnat autorizaci\u00f3n condicionada a Aeropuerto de Santa Luc\u00eda","datePublished":"2019-07-26T01:34:06+00:00","mainEntityOfPage":{"@id":"https:\/\/quehacerpolitico.mx\/?p=33011"},"wordCount":401,"commentCount":0,"image":{"@id":"https:\/\/quehacerpolitico.mx\/?p=33011#primaryimage"},"thumbnailUrl":"","articleSection":["Noticias"],"inLanguage":"es","potentialAction":[{"@type":"CommentAction","name":"Comment","target":["https:\/\/quehacerpolitico.mx\/?p=33011#respond"]}]},{"@type":"WebPage","@id":"https:\/\/quehacerpolitico.mx\/?p=33011","url":"https:\/\/quehacerpolitico.mx\/?p=33011","name":"Da Semarnat autorizaci\u00f3n condicionada a Aeropuerto de Santa Luc\u00eda -","isPartOf":{"@id":"https:\/\/quehacerpolitico.mx\/#website"},"primaryImageOfPage":{"@id":"https:\/\/quehacerpolitico.mx\/?p=33011#primaryimage"},"image":{"@id":"https:\/\/quehacerpolitico.mx\/?p=33011#primaryimage"},"thumbnailUrl":"","datePublished":"2019-07-26T01:34:06+00:00","author":{"@id":"https:\/\/quehacerpolitico.mx\/#\/schema\/person\/496d8ad2d1d3f8036101dca7ee39e585"},"breadcrumb":{"@id":"https:\/\/quehacerpolitico.mx\/?p=33011#breadcrumb"},"inLanguage":"es","potentialAction":[{"@type":"ReadAction","target":["https:\/\/quehacerpolitico.mx\/?p=33011"]}]},{"@type":"ImageObject","inLanguage":"es","@id":"https:\/\/quehacerpolitico.mx\/?p=33011#primaryimage","url":"","contentUrl":""},{"@type":"BreadcrumbList","@id":"https:\/\/quehacerpolitico.mx\/?p=33011#breadcrumb","itemListElement":[{"@type":"ListItem","position":1,"name":"Inicio","item":"https:\/\/quehacerpolitico.mx\/"},{"@type":"ListItem","position":2,"name":"Da Semarnat autorizaci\u00f3n condicionada a Aeropuerto de Santa Luc\u00eda"}]},{"@type":"WebSite","@id":"https:\/\/quehacerpolitico.mx\/#website","url":"https:\/\/quehacerpolitico.mx\/","name":"","description":"","potentialAction":[{"@type":"SearchAction","target":{"@type":"EntryPoint","urlTemplate":"https:\/\/quehacerpolitico.mx\/?s={search_term_string}"},"query-input":{"@type":"PropertyValueSpecification","valueRequired":true,"valueName":"search_term_string"}}],"inLanguage":"es"},{"@type":"Person","@id":"https:\/\/quehacerpolitico.mx\/#\/schema\/person\/496d8ad2d1d3f8036101dca7ee39e585","name":"Redacci\u00f3n QP","image":{"@type":"ImageObject","inLanguage":"es","@id":"https:\/\/secure.gravatar.com\/avatar\/c7164ed6fdec453195284ad24a5ae5b6e1eed2b848477fa2a4787ba9adf39a41?s=96&d=mm&r=g","url":"https:\/\/secure.gravatar.com\/avatar\/c7164ed6fdec453195284ad24a5ae5b6e1eed2b848477fa2a4787ba9adf39a41?s=96&d=mm&r=g","contentUrl":"https:\/\/secure.gravatar.com\/avatar\/c7164ed6fdec453195284ad24a5ae5b6e1eed2b848477fa2a4787ba9adf39a41?s=96&d=mm&r=g","caption":"Redacci\u00f3n QP"},"url":"https:\/\/quehacerpolitico.mx\/?author=2"}]}},"featured_image_urls":{"full":"","thumbnail":"","medium":"","medium_large":"","large":"","1536x1536":"","2048x2048":"","covernews-featured":"","covernews-medium":""},"author_info":{"display_name":"Redacci\u00f3n QP","author_link":"https:\/\/quehacerpolitico.mx\/?author=2"},"category_info":"<a href=\"https:\/\/quehacerpolitico.mx\/?cat=2\" rel=\"category\">Noticias<\/a>","tag_info":"Noticias","comment_count":"0","_links":{"self":[{"href":"https:\/\/quehacerpolitico.mx\/index.php?rest_route=\/wp\/v2\/posts\/33011","targetHints":{"allow":["GET"]}}],"collection":[{"href":"https:\/\/quehacerpolitico.mx\/index.php?rest_route=\/wp\/v2\/posts"}],"about":[{"href":"https:\/\/quehacerpolitico.mx\/index.php?rest_route=\/wp\/v2\/types\/post"}],"author":[{"embeddable":true,"href":"https:\/\/quehacerpolitico.mx\/index.php?rest_route=\/wp\/v2\/users\/2"}],"replies":[{"embeddable":true,"href":"https:\/\/quehacerpolitico.mx\/index.php?rest_route=%2Fwp%2Fv2%2Fcomments&post=33011"}],"version-history":[{"count":0,"href":"https:\/\/quehacerpolitico.mx\/index.php?rest_route=\/wp\/v2\/posts\/33011\/revisions"}],"wp:featuredmedia":[{"embeddable":true,"href":"https:\/\/quehacerpolitico.mx\/index.php?rest_route=\/"}],"wp:attachment":[{"href":"https:\/\/quehacerpolitico.mx\/index.php?rest_route=%2Fwp%2Fv2%2Fmedia&parent=33011"}],"wp:term":[{"taxonomy":"category","embeddable":true,"href":"https:\/\/quehacerpolitico.mx\/index.php?rest_route=%2Fwp%2Fv2%2Fcategories&post=33011"},{"taxonomy":"post_tag","embeddable":true,"href":"https:\/\/quehacerpolitico.mx\/index.php?rest_route=%2Fwp%2Fv2%2Ftags&post=33011"}],"curies":[{"name":"wp","href":"https:\/\/api.w.org\/{rel}","templated":true}]}}