{"id":3301,"date":"2018-08-28T03:50:14","date_gmt":"2018-08-28T03:50:14","guid":{"rendered":"http:\/\/quehacerpolitico.mx\/amlo-recibiria-banda-presidencial-en-el-zocalo\/"},"modified":"2018-08-28T03:50:14","modified_gmt":"2018-08-28T03:50:14","slug":"amlo-recibiria-banda-presidencial-en-el-zocalo","status":"publish","type":"post","link":"https:\/\/quehacerpolitico.mx\/?p=3301","title":{"rendered":"AMLO recibir\u00eda banda presidencial en el Z\u00f3calo"},"content":{"rendered":"<p>La ceremonia de entrega-recepci\u00f3n de la banda presidencial podr\u00eda tener un nuevo giro el 1 de diciembre pr\u00f3ximo y cambiar de San L\u00e1zaro a Palacio Nacional o bien, al Z\u00f3calo capitalino, seg\u00fan la propuesta que impulsa el diputado electo de Morena, <strong>Javier Hidalgo<\/strong>.<\/p>\n<p>El legislador rechaz\u00f3 que las \u00faltimas dos opciones y, sobre todo la tercera, sea producto de una ocurrencia. Por el contrario, dijo que la idea va en concordancia con las acciones que impulsa el presidente electo Andr\u00e9s Manuel L\u00f3pez Obrador, de tener cercan\u00eda con la gente.<\/p>\n<blockquote>\n<p>En entrevista con Notimex, inform\u00f3 que la propuesta con las dos nuevas opciones, ya fue presentada a los legisladores morenistas quienes, de entrada, \u201cla ven con buenos ojos\u201d; confi\u00f3 en que el resto de las bancadas la hagan suya y dej\u00f3 claro que L\u00f3pez Obrador, ser\u00e1 quien tendr\u00e1 la \u00faltima palabra.<\/p>\n<\/blockquote>\n<p>Aunque tambi\u00e9n, vamos a ser francos, la historia de esta fecha tan importante (1 de diciembre), no es forzoso que tenga que ser ah\u00ed en San L\u00e1zaro. La otra posibilidad es trasladar el Congreso al Z\u00f3calo de la Ciudad de M\u00e9xico y que en este lugar, se tome la protesta y se haga un evento p\u00fablico\u201d. Hidalgo Ponce record\u00f3 que, con excepci\u00f3n del presidente Guadalupe Victoria, ning\u00fan otro mandatario ha rendido protesta en Palacio Nacional.<\/p>\n<blockquote>\n<p>\u201cAdolfo L\u00f3pez Mateos, rindi\u00f3 protesta en Bellas Artes; Luis Echeverr\u00eda \u00c1lvarez, en el Auditorio Nacional; Felipe Calder\u00f3n y Enrique Pe\u00f1a Nieto, en Palacio Legislativo de San L\u00e1zaro, pero rodeados de rejas, bardas, de candados\u201d, exclam\u00f3.<\/p>\n<\/blockquote>\n<p>Ahora de lo que se trata es que el 1 de diciembre se convierta en una fiesta popular; \u201cese momento lo hemos so\u00f1ado por muchos a\u00f1os. Lo ganamos y creo que lo mejor es hacerlo en esta plaza p\u00fablica\u201d, as\u00ed que se puede seguir con el Palacio Legislativo, o bien, optar por Palacio Nacional y el Z\u00f3calo, abund\u00f3.<\/p>\n<p>Al respecto, Armando Soto, jefe de la Divisi\u00f3n de Estudios de Posgrado de la facultad de Derecho de la UNAM, explic\u00f3 que el Art\u00edculo 87 constitucional, no impide que L\u00f3pez Obrador pudiera rendir protesta en una sede alterna, siempre y cuando sea ante el Congreso de la Uni\u00f3n.<\/p>\n<p>Sin embargo, previamente el propio Congreso tendr\u00eda que avalar el cambio de sede.<\/p>\n<p>Aclar\u00f3 que en caso de conflicto, que no lo hay, tambi\u00e9n podr\u00eda rendir protesta ante la Comisi\u00f3n Permanente o ante las Mesas Directivas de las C\u00e1maras del Congreso de la Uni\u00f3n. El art\u00edculo constitucional adem\u00e1s da la alternativa que rinda protesta ante el presidente de la Suprema Corte de Justicia de la Naci\u00f3n.<\/p>\n<p>Ahora bien, para el exdirector del Instituto de la Juventud, Javier Hidalgo, de continuar vigente la idea original de que tome protesta en San L\u00e1zaro \u2014la cual tiene como origen la Constituci\u00f3n de C\u00e1diz de 1812\u2014, se busca que una vez que asuma el cargo y ya con la banda presidencial, L\u00f3pez Obrador camine el kil\u00f3metro 800 metros que separa al Congreso de la Uni\u00f3n de Palacio Nacional y desde ese lugar, dirija un mensaje a los mexicanos.<\/p>\n<p>Esto es, si la toma de protesta se realiza en el Palacio Legislativo \u201cque se venga caminando Andr\u00e9s Manuel por toda la calle de Corregidora hasta el Z\u00f3calo, que sea aqu\u00ed todo el evento en el Z\u00f3calo y que pueda dar su discurso desde el balc\u00f3n presidencial\u201d.<\/p>\n<p>A pregunta expresa, aclar\u00f3 que tanto la seguridad del tabasque\u00f1o como la de la ciudadan\u00eda estar\u00eda plenamente garantizada. \u201cTendr\u00e1 que haber seguridad de todo evento masivo que requieren cuestiones de protecci\u00f3n civil, sea un concierto o evento social o pol\u00edtico\u201d.<\/p>\n<p>Andr\u00e9s Manuel, de toda la vida ha sido muy cuidadoso de la protecci\u00f3n civil y \u00e9l es muy cuidadoso de los eventos masivos. Ese es un asunto f\u00e1cil de subsanar\u201d, indic\u00f3 al considerar que adem\u00e1s de la seguridad por la que ha optado el tabasque\u00f1o, la ciudadan\u00eda ser\u00e1 quien cuide al presidente L\u00f3pez Obrador.<\/p>\n<p>Record\u00f3 que tras la elecci\u00f3n del 1 de julio se \u201cllen\u00f3 el Z\u00f3calo, Madero, todas las calles del Centro Hist\u00f3rico, Reforma, Ju\u00e1rez, cuando se anunci\u00f3 que hab\u00edamos ganado la presidencia. Imag\u00ednate, ese fue sin planear. A las 20:00 horas que se empez\u00f3 a correr el rumor, ya estaba lleno el Z\u00f3calo. Aqu\u00ed va a ser un buen momento, impensable que no se haga una fiesta en el Z\u00f3calo\u201d, acot\u00f3.<\/p>\n<p>A\u00fan m\u00e1s, resalt\u00f3 que el contacto del ex jefe de gobierno con la gente form\u00f3 parte de la campa\u00f1a rumbo a la Presidencia de la Rep\u00fablica y as\u00ed ha sido a lo largo de su trayectoria pol\u00edtica.<\/p>\n<blockquote>\n<p>\u201cAunque as\u00ed fue la campa\u00f1a, Andr\u00e9s Manuel la hizo con la gente. Aqu\u00ed en su calidad de presidente, habr\u00eda que multiplicar las medidas de seguridad, pero va a ser el mismo modelo. No es algo diferente\u201d.<\/p>\n<p>\u201cAs\u00ed ha sido todo el proceso de la campa\u00f1a, eran miles de personas. \u00c9l iba caminando, siempre salud\u00f3 (a la gente a su paso); hasta el \u00faltimo evento del Estadio Azteca salud\u00f3 y es esta idea. Casi el mismo modelo, porque \u00e9l llegaba al templete caminando. Entonces pensamos que despu\u00e9s de Palacio legislativo llegue caminando al Z\u00f3calo\u201d.<\/p>\n<blockquote>\n<p>Javier Hidalgo detall\u00f3 que \u201ctodo esto (su propuesta) empez\u00f3 por abrir (a la ciudadan\u00eda) el Palacio Legislativo\u201d y hacerla que \u00e9sta sea una aut\u00e9ntica \u201ccasa del pueblo\u201d.<\/p>\n<\/blockquote>\n<p>Ello, mediante el retiro paulatino de los cerca de diez mil metros lineales de la valla perimetral que rodean al Recinto Legislativo, los cuales podr\u00edan reutilizarse para construir columpios, subibajas o toda clase de juegos infantiles.<\/p>\n<p>Refiri\u00f3 que las obras para retirar la valla perimetral iniciar\u00edan por la zona donde se ubica la fachada principal. Se busca \u201cquitarle las rejas (a San L\u00e1zaro). Evidentemente que todo este debate ser\u00e1 abierto con todos los diputados, con el equipo del presidente electo y (\u2026) el propio L\u00f3pez Obrador ser\u00e1 quien decida\u201d.<\/p>\n<p>As\u00ed, a partir del 1 de diciembre la poblaci\u00f3n podr\u00eda acceder a la C\u00e1mara de Diputados, por su costado principal sin restricci\u00f3n alguna para hacer una petici\u00f3n o manifestarse, s\u00ed as\u00ed lo desea, realizar un \u201cpic nic\u201d o jugar una \u201ccascarita\u201d de f\u00fatbol.<\/p>\n<p>La propuesta de Hidalgo de que L\u00f3pez Obrador camine de San L\u00e1zaro a Palacio Nacional el d\u00eda de su toma de protesta como Presidente Constitucional de los Estados Unidos Mexicanos, implicar\u00eda atravesar la colonia Candelaria, la Merced y enfilarse as\u00ed al primer cuadro de la ciudad por la calle de Corregidora.<\/p>\n<p>Para ello, urbanistas y arquitectos estudian ya el proyecto de que lo ser\u00e1 una remodelaci\u00f3n gradual, \u201clo inmediato ser\u00e1 el retiro de las rejas (de la C\u00e1mara de Diputados)\u201d y durante dos o tres a\u00f1os se realizar\u00e1 el proceso de regeneraci\u00f3n de la zona, \u201cde tal manera que en tres a\u00f1os esto se haya transformado\u201d.<\/p>\n<p>El optimismo del legislador morenista contrasta sin embargo con algunos elementos del cuerpo de seguridad con que cuenta el Recinto parlamentario quienes, de entrada, reconocen los altos \u00edndices de delincuencia que rodea a la zona dada la cercan\u00eda de la colonia Candelaria, Morelos y Moctezuma, entre otras.<\/p>\n<p>A ello se suma la presencia de alrededor de 400 indigentes de la zona, tres de ellos quienes a plena luz del d\u00eda se \u201csaltaron\u201d la reja para romper y robar la tuber\u00eda de cobre.<\/p>\n<p>Incluso, tiene grabado el hurto del barandal del puente peatonal de San Cipri\u00e1n que conecta la colonia Moctezuma con la zona de la Candelaria y de la Merced.<\/p>\n<p>Javier Hidalgo destac\u00f3 que el proyecto original del inmueble de San L\u00e1zaro, construido de 1979 a 1981 por el arquitecto Pedro Ram\u00edrez V\u00e1zquez, nunca contempl\u00f3 las rejas, las cuales se colocaron en 1988.<\/p>\n<p>Deja claro que ni el Capitolio, en Estados Unidos, ni la casa de Los Comunes, en Inglaterra, ni el Parlamento franc\u00e9s tiene rejas; en ning\u00fan parte del mundo \u201clas casas del pueblo\u201d est\u00e1n enrejadas, acot\u00f3.<\/p>\n<p>Hoy, viene un cambio y es muy importante, los s\u00edmbolos y estas rejas significan temor al pueblo, simbolizan un fuerte donde le dan la espalda a la gente. Lo que tenemos que hacer es retirar las rejas, devolverle a la C\u00e1mara de Diputados el sentir de la casa del pueblo, hacer accesible a la gente\u201d.<\/p>\n<p>Entonces, \u201csi viene a protestar, pues que proteste, las protestas (son resultado) de que algo est\u00e1 sucediendo\u201d.<\/p>\n<p class=\"amp-wp-inline-256659ade2cf5854eb8a79d0057ffb1c\"><em>Informaci\u00f3n de Notimex<\/em><\/p>\n<\/blockquote>\n","protected":false},"excerpt":{"rendered":"<p>AMLO recibir\u00eda banda presidencial en el Z\u00f3calo<br \/>\nPor Redacci\u00f3n QP<\/p>\n","protected":false},"author":2,"featured_media":3300,"comment_status":"open","ping_status":"open","sticky":false,"template":"","format":"standard","meta":{"_monsterinsights_skip_tracking":false,"_monsterinsights_sitenote_active":false,"_monsterinsights_sitenote_note":"","_monsterinsights_sitenote_category":0,"footnotes":""},"categories":[2],"tags":[],"class_list":["post-3301","post","type-post","status-publish","format-standard","has-post-thumbnail","hentry","category-noticias"],"yoast_head":"<!-- This site is optimized with the Yoast SEO plugin v27.3 - https:\/\/yoast.com\/product\/yoast-seo-wordpress\/ -->\n<title>AMLO recibir\u00eda banda presidencial en el Z\u00f3calo -<\/title>\n<meta name=\"robots\" content=\"index, follow, max-snippet:-1, max-image-preview:large, max-video-preview:-1\" \/>\n<link rel=\"canonical\" href=\"https:\/\/quehacerpolitico.mx\/?p=3301\" \/>\n<meta property=\"og:locale\" content=\"es_MX\" \/>\n<meta property=\"og:type\" content=\"article\" \/>\n<meta property=\"og:title\" content=\"AMLO recibir\u00eda banda presidencial en el Z\u00f3calo -\" \/>\n<meta property=\"og:description\" content=\"AMLO recibir\u00eda banda presidencial en el Z\u00f3calo Por Redacci\u00f3n QP\" \/>\n<meta property=\"og:url\" content=\"https:\/\/quehacerpolitico.mx\/?p=3301\" \/>\n<meta property=\"article:published_time\" content=\"2018-08-28T03:50:14+00:00\" \/>\n<meta name=\"author\" content=\"Redacci\u00f3n QP\" \/>\n<meta name=\"twitter:card\" content=\"summary_large_image\" \/>\n<meta name=\"twitter:label1\" content=\"Escrito por\" \/>\n\t<meta name=\"twitter:data1\" content=\"Redacci\u00f3n QP\" \/>\n\t<meta name=\"twitter:label2\" content=\"Tiempo de lectura\" \/>\n\t<meta name=\"twitter:data2\" content=\"7 minutos\" \/>\n<script type=\"application\/ld+json\" class=\"yoast-schema-graph\">{\"@context\":\"https:\\\/\\\/schema.org\",\"@graph\":[{\"@type\":\"Article\",\"@id\":\"https:\\\/\\\/quehacerpolitico.mx\\\/?p=3301#article\",\"isPartOf\":{\"@id\":\"https:\\\/\\\/quehacerpolitico.mx\\\/?p=3301\"},\"author\":{\"name\":\"Redacci\u00f3n QP\",\"@id\":\"https:\\\/\\\/quehacerpolitico.mx\\\/#\\\/schema\\\/person\\\/496d8ad2d1d3f8036101dca7ee39e585\"},\"headline\":\"AMLO recibir\u00eda banda presidencial en el Z\u00f3calo\",\"datePublished\":\"2018-08-28T03:50:14+00:00\",\"mainEntityOfPage\":{\"@id\":\"https:\\\/\\\/quehacerpolitico.mx\\\/?p=3301\"},\"wordCount\":1467,\"commentCount\":0,\"image\":{\"@id\":\"https:\\\/\\\/quehacerpolitico.mx\\\/?p=3301#primaryimage\"},\"thumbnailUrl\":\"\",\"articleSection\":[\"Noticias\"],\"inLanguage\":\"es\",\"potentialAction\":[{\"@type\":\"CommentAction\",\"name\":\"Comment\",\"target\":[\"https:\\\/\\\/quehacerpolitico.mx\\\/?p=3301#respond\"]}]},{\"@type\":\"WebPage\",\"@id\":\"https:\\\/\\\/quehacerpolitico.mx\\\/?p=3301\",\"url\":\"https:\\\/\\\/quehacerpolitico.mx\\\/?p=3301\",\"name\":\"AMLO recibir\u00eda banda presidencial en el Z\u00f3calo -\",\"isPartOf\":{\"@id\":\"https:\\\/\\\/quehacerpolitico.mx\\\/#website\"},\"primaryImageOfPage\":{\"@id\":\"https:\\\/\\\/quehacerpolitico.mx\\\/?p=3301#primaryimage\"},\"image\":{\"@id\":\"https:\\\/\\\/quehacerpolitico.mx\\\/?p=3301#primaryimage\"},\"thumbnailUrl\":\"\",\"datePublished\":\"2018-08-28T03:50:14+00:00\",\"author\":{\"@id\":\"https:\\\/\\\/quehacerpolitico.mx\\\/#\\\/schema\\\/person\\\/496d8ad2d1d3f8036101dca7ee39e585\"},\"breadcrumb\":{\"@id\":\"https:\\\/\\\/quehacerpolitico.mx\\\/?p=3301#breadcrumb\"},\"inLanguage\":\"es\",\"potentialAction\":[{\"@type\":\"ReadAction\",\"target\":[\"https:\\\/\\\/quehacerpolitico.mx\\\/?p=3301\"]}]},{\"@type\":\"ImageObject\",\"inLanguage\":\"es\",\"@id\":\"https:\\\/\\\/quehacerpolitico.mx\\\/?p=3301#primaryimage\",\"url\":\"\",\"contentUrl\":\"\"},{\"@type\":\"BreadcrumbList\",\"@id\":\"https:\\\/\\\/quehacerpolitico.mx\\\/?p=3301#breadcrumb\",\"itemListElement\":[{\"@type\":\"ListItem\",\"position\":1,\"name\":\"Inicio\",\"item\":\"https:\\\/\\\/quehacerpolitico.mx\\\/\"},{\"@type\":\"ListItem\",\"position\":2,\"name\":\"AMLO recibir\u00eda banda presidencial en el Z\u00f3calo\"}]},{\"@type\":\"WebSite\",\"@id\":\"https:\\\/\\\/quehacerpolitico.mx\\\/#website\",\"url\":\"https:\\\/\\\/quehacerpolitico.mx\\\/\",\"name\":\"\",\"description\":\"\",\"potentialAction\":[{\"@type\":\"SearchAction\",\"target\":{\"@type\":\"EntryPoint\",\"urlTemplate\":\"https:\\\/\\\/quehacerpolitico.mx\\\/?s={search_term_string}\"},\"query-input\":{\"@type\":\"PropertyValueSpecification\",\"valueRequired\":true,\"valueName\":\"search_term_string\"}}],\"inLanguage\":\"es\"},{\"@type\":\"Person\",\"@id\":\"https:\\\/\\\/quehacerpolitico.mx\\\/#\\\/schema\\\/person\\\/496d8ad2d1d3f8036101dca7ee39e585\",\"name\":\"Redacci\u00f3n QP\",\"image\":{\"@type\":\"ImageObject\",\"inLanguage\":\"es\",\"@id\":\"https:\\\/\\\/secure.gravatar.com\\\/avatar\\\/c7164ed6fdec453195284ad24a5ae5b6e1eed2b848477fa2a4787ba9adf39a41?s=96&d=mm&r=g\",\"url\":\"https:\\\/\\\/secure.gravatar.com\\\/avatar\\\/c7164ed6fdec453195284ad24a5ae5b6e1eed2b848477fa2a4787ba9adf39a41?s=96&d=mm&r=g\",\"contentUrl\":\"https:\\\/\\\/secure.gravatar.com\\\/avatar\\\/c7164ed6fdec453195284ad24a5ae5b6e1eed2b848477fa2a4787ba9adf39a41?s=96&d=mm&r=g\",\"caption\":\"Redacci\u00f3n QP\"},\"url\":\"https:\\\/\\\/quehacerpolitico.mx\\\/?author=2\"}]}<\/script>\n<!-- \/ Yoast SEO plugin. -->","yoast_head_json":{"title":"AMLO recibir\u00eda banda presidencial en el Z\u00f3calo -","robots":{"index":"index","follow":"follow","max-snippet":"max-snippet:-1","max-image-preview":"max-image-preview:large","max-video-preview":"max-video-preview:-1"},"canonical":"https:\/\/quehacerpolitico.mx\/?p=3301","og_locale":"es_MX","og_type":"article","og_title":"AMLO recibir\u00eda banda presidencial en el Z\u00f3calo -","og_description":"AMLO recibir\u00eda banda presidencial en el Z\u00f3calo Por Redacci\u00f3n QP","og_url":"https:\/\/quehacerpolitico.mx\/?p=3301","article_published_time":"2018-08-28T03:50:14+00:00","author":"Redacci\u00f3n QP","twitter_card":"summary_large_image","twitter_misc":{"Escrito por":"Redacci\u00f3n QP","Tiempo de lectura":"7 minutos"},"schema":{"@context":"https:\/\/schema.org","@graph":[{"@type":"Article","@id":"https:\/\/quehacerpolitico.mx\/?p=3301#article","isPartOf":{"@id":"https:\/\/quehacerpolitico.mx\/?p=3301"},"author":{"name":"Redacci\u00f3n QP","@id":"https:\/\/quehacerpolitico.mx\/#\/schema\/person\/496d8ad2d1d3f8036101dca7ee39e585"},"headline":"AMLO recibir\u00eda banda presidencial en el Z\u00f3calo","datePublished":"2018-08-28T03:50:14+00:00","mainEntityOfPage":{"@id":"https:\/\/quehacerpolitico.mx\/?p=3301"},"wordCount":1467,"commentCount":0,"image":{"@id":"https:\/\/quehacerpolitico.mx\/?p=3301#primaryimage"},"thumbnailUrl":"","articleSection":["Noticias"],"inLanguage":"es","potentialAction":[{"@type":"CommentAction","name":"Comment","target":["https:\/\/quehacerpolitico.mx\/?p=3301#respond"]}]},{"@type":"WebPage","@id":"https:\/\/quehacerpolitico.mx\/?p=3301","url":"https:\/\/quehacerpolitico.mx\/?p=3301","name":"AMLO recibir\u00eda banda presidencial en el Z\u00f3calo -","isPartOf":{"@id":"https:\/\/quehacerpolitico.mx\/#website"},"primaryImageOfPage":{"@id":"https:\/\/quehacerpolitico.mx\/?p=3301#primaryimage"},"image":{"@id":"https:\/\/quehacerpolitico.mx\/?p=3301#primaryimage"},"thumbnailUrl":"","datePublished":"2018-08-28T03:50:14+00:00","author":{"@id":"https:\/\/quehacerpolitico.mx\/#\/schema\/person\/496d8ad2d1d3f8036101dca7ee39e585"},"breadcrumb":{"@id":"https:\/\/quehacerpolitico.mx\/?p=3301#breadcrumb"},"inLanguage":"es","potentialAction":[{"@type":"ReadAction","target":["https:\/\/quehacerpolitico.mx\/?p=3301"]}]},{"@type":"ImageObject","inLanguage":"es","@id":"https:\/\/quehacerpolitico.mx\/?p=3301#primaryimage","url":"","contentUrl":""},{"@type":"BreadcrumbList","@id":"https:\/\/quehacerpolitico.mx\/?p=3301#breadcrumb","itemListElement":[{"@type":"ListItem","position":1,"name":"Inicio","item":"https:\/\/quehacerpolitico.mx\/"},{"@type":"ListItem","position":2,"name":"AMLO recibir\u00eda banda presidencial en el Z\u00f3calo"}]},{"@type":"WebSite","@id":"https:\/\/quehacerpolitico.mx\/#website","url":"https:\/\/quehacerpolitico.mx\/","name":"","description":"","potentialAction":[{"@type":"SearchAction","target":{"@type":"EntryPoint","urlTemplate":"https:\/\/quehacerpolitico.mx\/?s={search_term_string}"},"query-input":{"@type":"PropertyValueSpecification","valueRequired":true,"valueName":"search_term_string"}}],"inLanguage":"es"},{"@type":"Person","@id":"https:\/\/quehacerpolitico.mx\/#\/schema\/person\/496d8ad2d1d3f8036101dca7ee39e585","name":"Redacci\u00f3n QP","image":{"@type":"ImageObject","inLanguage":"es","@id":"https:\/\/secure.gravatar.com\/avatar\/c7164ed6fdec453195284ad24a5ae5b6e1eed2b848477fa2a4787ba9adf39a41?s=96&d=mm&r=g","url":"https:\/\/secure.gravatar.com\/avatar\/c7164ed6fdec453195284ad24a5ae5b6e1eed2b848477fa2a4787ba9adf39a41?s=96&d=mm&r=g","contentUrl":"https:\/\/secure.gravatar.com\/avatar\/c7164ed6fdec453195284ad24a5ae5b6e1eed2b848477fa2a4787ba9adf39a41?s=96&d=mm&r=g","caption":"Redacci\u00f3n QP"},"url":"https:\/\/quehacerpolitico.mx\/?author=2"}]}},"featured_image_urls":{"full":"","thumbnail":"","medium":"","medium_large":"","large":"","1536x1536":"","2048x2048":"","covernews-featured":"","covernews-medium":""},"author_info":{"display_name":"Redacci\u00f3n QP","author_link":"https:\/\/quehacerpolitico.mx\/?author=2"},"category_info":"<a href=\"https:\/\/quehacerpolitico.mx\/?cat=2\" rel=\"category\">Noticias<\/a>","tag_info":"Noticias","comment_count":"0","_links":{"self":[{"href":"https:\/\/quehacerpolitico.mx\/index.php?rest_route=\/wp\/v2\/posts\/3301","targetHints":{"allow":["GET"]}}],"collection":[{"href":"https:\/\/quehacerpolitico.mx\/index.php?rest_route=\/wp\/v2\/posts"}],"about":[{"href":"https:\/\/quehacerpolitico.mx\/index.php?rest_route=\/wp\/v2\/types\/post"}],"author":[{"embeddable":true,"href":"https:\/\/quehacerpolitico.mx\/index.php?rest_route=\/wp\/v2\/users\/2"}],"replies":[{"embeddable":true,"href":"https:\/\/quehacerpolitico.mx\/index.php?rest_route=%2Fwp%2Fv2%2Fcomments&post=3301"}],"version-history":[{"count":0,"href":"https:\/\/quehacerpolitico.mx\/index.php?rest_route=\/wp\/v2\/posts\/3301\/revisions"}],"wp:featuredmedia":[{"embeddable":true,"href":"https:\/\/quehacerpolitico.mx\/index.php?rest_route=\/"}],"wp:attachment":[{"href":"https:\/\/quehacerpolitico.mx\/index.php?rest_route=%2Fwp%2Fv2%2Fmedia&parent=3301"}],"wp:term":[{"taxonomy":"category","embeddable":true,"href":"https:\/\/quehacerpolitico.mx\/index.php?rest_route=%2Fwp%2Fv2%2Fcategories&post=3301"},{"taxonomy":"post_tag","embeddable":true,"href":"https:\/\/quehacerpolitico.mx\/index.php?rest_route=%2Fwp%2Fv2%2Ftags&post=3301"}],"curies":[{"name":"wp","href":"https:\/\/api.w.org\/{rel}","templated":true}]}}