{"id":32930,"date":"2019-07-25T16:07:28","date_gmt":"2019-07-25T16:07:28","guid":{"rendered":"http:\/\/quehacerpolitico.mx\/fueron-dos-balaceras-en-plaza-artz-afirma-abogado\/"},"modified":"2019-07-25T16:07:28","modified_gmt":"2019-07-25T16:07:28","slug":"fueron-dos-balaceras-en-plaza-artz-afirma-abogado","status":"publish","type":"post","link":"https:\/\/quehacerpolitico.mx\/?p=32930","title":{"rendered":"Fueron dos balaceras en Plaza Artz, afirma: Abogado"},"content":{"rendered":"<p>Fueron dos balaceras en Plaza Artz, afirma: Abogado<\/p>\n<p>Por Redacci\u00f3n QP<\/p>\n<p>El legista no descart\u00f3 que lo ocurrido anoche se haya tratado, inicialmente, de una operaci\u00f3n de distracci\u00f3n para cometer la segunda agresi\u00f3n<\/p>\n<p>El abogado de <strong>Plaza Artz Pedregal<\/strong>, <strong>Javier Coello Trejo<\/strong>, inform\u00f3 que fueron dos las balaceras suscitadas ayer en ese centro comercial, de las cuales la primera, ocurrida en la entrada del estacionamiento, pudo ser para distraer el segundo hecho.<\/p>\n<p>Tras asegurar que personal y encargados de la plaza comercial dieron todas sus declaraciones y apoyan a las autoridades para esclarecer los hechos, el legista no descart\u00f3 que lo ocurrido anoche se haya tratado, inicialmente, de una operaci\u00f3n de distracci\u00f3n para cometer la segunda agresi\u00f3n.<\/p>\n<p>En entrevista con Telediario, el abogado se\u00f1al\u00f3 que la primera balacera ocurri\u00f3 s\u00f3lo unos minutos antes, con la intenci\u00f3n de perpetrar el segundo ataque en el restaurante, donde murieron dos hombres.<\/p>\n<blockquote class=\"twitter-tweet\" data-width=\"550\" data-dnt=\"true\">\n<p lang=\"es\" dir=\"ltr\">\ud83d\udcde <a href=\"https:\/\/twitter.com\/hashtag\/EnL%C3%ADnea?src=hash&amp;ref_src=twsrc%5Etfw\">#EnL\u00ednea<\/a> | \u201cEn la mesa, donde estaban las dos v\u00edctimas, hab\u00eda una mujer con ellos\u201d cuando comienzan los disparos, \u201cla mujer se levanta hacia la cocina y ah\u00ed se pierde, es lo que declararon los meseros\u201d, explica Javier Coello, abogado de <a href=\"https:\/\/twitter.com\/hashtag\/PlazaArtzPedregal?src=hash&amp;ref_src=twsrc%5Etfw\">#PlazaArtzPedregal<\/a> <a href=\"https:\/\/twitter.com\/hashtag\/SomosTelediario?src=hash&amp;ref_src=twsrc%5Etfw\">#SomosTelediario<\/a> <a href=\"https:\/\/t.co\/t3PqChZh9d\">pic.twitter.com\/t3PqChZh9d<\/a><\/p>\n<p>&mdash; @telediario (@telediario) <a href=\"https:\/\/twitter.com\/telediario\/status\/1154392790068891653?ref_src=twsrc%5Etfw\">July 25, 2019<\/a><\/p><\/blockquote>\n<p><script async src=\"https:\/\/platform.twitter.com\/widgets.js\" charset=\"utf-8\"><\/script><\/p>\n<p>Se\u00f1al\u00f3 que adem\u00e1s de la mujer que fue detenida, en la mesa donde estaban las dos v\u00edctimas hab\u00eda otra persona del sexo femenino, quien de acuerdo con los meseros, se dirigi\u00f3 a la cocina del restaurante y ah\u00ed \u201cse perdi\u00f3\u201d.<\/p>\n<p>Coello Trejo reiter\u00f3 que colaborar\u00e1n con las autoridades capitalinas para esclarecer los hechos registrados en la plaza comercial, donde murieron por arma de fuego los israel\u00edes identificados como <strong>Al\u00f3n Azulay<\/strong> y <strong>Jony Ben Sutchi.<\/strong><\/p>\n<blockquote class=\"twitter-tweet\" data-width=\"550\" data-dnt=\"true\">\n<p lang=\"es\" dir=\"ltr\">\ud83d\udd34 <a href=\"https:\/\/twitter.com\/hashtag\/Lo%C3%9Altimo?src=hash&amp;ref_src=twsrc%5Etfw\">#Lo\u00daltimo<\/a> | As\u00ed fue el momento en el que detienen a mujer responsable de balacera en <a href=\"https:\/\/twitter.com\/hashtag\/PlazaArtzPedregal?src=hash&amp;ref_src=twsrc%5Etfw\">#PlazaArtzPedregal<\/a> <a href=\"https:\/\/twitter.com\/hashtag\/SomosTelediario?src=hash&amp;ref_src=twsrc%5Etfw\">#SomosTelediario<\/a> \ud83d\udcf0\ud83d\udc47 <a href=\"https:\/\/t.co\/f4X0gMq9Ca\">https:\/\/t.co\/f4X0gMq9Ca<\/a> <a href=\"https:\/\/t.co\/072tTOFok2\">pic.twitter.com\/072tTOFok2<\/a><\/p>\n<p>&mdash; @telediario (@telediario) <a href=\"https:\/\/twitter.com\/telediario\/status\/1154416431502626816?ref_src=twsrc%5Etfw\">July 25, 2019<\/a><\/p><\/blockquote>\n<p><script async src=\"https:\/\/platform.twitter.com\/widgets.js\" charset=\"utf-8\"><\/script><\/p>\n","protected":false},"excerpt":{"rendered":"<p>Fueron dos balaceras en Plaza Artz, afirma: Abogado<br \/>\nPor Redacci\u00f3n QP<\/p>\n","protected":false},"author":2,"featured_media":32929,"comment_status":"open","ping_status":"open","sticky":false,"template":"","format":"standard","meta":{"_monsterinsights_skip_tracking":false,"_monsterinsights_sitenote_active":false,"_monsterinsights_sitenote_note":"","_monsterinsights_sitenote_category":0,"footnotes":""},"categories":[55],"tags":[],"class_list":["post-32930","post","type-post","status-publish","format-standard","has-post-thumbnail","hentry","category-cdmx"],"yoast_head":"<!-- This site is optimized with the Yoast SEO plugin v27.3 - https:\/\/yoast.com\/product\/yoast-seo-wordpress\/ -->\n<title>Fueron dos balaceras en Plaza Artz, afirma: Abogado -<\/title>\n<meta name=\"robots\" content=\"index, follow, max-snippet:-1, max-image-preview:large, max-video-preview:-1\" \/>\n<link rel=\"canonical\" href=\"https:\/\/quehacerpolitico.mx\/?p=32930\" \/>\n<meta property=\"og:locale\" content=\"es_MX\" \/>\n<meta property=\"og:type\" content=\"article\" \/>\n<meta property=\"og:title\" content=\"Fueron dos balaceras en Plaza Artz, afirma: Abogado -\" \/>\n<meta property=\"og:description\" content=\"Fueron dos balaceras en Plaza Artz, afirma: Abogado Por Redacci\u00f3n QP\" \/>\n<meta property=\"og:url\" content=\"https:\/\/quehacerpolitico.mx\/?p=32930\" \/>\n<meta property=\"article:published_time\" content=\"2019-07-25T16:07:28+00:00\" \/>\n<meta name=\"author\" content=\"Redacci\u00f3n QP\" \/>\n<meta name=\"twitter:card\" content=\"summary_large_image\" \/>\n<meta name=\"twitter:label1\" content=\"Escrito por\" \/>\n\t<meta name=\"twitter:data1\" content=\"Redacci\u00f3n QP\" \/>\n\t<meta name=\"twitter:label2\" content=\"Tiempo de lectura\" \/>\n\t<meta name=\"twitter:data2\" content=\"1 minuto\" \/>\n<script type=\"application\/ld+json\" class=\"yoast-schema-graph\">{\"@context\":\"https:\\\/\\\/schema.org\",\"@graph\":[{\"@type\":\"Article\",\"@id\":\"https:\\\/\\\/quehacerpolitico.mx\\\/?p=32930#article\",\"isPartOf\":{\"@id\":\"https:\\\/\\\/quehacerpolitico.mx\\\/?p=32930\"},\"author\":{\"name\":\"Redacci\u00f3n QP\",\"@id\":\"https:\\\/\\\/quehacerpolitico.mx\\\/#\\\/schema\\\/person\\\/496d8ad2d1d3f8036101dca7ee39e585\"},\"headline\":\"Fueron dos balaceras en Plaza Artz, afirma: Abogado\",\"datePublished\":\"2019-07-25T16:07:28+00:00\",\"mainEntityOfPage\":{\"@id\":\"https:\\\/\\\/quehacerpolitico.mx\\\/?p=32930\"},\"wordCount\":259,\"commentCount\":0,\"image\":{\"@id\":\"https:\\\/\\\/quehacerpolitico.mx\\\/?p=32930#primaryimage\"},\"thumbnailUrl\":\"\",\"articleSection\":[\"CDMX\"],\"inLanguage\":\"es\",\"potentialAction\":[{\"@type\":\"CommentAction\",\"name\":\"Comment\",\"target\":[\"https:\\\/\\\/quehacerpolitico.mx\\\/?p=32930#respond\"]}]},{\"@type\":\"WebPage\",\"@id\":\"https:\\\/\\\/quehacerpolitico.mx\\\/?p=32930\",\"url\":\"https:\\\/\\\/quehacerpolitico.mx\\\/?p=32930\",\"name\":\"Fueron dos balaceras en Plaza Artz, afirma: Abogado -\",\"isPartOf\":{\"@id\":\"https:\\\/\\\/quehacerpolitico.mx\\\/#website\"},\"primaryImageOfPage\":{\"@id\":\"https:\\\/\\\/quehacerpolitico.mx\\\/?p=32930#primaryimage\"},\"image\":{\"@id\":\"https:\\\/\\\/quehacerpolitico.mx\\\/?p=32930#primaryimage\"},\"thumbnailUrl\":\"\",\"datePublished\":\"2019-07-25T16:07:28+00:00\",\"author\":{\"@id\":\"https:\\\/\\\/quehacerpolitico.mx\\\/#\\\/schema\\\/person\\\/496d8ad2d1d3f8036101dca7ee39e585\"},\"breadcrumb\":{\"@id\":\"https:\\\/\\\/quehacerpolitico.mx\\\/?p=32930#breadcrumb\"},\"inLanguage\":\"es\",\"potentialAction\":[{\"@type\":\"ReadAction\",\"target\":[\"https:\\\/\\\/quehacerpolitico.mx\\\/?p=32930\"]}]},{\"@type\":\"ImageObject\",\"inLanguage\":\"es\",\"@id\":\"https:\\\/\\\/quehacerpolitico.mx\\\/?p=32930#primaryimage\",\"url\":\"\",\"contentUrl\":\"\"},{\"@type\":\"BreadcrumbList\",\"@id\":\"https:\\\/\\\/quehacerpolitico.mx\\\/?p=32930#breadcrumb\",\"itemListElement\":[{\"@type\":\"ListItem\",\"position\":1,\"name\":\"Inicio\",\"item\":\"https:\\\/\\\/quehacerpolitico.mx\\\/\"},{\"@type\":\"ListItem\",\"position\":2,\"name\":\"Fueron dos balaceras en Plaza Artz, afirma: Abogado\"}]},{\"@type\":\"WebSite\",\"@id\":\"https:\\\/\\\/quehacerpolitico.mx\\\/#website\",\"url\":\"https:\\\/\\\/quehacerpolitico.mx\\\/\",\"name\":\"\",\"description\":\"\",\"potentialAction\":[{\"@type\":\"SearchAction\",\"target\":{\"@type\":\"EntryPoint\",\"urlTemplate\":\"https:\\\/\\\/quehacerpolitico.mx\\\/?s={search_term_string}\"},\"query-input\":{\"@type\":\"PropertyValueSpecification\",\"valueRequired\":true,\"valueName\":\"search_term_string\"}}],\"inLanguage\":\"es\"},{\"@type\":\"Person\",\"@id\":\"https:\\\/\\\/quehacerpolitico.mx\\\/#\\\/schema\\\/person\\\/496d8ad2d1d3f8036101dca7ee39e585\",\"name\":\"Redacci\u00f3n QP\",\"image\":{\"@type\":\"ImageObject\",\"inLanguage\":\"es\",\"@id\":\"https:\\\/\\\/secure.gravatar.com\\\/avatar\\\/c7164ed6fdec453195284ad24a5ae5b6e1eed2b848477fa2a4787ba9adf39a41?s=96&d=mm&r=g\",\"url\":\"https:\\\/\\\/secure.gravatar.com\\\/avatar\\\/c7164ed6fdec453195284ad24a5ae5b6e1eed2b848477fa2a4787ba9adf39a41?s=96&d=mm&r=g\",\"contentUrl\":\"https:\\\/\\\/secure.gravatar.com\\\/avatar\\\/c7164ed6fdec453195284ad24a5ae5b6e1eed2b848477fa2a4787ba9adf39a41?s=96&d=mm&r=g\",\"caption\":\"Redacci\u00f3n QP\"},\"url\":\"https:\\\/\\\/quehacerpolitico.mx\\\/?author=2\"}]}<\/script>\n<!-- \/ Yoast SEO plugin. -->","yoast_head_json":{"title":"Fueron dos balaceras en Plaza Artz, afirma: Abogado -","robots":{"index":"index","follow":"follow","max-snippet":"max-snippet:-1","max-image-preview":"max-image-preview:large","max-video-preview":"max-video-preview:-1"},"canonical":"https:\/\/quehacerpolitico.mx\/?p=32930","og_locale":"es_MX","og_type":"article","og_title":"Fueron dos balaceras en Plaza Artz, afirma: Abogado -","og_description":"Fueron dos balaceras en Plaza Artz, afirma: Abogado Por Redacci\u00f3n QP","og_url":"https:\/\/quehacerpolitico.mx\/?p=32930","article_published_time":"2019-07-25T16:07:28+00:00","author":"Redacci\u00f3n QP","twitter_card":"summary_large_image","twitter_misc":{"Escrito por":"Redacci\u00f3n QP","Tiempo de lectura":"1 minuto"},"schema":{"@context":"https:\/\/schema.org","@graph":[{"@type":"Article","@id":"https:\/\/quehacerpolitico.mx\/?p=32930#article","isPartOf":{"@id":"https:\/\/quehacerpolitico.mx\/?p=32930"},"author":{"name":"Redacci\u00f3n QP","@id":"https:\/\/quehacerpolitico.mx\/#\/schema\/person\/496d8ad2d1d3f8036101dca7ee39e585"},"headline":"Fueron dos balaceras en Plaza Artz, afirma: Abogado","datePublished":"2019-07-25T16:07:28+00:00","mainEntityOfPage":{"@id":"https:\/\/quehacerpolitico.mx\/?p=32930"},"wordCount":259,"commentCount":0,"image":{"@id":"https:\/\/quehacerpolitico.mx\/?p=32930#primaryimage"},"thumbnailUrl":"","articleSection":["CDMX"],"inLanguage":"es","potentialAction":[{"@type":"CommentAction","name":"Comment","target":["https:\/\/quehacerpolitico.mx\/?p=32930#respond"]}]},{"@type":"WebPage","@id":"https:\/\/quehacerpolitico.mx\/?p=32930","url":"https:\/\/quehacerpolitico.mx\/?p=32930","name":"Fueron dos balaceras en Plaza Artz, afirma: Abogado -","isPartOf":{"@id":"https:\/\/quehacerpolitico.mx\/#website"},"primaryImageOfPage":{"@id":"https:\/\/quehacerpolitico.mx\/?p=32930#primaryimage"},"image":{"@id":"https:\/\/quehacerpolitico.mx\/?p=32930#primaryimage"},"thumbnailUrl":"","datePublished":"2019-07-25T16:07:28+00:00","author":{"@id":"https:\/\/quehacerpolitico.mx\/#\/schema\/person\/496d8ad2d1d3f8036101dca7ee39e585"},"breadcrumb":{"@id":"https:\/\/quehacerpolitico.mx\/?p=32930#breadcrumb"},"inLanguage":"es","potentialAction":[{"@type":"ReadAction","target":["https:\/\/quehacerpolitico.mx\/?p=32930"]}]},{"@type":"ImageObject","inLanguage":"es","@id":"https:\/\/quehacerpolitico.mx\/?p=32930#primaryimage","url":"","contentUrl":""},{"@type":"BreadcrumbList","@id":"https:\/\/quehacerpolitico.mx\/?p=32930#breadcrumb","itemListElement":[{"@type":"ListItem","position":1,"name":"Inicio","item":"https:\/\/quehacerpolitico.mx\/"},{"@type":"ListItem","position":2,"name":"Fueron dos balaceras en Plaza Artz, afirma: Abogado"}]},{"@type":"WebSite","@id":"https:\/\/quehacerpolitico.mx\/#website","url":"https:\/\/quehacerpolitico.mx\/","name":"","description":"","potentialAction":[{"@type":"SearchAction","target":{"@type":"EntryPoint","urlTemplate":"https:\/\/quehacerpolitico.mx\/?s={search_term_string}"},"query-input":{"@type":"PropertyValueSpecification","valueRequired":true,"valueName":"search_term_string"}}],"inLanguage":"es"},{"@type":"Person","@id":"https:\/\/quehacerpolitico.mx\/#\/schema\/person\/496d8ad2d1d3f8036101dca7ee39e585","name":"Redacci\u00f3n QP","image":{"@type":"ImageObject","inLanguage":"es","@id":"https:\/\/secure.gravatar.com\/avatar\/c7164ed6fdec453195284ad24a5ae5b6e1eed2b848477fa2a4787ba9adf39a41?s=96&d=mm&r=g","url":"https:\/\/secure.gravatar.com\/avatar\/c7164ed6fdec453195284ad24a5ae5b6e1eed2b848477fa2a4787ba9adf39a41?s=96&d=mm&r=g","contentUrl":"https:\/\/secure.gravatar.com\/avatar\/c7164ed6fdec453195284ad24a5ae5b6e1eed2b848477fa2a4787ba9adf39a41?s=96&d=mm&r=g","caption":"Redacci\u00f3n QP"},"url":"https:\/\/quehacerpolitico.mx\/?author=2"}]}},"featured_image_urls":{"full":"","thumbnail":"","medium":"","medium_large":"","large":"","1536x1536":"","2048x2048":"","covernews-featured":"","covernews-medium":""},"author_info":{"display_name":"Redacci\u00f3n QP","author_link":"https:\/\/quehacerpolitico.mx\/?author=2"},"category_info":"<a href=\"https:\/\/quehacerpolitico.mx\/?cat=55\" rel=\"category\">CDMX<\/a>","tag_info":"CDMX","comment_count":"0","_links":{"self":[{"href":"https:\/\/quehacerpolitico.mx\/index.php?rest_route=\/wp\/v2\/posts\/32930","targetHints":{"allow":["GET"]}}],"collection":[{"href":"https:\/\/quehacerpolitico.mx\/index.php?rest_route=\/wp\/v2\/posts"}],"about":[{"href":"https:\/\/quehacerpolitico.mx\/index.php?rest_route=\/wp\/v2\/types\/post"}],"author":[{"embeddable":true,"href":"https:\/\/quehacerpolitico.mx\/index.php?rest_route=\/wp\/v2\/users\/2"}],"replies":[{"embeddable":true,"href":"https:\/\/quehacerpolitico.mx\/index.php?rest_route=%2Fwp%2Fv2%2Fcomments&post=32930"}],"version-history":[{"count":0,"href":"https:\/\/quehacerpolitico.mx\/index.php?rest_route=\/wp\/v2\/posts\/32930\/revisions"}],"wp:featuredmedia":[{"embeddable":true,"href":"https:\/\/quehacerpolitico.mx\/index.php?rest_route=\/"}],"wp:attachment":[{"href":"https:\/\/quehacerpolitico.mx\/index.php?rest_route=%2Fwp%2Fv2%2Fmedia&parent=32930"}],"wp:term":[{"taxonomy":"category","embeddable":true,"href":"https:\/\/quehacerpolitico.mx\/index.php?rest_route=%2Fwp%2Fv2%2Fcategories&post=32930"},{"taxonomy":"post_tag","embeddable":true,"href":"https:\/\/quehacerpolitico.mx\/index.php?rest_route=%2Fwp%2Fv2%2Ftags&post=32930"}],"curies":[{"name":"wp","href":"https:\/\/api.w.org\/{rel}","templated":true}]}}