{"id":3293,"date":"2018-08-28T00:38:01","date_gmt":"2018-08-28T00:38:01","guid":{"rendered":"http:\/\/quehacerpolitico.mx\/el-tuca-convocara-elementos-jovenes-pensando-en-el-futuro-del-tri\/"},"modified":"2018-08-28T00:38:01","modified_gmt":"2018-08-28T00:38:01","slug":"el-tuca-convocara-elementos-jovenes-pensando-en-el-futuro-del-tri","status":"publish","type":"post","link":"https:\/\/quehacerpolitico.mx\/?p=3293","title":{"rendered":"El \u201cTuca\u201d convocar\u00e1 elementos j\u00f3venes pensando en el futuro del Tri"},"content":{"rendered":"<p>Ya confirmada la participaci\u00f3n de <strong>Ricardo Ferretti<\/strong>como <strong>entrenador interino<\/strong> de la <strong>selecci\u00f3n mexicana<\/strong>, el <em><strong>Tuca<\/strong><\/em> asegur\u00f3 que para los <strong>partidos<\/strong>que dirigir\u00e1 en las fecha <strong>FIFA<\/strong>, utilizar\u00e1 <strong>elementos<\/strong>que le puedan servir al pr\u00f3ximo entrenador del Tricolor en el proceso que arrancar\u00e1n rumbo a <strong>Qatar 2022<\/strong>.<\/p>\n<p>En conferencia de prensa, el timonel del cuadro felino habl\u00f3 acerca de lo que viene para el cuadro nacional, y sobre las ausencias que se pudieran tener, como el caso de Javier Hern\u00e1ndez, Ra\u00fal Jim\u00e9nez, Andr\u00e9s Guardado u otro elemento de los que militan en Europa y que han solicitado apoyo para permanecer con sus clubes y no ser llamados.<\/p>\n<blockquote>\n<p>\u201cTengo entendido que hay ciertos jugadores que tienen ciertos detalles pero que est\u00e1n en la mejor disposici\u00f3n, pero s\u00ed hay unos que pueden venir y van a estar, otros por el proceso, a largo plazo se va a pensar de una forma, a corto plazo de forma distinta\u201d, dijo Ferretti.<\/p>\n<p>Adem\u00e1s, agreg\u00f3 que es razonable pensar para el 2022 y hasta el 2026 se va a pensar en jugadores j\u00f3venes. Eso s\u00ed, hizo hincapi\u00e9 en que todos merecen respeto, pues por ejemplo \u201cRafa (M\u00e1rquez \u00c1lvarez) lleg\u00f3 a jugar cinco Mundiales pero no hay que olvidarse c\u00f3mo empez\u00f3, ahorita tiene 36, 20 a\u00f1os, cinco Mundiales\u201d.<\/p>\n<p>Los primeros partidos de Ferretti al frente del cuadro nacional, en su segunda era como interino, ser\u00e1n ante Uruguay el 7 de septiembre, y ante Estados Unidos el 11.<\/p>\n<\/blockquote>\n","protected":false},"excerpt":{"rendered":"<p>El \u201cTuca\u201d convocar\u00e1 elementos j\u00f3venes pensando en el futuro del Tri<br \/>\nPor Redacci\u00f3n QP<\/p>\n","protected":false},"author":2,"featured_media":3292,"comment_status":"open","ping_status":"open","sticky":false,"template":"","format":"standard","meta":{"_monsterinsights_skip_tracking":false,"_monsterinsights_sitenote_active":false,"_monsterinsights_sitenote_note":"","_monsterinsights_sitenote_category":0,"footnotes":""},"categories":[54],"tags":[],"class_list":["post-3293","post","type-post","status-publish","format-standard","has-post-thumbnail","hentry","category-deportes"],"yoast_head":"<!-- This site is optimized with the Yoast SEO plugin v27.3 - https:\/\/yoast.com\/product\/yoast-seo-wordpress\/ -->\n<title>El \u201cTuca\u201d convocar\u00e1 elementos j\u00f3venes pensando en el futuro del Tri -<\/title>\n<meta name=\"robots\" content=\"index, follow, max-snippet:-1, max-image-preview:large, max-video-preview:-1\" \/>\n<link rel=\"canonical\" href=\"https:\/\/quehacerpolitico.mx\/?p=3293\" \/>\n<meta property=\"og:locale\" content=\"es_MX\" \/>\n<meta property=\"og:type\" content=\"article\" \/>\n<meta property=\"og:title\" content=\"El \u201cTuca\u201d convocar\u00e1 elementos j\u00f3venes pensando en el futuro del Tri -\" \/>\n<meta property=\"og:description\" content=\"El \u201cTuca\u201d convocar\u00e1 elementos j\u00f3venes pensando en el futuro del Tri Por Redacci\u00f3n QP\" \/>\n<meta property=\"og:url\" content=\"https:\/\/quehacerpolitico.mx\/?p=3293\" \/>\n<meta property=\"article:published_time\" content=\"2018-08-28T00:38:01+00:00\" \/>\n<meta name=\"author\" content=\"Redacci\u00f3n QP\" \/>\n<meta name=\"twitter:card\" content=\"summary_large_image\" \/>\n<meta name=\"twitter:label1\" content=\"Escrito por\" \/>\n\t<meta name=\"twitter:data1\" content=\"Redacci\u00f3n QP\" \/>\n\t<meta name=\"twitter:label2\" content=\"Tiempo de lectura\" \/>\n\t<meta name=\"twitter:data2\" content=\"1 minuto\" \/>\n<script type=\"application\/ld+json\" class=\"yoast-schema-graph\">{\"@context\":\"https:\\\/\\\/schema.org\",\"@graph\":[{\"@type\":\"Article\",\"@id\":\"https:\\\/\\\/quehacerpolitico.mx\\\/?p=3293#article\",\"isPartOf\":{\"@id\":\"https:\\\/\\\/quehacerpolitico.mx\\\/?p=3293\"},\"author\":{\"name\":\"Redacci\u00f3n QP\",\"@id\":\"https:\\\/\\\/quehacerpolitico.mx\\\/#\\\/schema\\\/person\\\/496d8ad2d1d3f8036101dca7ee39e585\"},\"headline\":\"El \u201cTuca\u201d convocar\u00e1 elementos j\u00f3venes pensando en el futuro del Tri\",\"datePublished\":\"2018-08-28T00:38:01+00:00\",\"mainEntityOfPage\":{\"@id\":\"https:\\\/\\\/quehacerpolitico.mx\\\/?p=3293\"},\"wordCount\":258,\"commentCount\":0,\"image\":{\"@id\":\"https:\\\/\\\/quehacerpolitico.mx\\\/?p=3293#primaryimage\"},\"thumbnailUrl\":\"\",\"articleSection\":[\"Deportes\"],\"inLanguage\":\"es\",\"potentialAction\":[{\"@type\":\"CommentAction\",\"name\":\"Comment\",\"target\":[\"https:\\\/\\\/quehacerpolitico.mx\\\/?p=3293#respond\"]}]},{\"@type\":\"WebPage\",\"@id\":\"https:\\\/\\\/quehacerpolitico.mx\\\/?p=3293\",\"url\":\"https:\\\/\\\/quehacerpolitico.mx\\\/?p=3293\",\"name\":\"El \u201cTuca\u201d convocar\u00e1 elementos j\u00f3venes pensando en el futuro del Tri -\",\"isPartOf\":{\"@id\":\"https:\\\/\\\/quehacerpolitico.mx\\\/#website\"},\"primaryImageOfPage\":{\"@id\":\"https:\\\/\\\/quehacerpolitico.mx\\\/?p=3293#primaryimage\"},\"image\":{\"@id\":\"https:\\\/\\\/quehacerpolitico.mx\\\/?p=3293#primaryimage\"},\"thumbnailUrl\":\"\",\"datePublished\":\"2018-08-28T00:38:01+00:00\",\"author\":{\"@id\":\"https:\\\/\\\/quehacerpolitico.mx\\\/#\\\/schema\\\/person\\\/496d8ad2d1d3f8036101dca7ee39e585\"},\"breadcrumb\":{\"@id\":\"https:\\\/\\\/quehacerpolitico.mx\\\/?p=3293#breadcrumb\"},\"inLanguage\":\"es\",\"potentialAction\":[{\"@type\":\"ReadAction\",\"target\":[\"https:\\\/\\\/quehacerpolitico.mx\\\/?p=3293\"]}]},{\"@type\":\"ImageObject\",\"inLanguage\":\"es\",\"@id\":\"https:\\\/\\\/quehacerpolitico.mx\\\/?p=3293#primaryimage\",\"url\":\"\",\"contentUrl\":\"\"},{\"@type\":\"BreadcrumbList\",\"@id\":\"https:\\\/\\\/quehacerpolitico.mx\\\/?p=3293#breadcrumb\",\"itemListElement\":[{\"@type\":\"ListItem\",\"position\":1,\"name\":\"Inicio\",\"item\":\"https:\\\/\\\/quehacerpolitico.mx\\\/\"},{\"@type\":\"ListItem\",\"position\":2,\"name\":\"El \u201cTuca\u201d convocar\u00e1 elementos j\u00f3venes pensando en el futuro del Tri\"}]},{\"@type\":\"WebSite\",\"@id\":\"https:\\\/\\\/quehacerpolitico.mx\\\/#website\",\"url\":\"https:\\\/\\\/quehacerpolitico.mx\\\/\",\"name\":\"\",\"description\":\"\",\"potentialAction\":[{\"@type\":\"SearchAction\",\"target\":{\"@type\":\"EntryPoint\",\"urlTemplate\":\"https:\\\/\\\/quehacerpolitico.mx\\\/?s={search_term_string}\"},\"query-input\":{\"@type\":\"PropertyValueSpecification\",\"valueRequired\":true,\"valueName\":\"search_term_string\"}}],\"inLanguage\":\"es\"},{\"@type\":\"Person\",\"@id\":\"https:\\\/\\\/quehacerpolitico.mx\\\/#\\\/schema\\\/person\\\/496d8ad2d1d3f8036101dca7ee39e585\",\"name\":\"Redacci\u00f3n QP\",\"image\":{\"@type\":\"ImageObject\",\"inLanguage\":\"es\",\"@id\":\"https:\\\/\\\/secure.gravatar.com\\\/avatar\\\/c7164ed6fdec453195284ad24a5ae5b6e1eed2b848477fa2a4787ba9adf39a41?s=96&d=mm&r=g\",\"url\":\"https:\\\/\\\/secure.gravatar.com\\\/avatar\\\/c7164ed6fdec453195284ad24a5ae5b6e1eed2b848477fa2a4787ba9adf39a41?s=96&d=mm&r=g\",\"contentUrl\":\"https:\\\/\\\/secure.gravatar.com\\\/avatar\\\/c7164ed6fdec453195284ad24a5ae5b6e1eed2b848477fa2a4787ba9adf39a41?s=96&d=mm&r=g\",\"caption\":\"Redacci\u00f3n QP\"},\"url\":\"https:\\\/\\\/quehacerpolitico.mx\\\/?author=2\"}]}<\/script>\n<!-- \/ Yoast SEO plugin. -->","yoast_head_json":{"title":"El \u201cTuca\u201d convocar\u00e1 elementos j\u00f3venes pensando en el futuro del Tri -","robots":{"index":"index","follow":"follow","max-snippet":"max-snippet:-1","max-image-preview":"max-image-preview:large","max-video-preview":"max-video-preview:-1"},"canonical":"https:\/\/quehacerpolitico.mx\/?p=3293","og_locale":"es_MX","og_type":"article","og_title":"El \u201cTuca\u201d convocar\u00e1 elementos j\u00f3venes pensando en el futuro del Tri -","og_description":"El \u201cTuca\u201d convocar\u00e1 elementos j\u00f3venes pensando en el futuro del Tri Por Redacci\u00f3n QP","og_url":"https:\/\/quehacerpolitico.mx\/?p=3293","article_published_time":"2018-08-28T00:38:01+00:00","author":"Redacci\u00f3n QP","twitter_card":"summary_large_image","twitter_misc":{"Escrito por":"Redacci\u00f3n QP","Tiempo de lectura":"1 minuto"},"schema":{"@context":"https:\/\/schema.org","@graph":[{"@type":"Article","@id":"https:\/\/quehacerpolitico.mx\/?p=3293#article","isPartOf":{"@id":"https:\/\/quehacerpolitico.mx\/?p=3293"},"author":{"name":"Redacci\u00f3n QP","@id":"https:\/\/quehacerpolitico.mx\/#\/schema\/person\/496d8ad2d1d3f8036101dca7ee39e585"},"headline":"El \u201cTuca\u201d convocar\u00e1 elementos j\u00f3venes pensando en el futuro del Tri","datePublished":"2018-08-28T00:38:01+00:00","mainEntityOfPage":{"@id":"https:\/\/quehacerpolitico.mx\/?p=3293"},"wordCount":258,"commentCount":0,"image":{"@id":"https:\/\/quehacerpolitico.mx\/?p=3293#primaryimage"},"thumbnailUrl":"","articleSection":["Deportes"],"inLanguage":"es","potentialAction":[{"@type":"CommentAction","name":"Comment","target":["https:\/\/quehacerpolitico.mx\/?p=3293#respond"]}]},{"@type":"WebPage","@id":"https:\/\/quehacerpolitico.mx\/?p=3293","url":"https:\/\/quehacerpolitico.mx\/?p=3293","name":"El \u201cTuca\u201d convocar\u00e1 elementos j\u00f3venes pensando en el futuro del Tri -","isPartOf":{"@id":"https:\/\/quehacerpolitico.mx\/#website"},"primaryImageOfPage":{"@id":"https:\/\/quehacerpolitico.mx\/?p=3293#primaryimage"},"image":{"@id":"https:\/\/quehacerpolitico.mx\/?p=3293#primaryimage"},"thumbnailUrl":"","datePublished":"2018-08-28T00:38:01+00:00","author":{"@id":"https:\/\/quehacerpolitico.mx\/#\/schema\/person\/496d8ad2d1d3f8036101dca7ee39e585"},"breadcrumb":{"@id":"https:\/\/quehacerpolitico.mx\/?p=3293#breadcrumb"},"inLanguage":"es","potentialAction":[{"@type":"ReadAction","target":["https:\/\/quehacerpolitico.mx\/?p=3293"]}]},{"@type":"ImageObject","inLanguage":"es","@id":"https:\/\/quehacerpolitico.mx\/?p=3293#primaryimage","url":"","contentUrl":""},{"@type":"BreadcrumbList","@id":"https:\/\/quehacerpolitico.mx\/?p=3293#breadcrumb","itemListElement":[{"@type":"ListItem","position":1,"name":"Inicio","item":"https:\/\/quehacerpolitico.mx\/"},{"@type":"ListItem","position":2,"name":"El \u201cTuca\u201d convocar\u00e1 elementos j\u00f3venes pensando en el futuro del Tri"}]},{"@type":"WebSite","@id":"https:\/\/quehacerpolitico.mx\/#website","url":"https:\/\/quehacerpolitico.mx\/","name":"","description":"","potentialAction":[{"@type":"SearchAction","target":{"@type":"EntryPoint","urlTemplate":"https:\/\/quehacerpolitico.mx\/?s={search_term_string}"},"query-input":{"@type":"PropertyValueSpecification","valueRequired":true,"valueName":"search_term_string"}}],"inLanguage":"es"},{"@type":"Person","@id":"https:\/\/quehacerpolitico.mx\/#\/schema\/person\/496d8ad2d1d3f8036101dca7ee39e585","name":"Redacci\u00f3n QP","image":{"@type":"ImageObject","inLanguage":"es","@id":"https:\/\/secure.gravatar.com\/avatar\/c7164ed6fdec453195284ad24a5ae5b6e1eed2b848477fa2a4787ba9adf39a41?s=96&d=mm&r=g","url":"https:\/\/secure.gravatar.com\/avatar\/c7164ed6fdec453195284ad24a5ae5b6e1eed2b848477fa2a4787ba9adf39a41?s=96&d=mm&r=g","contentUrl":"https:\/\/secure.gravatar.com\/avatar\/c7164ed6fdec453195284ad24a5ae5b6e1eed2b848477fa2a4787ba9adf39a41?s=96&d=mm&r=g","caption":"Redacci\u00f3n QP"},"url":"https:\/\/quehacerpolitico.mx\/?author=2"}]}},"featured_image_urls":{"full":"","thumbnail":"","medium":"","medium_large":"","large":"","1536x1536":"","2048x2048":"","covernews-featured":"","covernews-medium":""},"author_info":{"display_name":"Redacci\u00f3n QP","author_link":"https:\/\/quehacerpolitico.mx\/?author=2"},"category_info":"<a href=\"https:\/\/quehacerpolitico.mx\/?cat=54\" rel=\"category\">Deportes<\/a>","tag_info":"Deportes","comment_count":"0","_links":{"self":[{"href":"https:\/\/quehacerpolitico.mx\/index.php?rest_route=\/wp\/v2\/posts\/3293","targetHints":{"allow":["GET"]}}],"collection":[{"href":"https:\/\/quehacerpolitico.mx\/index.php?rest_route=\/wp\/v2\/posts"}],"about":[{"href":"https:\/\/quehacerpolitico.mx\/index.php?rest_route=\/wp\/v2\/types\/post"}],"author":[{"embeddable":true,"href":"https:\/\/quehacerpolitico.mx\/index.php?rest_route=\/wp\/v2\/users\/2"}],"replies":[{"embeddable":true,"href":"https:\/\/quehacerpolitico.mx\/index.php?rest_route=%2Fwp%2Fv2%2Fcomments&post=3293"}],"version-history":[{"count":0,"href":"https:\/\/quehacerpolitico.mx\/index.php?rest_route=\/wp\/v2\/posts\/3293\/revisions"}],"wp:featuredmedia":[{"embeddable":true,"href":"https:\/\/quehacerpolitico.mx\/index.php?rest_route=\/"}],"wp:attachment":[{"href":"https:\/\/quehacerpolitico.mx\/index.php?rest_route=%2Fwp%2Fv2%2Fmedia&parent=3293"}],"wp:term":[{"taxonomy":"category","embeddable":true,"href":"https:\/\/quehacerpolitico.mx\/index.php?rest_route=%2Fwp%2Fv2%2Fcategories&post=3293"},{"taxonomy":"post_tag","embeddable":true,"href":"https:\/\/quehacerpolitico.mx\/index.php?rest_route=%2Fwp%2Fv2%2Ftags&post=3293"}],"curies":[{"name":"wp","href":"https:\/\/api.w.org\/{rel}","templated":true}]}}