{"id":32926,"date":"2019-07-25T15:28:06","date_gmt":"2019-07-25T15:28:06","guid":{"rendered":"http:\/\/quehacerpolitico.mx\/israelies-asesinados-en-plaza-artz-tendrian-antecedentes-criminales\/"},"modified":"2019-07-25T15:28:06","modified_gmt":"2019-07-25T15:28:06","slug":"israelies-asesinados-en-plaza-artz-tendrian-antecedentes-criminales","status":"publish","type":"post","link":"https:\/\/quehacerpolitico.mx\/?p=32926","title":{"rendered":"Israel\u00edes asesinados en Plaza Artz tendr\u00edan antecedentes criminales"},"content":{"rendered":"<h1 class=\"news-title\">Israel\u00edes asesinados en Plaza Artz tendr\u00edan antecedentes criminales<\/h1>\n<p>Por Redacci\u00f3n QP<\/p>\n<p>Seg\u00fan un diario israel\u00ed\u00a0 Johny Ben o Ben Sutji &#8220;hab\u00eda sido liberado de la prisi\u00f3n israel\u00ed hace unos seis meses\u201d<\/p>\n<div class=\"mod-photogallery\" data-pagination=\".swiper-pagination\" data-id=\"article-photogallery\">\n<div class=\"swiper-container swiper-container-horizontal\">\n<div class=\"swiper-wrapper\">\n<figure class=\"swiper-slide swiper-image active swiper-slide-active\" data-index=\"0\">\n<div class=\"swiper-responsive\" data-openfullscreen=\"\"><img loading=\"lazy\" decoding=\"async\" title=\"El portal The Jerusalem Post asegura que los dos hombres israel\u00edes asesinados ayer mi\u00e9rcoles en la Plaza Artz ten\u00edan antecedentes criminales en su pa\u00eds de origen. SUN\/ ESPECIAL\" src=\"https:\/\/www.informador.mx\/__export\/1564065683694\/sites\/elinformador\/img\/2019\/07\/25\/sun__especial_5.jpg_1970638775.jpg\" alt=\"El portal The Jerusalem Post asegura que los dos hombres israel\u00edes asesinados ayer mi\u00e9rcoles en la Plaza Artz ten\u00edan antecedentes criminales en su pa\u00eds de origen. SUN\/ ESPECIAL\" width=\"320\" height=\"320\" data-fullscreen=\"\/__export\/1564065683694\/sites\/elinformador\/img\/2019\/07\/25\/sun__especial_5.jpg_1709026569.jpg\" \/><\/div><figcaption class=\"swiper-caption\"><\/figcaption><\/figure>\n<figure class=\"swiper-slide swiper-image swiper-slide-next\" data-index=\"0\">\n<div class=\"swiper-responsive\" data-openfullscreen=\"\"><button class=\"swiper-fullscreen icon icon__fullscreen_outline\"><\/button><img loading=\"lazy\" decoding=\"async\" title=\"SUN\/ ESPECIAL\" src=\"https:\/\/www.informador.mx\/__export\/1564065683047\/sites\/elinformador\/img\/2019\/07\/25\/sun_x_especial_3.jpg_1970638775.jpg\" alt=\"SUN\/ ESPECIAL\" width=\"320\" height=\"320\" data-fullscreen=\"\/__export\/1564065683047\/sites\/elinformador\/img\/2019\/07\/25\/sun_x_especial_3.jpg_1709026569.jpg\" \/><\/div><figcaption class=\"swiper-caption\"><\/figcaption><\/figure>\n<figure class=\"swiper-slide swiper-image\" data-index=\"0\">\n<div class=\"swiper-responsive\" data-openfullscreen=\"\"><button class=\"swiper-fullscreen icon icon__fullscreen_outline\"><\/button><img loading=\"lazy\" decoding=\"async\" title=\"SUN\/ ESPECIAL\" src=\"https:\/\/www.informador.mx\/__export\/1564065703619\/sites\/elinformador\/img\/2019\/07\/25\/sun__especial_2.jpg_1970638775.jpg\" alt=\"SUN\/ ESPECIAL\" width=\"320\" height=\"320\" data-fullscreen=\"\/__export\/1564065703619\/sites\/elinformador\/img\/2019\/07\/25\/sun__especial_2.jpg_1709026569.jpg\" \/><\/div><figcaption class=\"swiper-caption\"><\/figcaption><\/figure>\n<figure class=\"swiper-slide swiper-image\" data-index=\"0\">\n<div class=\"swiper-responsive\" data-openfullscreen=\"\"><button class=\"swiper-fullscreen icon icon__fullscreen_outline\"><\/button><img loading=\"lazy\" decoding=\"async\" title=\"SUN\/ ESPECIAL\" src=\"https:\/\/www.informador.mx\/__export\/1564065699044\/sites\/elinformador\/img\/2019\/07\/25\/sun__7.jpg_1970638775.jpg\" alt=\"SUN\/ ESPECIAL\" width=\"320\" height=\"320\" data-fullscreen=\"\/__export\/1564065699044\/sites\/elinformador\/img\/2019\/07\/25\/sun__7.jpg_1709026569.jpg\" \/><\/div><figcaption class=\"swiper-caption\"><\/figcaption><\/figure>\n<figure class=\"swiper-slide swiper-image\" data-index=\"0\">\n<div class=\"swiper-responsive\" data-openfullscreen=\"\"><button class=\"swiper-fullscreen icon icon__fullscreen_outline\"><\/button><img loading=\"lazy\" decoding=\"async\" title=\"SUN\/ ESPECIAL\" src=\"https:\/\/www.informador.mx\/__export\/1564065693771\/sites\/elinformador\/img\/2019\/07\/25\/sun__especial.jpg_1970638775.jpg\" alt=\"SUN\/ ESPECIAL\" width=\"320\" height=\"320\" data-fullscreen=\"\/__export\/1564065693771\/sites\/elinformador\/img\/2019\/07\/25\/sun__especial.jpg_1709026569.jpg\" \/><\/div><figcaption class=\"swiper-caption\"><\/figcaption><\/figure>\n<\/div>\n<\/div>\n<\/div>\n<div class=\"news-body row\">\n<p>El portal The Jerusalem Post asegura que los dos hombres israel\u00edes asesinados ayer mi\u00e9rcoles en la Plaza Artz ten\u00edan antecedentes criminales en su pa\u00eds de origen. El diario israel\u00ed publica una nota titulada <strong>&#8220;Dos criminales israel\u00edes asesinados en la Ciudad de M\u00e9xico&#8221;<\/strong>en la que asegura que uno de los hombres era originario de la ciudad de Bat Yam y el otro residente de Tel Aviv.<\/p>\n<p>Las autoridades identificaron a las v\u00edctimas como Alon Azulay y al otro como Johny Ben, sin embargo la prensa israel\u00ed asegura que en realidad se trata de Ben Sutji quien, <strong>seg\u00fan EL UNIVERSAL, era identificado como el &#8220;principal introductor de coca\u00edna en Polanco&#8221; en el 2006.<\/strong><\/p>\n<p>Seg\u00fan el Jerusalem Post, Johny Ben o Ben Sutji &#8220;hab\u00eda sido liberado de la prisi\u00f3n israel\u00ed hace unos seis meses. <strong>Cuando se dio cuenta de que la polic\u00eda lo estaba siguiendo, se mud\u00f3 a M\u00e9xico<\/strong>, probablemente porque ten\u00eda una novia all\u00ed&#8221;.<\/p>\n<p>La mujer detenida este mi\u00e9rcoles por las autoridades, Esperanza &#8220;N&#8221;, asegur\u00f3 que cometi\u00f3 el crimen por <strong>una presunta infidelidad de uno de los sujetos<\/strong>, a quien habr\u00eda contactado en Facebook. Seg\u00fan la informaci\u00f3n publicada, en 2001 huy\u00f3 de Israel con Erez Akrishevsky, quien fue extraditado a Israel hace dos d\u00edas desde M\u00e9xico. <strong>Ambos han cumplido penas de prisi\u00f3n por asesinato.<\/strong><\/p>\n<p>En el pasado, Sutji estaba en conflicto con la organizaci\u00f3n criminal de Mosley Brothers. Tambi\u00e9n se sabe que <strong>estuvo asociado con el criminal Ben Cohen y su t\u00edo Itzik Cohen<\/strong>. Sobre Azulay no dan detalles sobre la presunta actividad criminal.<\/p>\n<\/div>\n","protected":false},"excerpt":{"rendered":"<p>Israel\u00edes asesinados en Plaza Artz tendr\u00edan antecedentes criminales<br \/>\nPor Redacci\u00f3n QP<\/p>\n","protected":false},"author":2,"featured_media":32925,"comment_status":"open","ping_status":"open","sticky":false,"template":"","format":"standard","meta":{"_monsterinsights_skip_tracking":false,"_monsterinsights_sitenote_active":false,"_monsterinsights_sitenote_note":"","_monsterinsights_sitenote_category":0,"footnotes":""},"categories":[55],"tags":[],"class_list":["post-32926","post","type-post","status-publish","format-standard","has-post-thumbnail","hentry","category-cdmx"],"yoast_head":"<!-- This site is optimized with the Yoast SEO plugin v27.3 - https:\/\/yoast.com\/product\/yoast-seo-wordpress\/ -->\n<title>Israel\u00edes asesinados en Plaza Artz tendr\u00edan antecedentes criminales -<\/title>\n<meta name=\"robots\" content=\"index, follow, max-snippet:-1, max-image-preview:large, max-video-preview:-1\" \/>\n<link rel=\"canonical\" href=\"https:\/\/quehacerpolitico.mx\/?p=32926\" \/>\n<meta property=\"og:locale\" content=\"es_MX\" \/>\n<meta property=\"og:type\" content=\"article\" \/>\n<meta property=\"og:title\" content=\"Israel\u00edes asesinados en Plaza Artz tendr\u00edan antecedentes criminales -\" \/>\n<meta property=\"og:description\" content=\"Israel\u00edes asesinados en Plaza Artz tendr\u00edan antecedentes criminales Por Redacci\u00f3n QP\" \/>\n<meta property=\"og:url\" content=\"https:\/\/quehacerpolitico.mx\/?p=32926\" \/>\n<meta property=\"article:published_time\" content=\"2019-07-25T15:28:06+00:00\" \/>\n<meta name=\"author\" content=\"Redacci\u00f3n QP\" \/>\n<meta name=\"twitter:card\" content=\"summary_large_image\" \/>\n<meta name=\"twitter:label1\" content=\"Escrito por\" \/>\n\t<meta name=\"twitter:data1\" content=\"Redacci\u00f3n QP\" \/>\n\t<meta name=\"twitter:label2\" content=\"Tiempo de lectura\" \/>\n\t<meta name=\"twitter:data2\" content=\"2 minutos\" \/>\n<script type=\"application\/ld+json\" class=\"yoast-schema-graph\">{\"@context\":\"https:\\\/\\\/schema.org\",\"@graph\":[{\"@type\":\"Article\",\"@id\":\"https:\\\/\\\/quehacerpolitico.mx\\\/?p=32926#article\",\"isPartOf\":{\"@id\":\"https:\\\/\\\/quehacerpolitico.mx\\\/?p=32926\"},\"author\":{\"name\":\"Redacci\u00f3n QP\",\"@id\":\"https:\\\/\\\/quehacerpolitico.mx\\\/#\\\/schema\\\/person\\\/496d8ad2d1d3f8036101dca7ee39e585\"},\"headline\":\"Israel\u00edes asesinados en Plaza Artz tendr\u00edan antecedentes criminales\",\"datePublished\":\"2019-07-25T15:28:06+00:00\",\"mainEntityOfPage\":{\"@id\":\"https:\\\/\\\/quehacerpolitico.mx\\\/?p=32926\"},\"wordCount\":323,\"commentCount\":0,\"image\":{\"@id\":\"https:\\\/\\\/quehacerpolitico.mx\\\/?p=32926#primaryimage\"},\"thumbnailUrl\":\"\",\"articleSection\":[\"CDMX\"],\"inLanguage\":\"es\",\"potentialAction\":[{\"@type\":\"CommentAction\",\"name\":\"Comment\",\"target\":[\"https:\\\/\\\/quehacerpolitico.mx\\\/?p=32926#respond\"]}]},{\"@type\":\"WebPage\",\"@id\":\"https:\\\/\\\/quehacerpolitico.mx\\\/?p=32926\",\"url\":\"https:\\\/\\\/quehacerpolitico.mx\\\/?p=32926\",\"name\":\"Israel\u00edes asesinados en Plaza Artz tendr\u00edan antecedentes criminales -\",\"isPartOf\":{\"@id\":\"https:\\\/\\\/quehacerpolitico.mx\\\/#website\"},\"primaryImageOfPage\":{\"@id\":\"https:\\\/\\\/quehacerpolitico.mx\\\/?p=32926#primaryimage\"},\"image\":{\"@id\":\"https:\\\/\\\/quehacerpolitico.mx\\\/?p=32926#primaryimage\"},\"thumbnailUrl\":\"\",\"datePublished\":\"2019-07-25T15:28:06+00:00\",\"author\":{\"@id\":\"https:\\\/\\\/quehacerpolitico.mx\\\/#\\\/schema\\\/person\\\/496d8ad2d1d3f8036101dca7ee39e585\"},\"breadcrumb\":{\"@id\":\"https:\\\/\\\/quehacerpolitico.mx\\\/?p=32926#breadcrumb\"},\"inLanguage\":\"es\",\"potentialAction\":[{\"@type\":\"ReadAction\",\"target\":[\"https:\\\/\\\/quehacerpolitico.mx\\\/?p=32926\"]}]},{\"@type\":\"ImageObject\",\"inLanguage\":\"es\",\"@id\":\"https:\\\/\\\/quehacerpolitico.mx\\\/?p=32926#primaryimage\",\"url\":\"\",\"contentUrl\":\"\"},{\"@type\":\"BreadcrumbList\",\"@id\":\"https:\\\/\\\/quehacerpolitico.mx\\\/?p=32926#breadcrumb\",\"itemListElement\":[{\"@type\":\"ListItem\",\"position\":1,\"name\":\"Inicio\",\"item\":\"https:\\\/\\\/quehacerpolitico.mx\\\/\"},{\"@type\":\"ListItem\",\"position\":2,\"name\":\"Israel\u00edes asesinados en Plaza Artz tendr\u00edan antecedentes criminales\"}]},{\"@type\":\"WebSite\",\"@id\":\"https:\\\/\\\/quehacerpolitico.mx\\\/#website\",\"url\":\"https:\\\/\\\/quehacerpolitico.mx\\\/\",\"name\":\"\",\"description\":\"\",\"potentialAction\":[{\"@type\":\"SearchAction\",\"target\":{\"@type\":\"EntryPoint\",\"urlTemplate\":\"https:\\\/\\\/quehacerpolitico.mx\\\/?s={search_term_string}\"},\"query-input\":{\"@type\":\"PropertyValueSpecification\",\"valueRequired\":true,\"valueName\":\"search_term_string\"}}],\"inLanguage\":\"es\"},{\"@type\":\"Person\",\"@id\":\"https:\\\/\\\/quehacerpolitico.mx\\\/#\\\/schema\\\/person\\\/496d8ad2d1d3f8036101dca7ee39e585\",\"name\":\"Redacci\u00f3n QP\",\"image\":{\"@type\":\"ImageObject\",\"inLanguage\":\"es\",\"@id\":\"https:\\\/\\\/secure.gravatar.com\\\/avatar\\\/c7164ed6fdec453195284ad24a5ae5b6e1eed2b848477fa2a4787ba9adf39a41?s=96&d=mm&r=g\",\"url\":\"https:\\\/\\\/secure.gravatar.com\\\/avatar\\\/c7164ed6fdec453195284ad24a5ae5b6e1eed2b848477fa2a4787ba9adf39a41?s=96&d=mm&r=g\",\"contentUrl\":\"https:\\\/\\\/secure.gravatar.com\\\/avatar\\\/c7164ed6fdec453195284ad24a5ae5b6e1eed2b848477fa2a4787ba9adf39a41?s=96&d=mm&r=g\",\"caption\":\"Redacci\u00f3n QP\"},\"url\":\"https:\\\/\\\/quehacerpolitico.mx\\\/?author=2\"}]}<\/script>\n<!-- \/ Yoast SEO plugin. -->","yoast_head_json":{"title":"Israel\u00edes asesinados en Plaza Artz tendr\u00edan antecedentes criminales -","robots":{"index":"index","follow":"follow","max-snippet":"max-snippet:-1","max-image-preview":"max-image-preview:large","max-video-preview":"max-video-preview:-1"},"canonical":"https:\/\/quehacerpolitico.mx\/?p=32926","og_locale":"es_MX","og_type":"article","og_title":"Israel\u00edes asesinados en Plaza Artz tendr\u00edan antecedentes criminales -","og_description":"Israel\u00edes asesinados en Plaza Artz tendr\u00edan antecedentes criminales Por Redacci\u00f3n QP","og_url":"https:\/\/quehacerpolitico.mx\/?p=32926","article_published_time":"2019-07-25T15:28:06+00:00","author":"Redacci\u00f3n QP","twitter_card":"summary_large_image","twitter_misc":{"Escrito por":"Redacci\u00f3n QP","Tiempo de lectura":"2 minutos"},"schema":{"@context":"https:\/\/schema.org","@graph":[{"@type":"Article","@id":"https:\/\/quehacerpolitico.mx\/?p=32926#article","isPartOf":{"@id":"https:\/\/quehacerpolitico.mx\/?p=32926"},"author":{"name":"Redacci\u00f3n QP","@id":"https:\/\/quehacerpolitico.mx\/#\/schema\/person\/496d8ad2d1d3f8036101dca7ee39e585"},"headline":"Israel\u00edes asesinados en Plaza Artz tendr\u00edan antecedentes criminales","datePublished":"2019-07-25T15:28:06+00:00","mainEntityOfPage":{"@id":"https:\/\/quehacerpolitico.mx\/?p=32926"},"wordCount":323,"commentCount":0,"image":{"@id":"https:\/\/quehacerpolitico.mx\/?p=32926#primaryimage"},"thumbnailUrl":"","articleSection":["CDMX"],"inLanguage":"es","potentialAction":[{"@type":"CommentAction","name":"Comment","target":["https:\/\/quehacerpolitico.mx\/?p=32926#respond"]}]},{"@type":"WebPage","@id":"https:\/\/quehacerpolitico.mx\/?p=32926","url":"https:\/\/quehacerpolitico.mx\/?p=32926","name":"Israel\u00edes asesinados en Plaza Artz tendr\u00edan antecedentes criminales -","isPartOf":{"@id":"https:\/\/quehacerpolitico.mx\/#website"},"primaryImageOfPage":{"@id":"https:\/\/quehacerpolitico.mx\/?p=32926#primaryimage"},"image":{"@id":"https:\/\/quehacerpolitico.mx\/?p=32926#primaryimage"},"thumbnailUrl":"","datePublished":"2019-07-25T15:28:06+00:00","author":{"@id":"https:\/\/quehacerpolitico.mx\/#\/schema\/person\/496d8ad2d1d3f8036101dca7ee39e585"},"breadcrumb":{"@id":"https:\/\/quehacerpolitico.mx\/?p=32926#breadcrumb"},"inLanguage":"es","potentialAction":[{"@type":"ReadAction","target":["https:\/\/quehacerpolitico.mx\/?p=32926"]}]},{"@type":"ImageObject","inLanguage":"es","@id":"https:\/\/quehacerpolitico.mx\/?p=32926#primaryimage","url":"","contentUrl":""},{"@type":"BreadcrumbList","@id":"https:\/\/quehacerpolitico.mx\/?p=32926#breadcrumb","itemListElement":[{"@type":"ListItem","position":1,"name":"Inicio","item":"https:\/\/quehacerpolitico.mx\/"},{"@type":"ListItem","position":2,"name":"Israel\u00edes asesinados en Plaza Artz tendr\u00edan antecedentes criminales"}]},{"@type":"WebSite","@id":"https:\/\/quehacerpolitico.mx\/#website","url":"https:\/\/quehacerpolitico.mx\/","name":"","description":"","potentialAction":[{"@type":"SearchAction","target":{"@type":"EntryPoint","urlTemplate":"https:\/\/quehacerpolitico.mx\/?s={search_term_string}"},"query-input":{"@type":"PropertyValueSpecification","valueRequired":true,"valueName":"search_term_string"}}],"inLanguage":"es"},{"@type":"Person","@id":"https:\/\/quehacerpolitico.mx\/#\/schema\/person\/496d8ad2d1d3f8036101dca7ee39e585","name":"Redacci\u00f3n QP","image":{"@type":"ImageObject","inLanguage":"es","@id":"https:\/\/secure.gravatar.com\/avatar\/c7164ed6fdec453195284ad24a5ae5b6e1eed2b848477fa2a4787ba9adf39a41?s=96&d=mm&r=g","url":"https:\/\/secure.gravatar.com\/avatar\/c7164ed6fdec453195284ad24a5ae5b6e1eed2b848477fa2a4787ba9adf39a41?s=96&d=mm&r=g","contentUrl":"https:\/\/secure.gravatar.com\/avatar\/c7164ed6fdec453195284ad24a5ae5b6e1eed2b848477fa2a4787ba9adf39a41?s=96&d=mm&r=g","caption":"Redacci\u00f3n QP"},"url":"https:\/\/quehacerpolitico.mx\/?author=2"}]}},"featured_image_urls":{"full":"","thumbnail":"","medium":"","medium_large":"","large":"","1536x1536":"","2048x2048":"","covernews-featured":"","covernews-medium":""},"author_info":{"display_name":"Redacci\u00f3n QP","author_link":"https:\/\/quehacerpolitico.mx\/?author=2"},"category_info":"<a href=\"https:\/\/quehacerpolitico.mx\/?cat=55\" rel=\"category\">CDMX<\/a>","tag_info":"CDMX","comment_count":"0","_links":{"self":[{"href":"https:\/\/quehacerpolitico.mx\/index.php?rest_route=\/wp\/v2\/posts\/32926","targetHints":{"allow":["GET"]}}],"collection":[{"href":"https:\/\/quehacerpolitico.mx\/index.php?rest_route=\/wp\/v2\/posts"}],"about":[{"href":"https:\/\/quehacerpolitico.mx\/index.php?rest_route=\/wp\/v2\/types\/post"}],"author":[{"embeddable":true,"href":"https:\/\/quehacerpolitico.mx\/index.php?rest_route=\/wp\/v2\/users\/2"}],"replies":[{"embeddable":true,"href":"https:\/\/quehacerpolitico.mx\/index.php?rest_route=%2Fwp%2Fv2%2Fcomments&post=32926"}],"version-history":[{"count":0,"href":"https:\/\/quehacerpolitico.mx\/index.php?rest_route=\/wp\/v2\/posts\/32926\/revisions"}],"wp:featuredmedia":[{"embeddable":true,"href":"https:\/\/quehacerpolitico.mx\/index.php?rest_route=\/"}],"wp:attachment":[{"href":"https:\/\/quehacerpolitico.mx\/index.php?rest_route=%2Fwp%2Fv2%2Fmedia&parent=32926"}],"wp:term":[{"taxonomy":"category","embeddable":true,"href":"https:\/\/quehacerpolitico.mx\/index.php?rest_route=%2Fwp%2Fv2%2Fcategories&post=32926"},{"taxonomy":"post_tag","embeddable":true,"href":"https:\/\/quehacerpolitico.mx\/index.php?rest_route=%2Fwp%2Fv2%2Ftags&post=32926"}],"curies":[{"name":"wp","href":"https:\/\/api.w.org\/{rel}","templated":true}]}}