{"id":32886,"date":"2019-07-25T03:28:07","date_gmt":"2019-07-25T03:28:07","guid":{"rendered":"http:\/\/quehacerpolitico.mx\/la-cndh-denuncia-a-servidores-publicos-por-caso-ayotzinapa\/"},"modified":"2019-07-25T03:28:07","modified_gmt":"2019-07-25T03:28:07","slug":"la-cndh-denuncia-a-servidores-publicos-por-caso-ayotzinapa","status":"publish","type":"post","link":"https:\/\/quehacerpolitico.mx\/?p=32886","title":{"rendered":"La CNDH denuncia a servidores p\u00fablicos por caso Ayotzinapa"},"content":{"rendered":"<h1 class=\"news-title\">La CNDH denuncia a servidores p\u00fablicos por caso Ayotzinapa<\/h1>\n<p>Por Redacci\u00f3n QP<\/p>\n<header class=\"news-header\">\n<div class=\"news-subtitle\">\n<p>Presentan recursos contra funcionarios y personal de seguridad por omisiones en la investigaci\u00f3n del caso y posibles actos de tortura<\/p>\n<\/div>\n<\/header>\n<div class=\"news-content\">\n<div class=\"news-body row\">\n<p>La Comisi\u00f3n Nacional de los Derechos Humanos (CNDH) present\u00f3 seis denuncias penales contra 235 servidores p\u00fablicos que cometieron irregularidades en la investigaci\u00f3n de la desaparici\u00f3n de los 43 normalistas de Ayotzinapa en 2014.<\/p>\n<p><strong>Las denuncias fueron interpuestas el pasado 22 de junio ante la Fiscal\u00eda General de la Rep\u00fablica (FGR)<\/strong>, y la CNDH present\u00f3 como medio de prueba su recomendaci\u00f3n 15VG\/2018, con la cual ya hab\u00eda alertado sobre las omisiones en la investigaci\u00f3n del caso.<\/p>\n<p>En un comunicado de prensa, la CNDH <strong>destac\u00f3 algunas de las seis denuncias penales que interpuso:<\/strong><\/p>\n<p>&#8220;Destaca la denuncia penal ante la FGR\u00a0por acciones u omisiones posiblemente constitutivas de delito identificadas por la CNDH en la incursi\u00f3n de personal de la entonces Procuradur\u00eda General de la Rep\u00fablica (PGR), con el detenido Agust\u00edn Garc\u00eda Reyes (a) &#8216;El Chereje&#8217;, en las inmediaciones del R\u00edo &#8216;San Juan&#8217; de Cocula, Guerrero, el 28 de octubre de 2014&#8221;, se\u00f1al\u00f3 la CNDH.<\/p>\n<p>Y se refiri\u00f3 a otras dos contra elementos de la PGR y la Procuradur\u00eda General de Justicia del Estado de Guerrero por no realizar oportunamente una investigaci\u00f3n relacionada con los autobuses &#8220;Costa Line&#8221; 2513 y &#8220;Estrella Roja&#8221; 3278, que eran utilizados por los normalistas.<\/p>\n<p>Respecto al caso de Carlos Canto Salgado, la CNDH tambi\u00e9n interpuso una denuncia penal por su caso al se\u00f1alar que <strong>elementos de la Polic\u00eda Ministerial de la PGR y la Secretar\u00eda de Marina lo detuvieron arbitrariamente, se dilataron en presentarlo ante el Ministerio P\u00fablico, adem\u00e1s de que cometieron actos crueles, inhumanos y degradantes contra el detenido.<\/strong><\/p>\n<p>Adem\u00e1s de las seis denuncias penales, la CNDH interpuso otras 12 administrativas contra 140 servidores p\u00fablicos -131 del orden federal y nueve del estatal.<\/p>\n<p>&#8220;Entre las denuncias aludidas, est\u00e1 la presentada contra el personal policial a cargo de la estaci\u00f3n Iguala de la Policia Federal\u00a0y de dos agentes de dicha corporaci\u00f3n, por participar en la desaparici\u00f3n de un grupo de normalistas en el &#8216;Puente del Chipote&#8217; y por incumplir su obligaci\u00f3n de prestar auxilio a las v\u00edctimas y no preservar el lugar y los indicios, huellas o vestigios de los hechos delictuosos&#8221;, detall\u00f3 el organismo aut\u00f3nomo.<\/p>\n<p>Otra de las 12 denuncias administrativas fue contra personal adscrito a la entonces Direcci\u00f3n General del Sistema Estatal de Informaci\u00f3n Policial, dependiente en ese entonces del Secretariado Ejecutivo del Consejo Estatal de Seguridad P\u00fablica del Estado de Guerrero, porque s\u00f3lo cuatro c\u00e1maras de 25 funcionaban en el municipio de Iguala.<\/p>\n<p>&#8220;La CNDH dar\u00e1 puntual y riguroso seguimiento a los procedimientos que se inicien con motivo de las denuncias presentadas a efecto de que sean aplicadas las sanciones que en derecho correspondan&#8221;, concluy\u00f3 la CNDH.<\/p>\n<\/div>\n<\/div>\n","protected":false},"excerpt":{"rendered":"<p>La CNDH denuncia a servidores p\u00fablicos por caso Ayotzinapa<br \/>\nPor Redacci\u00f3n QP<\/p>\n","protected":false},"author":2,"featured_media":32885,"comment_status":"open","ping_status":"open","sticky":false,"template":"","format":"standard","meta":{"_monsterinsights_skip_tracking":false,"_monsterinsights_sitenote_active":false,"_monsterinsights_sitenote_note":"","_monsterinsights_sitenote_category":0,"footnotes":""},"categories":[2],"tags":[],"class_list":["post-32886","post","type-post","status-publish","format-standard","has-post-thumbnail","hentry","category-noticias"],"yoast_head":"<!-- This site is optimized with the Yoast SEO plugin v27.3 - https:\/\/yoast.com\/product\/yoast-seo-wordpress\/ -->\n<title>La CNDH denuncia a servidores p\u00fablicos por caso Ayotzinapa -<\/title>\n<meta name=\"robots\" content=\"index, follow, max-snippet:-1, max-image-preview:large, max-video-preview:-1\" \/>\n<link rel=\"canonical\" href=\"https:\/\/quehacerpolitico.mx\/?p=32886\" \/>\n<meta property=\"og:locale\" content=\"es_MX\" \/>\n<meta property=\"og:type\" content=\"article\" \/>\n<meta property=\"og:title\" content=\"La CNDH denuncia a servidores p\u00fablicos por caso Ayotzinapa -\" \/>\n<meta property=\"og:description\" content=\"La CNDH denuncia a servidores p\u00fablicos por caso Ayotzinapa Por Redacci\u00f3n QP\" \/>\n<meta property=\"og:url\" content=\"https:\/\/quehacerpolitico.mx\/?p=32886\" \/>\n<meta property=\"article:published_time\" content=\"2019-07-25T03:28:07+00:00\" \/>\n<meta name=\"author\" content=\"Redacci\u00f3n QP\" \/>\n<meta name=\"twitter:card\" content=\"summary_large_image\" \/>\n<meta name=\"twitter:label1\" content=\"Escrito por\" \/>\n\t<meta name=\"twitter:data1\" content=\"Redacci\u00f3n QP\" \/>\n\t<meta name=\"twitter:label2\" content=\"Tiempo de lectura\" \/>\n\t<meta name=\"twitter:data2\" content=\"2 minutos\" \/>\n<script type=\"application\/ld+json\" class=\"yoast-schema-graph\">{\"@context\":\"https:\\\/\\\/schema.org\",\"@graph\":[{\"@type\":\"Article\",\"@id\":\"https:\\\/\\\/quehacerpolitico.mx\\\/?p=32886#article\",\"isPartOf\":{\"@id\":\"https:\\\/\\\/quehacerpolitico.mx\\\/?p=32886\"},\"author\":{\"name\":\"Redacci\u00f3n QP\",\"@id\":\"https:\\\/\\\/quehacerpolitico.mx\\\/#\\\/schema\\\/person\\\/496d8ad2d1d3f8036101dca7ee39e585\"},\"headline\":\"La CNDH denuncia a servidores p\u00fablicos por caso Ayotzinapa\",\"datePublished\":\"2019-07-25T03:28:07+00:00\",\"mainEntityOfPage\":{\"@id\":\"https:\\\/\\\/quehacerpolitico.mx\\\/?p=32886\"},\"wordCount\":503,\"commentCount\":0,\"image\":{\"@id\":\"https:\\\/\\\/quehacerpolitico.mx\\\/?p=32886#primaryimage\"},\"thumbnailUrl\":\"\",\"articleSection\":[\"Noticias\"],\"inLanguage\":\"es\",\"potentialAction\":[{\"@type\":\"CommentAction\",\"name\":\"Comment\",\"target\":[\"https:\\\/\\\/quehacerpolitico.mx\\\/?p=32886#respond\"]}]},{\"@type\":\"WebPage\",\"@id\":\"https:\\\/\\\/quehacerpolitico.mx\\\/?p=32886\",\"url\":\"https:\\\/\\\/quehacerpolitico.mx\\\/?p=32886\",\"name\":\"La CNDH denuncia a servidores p\u00fablicos por caso Ayotzinapa -\",\"isPartOf\":{\"@id\":\"https:\\\/\\\/quehacerpolitico.mx\\\/#website\"},\"primaryImageOfPage\":{\"@id\":\"https:\\\/\\\/quehacerpolitico.mx\\\/?p=32886#primaryimage\"},\"image\":{\"@id\":\"https:\\\/\\\/quehacerpolitico.mx\\\/?p=32886#primaryimage\"},\"thumbnailUrl\":\"\",\"datePublished\":\"2019-07-25T03:28:07+00:00\",\"author\":{\"@id\":\"https:\\\/\\\/quehacerpolitico.mx\\\/#\\\/schema\\\/person\\\/496d8ad2d1d3f8036101dca7ee39e585\"},\"breadcrumb\":{\"@id\":\"https:\\\/\\\/quehacerpolitico.mx\\\/?p=32886#breadcrumb\"},\"inLanguage\":\"es\",\"potentialAction\":[{\"@type\":\"ReadAction\",\"target\":[\"https:\\\/\\\/quehacerpolitico.mx\\\/?p=32886\"]}]},{\"@type\":\"ImageObject\",\"inLanguage\":\"es\",\"@id\":\"https:\\\/\\\/quehacerpolitico.mx\\\/?p=32886#primaryimage\",\"url\":\"\",\"contentUrl\":\"\"},{\"@type\":\"BreadcrumbList\",\"@id\":\"https:\\\/\\\/quehacerpolitico.mx\\\/?p=32886#breadcrumb\",\"itemListElement\":[{\"@type\":\"ListItem\",\"position\":1,\"name\":\"Inicio\",\"item\":\"https:\\\/\\\/quehacerpolitico.mx\\\/\"},{\"@type\":\"ListItem\",\"position\":2,\"name\":\"La CNDH denuncia a servidores p\u00fablicos por caso Ayotzinapa\"}]},{\"@type\":\"WebSite\",\"@id\":\"https:\\\/\\\/quehacerpolitico.mx\\\/#website\",\"url\":\"https:\\\/\\\/quehacerpolitico.mx\\\/\",\"name\":\"\",\"description\":\"\",\"potentialAction\":[{\"@type\":\"SearchAction\",\"target\":{\"@type\":\"EntryPoint\",\"urlTemplate\":\"https:\\\/\\\/quehacerpolitico.mx\\\/?s={search_term_string}\"},\"query-input\":{\"@type\":\"PropertyValueSpecification\",\"valueRequired\":true,\"valueName\":\"search_term_string\"}}],\"inLanguage\":\"es\"},{\"@type\":\"Person\",\"@id\":\"https:\\\/\\\/quehacerpolitico.mx\\\/#\\\/schema\\\/person\\\/496d8ad2d1d3f8036101dca7ee39e585\",\"name\":\"Redacci\u00f3n QP\",\"image\":{\"@type\":\"ImageObject\",\"inLanguage\":\"es\",\"@id\":\"https:\\\/\\\/secure.gravatar.com\\\/avatar\\\/c7164ed6fdec453195284ad24a5ae5b6e1eed2b848477fa2a4787ba9adf39a41?s=96&d=mm&r=g\",\"url\":\"https:\\\/\\\/secure.gravatar.com\\\/avatar\\\/c7164ed6fdec453195284ad24a5ae5b6e1eed2b848477fa2a4787ba9adf39a41?s=96&d=mm&r=g\",\"contentUrl\":\"https:\\\/\\\/secure.gravatar.com\\\/avatar\\\/c7164ed6fdec453195284ad24a5ae5b6e1eed2b848477fa2a4787ba9adf39a41?s=96&d=mm&r=g\",\"caption\":\"Redacci\u00f3n QP\"},\"url\":\"https:\\\/\\\/quehacerpolitico.mx\\\/?author=2\"}]}<\/script>\n<!-- \/ Yoast SEO plugin. -->","yoast_head_json":{"title":"La CNDH denuncia a servidores p\u00fablicos por caso Ayotzinapa -","robots":{"index":"index","follow":"follow","max-snippet":"max-snippet:-1","max-image-preview":"max-image-preview:large","max-video-preview":"max-video-preview:-1"},"canonical":"https:\/\/quehacerpolitico.mx\/?p=32886","og_locale":"es_MX","og_type":"article","og_title":"La CNDH denuncia a servidores p\u00fablicos por caso Ayotzinapa -","og_description":"La CNDH denuncia a servidores p\u00fablicos por caso Ayotzinapa Por Redacci\u00f3n QP","og_url":"https:\/\/quehacerpolitico.mx\/?p=32886","article_published_time":"2019-07-25T03:28:07+00:00","author":"Redacci\u00f3n QP","twitter_card":"summary_large_image","twitter_misc":{"Escrito por":"Redacci\u00f3n QP","Tiempo de lectura":"2 minutos"},"schema":{"@context":"https:\/\/schema.org","@graph":[{"@type":"Article","@id":"https:\/\/quehacerpolitico.mx\/?p=32886#article","isPartOf":{"@id":"https:\/\/quehacerpolitico.mx\/?p=32886"},"author":{"name":"Redacci\u00f3n QP","@id":"https:\/\/quehacerpolitico.mx\/#\/schema\/person\/496d8ad2d1d3f8036101dca7ee39e585"},"headline":"La CNDH denuncia a servidores p\u00fablicos por caso Ayotzinapa","datePublished":"2019-07-25T03:28:07+00:00","mainEntityOfPage":{"@id":"https:\/\/quehacerpolitico.mx\/?p=32886"},"wordCount":503,"commentCount":0,"image":{"@id":"https:\/\/quehacerpolitico.mx\/?p=32886#primaryimage"},"thumbnailUrl":"","articleSection":["Noticias"],"inLanguage":"es","potentialAction":[{"@type":"CommentAction","name":"Comment","target":["https:\/\/quehacerpolitico.mx\/?p=32886#respond"]}]},{"@type":"WebPage","@id":"https:\/\/quehacerpolitico.mx\/?p=32886","url":"https:\/\/quehacerpolitico.mx\/?p=32886","name":"La CNDH denuncia a servidores p\u00fablicos por caso Ayotzinapa -","isPartOf":{"@id":"https:\/\/quehacerpolitico.mx\/#website"},"primaryImageOfPage":{"@id":"https:\/\/quehacerpolitico.mx\/?p=32886#primaryimage"},"image":{"@id":"https:\/\/quehacerpolitico.mx\/?p=32886#primaryimage"},"thumbnailUrl":"","datePublished":"2019-07-25T03:28:07+00:00","author":{"@id":"https:\/\/quehacerpolitico.mx\/#\/schema\/person\/496d8ad2d1d3f8036101dca7ee39e585"},"breadcrumb":{"@id":"https:\/\/quehacerpolitico.mx\/?p=32886#breadcrumb"},"inLanguage":"es","potentialAction":[{"@type":"ReadAction","target":["https:\/\/quehacerpolitico.mx\/?p=32886"]}]},{"@type":"ImageObject","inLanguage":"es","@id":"https:\/\/quehacerpolitico.mx\/?p=32886#primaryimage","url":"","contentUrl":""},{"@type":"BreadcrumbList","@id":"https:\/\/quehacerpolitico.mx\/?p=32886#breadcrumb","itemListElement":[{"@type":"ListItem","position":1,"name":"Inicio","item":"https:\/\/quehacerpolitico.mx\/"},{"@type":"ListItem","position":2,"name":"La CNDH denuncia a servidores p\u00fablicos por caso Ayotzinapa"}]},{"@type":"WebSite","@id":"https:\/\/quehacerpolitico.mx\/#website","url":"https:\/\/quehacerpolitico.mx\/","name":"","description":"","potentialAction":[{"@type":"SearchAction","target":{"@type":"EntryPoint","urlTemplate":"https:\/\/quehacerpolitico.mx\/?s={search_term_string}"},"query-input":{"@type":"PropertyValueSpecification","valueRequired":true,"valueName":"search_term_string"}}],"inLanguage":"es"},{"@type":"Person","@id":"https:\/\/quehacerpolitico.mx\/#\/schema\/person\/496d8ad2d1d3f8036101dca7ee39e585","name":"Redacci\u00f3n QP","image":{"@type":"ImageObject","inLanguage":"es","@id":"https:\/\/secure.gravatar.com\/avatar\/c7164ed6fdec453195284ad24a5ae5b6e1eed2b848477fa2a4787ba9adf39a41?s=96&d=mm&r=g","url":"https:\/\/secure.gravatar.com\/avatar\/c7164ed6fdec453195284ad24a5ae5b6e1eed2b848477fa2a4787ba9adf39a41?s=96&d=mm&r=g","contentUrl":"https:\/\/secure.gravatar.com\/avatar\/c7164ed6fdec453195284ad24a5ae5b6e1eed2b848477fa2a4787ba9adf39a41?s=96&d=mm&r=g","caption":"Redacci\u00f3n QP"},"url":"https:\/\/quehacerpolitico.mx\/?author=2"}]}},"featured_image_urls":{"full":"","thumbnail":"","medium":"","medium_large":"","large":"","1536x1536":"","2048x2048":"","covernews-featured":"","covernews-medium":""},"author_info":{"display_name":"Redacci\u00f3n QP","author_link":"https:\/\/quehacerpolitico.mx\/?author=2"},"category_info":"<a href=\"https:\/\/quehacerpolitico.mx\/?cat=2\" rel=\"category\">Noticias<\/a>","tag_info":"Noticias","comment_count":"0","_links":{"self":[{"href":"https:\/\/quehacerpolitico.mx\/index.php?rest_route=\/wp\/v2\/posts\/32886","targetHints":{"allow":["GET"]}}],"collection":[{"href":"https:\/\/quehacerpolitico.mx\/index.php?rest_route=\/wp\/v2\/posts"}],"about":[{"href":"https:\/\/quehacerpolitico.mx\/index.php?rest_route=\/wp\/v2\/types\/post"}],"author":[{"embeddable":true,"href":"https:\/\/quehacerpolitico.mx\/index.php?rest_route=\/wp\/v2\/users\/2"}],"replies":[{"embeddable":true,"href":"https:\/\/quehacerpolitico.mx\/index.php?rest_route=%2Fwp%2Fv2%2Fcomments&post=32886"}],"version-history":[{"count":0,"href":"https:\/\/quehacerpolitico.mx\/index.php?rest_route=\/wp\/v2\/posts\/32886\/revisions"}],"wp:featuredmedia":[{"embeddable":true,"href":"https:\/\/quehacerpolitico.mx\/index.php?rest_route=\/"}],"wp:attachment":[{"href":"https:\/\/quehacerpolitico.mx\/index.php?rest_route=%2Fwp%2Fv2%2Fmedia&parent=32886"}],"wp:term":[{"taxonomy":"category","embeddable":true,"href":"https:\/\/quehacerpolitico.mx\/index.php?rest_route=%2Fwp%2Fv2%2Fcategories&post=32886"},{"taxonomy":"post_tag","embeddable":true,"href":"https:\/\/quehacerpolitico.mx\/index.php?rest_route=%2Fwp%2Fv2%2Ftags&post=32886"}],"curies":[{"name":"wp","href":"https:\/\/api.w.org\/{rel}","templated":true}]}}