{"id":32874,"date":"2019-07-25T03:02:00","date_gmt":"2019-07-25T03:02:00","guid":{"rendered":"http:\/\/quehacerpolitico.mx\/cruz-azul-rendira-homenaje-al-conejo-perez\/"},"modified":"2019-07-25T03:02:00","modified_gmt":"2019-07-25T03:02:00","slug":"cruz-azul-rendira-homenaje-al-conejo-perez","status":"publish","type":"post","link":"https:\/\/quehacerpolitico.mx\/?p=32874","title":{"rendered":"Cruz Azul rendir\u00e1 homenaje al &#8220;Conejo&#8221; P\u00e9rez"},"content":{"rendered":"<h1 class=\"news-title\">Cruz Azul rendir\u00e1 homenaje al &#8220;Conejo&#8221; P\u00e9rez<\/h1>\n<p>Por Redacci\u00f3n QP<\/p>\n<header class=\"news-header\">\n<div class=\"news-subtitle\">\n<p>El portero volver\u00e1 a la M\u00e1quina, pero s\u00f3lo para recibir un reconocimiento el pr\u00f3ximo s\u00e1bado<\/p>\n<\/div>\n<\/header>\n<div class=\"news-content\">\n<div class=\"news-body row\">\n<p>El portero mexicano<strong>\u00a0Oscar \u201cConejo\u201d P\u00e9rez volver\u00e1<\/strong>\u00a0a Cruz Azul,\u00a0pero s\u00f3lo para recibir un homenaje del equipo el pr\u00f3ximo s\u00e1bado cuando la M\u00e1quina enfrente a Toluca en la fecha dos del Torneo Apertura 2019.<\/p>\n<p>El mismo portero, a trav\u00e9s de sus redes sociales, confirm\u00f3 que tendr\u00e1 un homenaje, luego de que incluso se especul\u00f3 de que ser\u00eda refuerzo del equipo para el certamen.<\/p>\n<blockquote class=\"twitter-tweet\" data-width=\"550\" data-dnt=\"true\">\n<p lang=\"qme\" dir=\"ltr\">\ud83d\ude03\ud83d\udc4f\ud83d\udc4f <a href=\"https:\/\/t.co\/M5YQKD0CWy\">pic.twitter.com\/M5YQKD0CWy<\/a><\/p>\n<p>&mdash; Oscar \ud83d\udc07 P\u00e9rez (@Oscar_Conejo21) <a href=\"https:\/\/twitter.com\/Oscar_Conejo21\/status\/1154109896889028608?ref_src=twsrc%5Etfw\">July 24, 2019<\/a><\/p><\/blockquote>\n<p><script async src=\"https:\/\/platform.twitter.com\/widgets.js\" charset=\"utf-8\"><\/script><\/p>\n<p>&#8220;Muchas gracias a Cruz Azul por el homenaje que me brindar\u00e1 este s\u00e1bado en el estadio Azteca en el partido frente a Toluca. Los espero ah\u00ed para que celebremos juntos&#8221;, mencion\u00f3 el portero en el video difundido este mi\u00e9rcoles.<\/p>\n<p>Luego del triunfo de Cruz Azul sobre Chicago Fire para llegar a semifinales de la Leagues Cup,<strong> el t\u00e9cnico Pedro Caixinha fue cuestionado sobre si el equipo estaba completo o necesitaba alg\u00fan refuerzo, y coment\u00f3 que habr\u00eda una sorpresa el jueves.<\/strong><\/p>\n<p>Las especulaciones comenzaron sobre la llegada de un nuevo jugador para el equipo, sobre todo un delantero, que es una posici\u00f3n en la que el club estar\u00eda interesado en reforzarse.<\/p>\n<p><strong>Este mi\u00e9rcoles comenz\u00f3 a sonar el nombre de \u00d3scar P\u00e9rez, ganador con Cruz Azul del t\u00edtulo de Liga del torneo Invierno 1997, aunque s\u00f3lo ser\u00e1 para el homenaje, pero no se descarta que pueda ser registrado y dispute algunos minutos para anunciar su retiro definitivo.<\/strong><\/p>\n<p>El &#8220;Conejo&#8221; P\u00e9rez, quien naci\u00f3 el 1 de febrero de 1973, debut\u00f3 con la M\u00e1quina en 1993, equipo con el cual fue campe\u00f3n en 1997. Milit\u00f3 en clubes como Tigres de la UANL, Chiapas, Necaxa, San Luis y Pachuca, adem\u00e1s de haber sido seleccionado nacional.<\/p>\n<\/div>\n<\/div>\n","protected":false},"excerpt":{"rendered":"<p>Cruz Azul rendir\u00e1 homenaje al &#8220;Conejo&#8221; P\u00e9rez<br \/>\nPor Redacci\u00f3n QP<\/p>\n","protected":false},"author":2,"featured_media":32873,"comment_status":"open","ping_status":"open","sticky":false,"template":"","format":"standard","meta":{"_monsterinsights_skip_tracking":false,"_monsterinsights_sitenote_active":false,"_monsterinsights_sitenote_note":"","_monsterinsights_sitenote_category":0,"footnotes":""},"categories":[54],"tags":[],"class_list":["post-32874","post","type-post","status-publish","format-standard","has-post-thumbnail","hentry","category-deportes"],"yoast_head":"<!-- This site is optimized with the Yoast SEO plugin v27.3 - https:\/\/yoast.com\/product\/yoast-seo-wordpress\/ -->\n<title>Cruz Azul rendir\u00e1 homenaje al &quot;Conejo&quot; P\u00e9rez -<\/title>\n<meta name=\"robots\" content=\"index, follow, max-snippet:-1, max-image-preview:large, max-video-preview:-1\" \/>\n<link rel=\"canonical\" href=\"https:\/\/quehacerpolitico.mx\/?p=32874\" \/>\n<meta property=\"og:locale\" content=\"es_MX\" \/>\n<meta property=\"og:type\" content=\"article\" \/>\n<meta property=\"og:title\" content=\"Cruz Azul rendir\u00e1 homenaje al &quot;Conejo&quot; P\u00e9rez -\" \/>\n<meta property=\"og:description\" content=\"Cruz Azul rendir\u00e1 homenaje al &quot;Conejo&quot; P\u00e9rez Por Redacci\u00f3n QP\" \/>\n<meta property=\"og:url\" content=\"https:\/\/quehacerpolitico.mx\/?p=32874\" \/>\n<meta property=\"article:published_time\" content=\"2019-07-25T03:02:00+00:00\" \/>\n<meta name=\"author\" content=\"Redacci\u00f3n QP\" \/>\n<meta name=\"twitter:card\" content=\"summary_large_image\" \/>\n<meta name=\"twitter:label1\" content=\"Escrito por\" \/>\n\t<meta name=\"twitter:data1\" content=\"Redacci\u00f3n QP\" \/>\n\t<meta name=\"twitter:label2\" content=\"Tiempo de lectura\" \/>\n\t<meta name=\"twitter:data2\" content=\"2 minutos\" \/>\n<script type=\"application\/ld+json\" class=\"yoast-schema-graph\">{\"@context\":\"https:\\\/\\\/schema.org\",\"@graph\":[{\"@type\":\"Article\",\"@id\":\"https:\\\/\\\/quehacerpolitico.mx\\\/?p=32874#article\",\"isPartOf\":{\"@id\":\"https:\\\/\\\/quehacerpolitico.mx\\\/?p=32874\"},\"author\":{\"name\":\"Redacci\u00f3n QP\",\"@id\":\"https:\\\/\\\/quehacerpolitico.mx\\\/#\\\/schema\\\/person\\\/496d8ad2d1d3f8036101dca7ee39e585\"},\"headline\":\"Cruz Azul rendir\u00e1 homenaje al &#8220;Conejo&#8221; P\u00e9rez\",\"datePublished\":\"2019-07-25T03:02:00+00:00\",\"mainEntityOfPage\":{\"@id\":\"https:\\\/\\\/quehacerpolitico.mx\\\/?p=32874\"},\"wordCount\":326,\"commentCount\":0,\"image\":{\"@id\":\"https:\\\/\\\/quehacerpolitico.mx\\\/?p=32874#primaryimage\"},\"thumbnailUrl\":\"\",\"articleSection\":[\"Deportes\"],\"inLanguage\":\"es\",\"potentialAction\":[{\"@type\":\"CommentAction\",\"name\":\"Comment\",\"target\":[\"https:\\\/\\\/quehacerpolitico.mx\\\/?p=32874#respond\"]}]},{\"@type\":\"WebPage\",\"@id\":\"https:\\\/\\\/quehacerpolitico.mx\\\/?p=32874\",\"url\":\"https:\\\/\\\/quehacerpolitico.mx\\\/?p=32874\",\"name\":\"Cruz Azul rendir\u00e1 homenaje al \\\"Conejo\\\" P\u00e9rez -\",\"isPartOf\":{\"@id\":\"https:\\\/\\\/quehacerpolitico.mx\\\/#website\"},\"primaryImageOfPage\":{\"@id\":\"https:\\\/\\\/quehacerpolitico.mx\\\/?p=32874#primaryimage\"},\"image\":{\"@id\":\"https:\\\/\\\/quehacerpolitico.mx\\\/?p=32874#primaryimage\"},\"thumbnailUrl\":\"\",\"datePublished\":\"2019-07-25T03:02:00+00:00\",\"author\":{\"@id\":\"https:\\\/\\\/quehacerpolitico.mx\\\/#\\\/schema\\\/person\\\/496d8ad2d1d3f8036101dca7ee39e585\"},\"breadcrumb\":{\"@id\":\"https:\\\/\\\/quehacerpolitico.mx\\\/?p=32874#breadcrumb\"},\"inLanguage\":\"es\",\"potentialAction\":[{\"@type\":\"ReadAction\",\"target\":[\"https:\\\/\\\/quehacerpolitico.mx\\\/?p=32874\"]}]},{\"@type\":\"ImageObject\",\"inLanguage\":\"es\",\"@id\":\"https:\\\/\\\/quehacerpolitico.mx\\\/?p=32874#primaryimage\",\"url\":\"\",\"contentUrl\":\"\"},{\"@type\":\"BreadcrumbList\",\"@id\":\"https:\\\/\\\/quehacerpolitico.mx\\\/?p=32874#breadcrumb\",\"itemListElement\":[{\"@type\":\"ListItem\",\"position\":1,\"name\":\"Inicio\",\"item\":\"https:\\\/\\\/quehacerpolitico.mx\\\/\"},{\"@type\":\"ListItem\",\"position\":2,\"name\":\"Cruz Azul rendir\u00e1 homenaje al &#8220;Conejo&#8221; P\u00e9rez\"}]},{\"@type\":\"WebSite\",\"@id\":\"https:\\\/\\\/quehacerpolitico.mx\\\/#website\",\"url\":\"https:\\\/\\\/quehacerpolitico.mx\\\/\",\"name\":\"\",\"description\":\"\",\"potentialAction\":[{\"@type\":\"SearchAction\",\"target\":{\"@type\":\"EntryPoint\",\"urlTemplate\":\"https:\\\/\\\/quehacerpolitico.mx\\\/?s={search_term_string}\"},\"query-input\":{\"@type\":\"PropertyValueSpecification\",\"valueRequired\":true,\"valueName\":\"search_term_string\"}}],\"inLanguage\":\"es\"},{\"@type\":\"Person\",\"@id\":\"https:\\\/\\\/quehacerpolitico.mx\\\/#\\\/schema\\\/person\\\/496d8ad2d1d3f8036101dca7ee39e585\",\"name\":\"Redacci\u00f3n QP\",\"image\":{\"@type\":\"ImageObject\",\"inLanguage\":\"es\",\"@id\":\"https:\\\/\\\/secure.gravatar.com\\\/avatar\\\/c7164ed6fdec453195284ad24a5ae5b6e1eed2b848477fa2a4787ba9adf39a41?s=96&d=mm&r=g\",\"url\":\"https:\\\/\\\/secure.gravatar.com\\\/avatar\\\/c7164ed6fdec453195284ad24a5ae5b6e1eed2b848477fa2a4787ba9adf39a41?s=96&d=mm&r=g\",\"contentUrl\":\"https:\\\/\\\/secure.gravatar.com\\\/avatar\\\/c7164ed6fdec453195284ad24a5ae5b6e1eed2b848477fa2a4787ba9adf39a41?s=96&d=mm&r=g\",\"caption\":\"Redacci\u00f3n QP\"},\"url\":\"https:\\\/\\\/quehacerpolitico.mx\\\/?author=2\"}]}<\/script>\n<!-- \/ Yoast SEO plugin. -->","yoast_head_json":{"title":"Cruz Azul rendir\u00e1 homenaje al \"Conejo\" P\u00e9rez -","robots":{"index":"index","follow":"follow","max-snippet":"max-snippet:-1","max-image-preview":"max-image-preview:large","max-video-preview":"max-video-preview:-1"},"canonical":"https:\/\/quehacerpolitico.mx\/?p=32874","og_locale":"es_MX","og_type":"article","og_title":"Cruz Azul rendir\u00e1 homenaje al \"Conejo\" P\u00e9rez -","og_description":"Cruz Azul rendir\u00e1 homenaje al \"Conejo\" P\u00e9rez Por Redacci\u00f3n QP","og_url":"https:\/\/quehacerpolitico.mx\/?p=32874","article_published_time":"2019-07-25T03:02:00+00:00","author":"Redacci\u00f3n QP","twitter_card":"summary_large_image","twitter_misc":{"Escrito por":"Redacci\u00f3n QP","Tiempo de lectura":"2 minutos"},"schema":{"@context":"https:\/\/schema.org","@graph":[{"@type":"Article","@id":"https:\/\/quehacerpolitico.mx\/?p=32874#article","isPartOf":{"@id":"https:\/\/quehacerpolitico.mx\/?p=32874"},"author":{"name":"Redacci\u00f3n QP","@id":"https:\/\/quehacerpolitico.mx\/#\/schema\/person\/496d8ad2d1d3f8036101dca7ee39e585"},"headline":"Cruz Azul rendir\u00e1 homenaje al &#8220;Conejo&#8221; P\u00e9rez","datePublished":"2019-07-25T03:02:00+00:00","mainEntityOfPage":{"@id":"https:\/\/quehacerpolitico.mx\/?p=32874"},"wordCount":326,"commentCount":0,"image":{"@id":"https:\/\/quehacerpolitico.mx\/?p=32874#primaryimage"},"thumbnailUrl":"","articleSection":["Deportes"],"inLanguage":"es","potentialAction":[{"@type":"CommentAction","name":"Comment","target":["https:\/\/quehacerpolitico.mx\/?p=32874#respond"]}]},{"@type":"WebPage","@id":"https:\/\/quehacerpolitico.mx\/?p=32874","url":"https:\/\/quehacerpolitico.mx\/?p=32874","name":"Cruz Azul rendir\u00e1 homenaje al \"Conejo\" P\u00e9rez -","isPartOf":{"@id":"https:\/\/quehacerpolitico.mx\/#website"},"primaryImageOfPage":{"@id":"https:\/\/quehacerpolitico.mx\/?p=32874#primaryimage"},"image":{"@id":"https:\/\/quehacerpolitico.mx\/?p=32874#primaryimage"},"thumbnailUrl":"","datePublished":"2019-07-25T03:02:00+00:00","author":{"@id":"https:\/\/quehacerpolitico.mx\/#\/schema\/person\/496d8ad2d1d3f8036101dca7ee39e585"},"breadcrumb":{"@id":"https:\/\/quehacerpolitico.mx\/?p=32874#breadcrumb"},"inLanguage":"es","potentialAction":[{"@type":"ReadAction","target":["https:\/\/quehacerpolitico.mx\/?p=32874"]}]},{"@type":"ImageObject","inLanguage":"es","@id":"https:\/\/quehacerpolitico.mx\/?p=32874#primaryimage","url":"","contentUrl":""},{"@type":"BreadcrumbList","@id":"https:\/\/quehacerpolitico.mx\/?p=32874#breadcrumb","itemListElement":[{"@type":"ListItem","position":1,"name":"Inicio","item":"https:\/\/quehacerpolitico.mx\/"},{"@type":"ListItem","position":2,"name":"Cruz Azul rendir\u00e1 homenaje al &#8220;Conejo&#8221; P\u00e9rez"}]},{"@type":"WebSite","@id":"https:\/\/quehacerpolitico.mx\/#website","url":"https:\/\/quehacerpolitico.mx\/","name":"","description":"","potentialAction":[{"@type":"SearchAction","target":{"@type":"EntryPoint","urlTemplate":"https:\/\/quehacerpolitico.mx\/?s={search_term_string}"},"query-input":{"@type":"PropertyValueSpecification","valueRequired":true,"valueName":"search_term_string"}}],"inLanguage":"es"},{"@type":"Person","@id":"https:\/\/quehacerpolitico.mx\/#\/schema\/person\/496d8ad2d1d3f8036101dca7ee39e585","name":"Redacci\u00f3n QP","image":{"@type":"ImageObject","inLanguage":"es","@id":"https:\/\/secure.gravatar.com\/avatar\/c7164ed6fdec453195284ad24a5ae5b6e1eed2b848477fa2a4787ba9adf39a41?s=96&d=mm&r=g","url":"https:\/\/secure.gravatar.com\/avatar\/c7164ed6fdec453195284ad24a5ae5b6e1eed2b848477fa2a4787ba9adf39a41?s=96&d=mm&r=g","contentUrl":"https:\/\/secure.gravatar.com\/avatar\/c7164ed6fdec453195284ad24a5ae5b6e1eed2b848477fa2a4787ba9adf39a41?s=96&d=mm&r=g","caption":"Redacci\u00f3n QP"},"url":"https:\/\/quehacerpolitico.mx\/?author=2"}]}},"featured_image_urls":{"full":"","thumbnail":"","medium":"","medium_large":"","large":"","1536x1536":"","2048x2048":"","covernews-featured":"","covernews-medium":""},"author_info":{"display_name":"Redacci\u00f3n QP","author_link":"https:\/\/quehacerpolitico.mx\/?author=2"},"category_info":"<a href=\"https:\/\/quehacerpolitico.mx\/?cat=54\" rel=\"category\">Deportes<\/a>","tag_info":"Deportes","comment_count":"0","_links":{"self":[{"href":"https:\/\/quehacerpolitico.mx\/index.php?rest_route=\/wp\/v2\/posts\/32874","targetHints":{"allow":["GET"]}}],"collection":[{"href":"https:\/\/quehacerpolitico.mx\/index.php?rest_route=\/wp\/v2\/posts"}],"about":[{"href":"https:\/\/quehacerpolitico.mx\/index.php?rest_route=\/wp\/v2\/types\/post"}],"author":[{"embeddable":true,"href":"https:\/\/quehacerpolitico.mx\/index.php?rest_route=\/wp\/v2\/users\/2"}],"replies":[{"embeddable":true,"href":"https:\/\/quehacerpolitico.mx\/index.php?rest_route=%2Fwp%2Fv2%2Fcomments&post=32874"}],"version-history":[{"count":0,"href":"https:\/\/quehacerpolitico.mx\/index.php?rest_route=\/wp\/v2\/posts\/32874\/revisions"}],"wp:featuredmedia":[{"embeddable":true,"href":"https:\/\/quehacerpolitico.mx\/index.php?rest_route=\/"}],"wp:attachment":[{"href":"https:\/\/quehacerpolitico.mx\/index.php?rest_route=%2Fwp%2Fv2%2Fmedia&parent=32874"}],"wp:term":[{"taxonomy":"category","embeddable":true,"href":"https:\/\/quehacerpolitico.mx\/index.php?rest_route=%2Fwp%2Fv2%2Fcategories&post=32874"},{"taxonomy":"post_tag","embeddable":true,"href":"https:\/\/quehacerpolitico.mx\/index.php?rest_route=%2Fwp%2Fv2%2Ftags&post=32874"}],"curies":[{"name":"wp","href":"https:\/\/api.w.org\/{rel}","templated":true}]}}