{"id":3287,"date":"2018-08-28T00:10:10","date_gmt":"2018-08-28T00:10:10","guid":{"rendered":"http:\/\/quehacerpolitico.mx\/resulta-que-el-alcalde-layin-no-robo-poquito-lo-vinculan-a-proceso-por-desvio-de-12-millones\/"},"modified":"2018-08-28T00:10:10","modified_gmt":"2018-08-28T00:10:10","slug":"resulta-que-el-alcalde-layin-no-robo-poquito-lo-vinculan-a-proceso-por-desvio-de-12-millones","status":"publish","type":"post","link":"https:\/\/quehacerpolitico.mx\/?p=3287","title":{"rendered":"Resulta que el Alcalde \u201cLay\u00edn\u201d no rob\u00f3 poquito: lo vinculan a proceso por desv\u00edo de 12 millones"},"content":{"rendered":"<h3>Desde marzo pasado, la Auditor\u00eda Superior de Nayarit denunci\u00f3 ante la Fiscal\u00eda General de Justicia de la entidad a Hilario Ram\u00edrez por un desv\u00edo de 12 millones de pesos por la venta de un terreno de 45 mil 922 metros cuadrados.<\/h3>\n<p><strong>Hilario Ram\u00edrez Villanueva<\/strong>, ex Alcalde del puerto de <strong>San Blas<\/strong> conocido como \u201c<strong>Lay\u00edn<\/strong>\u201c, fue vinculado a proceso por no comprobar el destino de <strong>12 millones de pesos<\/strong>.<\/p>\n<p>La Unidad Especializada en Investigaci\u00f3n de Delitos Cometidos por Servidores P\u00fablicos perteneciente a la Fiscal\u00eda General del Estado indic\u00f3 que existieron pruebas suficientes para la vinculaci\u00f3n a proceso por los delitos de <strong>ejercicio indebido de funciones<\/strong>, <strong>peculado<\/strong> y <strong>fraude espec\u00edfico<\/strong>, en agravio del municipio de San Blas.<\/p>\n<p>Adem\u00e1s del<strong> ex Alcalde<\/strong>, se logr\u00f3 la vinculaci\u00f3n del ex s\u00edndico municipal <strong>Armida Silvestre Ju\u00e1rez<\/strong> y <strong>Mario V\u00e1zquez Flores,<\/strong> ex secretario municipal, quienes tendr\u00e1n un plazo de tres meses para aportar m\u00e1s pruebas antes del cierre de la investigaci\u00f3n.<\/p>\n<p>Desde marzo pasado, la Auditor\u00eda Superior de Nayarit denunci\u00f3 ante la Fiscal\u00eda General de Justicia de la entidad a Hilario Ram\u00edrez por un presunto desv\u00edo millonario en 2016.<\/p>\n<p>De acuerdo con medios locales, la Auditor\u00eda Superior denunci\u00f3 que derivado de la venta de la aeropista del Municipio nayarita, Ram\u00edrez Villanueva, mejor conocido como \u201cLayin\u201d, habr\u00eda desviado 12 millones de pesos.<\/p>\n<p>Los recursos de la venta del terreno de 45 mil 922 metros cuadrados, ubicado en las calles D\u00edaz Ordaz y Zacatecas, nisiquera habr\u00edan ingresado a las arcas del ayuntamiento, explic\u00f3 la Auditor\u00eda Superior.<\/p>\n<p>El ex Alcalde que se hizo famoso por reconocer que \u201cs\u00ed rob\u00f3, pero poquito\u201d y por sus derroches en fiestas y ferias, entre otros esc\u00e1ndalos.<\/p>\n<p>Durante su administraci\u00f3n, Ram\u00edrez Villanueva ha protagonizado varios esc\u00e1ndalos, desde levantarle el vestido a una mujer que bailaba con \u00e9l, gastar millones de pesos en los festejos de su cumplea\u00f1os y regalar dinero a quienes se encontraban en las fiestas y ferias de los municipios a las que acud\u00eda.<\/p>\n","protected":false},"excerpt":{"rendered":"<p>Resulta que el Alcalde \u201cLay\u00edn\u201d no rob\u00f3 poquito: lo vinculan a proceso por desv\u00edo de 12 millones<br \/>\nPor Redacci\u00f3n QP<\/p>\n","protected":false},"author":2,"featured_media":3286,"comment_status":"open","ping_status":"open","sticky":false,"template":"","format":"standard","meta":{"_monsterinsights_skip_tracking":false,"_monsterinsights_sitenote_active":false,"_monsterinsights_sitenote_note":"","_monsterinsights_sitenote_category":0,"footnotes":""},"categories":[2],"tags":[],"class_list":["post-3287","post","type-post","status-publish","format-standard","has-post-thumbnail","hentry","category-noticias"],"yoast_head":"<!-- This site is optimized with the Yoast SEO plugin v27.3 - https:\/\/yoast.com\/product\/yoast-seo-wordpress\/ -->\n<title>Resulta que el Alcalde \u201cLay\u00edn\u201d no rob\u00f3 poquito: lo vinculan a proceso por desv\u00edo de 12 millones -<\/title>\n<meta name=\"robots\" content=\"index, follow, max-snippet:-1, max-image-preview:large, max-video-preview:-1\" \/>\n<link rel=\"canonical\" href=\"https:\/\/quehacerpolitico.mx\/?p=3287\" \/>\n<meta property=\"og:locale\" content=\"es_MX\" \/>\n<meta property=\"og:type\" content=\"article\" \/>\n<meta property=\"og:title\" content=\"Resulta que el Alcalde \u201cLay\u00edn\u201d no rob\u00f3 poquito: lo vinculan a proceso por desv\u00edo de 12 millones -\" \/>\n<meta property=\"og:description\" content=\"Resulta que el Alcalde \u201cLay\u00edn\u201d no rob\u00f3 poquito: lo vinculan a proceso por desv\u00edo de 12 millones Por Redacci\u00f3n QP\" \/>\n<meta property=\"og:url\" content=\"https:\/\/quehacerpolitico.mx\/?p=3287\" \/>\n<meta property=\"article:published_time\" content=\"2018-08-28T00:10:10+00:00\" \/>\n<meta name=\"author\" content=\"Redacci\u00f3n QP\" \/>\n<meta name=\"twitter:card\" content=\"summary_large_image\" \/>\n<meta name=\"twitter:label1\" content=\"Escrito por\" \/>\n\t<meta name=\"twitter:data1\" content=\"Redacci\u00f3n QP\" \/>\n\t<meta name=\"twitter:label2\" content=\"Tiempo de lectura\" \/>\n\t<meta name=\"twitter:data2\" content=\"2 minutos\" \/>\n<script type=\"application\/ld+json\" class=\"yoast-schema-graph\">{\"@context\":\"https:\\\/\\\/schema.org\",\"@graph\":[{\"@type\":\"Article\",\"@id\":\"https:\\\/\\\/quehacerpolitico.mx\\\/?p=3287#article\",\"isPartOf\":{\"@id\":\"https:\\\/\\\/quehacerpolitico.mx\\\/?p=3287\"},\"author\":{\"name\":\"Redacci\u00f3n QP\",\"@id\":\"https:\\\/\\\/quehacerpolitico.mx\\\/#\\\/schema\\\/person\\\/496d8ad2d1d3f8036101dca7ee39e585\"},\"headline\":\"Resulta que el Alcalde \u201cLay\u00edn\u201d no rob\u00f3 poquito: lo vinculan a proceso por desv\u00edo de 12 millones\",\"datePublished\":\"2018-08-28T00:10:10+00:00\",\"mainEntityOfPage\":{\"@id\":\"https:\\\/\\\/quehacerpolitico.mx\\\/?p=3287\"},\"wordCount\":366,\"commentCount\":0,\"image\":{\"@id\":\"https:\\\/\\\/quehacerpolitico.mx\\\/?p=3287#primaryimage\"},\"thumbnailUrl\":\"\",\"articleSection\":[\"Noticias\"],\"inLanguage\":\"es\",\"potentialAction\":[{\"@type\":\"CommentAction\",\"name\":\"Comment\",\"target\":[\"https:\\\/\\\/quehacerpolitico.mx\\\/?p=3287#respond\"]}]},{\"@type\":\"WebPage\",\"@id\":\"https:\\\/\\\/quehacerpolitico.mx\\\/?p=3287\",\"url\":\"https:\\\/\\\/quehacerpolitico.mx\\\/?p=3287\",\"name\":\"Resulta que el Alcalde \u201cLay\u00edn\u201d no rob\u00f3 poquito: lo vinculan a proceso por desv\u00edo de 12 millones -\",\"isPartOf\":{\"@id\":\"https:\\\/\\\/quehacerpolitico.mx\\\/#website\"},\"primaryImageOfPage\":{\"@id\":\"https:\\\/\\\/quehacerpolitico.mx\\\/?p=3287#primaryimage\"},\"image\":{\"@id\":\"https:\\\/\\\/quehacerpolitico.mx\\\/?p=3287#primaryimage\"},\"thumbnailUrl\":\"\",\"datePublished\":\"2018-08-28T00:10:10+00:00\",\"author\":{\"@id\":\"https:\\\/\\\/quehacerpolitico.mx\\\/#\\\/schema\\\/person\\\/496d8ad2d1d3f8036101dca7ee39e585\"},\"breadcrumb\":{\"@id\":\"https:\\\/\\\/quehacerpolitico.mx\\\/?p=3287#breadcrumb\"},\"inLanguage\":\"es\",\"potentialAction\":[{\"@type\":\"ReadAction\",\"target\":[\"https:\\\/\\\/quehacerpolitico.mx\\\/?p=3287\"]}]},{\"@type\":\"ImageObject\",\"inLanguage\":\"es\",\"@id\":\"https:\\\/\\\/quehacerpolitico.mx\\\/?p=3287#primaryimage\",\"url\":\"\",\"contentUrl\":\"\"},{\"@type\":\"BreadcrumbList\",\"@id\":\"https:\\\/\\\/quehacerpolitico.mx\\\/?p=3287#breadcrumb\",\"itemListElement\":[{\"@type\":\"ListItem\",\"position\":1,\"name\":\"Inicio\",\"item\":\"https:\\\/\\\/quehacerpolitico.mx\\\/\"},{\"@type\":\"ListItem\",\"position\":2,\"name\":\"Resulta que el Alcalde \u201cLay\u00edn\u201d no rob\u00f3 poquito: lo vinculan a proceso por desv\u00edo de 12 millones\"}]},{\"@type\":\"WebSite\",\"@id\":\"https:\\\/\\\/quehacerpolitico.mx\\\/#website\",\"url\":\"https:\\\/\\\/quehacerpolitico.mx\\\/\",\"name\":\"\",\"description\":\"\",\"potentialAction\":[{\"@type\":\"SearchAction\",\"target\":{\"@type\":\"EntryPoint\",\"urlTemplate\":\"https:\\\/\\\/quehacerpolitico.mx\\\/?s={search_term_string}\"},\"query-input\":{\"@type\":\"PropertyValueSpecification\",\"valueRequired\":true,\"valueName\":\"search_term_string\"}}],\"inLanguage\":\"es\"},{\"@type\":\"Person\",\"@id\":\"https:\\\/\\\/quehacerpolitico.mx\\\/#\\\/schema\\\/person\\\/496d8ad2d1d3f8036101dca7ee39e585\",\"name\":\"Redacci\u00f3n QP\",\"image\":{\"@type\":\"ImageObject\",\"inLanguage\":\"es\",\"@id\":\"https:\\\/\\\/secure.gravatar.com\\\/avatar\\\/c7164ed6fdec453195284ad24a5ae5b6e1eed2b848477fa2a4787ba9adf39a41?s=96&d=mm&r=g\",\"url\":\"https:\\\/\\\/secure.gravatar.com\\\/avatar\\\/c7164ed6fdec453195284ad24a5ae5b6e1eed2b848477fa2a4787ba9adf39a41?s=96&d=mm&r=g\",\"contentUrl\":\"https:\\\/\\\/secure.gravatar.com\\\/avatar\\\/c7164ed6fdec453195284ad24a5ae5b6e1eed2b848477fa2a4787ba9adf39a41?s=96&d=mm&r=g\",\"caption\":\"Redacci\u00f3n QP\"},\"url\":\"https:\\\/\\\/quehacerpolitico.mx\\\/?author=2\"}]}<\/script>\n<!-- \/ Yoast SEO plugin. -->","yoast_head_json":{"title":"Resulta que el Alcalde \u201cLay\u00edn\u201d no rob\u00f3 poquito: lo vinculan a proceso por desv\u00edo de 12 millones -","robots":{"index":"index","follow":"follow","max-snippet":"max-snippet:-1","max-image-preview":"max-image-preview:large","max-video-preview":"max-video-preview:-1"},"canonical":"https:\/\/quehacerpolitico.mx\/?p=3287","og_locale":"es_MX","og_type":"article","og_title":"Resulta que el Alcalde \u201cLay\u00edn\u201d no rob\u00f3 poquito: lo vinculan a proceso por desv\u00edo de 12 millones -","og_description":"Resulta que el Alcalde \u201cLay\u00edn\u201d no rob\u00f3 poquito: lo vinculan a proceso por desv\u00edo de 12 millones Por Redacci\u00f3n QP","og_url":"https:\/\/quehacerpolitico.mx\/?p=3287","article_published_time":"2018-08-28T00:10:10+00:00","author":"Redacci\u00f3n QP","twitter_card":"summary_large_image","twitter_misc":{"Escrito por":"Redacci\u00f3n QP","Tiempo de lectura":"2 minutos"},"schema":{"@context":"https:\/\/schema.org","@graph":[{"@type":"Article","@id":"https:\/\/quehacerpolitico.mx\/?p=3287#article","isPartOf":{"@id":"https:\/\/quehacerpolitico.mx\/?p=3287"},"author":{"name":"Redacci\u00f3n QP","@id":"https:\/\/quehacerpolitico.mx\/#\/schema\/person\/496d8ad2d1d3f8036101dca7ee39e585"},"headline":"Resulta que el Alcalde \u201cLay\u00edn\u201d no rob\u00f3 poquito: lo vinculan a proceso por desv\u00edo de 12 millones","datePublished":"2018-08-28T00:10:10+00:00","mainEntityOfPage":{"@id":"https:\/\/quehacerpolitico.mx\/?p=3287"},"wordCount":366,"commentCount":0,"image":{"@id":"https:\/\/quehacerpolitico.mx\/?p=3287#primaryimage"},"thumbnailUrl":"","articleSection":["Noticias"],"inLanguage":"es","potentialAction":[{"@type":"CommentAction","name":"Comment","target":["https:\/\/quehacerpolitico.mx\/?p=3287#respond"]}]},{"@type":"WebPage","@id":"https:\/\/quehacerpolitico.mx\/?p=3287","url":"https:\/\/quehacerpolitico.mx\/?p=3287","name":"Resulta que el Alcalde \u201cLay\u00edn\u201d no rob\u00f3 poquito: lo vinculan a proceso por desv\u00edo de 12 millones -","isPartOf":{"@id":"https:\/\/quehacerpolitico.mx\/#website"},"primaryImageOfPage":{"@id":"https:\/\/quehacerpolitico.mx\/?p=3287#primaryimage"},"image":{"@id":"https:\/\/quehacerpolitico.mx\/?p=3287#primaryimage"},"thumbnailUrl":"","datePublished":"2018-08-28T00:10:10+00:00","author":{"@id":"https:\/\/quehacerpolitico.mx\/#\/schema\/person\/496d8ad2d1d3f8036101dca7ee39e585"},"breadcrumb":{"@id":"https:\/\/quehacerpolitico.mx\/?p=3287#breadcrumb"},"inLanguage":"es","potentialAction":[{"@type":"ReadAction","target":["https:\/\/quehacerpolitico.mx\/?p=3287"]}]},{"@type":"ImageObject","inLanguage":"es","@id":"https:\/\/quehacerpolitico.mx\/?p=3287#primaryimage","url":"","contentUrl":""},{"@type":"BreadcrumbList","@id":"https:\/\/quehacerpolitico.mx\/?p=3287#breadcrumb","itemListElement":[{"@type":"ListItem","position":1,"name":"Inicio","item":"https:\/\/quehacerpolitico.mx\/"},{"@type":"ListItem","position":2,"name":"Resulta que el Alcalde \u201cLay\u00edn\u201d no rob\u00f3 poquito: lo vinculan a proceso por desv\u00edo de 12 millones"}]},{"@type":"WebSite","@id":"https:\/\/quehacerpolitico.mx\/#website","url":"https:\/\/quehacerpolitico.mx\/","name":"","description":"","potentialAction":[{"@type":"SearchAction","target":{"@type":"EntryPoint","urlTemplate":"https:\/\/quehacerpolitico.mx\/?s={search_term_string}"},"query-input":{"@type":"PropertyValueSpecification","valueRequired":true,"valueName":"search_term_string"}}],"inLanguage":"es"},{"@type":"Person","@id":"https:\/\/quehacerpolitico.mx\/#\/schema\/person\/496d8ad2d1d3f8036101dca7ee39e585","name":"Redacci\u00f3n QP","image":{"@type":"ImageObject","inLanguage":"es","@id":"https:\/\/secure.gravatar.com\/avatar\/c7164ed6fdec453195284ad24a5ae5b6e1eed2b848477fa2a4787ba9adf39a41?s=96&d=mm&r=g","url":"https:\/\/secure.gravatar.com\/avatar\/c7164ed6fdec453195284ad24a5ae5b6e1eed2b848477fa2a4787ba9adf39a41?s=96&d=mm&r=g","contentUrl":"https:\/\/secure.gravatar.com\/avatar\/c7164ed6fdec453195284ad24a5ae5b6e1eed2b848477fa2a4787ba9adf39a41?s=96&d=mm&r=g","caption":"Redacci\u00f3n QP"},"url":"https:\/\/quehacerpolitico.mx\/?author=2"}]}},"featured_image_urls":{"full":"","thumbnail":"","medium":"","medium_large":"","large":"","1536x1536":"","2048x2048":"","covernews-featured":"","covernews-medium":""},"author_info":{"display_name":"Redacci\u00f3n QP","author_link":"https:\/\/quehacerpolitico.mx\/?author=2"},"category_info":"<a href=\"https:\/\/quehacerpolitico.mx\/?cat=2\" rel=\"category\">Noticias<\/a>","tag_info":"Noticias","comment_count":"0","_links":{"self":[{"href":"https:\/\/quehacerpolitico.mx\/index.php?rest_route=\/wp\/v2\/posts\/3287","targetHints":{"allow":["GET"]}}],"collection":[{"href":"https:\/\/quehacerpolitico.mx\/index.php?rest_route=\/wp\/v2\/posts"}],"about":[{"href":"https:\/\/quehacerpolitico.mx\/index.php?rest_route=\/wp\/v2\/types\/post"}],"author":[{"embeddable":true,"href":"https:\/\/quehacerpolitico.mx\/index.php?rest_route=\/wp\/v2\/users\/2"}],"replies":[{"embeddable":true,"href":"https:\/\/quehacerpolitico.mx\/index.php?rest_route=%2Fwp%2Fv2%2Fcomments&post=3287"}],"version-history":[{"count":0,"href":"https:\/\/quehacerpolitico.mx\/index.php?rest_route=\/wp\/v2\/posts\/3287\/revisions"}],"wp:featuredmedia":[{"embeddable":true,"href":"https:\/\/quehacerpolitico.mx\/index.php?rest_route=\/"}],"wp:attachment":[{"href":"https:\/\/quehacerpolitico.mx\/index.php?rest_route=%2Fwp%2Fv2%2Fmedia&parent=3287"}],"wp:term":[{"taxonomy":"category","embeddable":true,"href":"https:\/\/quehacerpolitico.mx\/index.php?rest_route=%2Fwp%2Fv2%2Fcategories&post=3287"},{"taxonomy":"post_tag","embeddable":true,"href":"https:\/\/quehacerpolitico.mx\/index.php?rest_route=%2Fwp%2Fv2%2Ftags&post=3287"}],"curies":[{"name":"wp","href":"https:\/\/api.w.org\/{rel}","templated":true}]}}