{"id":3285,"date":"2018-08-28T00:03:12","date_gmt":"2018-08-28T00:03:12","guid":{"rendered":"http:\/\/quehacerpolitico.mx\/60-ongs-exigen-que-epn-asuma-su-responsabilidad-por-62-millones-que-no-tienen-ni-para-lo-basico\/"},"modified":"2018-08-28T00:03:12","modified_gmt":"2018-08-28T00:03:12","slug":"60-ongs-exigen-que-epn-asuma-su-responsabilidad-por-62-millones-que-no-tienen-ni-para-lo-basico","status":"publish","type":"post","link":"https:\/\/quehacerpolitico.mx\/?p=3285","title":{"rendered":"60 ONGs exigen que EPN asuma su responsabilidad por 62 millones que no tienen ni para lo b\u00e1sico"},"content":{"rendered":"<h3><strong>Este lunes, Acci\u00f3n Ciudadana Frente a la Pobreza,\u00a0conformada por m\u00e1s de 60 organizaciones de la sociedad civil, present\u00f3 los resultados del ejercicio ciudadano Democracia Sin Pobreza, el cual evidenci\u00f3 que la compra y coacci\u00f3n del voto es una pr\u00e1ctica con presencia nacional que ejercen los partidos pol\u00edticos mexicanos.<\/strong><\/h3>\n<h3><strong>Las organizaciones exigieron al Gobierno de Enrique Pe\u00f1a Nieto que en los 95 d\u00edas que le restan, asuma su responsabilidad hist\u00f3rica con 62 millones de mexicanos que viven sin ingreso suficiente para adquirir una canasta b\u00e1sica que les asegure alimentaci\u00f3n, salud, educaci\u00f3n y depure los padrones de los programas sociales.<\/strong><\/h3>\n<p><strong>Acci\u00f3n Ciudadana Frente a la Pobreza<\/strong>, conformada por m\u00e1s de 60 organizaciones de la sociedad civil, exigi\u00f3 al <strong>Gobierno de Enrique Pe\u00f1a Nieto<\/strong> que en los 95 d\u00edas que le restan, asuma su responsabilidad hist\u00f3rica con 62 millones de mexicanos que viven sin ingreso suficiente para adquirir una canasta b\u00e1sica que les asegure alimentaci\u00f3n, salud, educaci\u00f3n y vivienda adecuadas, depurando los padrones de los <strong>programas sociales<\/strong> para que se deje de lucrar con la <strong>pobreza.<\/strong><\/p>\n<blockquote>\n<p>\u201cYa basta de acciones clientelares, aisladas, duplicadas y sin objetivos claros. \u201cLa pobreza debe dejar de ser el objeto del deseo de la pol\u00edtica\u201d, dijo <strong>Rogelio G\u00f3mez Hermosillo<\/strong> al presentar propuestas de eliminar la compra de votos a los destinatarios de los programas sociales y los principios de un plan integral de superaci\u00f3n de la pobreza y la desigualdad.<\/p>\n<\/blockquote>\n<p>La pobreza es la manzana podrida del sistema mexicano, se\u00f1al\u00f3 Acci\u00f3n Ciudadana Frente a la Pobreza, \u201cdivide cruelmente a la sociedad con m\u00e1s de un cincuenta por ciento de mexicanos pobres y sin derechos\u201d.<\/p>\n<p>El Gobierno en los d\u00edas que restan podr\u00eda, al menos, depurar los padrones de beneficiarios y dejar de desviar los recursos que deben llegar a quienes m\u00e1s lo necesitan, se\u00f1al\u00f3 G\u00f3mez Hermosillo.<\/p>\n<p>Este lunes, Acci\u00f3n Ciudadana Frente a la Pobreza present\u00f3 los resultados del ejercicio ciudadano Democracia Sin Pobreza, el cual evidenci\u00f3 que la compra y coacci\u00f3n del voto es una pr\u00e1ctica con presencia nacional que ejercen los partidos pol\u00edticos mexicanos, que es in\u00fatil porque no resuelve la pobreza, que es ilegal porque altera la voluntad soberana del pueblo, porque es inmoral porque lucra con la dignidad de los m\u00e1s pobres, y, adem\u00e1s, queda impune como consecuencia de la debilidad institucional en que opera.<\/p>\n<p>Desde la esfera del poder, denunci\u00f3, se ejecutan un conjunto de acciones y se toman decisiones que facilitan la compra de votos y su impunidad, sostiene la organizaci\u00f3n que document\u00f3 que el proceso de debilitamiento institucional se inicia desde el dise\u00f1o discrecional del presupuesto de egresos, pasa por la falta de transparencia y rendici\u00f3n de cuentas de los programas sociales y por la presencia de instituciones de fiscalizaci\u00f3n sin dientes como la Fepade, lo que propicia que los procesos electorales concluyan sin castigo para nadie.<\/p>\n<blockquote>\n<p>\u201cEn particular fue grave la actuaci\u00f3n del Tribunal que revoc\u00f3 la resoluci\u00f3n del INE que buscaba impedir el uso clientelista de programas sociales\u201d, destacaron las organizaciones.<\/p>\n<\/blockquote>\n<p>Los resultados de Democracia Sin Pobreza indicaron que la oferta de compra y coacci\u00f3n del voto podr\u00eda haber llegado al 33.5 por ciento del electorado nacional, es decir aproximadamente a 29. 9 millones de personas.<\/p>\n<p>Gracias que un 17.3 por ciento de ellos, es decir 15. 5 millones de ciudadanos, rechazaron la oferta de dinero a cambio de su voto, la compra de votos no alcanz\u00f3 dimensiones que afectaran los resultados en las urnas.<\/p>\n<p>El ejercicio ciudadano Democracia Sin Pobreza promovi\u00f3 la participaci\u00f3n ciudadana en el proceso electoral 2018 para denunciar las acciones de compra y coacci\u00f3n del voto en el pa\u00eds.<\/p>\n<blockquote>\n<p>En abril se abri\u00f3 el sitio web www.democraciasinpobreza.mx en el cual se puso a disposici\u00f3n de la ciudadan\u00eda un formulario de denuncias, con la participaci\u00f3n de los ciudadanos se arm\u00f3 un mapa de calor que muestra las localidades del pa\u00eds donde ocurri\u00f3 la compra de votos, en otro mapa de la Rep\u00fablica Mexicana se mostr\u00f3 los precios a que fue comprado el voto en cada localidad donde ocurri\u00f3, se incluy\u00f3 un compendi\u00f3 de las leyes que castigan la compra de votos y un an\u00e1lisis de la debilidad institucional que propicia esa pr\u00e1ctica.<\/p>\n<\/blockquote>\n<p>Previo a las elecciones del primero de julio, la empresa de demoscopia Data Opini\u00f3n Publica y Mercados, con el patrocinio de Acci\u00f3n Ciudadana Frente a la Pobreza, levant\u00f3 una encuesta con una muestra de mil 253 ciudadanos y un porcentaje de confianza estad\u00edstico de 95 por ciento que revel\u00f3 la dimensi\u00f3n de la compra y coacci\u00f3n del voto en M\u00e9xico.<\/p>\n<p>Frente a la Pobreza tambi\u00e9n se congratul\u00f3 con las intenciones anunciadas por el futuro gobierno federal de darle prioridad a la superaci\u00f3n de la pobreza y sugiri\u00f3 hacerlo con un plan integral que articule la pol\u00edtica social y la pol\u00edtica econ\u00f3mica para garantizar crecimiento y distribuci\u00f3n equitativa de los beneficios, as\u00ed como adoptar el enfoque de derechos previsto en el art\u00edculo 1 de la Constituci\u00f3n.<\/p>\n<p>Reconoci\u00f3 tambi\u00e9n la propuesta del presidente electo de reforzar las sanciones contra el fraude electoral, y pidi\u00f3 reforzar sanciones, en lo electoral y administrativo a quienes condicionan programas sociales y realizan operativos de compra y la coacci\u00f3n de votos.<\/p>\n<p><strong>LA PROPUESTA PARA REDUCIR LA POBREZA<\/strong><\/p>\n<p>ParaAcci\u00f3n Ciudadana Frente a la Pobreza, el plan frente a la pobreza debe estar basado en dos grandes principios:<\/p>\n<p>\u2013Nuevo modelo econ\u00f3mico articulado a la pol\u00edtica social.<\/p>\n<p>\u2013Enfoque de derechos conforme al art. 1\u00ba de la Constituci\u00f3n.<\/p>\n<p>De acuerdo con las organizaciones, el nuevo modelo econ\u00f3mico articulado a la pol\u00edtica social debe considerar al menos:<\/p>\n<p>1. Erradicar la pobreza laboral con salario suficiente. Incrementar el salario m\u00ednimo hasta que cubra las necesidades de las personas que trabajan y sus familias. Y recuperar gradual y realmente el valor de los salarios. Hoy el 40 por ciento de quienes trabajan no cubren el costo de la canasta alimentaria. Quien trabaja no debe ser pobre.<\/p>\n<p>2. Fomentar la productividad del sector social. Crear un fondo de fomento a las cooperativas y las empresas de propiedad social, eliminando los subsidios regresivos del campo, que dan m\u00e1s a quienes m\u00e1s tienen. Para fortalecer la capacidad productiva de las comunidades ind\u00edgenas y los peque\u00f1os productores del campo.<\/p>\n<p>3. Crear opciones de \u201c2\u00aa oportunidad\u201d para j\u00f3venes. Espacios de formaci\u00f3n para j\u00f3venes en rezago educativo con vinculaci\u00f3n a trabajos bien remunerados y formas de aprendizaje y desarrollo de competencias para culminar el ciclo secundario.<\/p>\n<p>Hay 11 millones de j\u00f3venes mayores de 20 y menores de 30 a\u00f1os, sin educaci\u00f3n media superior completa.<\/p>\n<p>4. Multiplicar la Inversi\u00f3n en infraestructura y desarrollo productivo, en el sur \u2013sureste del pa\u00eds con modelos de asociaci\u00f3n de las comunidades y pueblos en los grandes proyectos de inversi\u00f3n, para la creaci\u00f3n de cadenas productivas de valor.<\/p>\n","protected":false},"excerpt":{"rendered":"<p>60 ONGs exigen que EPN asuma su responsabilidad por 62 millones que no tienen ni para lo b\u00e1sico<br \/>\nPor Redacci\u00f3n QP<\/p>\n","protected":false},"author":2,"featured_media":3284,"comment_status":"open","ping_status":"open","sticky":false,"template":"","format":"standard","meta":{"_monsterinsights_skip_tracking":false,"_monsterinsights_sitenote_active":false,"_monsterinsights_sitenote_note":"","_monsterinsights_sitenote_category":0,"footnotes":""},"categories":[2],"tags":[],"class_list":["post-3285","post","type-post","status-publish","format-standard","has-post-thumbnail","hentry","category-noticias"],"yoast_head":"<!-- This site is optimized with the Yoast SEO plugin v27.3 - https:\/\/yoast.com\/product\/yoast-seo-wordpress\/ -->\n<title>60 ONGs exigen que EPN asuma su responsabilidad por 62 millones que no tienen ni para lo b\u00e1sico -<\/title>\n<meta name=\"robots\" content=\"index, follow, max-snippet:-1, max-image-preview:large, max-video-preview:-1\" \/>\n<link rel=\"canonical\" href=\"https:\/\/quehacerpolitico.mx\/?p=3285\" \/>\n<meta property=\"og:locale\" content=\"es_MX\" \/>\n<meta property=\"og:type\" content=\"article\" \/>\n<meta property=\"og:title\" content=\"60 ONGs exigen que EPN asuma su responsabilidad por 62 millones que no tienen ni para lo b\u00e1sico -\" \/>\n<meta property=\"og:description\" content=\"60 ONGs exigen que EPN asuma su responsabilidad por 62 millones que no tienen ni para lo b\u00e1sico Por Redacci\u00f3n QP\" \/>\n<meta property=\"og:url\" content=\"https:\/\/quehacerpolitico.mx\/?p=3285\" \/>\n<meta property=\"article:published_time\" content=\"2018-08-28T00:03:12+00:00\" \/>\n<meta name=\"author\" content=\"Redacci\u00f3n QP\" \/>\n<meta name=\"twitter:card\" content=\"summary_large_image\" \/>\n<meta name=\"twitter:label1\" content=\"Escrito por\" \/>\n\t<meta name=\"twitter:data1\" content=\"Redacci\u00f3n QP\" \/>\n\t<meta name=\"twitter:label2\" content=\"Tiempo de lectura\" \/>\n\t<meta name=\"twitter:data2\" content=\"6 minutos\" \/>\n<script type=\"application\/ld+json\" class=\"yoast-schema-graph\">{\"@context\":\"https:\\\/\\\/schema.org\",\"@graph\":[{\"@type\":\"Article\",\"@id\":\"https:\\\/\\\/quehacerpolitico.mx\\\/?p=3285#article\",\"isPartOf\":{\"@id\":\"https:\\\/\\\/quehacerpolitico.mx\\\/?p=3285\"},\"author\":{\"name\":\"Redacci\u00f3n QP\",\"@id\":\"https:\\\/\\\/quehacerpolitico.mx\\\/#\\\/schema\\\/person\\\/496d8ad2d1d3f8036101dca7ee39e585\"},\"headline\":\"60 ONGs exigen que EPN asuma su responsabilidad por 62 millones que no tienen ni para lo b\u00e1sico\",\"datePublished\":\"2018-08-28T00:03:12+00:00\",\"mainEntityOfPage\":{\"@id\":\"https:\\\/\\\/quehacerpolitico.mx\\\/?p=3285\"},\"wordCount\":1195,\"commentCount\":0,\"image\":{\"@id\":\"https:\\\/\\\/quehacerpolitico.mx\\\/?p=3285#primaryimage\"},\"thumbnailUrl\":\"\",\"articleSection\":[\"Noticias\"],\"inLanguage\":\"es\",\"potentialAction\":[{\"@type\":\"CommentAction\",\"name\":\"Comment\",\"target\":[\"https:\\\/\\\/quehacerpolitico.mx\\\/?p=3285#respond\"]}]},{\"@type\":\"WebPage\",\"@id\":\"https:\\\/\\\/quehacerpolitico.mx\\\/?p=3285\",\"url\":\"https:\\\/\\\/quehacerpolitico.mx\\\/?p=3285\",\"name\":\"60 ONGs exigen que EPN asuma su responsabilidad por 62 millones que no tienen ni para lo b\u00e1sico -\",\"isPartOf\":{\"@id\":\"https:\\\/\\\/quehacerpolitico.mx\\\/#website\"},\"primaryImageOfPage\":{\"@id\":\"https:\\\/\\\/quehacerpolitico.mx\\\/?p=3285#primaryimage\"},\"image\":{\"@id\":\"https:\\\/\\\/quehacerpolitico.mx\\\/?p=3285#primaryimage\"},\"thumbnailUrl\":\"\",\"datePublished\":\"2018-08-28T00:03:12+00:00\",\"author\":{\"@id\":\"https:\\\/\\\/quehacerpolitico.mx\\\/#\\\/schema\\\/person\\\/496d8ad2d1d3f8036101dca7ee39e585\"},\"breadcrumb\":{\"@id\":\"https:\\\/\\\/quehacerpolitico.mx\\\/?p=3285#breadcrumb\"},\"inLanguage\":\"es\",\"potentialAction\":[{\"@type\":\"ReadAction\",\"target\":[\"https:\\\/\\\/quehacerpolitico.mx\\\/?p=3285\"]}]},{\"@type\":\"ImageObject\",\"inLanguage\":\"es\",\"@id\":\"https:\\\/\\\/quehacerpolitico.mx\\\/?p=3285#primaryimage\",\"url\":\"\",\"contentUrl\":\"\"},{\"@type\":\"BreadcrumbList\",\"@id\":\"https:\\\/\\\/quehacerpolitico.mx\\\/?p=3285#breadcrumb\",\"itemListElement\":[{\"@type\":\"ListItem\",\"position\":1,\"name\":\"Inicio\",\"item\":\"https:\\\/\\\/quehacerpolitico.mx\\\/\"},{\"@type\":\"ListItem\",\"position\":2,\"name\":\"60 ONGs exigen que EPN asuma su responsabilidad por 62 millones que no tienen ni para lo b\u00e1sico\"}]},{\"@type\":\"WebSite\",\"@id\":\"https:\\\/\\\/quehacerpolitico.mx\\\/#website\",\"url\":\"https:\\\/\\\/quehacerpolitico.mx\\\/\",\"name\":\"\",\"description\":\"\",\"potentialAction\":[{\"@type\":\"SearchAction\",\"target\":{\"@type\":\"EntryPoint\",\"urlTemplate\":\"https:\\\/\\\/quehacerpolitico.mx\\\/?s={search_term_string}\"},\"query-input\":{\"@type\":\"PropertyValueSpecification\",\"valueRequired\":true,\"valueName\":\"search_term_string\"}}],\"inLanguage\":\"es\"},{\"@type\":\"Person\",\"@id\":\"https:\\\/\\\/quehacerpolitico.mx\\\/#\\\/schema\\\/person\\\/496d8ad2d1d3f8036101dca7ee39e585\",\"name\":\"Redacci\u00f3n QP\",\"image\":{\"@type\":\"ImageObject\",\"inLanguage\":\"es\",\"@id\":\"https:\\\/\\\/secure.gravatar.com\\\/avatar\\\/c7164ed6fdec453195284ad24a5ae5b6e1eed2b848477fa2a4787ba9adf39a41?s=96&d=mm&r=g\",\"url\":\"https:\\\/\\\/secure.gravatar.com\\\/avatar\\\/c7164ed6fdec453195284ad24a5ae5b6e1eed2b848477fa2a4787ba9adf39a41?s=96&d=mm&r=g\",\"contentUrl\":\"https:\\\/\\\/secure.gravatar.com\\\/avatar\\\/c7164ed6fdec453195284ad24a5ae5b6e1eed2b848477fa2a4787ba9adf39a41?s=96&d=mm&r=g\",\"caption\":\"Redacci\u00f3n QP\"},\"url\":\"https:\\\/\\\/quehacerpolitico.mx\\\/?author=2\"}]}<\/script>\n<!-- \/ Yoast SEO plugin. -->","yoast_head_json":{"title":"60 ONGs exigen que EPN asuma su responsabilidad por 62 millones que no tienen ni para lo b\u00e1sico -","robots":{"index":"index","follow":"follow","max-snippet":"max-snippet:-1","max-image-preview":"max-image-preview:large","max-video-preview":"max-video-preview:-1"},"canonical":"https:\/\/quehacerpolitico.mx\/?p=3285","og_locale":"es_MX","og_type":"article","og_title":"60 ONGs exigen que EPN asuma su responsabilidad por 62 millones que no tienen ni para lo b\u00e1sico -","og_description":"60 ONGs exigen que EPN asuma su responsabilidad por 62 millones que no tienen ni para lo b\u00e1sico Por Redacci\u00f3n QP","og_url":"https:\/\/quehacerpolitico.mx\/?p=3285","article_published_time":"2018-08-28T00:03:12+00:00","author":"Redacci\u00f3n QP","twitter_card":"summary_large_image","twitter_misc":{"Escrito por":"Redacci\u00f3n QP","Tiempo de lectura":"6 minutos"},"schema":{"@context":"https:\/\/schema.org","@graph":[{"@type":"Article","@id":"https:\/\/quehacerpolitico.mx\/?p=3285#article","isPartOf":{"@id":"https:\/\/quehacerpolitico.mx\/?p=3285"},"author":{"name":"Redacci\u00f3n QP","@id":"https:\/\/quehacerpolitico.mx\/#\/schema\/person\/496d8ad2d1d3f8036101dca7ee39e585"},"headline":"60 ONGs exigen que EPN asuma su responsabilidad por 62 millones que no tienen ni para lo b\u00e1sico","datePublished":"2018-08-28T00:03:12+00:00","mainEntityOfPage":{"@id":"https:\/\/quehacerpolitico.mx\/?p=3285"},"wordCount":1195,"commentCount":0,"image":{"@id":"https:\/\/quehacerpolitico.mx\/?p=3285#primaryimage"},"thumbnailUrl":"","articleSection":["Noticias"],"inLanguage":"es","potentialAction":[{"@type":"CommentAction","name":"Comment","target":["https:\/\/quehacerpolitico.mx\/?p=3285#respond"]}]},{"@type":"WebPage","@id":"https:\/\/quehacerpolitico.mx\/?p=3285","url":"https:\/\/quehacerpolitico.mx\/?p=3285","name":"60 ONGs exigen que EPN asuma su responsabilidad por 62 millones que no tienen ni para lo b\u00e1sico -","isPartOf":{"@id":"https:\/\/quehacerpolitico.mx\/#website"},"primaryImageOfPage":{"@id":"https:\/\/quehacerpolitico.mx\/?p=3285#primaryimage"},"image":{"@id":"https:\/\/quehacerpolitico.mx\/?p=3285#primaryimage"},"thumbnailUrl":"","datePublished":"2018-08-28T00:03:12+00:00","author":{"@id":"https:\/\/quehacerpolitico.mx\/#\/schema\/person\/496d8ad2d1d3f8036101dca7ee39e585"},"breadcrumb":{"@id":"https:\/\/quehacerpolitico.mx\/?p=3285#breadcrumb"},"inLanguage":"es","potentialAction":[{"@type":"ReadAction","target":["https:\/\/quehacerpolitico.mx\/?p=3285"]}]},{"@type":"ImageObject","inLanguage":"es","@id":"https:\/\/quehacerpolitico.mx\/?p=3285#primaryimage","url":"","contentUrl":""},{"@type":"BreadcrumbList","@id":"https:\/\/quehacerpolitico.mx\/?p=3285#breadcrumb","itemListElement":[{"@type":"ListItem","position":1,"name":"Inicio","item":"https:\/\/quehacerpolitico.mx\/"},{"@type":"ListItem","position":2,"name":"60 ONGs exigen que EPN asuma su responsabilidad por 62 millones que no tienen ni para lo b\u00e1sico"}]},{"@type":"WebSite","@id":"https:\/\/quehacerpolitico.mx\/#website","url":"https:\/\/quehacerpolitico.mx\/","name":"","description":"","potentialAction":[{"@type":"SearchAction","target":{"@type":"EntryPoint","urlTemplate":"https:\/\/quehacerpolitico.mx\/?s={search_term_string}"},"query-input":{"@type":"PropertyValueSpecification","valueRequired":true,"valueName":"search_term_string"}}],"inLanguage":"es"},{"@type":"Person","@id":"https:\/\/quehacerpolitico.mx\/#\/schema\/person\/496d8ad2d1d3f8036101dca7ee39e585","name":"Redacci\u00f3n QP","image":{"@type":"ImageObject","inLanguage":"es","@id":"https:\/\/secure.gravatar.com\/avatar\/c7164ed6fdec453195284ad24a5ae5b6e1eed2b848477fa2a4787ba9adf39a41?s=96&d=mm&r=g","url":"https:\/\/secure.gravatar.com\/avatar\/c7164ed6fdec453195284ad24a5ae5b6e1eed2b848477fa2a4787ba9adf39a41?s=96&d=mm&r=g","contentUrl":"https:\/\/secure.gravatar.com\/avatar\/c7164ed6fdec453195284ad24a5ae5b6e1eed2b848477fa2a4787ba9adf39a41?s=96&d=mm&r=g","caption":"Redacci\u00f3n QP"},"url":"https:\/\/quehacerpolitico.mx\/?author=2"}]}},"featured_image_urls":{"full":"","thumbnail":"","medium":"","medium_large":"","large":"","1536x1536":"","2048x2048":"","covernews-featured":"","covernews-medium":""},"author_info":{"display_name":"Redacci\u00f3n QP","author_link":"https:\/\/quehacerpolitico.mx\/?author=2"},"category_info":"<a href=\"https:\/\/quehacerpolitico.mx\/?cat=2\" rel=\"category\">Noticias<\/a>","tag_info":"Noticias","comment_count":"0","_links":{"self":[{"href":"https:\/\/quehacerpolitico.mx\/index.php?rest_route=\/wp\/v2\/posts\/3285","targetHints":{"allow":["GET"]}}],"collection":[{"href":"https:\/\/quehacerpolitico.mx\/index.php?rest_route=\/wp\/v2\/posts"}],"about":[{"href":"https:\/\/quehacerpolitico.mx\/index.php?rest_route=\/wp\/v2\/types\/post"}],"author":[{"embeddable":true,"href":"https:\/\/quehacerpolitico.mx\/index.php?rest_route=\/wp\/v2\/users\/2"}],"replies":[{"embeddable":true,"href":"https:\/\/quehacerpolitico.mx\/index.php?rest_route=%2Fwp%2Fv2%2Fcomments&post=3285"}],"version-history":[{"count":0,"href":"https:\/\/quehacerpolitico.mx\/index.php?rest_route=\/wp\/v2\/posts\/3285\/revisions"}],"wp:featuredmedia":[{"embeddable":true,"href":"https:\/\/quehacerpolitico.mx\/index.php?rest_route=\/"}],"wp:attachment":[{"href":"https:\/\/quehacerpolitico.mx\/index.php?rest_route=%2Fwp%2Fv2%2Fmedia&parent=3285"}],"wp:term":[{"taxonomy":"category","embeddable":true,"href":"https:\/\/quehacerpolitico.mx\/index.php?rest_route=%2Fwp%2Fv2%2Fcategories&post=3285"},{"taxonomy":"post_tag","embeddable":true,"href":"https:\/\/quehacerpolitico.mx\/index.php?rest_route=%2Fwp%2Fv2%2Ftags&post=3285"}],"curies":[{"name":"wp","href":"https:\/\/api.w.org\/{rel}","templated":true}]}}