{"id":3281,"date":"2018-08-27T23:18:21","date_gmt":"2018-08-27T23:18:21","guid":{"rendered":"http:\/\/quehacerpolitico.mx\/napo-reaparece-tras-12-anos-de-exilio-se-registra-como-senador-de-morena-el-jueves-da-conferencia\/"},"modified":"2018-08-27T23:18:21","modified_gmt":"2018-08-27T23:18:21","slug":"napo-reaparece-tras-12-anos-de-exilio-se-registra-como-senador-de-morena-el-jueves-da-conferencia","status":"publish","type":"post","link":"https:\/\/quehacerpolitico.mx\/?p=3281","title":{"rendered":"\u201cNapo\u201d reaparece tras 12 a\u00f1os de exilio: se registra como Senador de Morena; el jueves da conferencia"},"content":{"rendered":"<h3>G\u00f3mez Urrutia fue propuesto como Senador plurinominal por el Presidente electo, Andr\u00e9s Manuel L\u00f3pez Obrador, durante su campa\u00f1a electoral; el morenista lo calific\u00f3 como un perseguido pol\u00edtico. \u201cNapo\u201ddej\u00f3 el pa\u00eds en 2006, cuando un incendio se present\u00f3 en la mina de carb\u00f3n en Pasta de Conchos, Coahuila, y dej\u00f3 como saldo a m\u00e1s de 60 mineros muertos.<\/h3>\n<p><strong>Napole\u00f3n G\u00f3mez Urrutia<\/strong>, l\u00edder sindical del sector minero, lleg\u00f3 hoy al <strong>Senado<\/strong> de la Rep\u00fablica para registrarse como funcionario, esto luego de 12 a\u00f1os de <strong>exilio<\/strong> en Canad\u00e1 se\u00f1alado por supuestos desv\u00edos de recursos.<\/p>\n<blockquote>\n<p>G\u00f3mez Urrutia arrib\u00f3 al pa\u00eds procedente de Canad\u00e1 ayer por la noche, y ser\u00e1 hasta el <strong>jueves<\/strong> cuando d\u00e9 una <strong>conferencia de prensa<\/strong>, informaron medios nacionales.<\/p>\n<\/blockquote>\n<p>El<strong> l\u00edder minero<\/strong> concluy\u00f3 con el proceso para registrarse como Senador del Movimiento Regeneraci\u00f3n Nacional (Morena), luego de ser electo por la v\u00eda plurinominal. El momento fue compartido por el pol\u00edtico en su cuenta de Twitter.<\/p>\n<blockquote class=\"twitter-tweet\" data-width=\"550\" data-dnt=\"true\">\n<p lang=\"pt\" dir=\"ltr\">Senador de <a href=\"https:\/\/twitter.com\/hashtag\/M%C3%A9xico?src=hash&amp;ref_src=twsrc%5Etfw\">#M\u00e9xico<\/a> <a href=\"https:\/\/t.co\/0iCt2XBiJG\">pic.twitter.com\/0iCt2XBiJG<\/a><\/p>\n<p>&mdash; Napole\u00f3n G\u00f3mez Urrutia (@NGomezUrrutiaMX) <a href=\"https:\/\/twitter.com\/NGomezUrrutiaMX\/status\/1034206407145340928?ref_src=twsrc%5Etfw\">August 27, 2018<\/a><\/p><\/blockquote>\n<p><script async src=\"https:\/\/platform.twitter.com\/widgets.js\" charset=\"utf-8\"><\/script><\/p>\n<p>La semana pasada G\u00f3mez Urrutia afirm\u00f3 que llegar\u00eda al pa\u00eds y al Senado \u201cde frente, porque no tengo nada que ocultar o esconder\u201d.<\/p>\n<p>En entrevista con <em>La Jornada<\/em> asegur\u00f3 que volver\u00eda contento para asumir el cargo que el Presidente electo, Andr\u00e9s Manuel L\u00f3pez Obrador, le otorg\u00f3. Pues, resalt\u00f3, tuvo que enfrentar por a\u00f1os \u201cuna guerra jur\u00eddica y pol\u00edtica\u201d.<\/p>\n<p>El l\u00edder sindical sali\u00f3 del pa\u00eds en 2006. Ese a\u00f1o, en febrero, un incendio en la mina de carb\u00f3n en Pasta de Conchos, Coahuila, dej\u00f3 como saldo 65 mineros muertos. Grupo M\u00e9xico, propietario de la mina, se neg\u00f3 a rescatar a los trabajadores que quedaron atrapados, por lo que se desconoce cu\u00e1ntos de ellos permanecieron con vida. Una semana despu\u00e9s del incidente el entonces Secretario del Trabajo, Francisco Javier Salazar, aprob\u00f3 cancelar las tareas de rescate.<\/p>\n<p>De acuerdo con G\u00f3mez Urrutia, las intimidaciones contra \u00e9l y su familia iniciaron cuando la direcci\u00f3n del Sindicato Nacional de Trabajadores Mineros, Metal\u00fargicos y Similares de M\u00e9xico, de la que \u00e9l formaba parte, decidi\u00f3 interponer una demanda por homicidio contra el due\u00f1o de Grupo M\u00e9xico, Germ\u00e1n Larrea.<\/p>\n","protected":false},"excerpt":{"rendered":"<p>\u201cNapo\u201d reaparece tras 12 a\u00f1os de exilio: se registra como Senador de Morena; el jueves da conferencia<br \/>\nPor Redacci\u00f3n QP<\/p>\n","protected":false},"author":2,"featured_media":3280,"comment_status":"open","ping_status":"open","sticky":false,"template":"","format":"standard","meta":{"_monsterinsights_skip_tracking":false,"_monsterinsights_sitenote_active":false,"_monsterinsights_sitenote_note":"","_monsterinsights_sitenote_category":0,"footnotes":""},"categories":[2],"tags":[],"class_list":["post-3281","post","type-post","status-publish","format-standard","has-post-thumbnail","hentry","category-noticias"],"yoast_head":"<!-- This site is optimized with the Yoast SEO plugin v27.3 - https:\/\/yoast.com\/product\/yoast-seo-wordpress\/ -->\n<title>\u201cNapo\u201d reaparece tras 12 a\u00f1os de exilio: se registra como Senador de Morena; el jueves da conferencia -<\/title>\n<meta name=\"robots\" content=\"index, follow, max-snippet:-1, max-image-preview:large, max-video-preview:-1\" \/>\n<link rel=\"canonical\" href=\"https:\/\/quehacerpolitico.mx\/?p=3281\" \/>\n<meta property=\"og:locale\" content=\"es_MX\" \/>\n<meta property=\"og:type\" content=\"article\" \/>\n<meta property=\"og:title\" content=\"\u201cNapo\u201d reaparece tras 12 a\u00f1os de exilio: se registra como Senador de Morena; el jueves da conferencia -\" \/>\n<meta property=\"og:description\" content=\"\u201cNapo\u201d reaparece tras 12 a\u00f1os de exilio: se registra como Senador de Morena; el jueves da conferencia Por Redacci\u00f3n QP\" \/>\n<meta property=\"og:url\" content=\"https:\/\/quehacerpolitico.mx\/?p=3281\" \/>\n<meta property=\"article:published_time\" content=\"2018-08-27T23:18:21+00:00\" \/>\n<meta name=\"author\" content=\"Redacci\u00f3n QP\" \/>\n<meta name=\"twitter:card\" content=\"summary_large_image\" \/>\n<meta name=\"twitter:label1\" content=\"Escrito por\" \/>\n\t<meta name=\"twitter:data1\" content=\"Redacci\u00f3n QP\" \/>\n\t<meta name=\"twitter:label2\" content=\"Tiempo de lectura\" \/>\n\t<meta name=\"twitter:data2\" content=\"2 minutos\" \/>\n<script type=\"application\/ld+json\" class=\"yoast-schema-graph\">{\"@context\":\"https:\\\/\\\/schema.org\",\"@graph\":[{\"@type\":\"Article\",\"@id\":\"https:\\\/\\\/quehacerpolitico.mx\\\/?p=3281#article\",\"isPartOf\":{\"@id\":\"https:\\\/\\\/quehacerpolitico.mx\\\/?p=3281\"},\"author\":{\"name\":\"Redacci\u00f3n QP\",\"@id\":\"https:\\\/\\\/quehacerpolitico.mx\\\/#\\\/schema\\\/person\\\/496d8ad2d1d3f8036101dca7ee39e585\"},\"headline\":\"\u201cNapo\u201d reaparece tras 12 a\u00f1os de exilio: se registra como Senador de Morena; el jueves da conferencia\",\"datePublished\":\"2018-08-27T23:18:21+00:00\",\"mainEntityOfPage\":{\"@id\":\"https:\\\/\\\/quehacerpolitico.mx\\\/?p=3281\"},\"wordCount\":397,\"commentCount\":0,\"image\":{\"@id\":\"https:\\\/\\\/quehacerpolitico.mx\\\/?p=3281#primaryimage\"},\"thumbnailUrl\":\"\",\"articleSection\":[\"Noticias\"],\"inLanguage\":\"es\",\"potentialAction\":[{\"@type\":\"CommentAction\",\"name\":\"Comment\",\"target\":[\"https:\\\/\\\/quehacerpolitico.mx\\\/?p=3281#respond\"]}]},{\"@type\":\"WebPage\",\"@id\":\"https:\\\/\\\/quehacerpolitico.mx\\\/?p=3281\",\"url\":\"https:\\\/\\\/quehacerpolitico.mx\\\/?p=3281\",\"name\":\"\u201cNapo\u201d reaparece tras 12 a\u00f1os de exilio: se registra como Senador de Morena; el jueves da conferencia -\",\"isPartOf\":{\"@id\":\"https:\\\/\\\/quehacerpolitico.mx\\\/#website\"},\"primaryImageOfPage\":{\"@id\":\"https:\\\/\\\/quehacerpolitico.mx\\\/?p=3281#primaryimage\"},\"image\":{\"@id\":\"https:\\\/\\\/quehacerpolitico.mx\\\/?p=3281#primaryimage\"},\"thumbnailUrl\":\"\",\"datePublished\":\"2018-08-27T23:18:21+00:00\",\"author\":{\"@id\":\"https:\\\/\\\/quehacerpolitico.mx\\\/#\\\/schema\\\/person\\\/496d8ad2d1d3f8036101dca7ee39e585\"},\"breadcrumb\":{\"@id\":\"https:\\\/\\\/quehacerpolitico.mx\\\/?p=3281#breadcrumb\"},\"inLanguage\":\"es\",\"potentialAction\":[{\"@type\":\"ReadAction\",\"target\":[\"https:\\\/\\\/quehacerpolitico.mx\\\/?p=3281\"]}]},{\"@type\":\"ImageObject\",\"inLanguage\":\"es\",\"@id\":\"https:\\\/\\\/quehacerpolitico.mx\\\/?p=3281#primaryimage\",\"url\":\"\",\"contentUrl\":\"\"},{\"@type\":\"BreadcrumbList\",\"@id\":\"https:\\\/\\\/quehacerpolitico.mx\\\/?p=3281#breadcrumb\",\"itemListElement\":[{\"@type\":\"ListItem\",\"position\":1,\"name\":\"Inicio\",\"item\":\"https:\\\/\\\/quehacerpolitico.mx\\\/\"},{\"@type\":\"ListItem\",\"position\":2,\"name\":\"\u201cNapo\u201d reaparece tras 12 a\u00f1os de exilio: se registra como Senador de Morena; el jueves da conferencia\"}]},{\"@type\":\"WebSite\",\"@id\":\"https:\\\/\\\/quehacerpolitico.mx\\\/#website\",\"url\":\"https:\\\/\\\/quehacerpolitico.mx\\\/\",\"name\":\"\",\"description\":\"\",\"potentialAction\":[{\"@type\":\"SearchAction\",\"target\":{\"@type\":\"EntryPoint\",\"urlTemplate\":\"https:\\\/\\\/quehacerpolitico.mx\\\/?s={search_term_string}\"},\"query-input\":{\"@type\":\"PropertyValueSpecification\",\"valueRequired\":true,\"valueName\":\"search_term_string\"}}],\"inLanguage\":\"es\"},{\"@type\":\"Person\",\"@id\":\"https:\\\/\\\/quehacerpolitico.mx\\\/#\\\/schema\\\/person\\\/496d8ad2d1d3f8036101dca7ee39e585\",\"name\":\"Redacci\u00f3n QP\",\"image\":{\"@type\":\"ImageObject\",\"inLanguage\":\"es\",\"@id\":\"https:\\\/\\\/secure.gravatar.com\\\/avatar\\\/c7164ed6fdec453195284ad24a5ae5b6e1eed2b848477fa2a4787ba9adf39a41?s=96&d=mm&r=g\",\"url\":\"https:\\\/\\\/secure.gravatar.com\\\/avatar\\\/c7164ed6fdec453195284ad24a5ae5b6e1eed2b848477fa2a4787ba9adf39a41?s=96&d=mm&r=g\",\"contentUrl\":\"https:\\\/\\\/secure.gravatar.com\\\/avatar\\\/c7164ed6fdec453195284ad24a5ae5b6e1eed2b848477fa2a4787ba9adf39a41?s=96&d=mm&r=g\",\"caption\":\"Redacci\u00f3n QP\"},\"url\":\"https:\\\/\\\/quehacerpolitico.mx\\\/?author=2\"}]}<\/script>\n<!-- \/ Yoast SEO plugin. -->","yoast_head_json":{"title":"\u201cNapo\u201d reaparece tras 12 a\u00f1os de exilio: se registra como Senador de Morena; el jueves da conferencia -","robots":{"index":"index","follow":"follow","max-snippet":"max-snippet:-1","max-image-preview":"max-image-preview:large","max-video-preview":"max-video-preview:-1"},"canonical":"https:\/\/quehacerpolitico.mx\/?p=3281","og_locale":"es_MX","og_type":"article","og_title":"\u201cNapo\u201d reaparece tras 12 a\u00f1os de exilio: se registra como Senador de Morena; el jueves da conferencia -","og_description":"\u201cNapo\u201d reaparece tras 12 a\u00f1os de exilio: se registra como Senador de Morena; el jueves da conferencia Por Redacci\u00f3n QP","og_url":"https:\/\/quehacerpolitico.mx\/?p=3281","article_published_time":"2018-08-27T23:18:21+00:00","author":"Redacci\u00f3n QP","twitter_card":"summary_large_image","twitter_misc":{"Escrito por":"Redacci\u00f3n QP","Tiempo de lectura":"2 minutos"},"schema":{"@context":"https:\/\/schema.org","@graph":[{"@type":"Article","@id":"https:\/\/quehacerpolitico.mx\/?p=3281#article","isPartOf":{"@id":"https:\/\/quehacerpolitico.mx\/?p=3281"},"author":{"name":"Redacci\u00f3n QP","@id":"https:\/\/quehacerpolitico.mx\/#\/schema\/person\/496d8ad2d1d3f8036101dca7ee39e585"},"headline":"\u201cNapo\u201d reaparece tras 12 a\u00f1os de exilio: se registra como Senador de Morena; el jueves da conferencia","datePublished":"2018-08-27T23:18:21+00:00","mainEntityOfPage":{"@id":"https:\/\/quehacerpolitico.mx\/?p=3281"},"wordCount":397,"commentCount":0,"image":{"@id":"https:\/\/quehacerpolitico.mx\/?p=3281#primaryimage"},"thumbnailUrl":"","articleSection":["Noticias"],"inLanguage":"es","potentialAction":[{"@type":"CommentAction","name":"Comment","target":["https:\/\/quehacerpolitico.mx\/?p=3281#respond"]}]},{"@type":"WebPage","@id":"https:\/\/quehacerpolitico.mx\/?p=3281","url":"https:\/\/quehacerpolitico.mx\/?p=3281","name":"\u201cNapo\u201d reaparece tras 12 a\u00f1os de exilio: se registra como Senador de Morena; el jueves da conferencia -","isPartOf":{"@id":"https:\/\/quehacerpolitico.mx\/#website"},"primaryImageOfPage":{"@id":"https:\/\/quehacerpolitico.mx\/?p=3281#primaryimage"},"image":{"@id":"https:\/\/quehacerpolitico.mx\/?p=3281#primaryimage"},"thumbnailUrl":"","datePublished":"2018-08-27T23:18:21+00:00","author":{"@id":"https:\/\/quehacerpolitico.mx\/#\/schema\/person\/496d8ad2d1d3f8036101dca7ee39e585"},"breadcrumb":{"@id":"https:\/\/quehacerpolitico.mx\/?p=3281#breadcrumb"},"inLanguage":"es","potentialAction":[{"@type":"ReadAction","target":["https:\/\/quehacerpolitico.mx\/?p=3281"]}]},{"@type":"ImageObject","inLanguage":"es","@id":"https:\/\/quehacerpolitico.mx\/?p=3281#primaryimage","url":"","contentUrl":""},{"@type":"BreadcrumbList","@id":"https:\/\/quehacerpolitico.mx\/?p=3281#breadcrumb","itemListElement":[{"@type":"ListItem","position":1,"name":"Inicio","item":"https:\/\/quehacerpolitico.mx\/"},{"@type":"ListItem","position":2,"name":"\u201cNapo\u201d reaparece tras 12 a\u00f1os de exilio: se registra como Senador de Morena; el jueves da conferencia"}]},{"@type":"WebSite","@id":"https:\/\/quehacerpolitico.mx\/#website","url":"https:\/\/quehacerpolitico.mx\/","name":"","description":"","potentialAction":[{"@type":"SearchAction","target":{"@type":"EntryPoint","urlTemplate":"https:\/\/quehacerpolitico.mx\/?s={search_term_string}"},"query-input":{"@type":"PropertyValueSpecification","valueRequired":true,"valueName":"search_term_string"}}],"inLanguage":"es"},{"@type":"Person","@id":"https:\/\/quehacerpolitico.mx\/#\/schema\/person\/496d8ad2d1d3f8036101dca7ee39e585","name":"Redacci\u00f3n QP","image":{"@type":"ImageObject","inLanguage":"es","@id":"https:\/\/secure.gravatar.com\/avatar\/c7164ed6fdec453195284ad24a5ae5b6e1eed2b848477fa2a4787ba9adf39a41?s=96&d=mm&r=g","url":"https:\/\/secure.gravatar.com\/avatar\/c7164ed6fdec453195284ad24a5ae5b6e1eed2b848477fa2a4787ba9adf39a41?s=96&d=mm&r=g","contentUrl":"https:\/\/secure.gravatar.com\/avatar\/c7164ed6fdec453195284ad24a5ae5b6e1eed2b848477fa2a4787ba9adf39a41?s=96&d=mm&r=g","caption":"Redacci\u00f3n QP"},"url":"https:\/\/quehacerpolitico.mx\/?author=2"}]}},"featured_image_urls":{"full":"","thumbnail":"","medium":"","medium_large":"","large":"","1536x1536":"","2048x2048":"","covernews-featured":"","covernews-medium":""},"author_info":{"display_name":"Redacci\u00f3n QP","author_link":"https:\/\/quehacerpolitico.mx\/?author=2"},"category_info":"<a href=\"https:\/\/quehacerpolitico.mx\/?cat=2\" rel=\"category\">Noticias<\/a>","tag_info":"Noticias","comment_count":"0","_links":{"self":[{"href":"https:\/\/quehacerpolitico.mx\/index.php?rest_route=\/wp\/v2\/posts\/3281","targetHints":{"allow":["GET"]}}],"collection":[{"href":"https:\/\/quehacerpolitico.mx\/index.php?rest_route=\/wp\/v2\/posts"}],"about":[{"href":"https:\/\/quehacerpolitico.mx\/index.php?rest_route=\/wp\/v2\/types\/post"}],"author":[{"embeddable":true,"href":"https:\/\/quehacerpolitico.mx\/index.php?rest_route=\/wp\/v2\/users\/2"}],"replies":[{"embeddable":true,"href":"https:\/\/quehacerpolitico.mx\/index.php?rest_route=%2Fwp%2Fv2%2Fcomments&post=3281"}],"version-history":[{"count":0,"href":"https:\/\/quehacerpolitico.mx\/index.php?rest_route=\/wp\/v2\/posts\/3281\/revisions"}],"wp:featuredmedia":[{"embeddable":true,"href":"https:\/\/quehacerpolitico.mx\/index.php?rest_route=\/"}],"wp:attachment":[{"href":"https:\/\/quehacerpolitico.mx\/index.php?rest_route=%2Fwp%2Fv2%2Fmedia&parent=3281"}],"wp:term":[{"taxonomy":"category","embeddable":true,"href":"https:\/\/quehacerpolitico.mx\/index.php?rest_route=%2Fwp%2Fv2%2Fcategories&post=3281"},{"taxonomy":"post_tag","embeddable":true,"href":"https:\/\/quehacerpolitico.mx\/index.php?rest_route=%2Fwp%2Fv2%2Ftags&post=3281"}],"curies":[{"name":"wp","href":"https:\/\/api.w.org\/{rel}","templated":true}]}}